{"id":118982,"date":"2025-09-09T17:59:18","date_gmt":"2025-09-09T23:59:18","guid":{"rendered":"https:\/\/quehacerpolitico.mx\/?p=118982"},"modified":"2025-09-09T17:59:21","modified_gmt":"2025-09-09T23:59:21","slug":"enfrentamos-indiferencia-y-un-trato-revictimizante-familia-de-berenice-giles-acusa-a-la-fiscalia-de-la-cdmx-de-encubrir-a-empresas-responsables-del-ceremonia","status":"publish","type":"post","link":"https:\/\/quehacerpolitico.mx\/?p=118982","title":{"rendered":"&#8220;Enfrentamos indiferencia y un trato revictimizante&#8221;: familia de Berenice Giles acusa a la fiscal\u00eda de la CDMX de encubrir a empresas responsables del Ceremonia"},"content":{"rendered":"\n<p>Por Redacci\u00f3n QP<\/p>\n\n\n\n<p>En un comunicado acusaron que las autoridades cometen violencia institucional porque protegen a Ocesa y LOBO, y minimiza las pruebas<\/p>\n\n\n\n<p>La familia de la fotoperiodista\u00a0<strong>Berenice Giles\u00a0<\/strong>acus\u00f3 a la Fiscal\u00eda General de Justicia de la Ciudad de M\u00e9xico de encubrir a las empresas responsables del\u00a0<strong>Festival\u00a0Ceremonia<\/strong>\u00a0tras m\u00e1s de cinco meses de la tragedia en la que falleci\u00f3 la joven.<\/p>\n\n\n\n<figure class=\"wp-block-image size-full\"><img loading=\"lazy\" decoding=\"async\" width=\"739\" height=\"415\" src=\"https:\/\/quehacerpolitico.mx\/wp-content\/uploads\/2025\/09\/IMG_3384.jpeg\" alt=\"\" class=\"wp-image-118983\" srcset=\"https:\/\/quehacerpolitico.mx\/wp-content\/uploads\/2025\/09\/IMG_3384.jpeg 739w, https:\/\/quehacerpolitico.mx\/wp-content\/uploads\/2025\/09\/IMG_3384-300x168.jpeg 300w\" sizes=\"auto, (max-width: 739px) 100vw, 739px\" \/><\/figure>\n\n\n\n<p>En un comunicado, criticaron que las autoridades capitalinas afirmaran en declaraciones p\u00fablicas que no habr\u00eda impunidad, mientras que la fiscal encargada y su superior protegen las empresas&nbsp;<strong>Ocesa y LOBO.&nbsp;<\/strong><\/p>\n\n\n\n<p>&#8220;En lugar de investigar con seriedad, hemos enfrentado indiferencia, retrasos y un trato revictimizante por parte de funcionarios de la fiscal\u00eda&#8221;, se\u00f1alaron.<\/p>\n\n\n\n<p>La familia acus\u00f3 que la fiscal\u00eda capitalina realiza violencia institucional porque&nbsp;<strong>ha minimizado pruebas&nbsp;<\/strong>sobre el caso y se niega a actuar con imparcialidad.&nbsp;<\/p>\n\n\n\n<p>\u201cLa Fiscal\u00eda General de Justicia de la CDMX ha negado sistem\u00e1ticamente nuestras peticiones, las cuales son fundadas, motivadas, con hechos y documentos probatorios\u201d, a\u00f1adi\u00f3.&nbsp;<\/p>\n\n\n\n<p>Los familiares se\u00f1alaron que se&nbsp;han pedido dos audiencias por las omisiones de la fiscal\u00eda y&nbsp;el pasado 2 de septiembre, la fiscal\u00eda&nbsp;busc\u00f3 judicializar la carpeta de manera expedita, con la finalidad de &#8220;cerrar el caso de manera irregular&#8221;.&nbsp;<\/p>\n\n\n\n<p>&#8220;No buscamos venganza: exigimos justicia, verdad y asumir la responsabilidad, un perd\u00f3n. Lo hacemos por<strong>&nbsp;Citlali Berenice<\/strong>&nbsp;y por todas las familias que nunca deber\u00edan vivir un dolor como este&#8221;, enfatizan.&nbsp;<\/p>\n\n\n\n<p>Y reiteran que con este caso buscan un precedente para que ning\u00fan evento ponga en riesgo la vida de los j\u00f3venes en M\u00e9xico ante la &#8220;negligencia de las empresas y complicidad de&nbsp;las autoridades&#8221;.&nbsp;&nbsp;<\/p>\n\n\n\n<p>El&nbsp;accidente en el Festival Ceremonia&nbsp;ocurri\u00f3 en abril de este a\u00f1o; Protecci\u00f3n Civil tard\u00f3 horas en confirmar&nbsp;la muerte de Berenice Giles y&nbsp;Miguel \u00c1ngel Rojas.&nbsp;<\/p>\n\n\n\n<p>El caso impact\u00f3 al gremio de&nbsp;reporteros gr\u00e1ficos y periodistas, que tras el hecho protestaron de manera pac\u00edfica afuera del Parque Bicentenario para exigir justicia<\/p>\n","protected":false},"excerpt":{"rendered":"<p>Por Redacci\u00f3n QP En un comunicado acusaron que las autoridades cometen violencia institucional porque protegen&#8230;<\/p>\n","protected":false},"author":2,"featured_media":118984,"comment_status":"open","ping_status":"open","sticky":false,"template":"","format":"standard","meta":{"_monsterinsights_skip_tracking":false,"_monsterinsights_sitenote_active":false,"_monsterinsights_sitenote_note":"","_monsterinsights_sitenote_category":0,"footnotes":""},"categories":[55],"tags":[],"class_list":["post-118982","post","type-post","status-publish","format-standard","has-post-thumbnail","hentry","category-cdmx"],"yoast_head":"<!-- This site is optimized with the Yoast SEO plugin v27.3 - https:\/\/yoast.com\/product\/yoast-seo-wordpress\/ -->\n<title>&quot;Enfrentamos indiferencia y un trato revictimizante&quot;: familia de Berenice Giles acusa a la fiscal\u00eda de la CDMX de encubrir a empresas responsables del Ceremonia -<\/title>\n<meta name=\"robots\" content=\"index, follow, max-snippet:-1, max-image-preview:large, max-video-preview:-1\" \/>\n<link rel=\"canonical\" href=\"https:\/\/quehacerpolitico.mx\/?p=118982\" \/>\n<meta property=\"og:locale\" content=\"es_MX\" \/>\n<meta property=\"og:type\" content=\"article\" \/>\n<meta property=\"og:title\" content=\"&quot;Enfrentamos indiferencia y un trato revictimizante&quot;: familia de Berenice Giles acusa a la fiscal\u00eda de la CDMX de encubrir a empresas responsables del Ceremonia -\" \/>\n<meta property=\"og:description\" content=\"Por Redacci\u00f3n QP En un comunicado acusaron que las autoridades cometen violencia institucional porque protegen...\" \/>\n<meta property=\"og:url\" content=\"https:\/\/quehacerpolitico.mx\/?p=118982\" \/>\n<meta property=\"article:published_time\" content=\"2025-09-09T23:59:18+00:00\" \/>\n<meta property=\"article:modified_time\" content=\"2025-09-09T23:59:21+00:00\" \/>\n<meta property=\"og:image\" content=\"https:\/\/quehacerpolitico.mx\/wp-content\/uploads\/2025\/09\/IMG_3385.jpeg\" \/>\n\t<meta property=\"og:image:width\" content=\"712\" \/>\n\t<meta property=\"og:image:height\" content=\"431\" \/>\n\t<meta property=\"og:image:type\" content=\"image\/jpeg\" \/>\n<meta name=\"author\" content=\"Redacci\u00f3n QP\" \/>\n<meta name=\"twitter:card\" content=\"summary_large_image\" \/>\n<meta name=\"twitter:label1\" content=\"Escrito por\" \/>\n\t<meta name=\"twitter:data1\" content=\"Redacci\u00f3n QP\" \/>\n\t<meta name=\"twitter:label2\" content=\"Tiempo de lectura\" \/>\n\t<meta name=\"twitter:data2\" content=\"2 minutos\" \/>\n<script type=\"application\/ld+json\" class=\"yoast-schema-graph\">{\"@context\":\"https:\\\/\\\/schema.org\",\"@graph\":[{\"@type\":\"Article\",\"@id\":\"https:\\\/\\\/quehacerpolitico.mx\\\/?p=118982#article\",\"isPartOf\":{\"@id\":\"https:\\\/\\\/quehacerpolitico.mx\\\/?p=118982\"},\"author\":{\"name\":\"Redacci\u00f3n QP\",\"@id\":\"https:\\\/\\\/quehacerpolitico.mx\\\/#\\\/schema\\\/person\\\/496d8ad2d1d3f8036101dca7ee39e585\"},\"headline\":\"&#8220;Enfrentamos indiferencia y un trato revictimizante&#8221;: familia de Berenice Giles acusa a la fiscal\u00eda de la CDMX de encubrir a empresas responsables del Ceremonia\",\"datePublished\":\"2025-09-09T23:59:18+00:00\",\"dateModified\":\"2025-09-09T23:59:21+00:00\",\"mainEntityOfPage\":{\"@id\":\"https:\\\/\\\/quehacerpolitico.mx\\\/?p=118982\"},\"wordCount\":392,\"commentCount\":0,\"image\":{\"@id\":\"https:\\\/\\\/quehacerpolitico.mx\\\/?p=118982#primaryimage\"},\"thumbnailUrl\":\"https:\\\/\\\/quehacerpolitico.mx\\\/wp-content\\\/uploads\\\/2025\\\/09\\\/IMG_3385.jpeg\",\"articleSection\":[\"CDMX\"],\"inLanguage\":\"es\",\"potentialAction\":[{\"@type\":\"CommentAction\",\"name\":\"Comment\",\"target\":[\"https:\\\/\\\/quehacerpolitico.mx\\\/?p=118982#respond\"]}]},{\"@type\":\"WebPage\",\"@id\":\"https:\\\/\\\/quehacerpolitico.mx\\\/?p=118982\",\"url\":\"https:\\\/\\\/quehacerpolitico.mx\\\/?p=118982\",\"name\":\"\\\"Enfrentamos indiferencia y un trato revictimizante\\\": familia de Berenice Giles acusa a la fiscal\u00eda de la CDMX de encubrir a empresas responsables del Ceremonia -\",\"isPartOf\":{\"@id\":\"https:\\\/\\\/quehacerpolitico.mx\\\/#website\"},\"primaryImageOfPage\":{\"@id\":\"https:\\\/\\\/quehacerpolitico.mx\\\/?p=118982#primaryimage\"},\"image\":{\"@id\":\"https:\\\/\\\/quehacerpolitico.mx\\\/?p=118982#primaryimage\"},\"thumbnailUrl\":\"https:\\\/\\\/quehacerpolitico.mx\\\/wp-content\\\/uploads\\\/2025\\\/09\\\/IMG_3385.jpeg\",\"datePublished\":\"2025-09-09T23:59:18+00:00\",\"dateModified\":\"2025-09-09T23:59:21+00:00\",\"author\":{\"@id\":\"https:\\\/\\\/quehacerpolitico.mx\\\/#\\\/schema\\\/person\\\/496d8ad2d1d3f8036101dca7ee39e585\"},\"breadcrumb\":{\"@id\":\"https:\\\/\\\/quehacerpolitico.mx\\\/?p=118982#breadcrumb\"},\"inLanguage\":\"es\",\"potentialAction\":[{\"@type\":\"ReadAction\",\"target\":[\"https:\\\/\\\/quehacerpolitico.mx\\\/?p=118982\"]}]},{\"@type\":\"ImageObject\",\"inLanguage\":\"es\",\"@id\":\"https:\\\/\\\/quehacerpolitico.mx\\\/?p=118982#primaryimage\",\"url\":\"https:\\\/\\\/quehacerpolitico.mx\\\/wp-content\\\/uploads\\\/2025\\\/09\\\/IMG_3385.jpeg\",\"contentUrl\":\"https:\\\/\\\/quehacerpolitico.mx\\\/wp-content\\\/uploads\\\/2025\\\/09\\\/IMG_3385.jpeg\",\"width\":712,\"height\":431},{\"@type\":\"BreadcrumbList\",\"@id\":\"https:\\\/\\\/quehacerpolitico.mx\\\/?p=118982#breadcrumb\",\"itemListElement\":[{\"@type\":\"ListItem\",\"position\":1,\"name\":\"Inicio\",\"item\":\"https:\\\/\\\/quehacerpolitico.mx\\\/\"},{\"@type\":\"ListItem\",\"position\":2,\"name\":\"&#8220;Enfrentamos indiferencia y un trato revictimizante&#8221;: familia de Berenice Giles acusa a la fiscal\u00eda de la CDMX de encubrir a empresas responsables del Ceremonia\"}]},{\"@type\":\"WebSite\",\"@id\":\"https:\\\/\\\/quehacerpolitico.mx\\\/#website\",\"url\":\"https:\\\/\\\/quehacerpolitico.mx\\\/\",\"name\":\"\",\"description\":\"\",\"potentialAction\":[{\"@type\":\"SearchAction\",\"target\":{\"@type\":\"EntryPoint\",\"urlTemplate\":\"https:\\\/\\\/quehacerpolitico.mx\\\/?s={search_term_string}\"},\"query-input\":{\"@type\":\"PropertyValueSpecification\",\"valueRequired\":true,\"valueName\":\"search_term_string\"}}],\"inLanguage\":\"es\"},{\"@type\":\"Person\",\"@id\":\"https:\\\/\\\/quehacerpolitico.mx\\\/#\\\/schema\\\/person\\\/496d8ad2d1d3f8036101dca7ee39e585\",\"name\":\"Redacci\u00f3n QP\",\"image\":{\"@type\":\"ImageObject\",\"inLanguage\":\"es\",\"@id\":\"https:\\\/\\\/secure.gravatar.com\\\/avatar\\\/c7164ed6fdec453195284ad24a5ae5b6e1eed2b848477fa2a4787ba9adf39a41?s=96&d=mm&r=g\",\"url\":\"https:\\\/\\\/secure.gravatar.com\\\/avatar\\\/c7164ed6fdec453195284ad24a5ae5b6e1eed2b848477fa2a4787ba9adf39a41?s=96&d=mm&r=g\",\"contentUrl\":\"https:\\\/\\\/secure.gravatar.com\\\/avatar\\\/c7164ed6fdec453195284ad24a5ae5b6e1eed2b848477fa2a4787ba9adf39a41?s=96&d=mm&r=g\",\"caption\":\"Redacci\u00f3n QP\"},\"url\":\"https:\\\/\\\/quehacerpolitico.mx\\\/?author=2\"}]}<\/script>\n<!-- \/ Yoast SEO plugin. -->","yoast_head_json":{"title":"\"Enfrentamos indiferencia y un trato revictimizante\": familia de Berenice Giles acusa a la fiscal\u00eda de la CDMX de encubrir a empresas responsables del Ceremonia -","robots":{"index":"index","follow":"follow","max-snippet":"max-snippet:-1","max-image-preview":"max-image-preview:large","max-video-preview":"max-video-preview:-1"},"canonical":"https:\/\/quehacerpolitico.mx\/?p=118982","og_locale":"es_MX","og_type":"article","og_title":"\"Enfrentamos indiferencia y un trato revictimizante\": familia de Berenice Giles acusa a la fiscal\u00eda de la CDMX de encubrir a empresas responsables del Ceremonia -","og_description":"Por Redacci\u00f3n QP En un comunicado acusaron que las autoridades cometen violencia institucional porque protegen...","og_url":"https:\/\/quehacerpolitico.mx\/?p=118982","article_published_time":"2025-09-09T23:59:18+00:00","article_modified_time":"2025-09-09T23:59:21+00:00","og_image":[{"width":712,"height":431,"url":"https:\/\/quehacerpolitico.mx\/wp-content\/uploads\/2025\/09\/IMG_3385.jpeg","type":"image\/jpeg"}],"author":"Redacci\u00f3n QP","twitter_card":"summary_large_image","twitter_misc":{"Escrito por":"Redacci\u00f3n QP","Tiempo de lectura":"2 minutos"},"schema":{"@context":"https:\/\/schema.org","@graph":[{"@type":"Article","@id":"https:\/\/quehacerpolitico.mx\/?p=118982#article","isPartOf":{"@id":"https:\/\/quehacerpolitico.mx\/?p=118982"},"author":{"name":"Redacci\u00f3n QP","@id":"https:\/\/quehacerpolitico.mx\/#\/schema\/person\/496d8ad2d1d3f8036101dca7ee39e585"},"headline":"&#8220;Enfrentamos indiferencia y un trato revictimizante&#8221;: familia de Berenice Giles acusa a la fiscal\u00eda de la CDMX de encubrir a empresas responsables del Ceremonia","datePublished":"2025-09-09T23:59:18+00:00","dateModified":"2025-09-09T23:59:21+00:00","mainEntityOfPage":{"@id":"https:\/\/quehacerpolitico.mx\/?p=118982"},"wordCount":392,"commentCount":0,"image":{"@id":"https:\/\/quehacerpolitico.mx\/?p=118982#primaryimage"},"thumbnailUrl":"https:\/\/quehacerpolitico.mx\/wp-content\/uploads\/2025\/09\/IMG_3385.jpeg","articleSection":["CDMX"],"inLanguage":"es","potentialAction":[{"@type":"CommentAction","name":"Comment","target":["https:\/\/quehacerpolitico.mx\/?p=118982#respond"]}]},{"@type":"WebPage","@id":"https:\/\/quehacerpolitico.mx\/?p=118982","url":"https:\/\/quehacerpolitico.mx\/?p=118982","name":"\"Enfrentamos indiferencia y un trato revictimizante\": familia de Berenice Giles acusa a la fiscal\u00eda de la CDMX de encubrir a empresas responsables del Ceremonia -","isPartOf":{"@id":"https:\/\/quehacerpolitico.mx\/#website"},"primaryImageOfPage":{"@id":"https:\/\/quehacerpolitico.mx\/?p=118982#primaryimage"},"image":{"@id":"https:\/\/quehacerpolitico.mx\/?p=118982#primaryimage"},"thumbnailUrl":"https:\/\/quehacerpolitico.mx\/wp-content\/uploads\/2025\/09\/IMG_3385.jpeg","datePublished":"2025-09-09T23:59:18+00:00","dateModified":"2025-09-09T23:59:21+00:00","author":{"@id":"https:\/\/quehacerpolitico.mx\/#\/schema\/person\/496d8ad2d1d3f8036101dca7ee39e585"},"breadcrumb":{"@id":"https:\/\/quehacerpolitico.mx\/?p=118982#breadcrumb"},"inLanguage":"es","potentialAction":[{"@type":"ReadAction","target":["https:\/\/quehacerpolitico.mx\/?p=118982"]}]},{"@type":"ImageObject","inLanguage":"es","@id":"https:\/\/quehacerpolitico.mx\/?p=118982#primaryimage","url":"https:\/\/quehacerpolitico.mx\/wp-content\/uploads\/2025\/09\/IMG_3385.jpeg","contentUrl":"https:\/\/quehacerpolitico.mx\/wp-content\/uploads\/2025\/09\/IMG_3385.jpeg","width":712,"height":431},{"@type":"BreadcrumbList","@id":"https:\/\/quehacerpolitico.mx\/?p=118982#breadcrumb","itemListElement":[{"@type":"ListItem","position":1,"name":"Inicio","item":"https:\/\/quehacerpolitico.mx\/"},{"@type":"ListItem","position":2,"name":"&#8220;Enfrentamos indiferencia y un trato revictimizante&#8221;: familia de Berenice Giles acusa a la fiscal\u00eda de la CDMX de encubrir a empresas responsables del Ceremonia"}]},{"@type":"WebSite","@id":"https:\/\/quehacerpolitico.mx\/#website","url":"https:\/\/quehacerpolitico.mx\/","name":"","description":"","potentialAction":[{"@type":"SearchAction","target":{"@type":"EntryPoint","urlTemplate":"https:\/\/quehacerpolitico.mx\/?s={search_term_string}"},"query-input":{"@type":"PropertyValueSpecification","valueRequired":true,"valueName":"search_term_string"}}],"inLanguage":"es"},{"@type":"Person","@id":"https:\/\/quehacerpolitico.mx\/#\/schema\/person\/496d8ad2d1d3f8036101dca7ee39e585","name":"Redacci\u00f3n QP","image":{"@type":"ImageObject","inLanguage":"es","@id":"https:\/\/secure.gravatar.com\/avatar\/c7164ed6fdec453195284ad24a5ae5b6e1eed2b848477fa2a4787ba9adf39a41?s=96&d=mm&r=g","url":"https:\/\/secure.gravatar.com\/avatar\/c7164ed6fdec453195284ad24a5ae5b6e1eed2b848477fa2a4787ba9adf39a41?s=96&d=mm&r=g","contentUrl":"https:\/\/secure.gravatar.com\/avatar\/c7164ed6fdec453195284ad24a5ae5b6e1eed2b848477fa2a4787ba9adf39a41?s=96&d=mm&r=g","caption":"Redacci\u00f3n QP"},"url":"https:\/\/quehacerpolitico.mx\/?author=2"}]}},"featured_image_urls":{"full":["https:\/\/quehacerpolitico.mx\/wp-content\/uploads\/2025\/09\/IMG_3385.jpeg",712,431,false],"thumbnail":["https:\/\/quehacerpolitico.mx\/wp-content\/uploads\/2025\/09\/IMG_3385-150x150.jpeg",150,150,true],"medium":["https:\/\/quehacerpolitico.mx\/wp-content\/uploads\/2025\/09\/IMG_3385-300x182.jpeg",300,182,true],"medium_large":["https:\/\/quehacerpolitico.mx\/wp-content\/uploads\/2025\/09\/IMG_3385.jpeg",640,387,false],"large":["https:\/\/quehacerpolitico.mx\/wp-content\/uploads\/2025\/09\/IMG_3385.jpeg",640,387,false],"1536x1536":["https:\/\/quehacerpolitico.mx\/wp-content\/uploads\/2025\/09\/IMG_3385.jpeg",712,431,false],"2048x2048":["https:\/\/quehacerpolitico.mx\/wp-content\/uploads\/2025\/09\/IMG_3385.jpeg",712,431,false],"covernews-featured":["https:\/\/quehacerpolitico.mx\/wp-content\/uploads\/2025\/09\/IMG_3385.jpeg",712,431,false],"covernews-medium":["https:\/\/quehacerpolitico.mx\/wp-content\/uploads\/2025\/09\/IMG_3385-540x340.jpeg",540,340,true]},"author_info":{"display_name":"Redacci\u00f3n QP","author_link":"https:\/\/quehacerpolitico.mx\/?author=2"},"category_info":"<a href=\"https:\/\/quehacerpolitico.mx\/?cat=55\" rel=\"category\">CDMX<\/a>","tag_info":"CDMX","comment_count":"0","_links":{"self":[{"href":"https:\/\/quehacerpolitico.mx\/index.php?rest_route=\/wp\/v2\/posts\/118982","targetHints":{"allow":["GET"]}}],"collection":[{"href":"https:\/\/quehacerpolitico.mx\/index.php?rest_route=\/wp\/v2\/posts"}],"about":[{"href":"https:\/\/quehacerpolitico.mx\/index.php?rest_route=\/wp\/v2\/types\/post"}],"author":[{"embeddable":true,"href":"https:\/\/quehacerpolitico.mx\/index.php?rest_route=\/wp\/v2\/users\/2"}],"replies":[{"embeddable":true,"href":"https:\/\/quehacerpolitico.mx\/index.php?rest_route=%2Fwp%2Fv2%2Fcomments&post=118982"}],"version-history":[{"count":1,"href":"https:\/\/quehacerpolitico.mx\/index.php?rest_route=\/wp\/v2\/posts\/118982\/revisions"}],"predecessor-version":[{"id":118985,"href":"https:\/\/quehacerpolitico.mx\/index.php?rest_route=\/wp\/v2\/posts\/118982\/revisions\/118985"}],"wp:featuredmedia":[{"embeddable":true,"href":"https:\/\/quehacerpolitico.mx\/index.php?rest_route=\/wp\/v2\/media\/118984"}],"wp:attachment":[{"href":"https:\/\/quehacerpolitico.mx\/index.php?rest_route=%2Fwp%2Fv2%2Fmedia&parent=118982"}],"wp:term":[{"taxonomy":"category","embeddable":true,"href":"https:\/\/quehacerpolitico.mx\/index.php?rest_route=%2Fwp%2Fv2%2Fcategories&post=118982"},{"taxonomy":"post_tag","embeddable":true,"href":"https:\/\/quehacerpolitico.mx\/index.php?rest_route=%2Fwp%2Fv2%2Ftags&post=118982"}],"curies":[{"name":"wp","href":"https:\/\/api.w.org\/{rel}","templated":true}]}}