{"id":118975,"date":"2025-09-09T16:50:45","date_gmt":"2025-09-09T22:50:45","guid":{"rendered":"https:\/\/quehacerpolitico.mx\/?p=118975"},"modified":"2025-09-09T16:50:48","modified_gmt":"2025-09-09T22:50:48","slug":"como-puedes-obtener-el-registro-para-el-seguro-por-desempleo-en-la-cdmx","status":"publish","type":"post","link":"https:\/\/quehacerpolitico.mx\/?p=118975","title":{"rendered":"\u00bfC\u00f3mo puedes obtener el registro para el Seguro por Desempleo en la CDMX?"},"content":{"rendered":"\n<p>Por Redacci\u00f3n QP<\/p>\n\n\n\n<p>El Seguro de Desempleo de la CDMX otorga un apoyo econ\u00f3mico de 3 mil 439.46 pesos mensuales hasta por tres meses a las personas sin empleo en la capital<\/p>\n\n\n\n<p>El Gobierno de la Ciudad de M\u00e9xico, a trav\u00e9s de la<strong>\u00a0Secretar\u00eda de Trabajo y Fomento del Empleo (STyFE)<\/strong>, comenz\u00f3 el registro para el\u00a0<strong>Seguro de Desempleo<\/strong>,<mark>\u00a0un programa de protecci\u00f3n social dirigido a las personas sin empleo en la capital, cuyo objetivo es brindar apoyos econ\u00f3micos mensuales y generar oportunidades laborales.<\/mark><\/p>\n\n\n\n<p>Las inscripciones para formar parte de este programa&nbsp;<mark>estar\u00e1n disponibles \u00fanicamente este martes 9 de septiembre de 2025<\/mark>, por lo que, si est\u00e1s interesado, a continuaci\u00f3n te contamos c\u00f3mo registrarte correctamente.<\/p>\n\n\n\n<p>El Seguro de Desempleo de la CDMX otorga\u00a0<mark>un apoyo econ\u00f3mico de 3 mil 439.46 pesos mensuales hasta por tres meses,\u00a0<\/mark>monto que sirve para que el beneficiario pueda cubrir los gastos asociados a la b\u00fasqueda de empleo formal.<\/p>\n\n\n\n<p>Si est\u00e1s interesado en tramitar el seguro de desempleo debes ingresar al portal de la STyFE en la siguiente liga de Internet:\u00a0<a href=\"https:\/\/trabajo.cdmx.gob.mx\/programa_sociales_y_servicios\/seguro-de-desempleo.\"><strong>https:\/\/trabajo.cdmx.gob.mx\/programa_sociales_y_servicios\/seguro-de-desempleo<\/strong>.<\/a><\/p>\n\n\n\n<h2 class=\"wp-block-heading\">Requisitos<\/h2>\n\n\n\n<ul class=\"wp-block-list\">\n<li><strong>Residencia en CDMX:<\/strong>\u00a0Presentar una identificaci\u00f3n oficial (INE, pasaporte o cartilla militar)<\/li>\n\n\n\n<li><strong>Edad m\u00ednima:<\/strong>\u00a0Tener al menos 18 a\u00f1os al momento de la solicitud.<\/li>\n\n\n\n<li><strong>Separaci\u00f3n involuntaria del empleo:<\/strong>\u00a0Haber sido despedido sin causa justificada. No aplica si renunciaste voluntariamente, fuiste suspendido o trabajas en el sector informal sin contrato<\/li>\n\n\n\n<li><strong>Cotizaci\u00f3n al IMSS:<\/strong>\u00a0Haber cotizado al menos 52 semanas (un a\u00f1o) en los \u00faltimos cinco a\u00f1os al Instituto Mexicano del Seguro Social. Debes presentar tu N\u00famero de Seguridad Social<\/li>\n\n\n\n<li><strong>Ingreso m\u00ednimo previo:\u00a0<\/strong>Haber percibido un salario m\u00ednimo o superior en tu \u00faltimo empleo<\/li>\n\n\n\n<li><strong>No recibir otros apoyos:<\/strong>\u00a0No estar recibiendo pensi\u00f3n por jubilaci\u00f3n, otro subsidio similar o estar empleado formalmente<\/li>\n<\/ul>\n\n\n\n<p>Deber\u00e1s ingresar los datos de tu expediente&nbsp;<strong>Llave CDMX<\/strong>, por lo que recuerda tener este registro; una vez dentro, deber\u00e1s llenar todos los campos para el pre-registro del seguro de desempleo activo de la siguiente manera:<\/p>\n\n\n\n<ol class=\"wp-block-list\">\n<li>Ingresa a la secci\u00f3n &#8220;Seguro de Desempleo&#8221; o &#8220;Solicitudes en L\u00ednea&#8221;.<\/li>\n\n\n\n<li>Crea una cuenta o inicia sesi\u00f3n: si no tienes, reg\u00edstrate con tu correo, CURP y tel\u00e9fono.<\/li>\n\n\n\n<li>Completa el formulario en &#8220;Solicitar Seguro de Desempleo&#8221;.<\/li>\n\n\n\n<li>Revisa tus cotizaciones al IMSS: el sistema solicitar\u00e1 tu NSS para consultar autom\u00e1ticamente tus semanas cotizadas.<\/li>\n\n\n\n<li>Firma y env\u00eda: utiliza tu Firma Electr\u00f3nica Avanzada (FIEL) o confirma con tu e.firma del SAT.<\/li>\n<\/ol>\n\n\n\n<p>Adem\u00e1s, deber\u00e1s&nbsp;<mark>adjuntar en el portal, tu documentaci\u00f3n original, completa y legible en formato PDF, JPG o PNG.<\/mark>&nbsp;Recuerda verificar que toda la informaci\u00f3n sea correcta.<\/p>\n\n\n\n<h2 class=\"wp-block-heading\">Documentos requeridos<\/h2>\n\n\n\n<ul class=\"wp-block-list\">\n<li>Acta de nacimiento<\/li>\n\n\n\n<li>CURP<\/li>\n\n\n\n<li>Comprobante de domicilio reciente (no mayor a 3 meses)<\/li>\n\n\n\n<li>Identificaci\u00f3n oficial<\/li>\n\n\n\n<li>Finiquito o carta de despido de la empresa<\/li>\n\n\n\n<li>Constancia de semanas cotizadas del IMSS<\/li>\n<\/ul>\n\n\n\n<p><mark>El registro estar\u00e1 abierto hasta las 23:59 horas de este martes 9 de septiembre.<\/mark><\/p>\n\n\n\n<p>El apoyo de seguro de desempleo se otorga a la poblaci\u00f3n residente de la Ciudad de M\u00e9xico mayores de 18 a\u00f1os y hasta 64 a\u00f1os 9 meses cumplidos, que hayan perdido involuntariamente su empleo formal en la CDMX.<\/p>\n\n\n\n<p><em>Con informaci\u00f3n de SUN<\/em><\/p>\n","protected":false},"excerpt":{"rendered":"<p>Por Redacci\u00f3n QP El Seguro de Desempleo de la CDMX otorga un apoyo econ\u00f3mico de&#8230;<\/p>\n","protected":false},"author":2,"featured_media":118977,"comment_status":"open","ping_status":"open","sticky":false,"template":"","format":"standard","meta":{"_monsterinsights_skip_tracking":false,"_monsterinsights_sitenote_active":false,"_monsterinsights_sitenote_note":"","_monsterinsights_sitenote_category":0,"footnotes":""},"categories":[55],"tags":[],"class_list":["post-118975","post","type-post","status-publish","format-standard","has-post-thumbnail","hentry","category-cdmx"],"yoast_head":"<!-- This site is optimized with the Yoast SEO plugin v27.3 - https:\/\/yoast.com\/product\/yoast-seo-wordpress\/ -->\n<title>\u00bfC\u00f3mo puedes obtener el registro para el Seguro por Desempleo en la CDMX? -<\/title>\n<meta name=\"robots\" content=\"index, follow, max-snippet:-1, max-image-preview:large, max-video-preview:-1\" \/>\n<link rel=\"canonical\" href=\"https:\/\/quehacerpolitico.mx\/?p=118975\" \/>\n<meta property=\"og:locale\" content=\"es_MX\" \/>\n<meta property=\"og:type\" content=\"article\" \/>\n<meta property=\"og:title\" content=\"\u00bfC\u00f3mo puedes obtener el registro para el Seguro por Desempleo en la CDMX? -\" \/>\n<meta property=\"og:description\" content=\"Por Redacci\u00f3n QP El Seguro de Desempleo de la CDMX otorga un apoyo econ\u00f3mico de...\" \/>\n<meta property=\"og:url\" content=\"https:\/\/quehacerpolitico.mx\/?p=118975\" \/>\n<meta property=\"article:published_time\" content=\"2025-09-09T22:50:45+00:00\" \/>\n<meta property=\"article:modified_time\" content=\"2025-09-09T22:50:48+00:00\" \/>\n<meta property=\"og:image\" content=\"https:\/\/quehacerpolitico.mx\/wp-content\/uploads\/2025\/09\/IMG_3382-1.jpeg\" \/>\n\t<meta property=\"og:image:width\" content=\"425\" \/>\n\t<meta property=\"og:image:height\" content=\"230\" \/>\n\t<meta property=\"og:image:type\" content=\"image\/jpeg\" \/>\n<meta name=\"author\" content=\"Redacci\u00f3n QP\" \/>\n<meta name=\"twitter:card\" content=\"summary_large_image\" \/>\n<meta name=\"twitter:label1\" content=\"Escrito por\" \/>\n\t<meta name=\"twitter:data1\" content=\"Redacci\u00f3n QP\" \/>\n\t<meta name=\"twitter:label2\" content=\"Tiempo de lectura\" \/>\n\t<meta name=\"twitter:data2\" content=\"3 minutos\" \/>\n<script type=\"application\/ld+json\" class=\"yoast-schema-graph\">{\"@context\":\"https:\\\/\\\/schema.org\",\"@graph\":[{\"@type\":\"Article\",\"@id\":\"https:\\\/\\\/quehacerpolitico.mx\\\/?p=118975#article\",\"isPartOf\":{\"@id\":\"https:\\\/\\\/quehacerpolitico.mx\\\/?p=118975\"},\"author\":{\"name\":\"Redacci\u00f3n QP\",\"@id\":\"https:\\\/\\\/quehacerpolitico.mx\\\/#\\\/schema\\\/person\\\/496d8ad2d1d3f8036101dca7ee39e585\"},\"headline\":\"\u00bfC\u00f3mo puedes obtener el registro para el Seguro por Desempleo en la CDMX?\",\"datePublished\":\"2025-09-09T22:50:45+00:00\",\"dateModified\":\"2025-09-09T22:50:48+00:00\",\"mainEntityOfPage\":{\"@id\":\"https:\\\/\\\/quehacerpolitico.mx\\\/?p=118975\"},\"wordCount\":563,\"commentCount\":0,\"image\":{\"@id\":\"https:\\\/\\\/quehacerpolitico.mx\\\/?p=118975#primaryimage\"},\"thumbnailUrl\":\"https:\\\/\\\/quehacerpolitico.mx\\\/wp-content\\\/uploads\\\/2025\\\/09\\\/IMG_3382-1.jpeg\",\"articleSection\":[\"CDMX\"],\"inLanguage\":\"es\",\"potentialAction\":[{\"@type\":\"CommentAction\",\"name\":\"Comment\",\"target\":[\"https:\\\/\\\/quehacerpolitico.mx\\\/?p=118975#respond\"]}]},{\"@type\":\"WebPage\",\"@id\":\"https:\\\/\\\/quehacerpolitico.mx\\\/?p=118975\",\"url\":\"https:\\\/\\\/quehacerpolitico.mx\\\/?p=118975\",\"name\":\"\u00bfC\u00f3mo puedes obtener el registro para el Seguro por Desempleo en la CDMX? -\",\"isPartOf\":{\"@id\":\"https:\\\/\\\/quehacerpolitico.mx\\\/#website\"},\"primaryImageOfPage\":{\"@id\":\"https:\\\/\\\/quehacerpolitico.mx\\\/?p=118975#primaryimage\"},\"image\":{\"@id\":\"https:\\\/\\\/quehacerpolitico.mx\\\/?p=118975#primaryimage\"},\"thumbnailUrl\":\"https:\\\/\\\/quehacerpolitico.mx\\\/wp-content\\\/uploads\\\/2025\\\/09\\\/IMG_3382-1.jpeg\",\"datePublished\":\"2025-09-09T22:50:45+00:00\",\"dateModified\":\"2025-09-09T22:50:48+00:00\",\"author\":{\"@id\":\"https:\\\/\\\/quehacerpolitico.mx\\\/#\\\/schema\\\/person\\\/496d8ad2d1d3f8036101dca7ee39e585\"},\"breadcrumb\":{\"@id\":\"https:\\\/\\\/quehacerpolitico.mx\\\/?p=118975#breadcrumb\"},\"inLanguage\":\"es\",\"potentialAction\":[{\"@type\":\"ReadAction\",\"target\":[\"https:\\\/\\\/quehacerpolitico.mx\\\/?p=118975\"]}]},{\"@type\":\"ImageObject\",\"inLanguage\":\"es\",\"@id\":\"https:\\\/\\\/quehacerpolitico.mx\\\/?p=118975#primaryimage\",\"url\":\"https:\\\/\\\/quehacerpolitico.mx\\\/wp-content\\\/uploads\\\/2025\\\/09\\\/IMG_3382-1.jpeg\",\"contentUrl\":\"https:\\\/\\\/quehacerpolitico.mx\\\/wp-content\\\/uploads\\\/2025\\\/09\\\/IMG_3382-1.jpeg\",\"width\":425,\"height\":230},{\"@type\":\"BreadcrumbList\",\"@id\":\"https:\\\/\\\/quehacerpolitico.mx\\\/?p=118975#breadcrumb\",\"itemListElement\":[{\"@type\":\"ListItem\",\"position\":1,\"name\":\"Inicio\",\"item\":\"https:\\\/\\\/quehacerpolitico.mx\\\/\"},{\"@type\":\"ListItem\",\"position\":2,\"name\":\"\u00bfC\u00f3mo puedes obtener el registro para el Seguro por Desempleo en la CDMX?\"}]},{\"@type\":\"WebSite\",\"@id\":\"https:\\\/\\\/quehacerpolitico.mx\\\/#website\",\"url\":\"https:\\\/\\\/quehacerpolitico.mx\\\/\",\"name\":\"\",\"description\":\"\",\"potentialAction\":[{\"@type\":\"SearchAction\",\"target\":{\"@type\":\"EntryPoint\",\"urlTemplate\":\"https:\\\/\\\/quehacerpolitico.mx\\\/?s={search_term_string}\"},\"query-input\":{\"@type\":\"PropertyValueSpecification\",\"valueRequired\":true,\"valueName\":\"search_term_string\"}}],\"inLanguage\":\"es\"},{\"@type\":\"Person\",\"@id\":\"https:\\\/\\\/quehacerpolitico.mx\\\/#\\\/schema\\\/person\\\/496d8ad2d1d3f8036101dca7ee39e585\",\"name\":\"Redacci\u00f3n QP\",\"image\":{\"@type\":\"ImageObject\",\"inLanguage\":\"es\",\"@id\":\"https:\\\/\\\/secure.gravatar.com\\\/avatar\\\/c7164ed6fdec453195284ad24a5ae5b6e1eed2b848477fa2a4787ba9adf39a41?s=96&d=mm&r=g\",\"url\":\"https:\\\/\\\/secure.gravatar.com\\\/avatar\\\/c7164ed6fdec453195284ad24a5ae5b6e1eed2b848477fa2a4787ba9adf39a41?s=96&d=mm&r=g\",\"contentUrl\":\"https:\\\/\\\/secure.gravatar.com\\\/avatar\\\/c7164ed6fdec453195284ad24a5ae5b6e1eed2b848477fa2a4787ba9adf39a41?s=96&d=mm&r=g\",\"caption\":\"Redacci\u00f3n QP\"},\"url\":\"https:\\\/\\\/quehacerpolitico.mx\\\/?author=2\"}]}<\/script>\n<!-- \/ Yoast SEO plugin. -->","yoast_head_json":{"title":"\u00bfC\u00f3mo puedes obtener el registro para el Seguro por Desempleo en la CDMX? -","robots":{"index":"index","follow":"follow","max-snippet":"max-snippet:-1","max-image-preview":"max-image-preview:large","max-video-preview":"max-video-preview:-1"},"canonical":"https:\/\/quehacerpolitico.mx\/?p=118975","og_locale":"es_MX","og_type":"article","og_title":"\u00bfC\u00f3mo puedes obtener el registro para el Seguro por Desempleo en la CDMX? -","og_description":"Por Redacci\u00f3n QP El Seguro de Desempleo de la CDMX otorga un apoyo econ\u00f3mico de...","og_url":"https:\/\/quehacerpolitico.mx\/?p=118975","article_published_time":"2025-09-09T22:50:45+00:00","article_modified_time":"2025-09-09T22:50:48+00:00","og_image":[{"width":425,"height":230,"url":"https:\/\/quehacerpolitico.mx\/wp-content\/uploads\/2025\/09\/IMG_3382-1.jpeg","type":"image\/jpeg"}],"author":"Redacci\u00f3n QP","twitter_card":"summary_large_image","twitter_misc":{"Escrito por":"Redacci\u00f3n QP","Tiempo de lectura":"3 minutos"},"schema":{"@context":"https:\/\/schema.org","@graph":[{"@type":"Article","@id":"https:\/\/quehacerpolitico.mx\/?p=118975#article","isPartOf":{"@id":"https:\/\/quehacerpolitico.mx\/?p=118975"},"author":{"name":"Redacci\u00f3n QP","@id":"https:\/\/quehacerpolitico.mx\/#\/schema\/person\/496d8ad2d1d3f8036101dca7ee39e585"},"headline":"\u00bfC\u00f3mo puedes obtener el registro para el Seguro por Desempleo en la CDMX?","datePublished":"2025-09-09T22:50:45+00:00","dateModified":"2025-09-09T22:50:48+00:00","mainEntityOfPage":{"@id":"https:\/\/quehacerpolitico.mx\/?p=118975"},"wordCount":563,"commentCount":0,"image":{"@id":"https:\/\/quehacerpolitico.mx\/?p=118975#primaryimage"},"thumbnailUrl":"https:\/\/quehacerpolitico.mx\/wp-content\/uploads\/2025\/09\/IMG_3382-1.jpeg","articleSection":["CDMX"],"inLanguage":"es","potentialAction":[{"@type":"CommentAction","name":"Comment","target":["https:\/\/quehacerpolitico.mx\/?p=118975#respond"]}]},{"@type":"WebPage","@id":"https:\/\/quehacerpolitico.mx\/?p=118975","url":"https:\/\/quehacerpolitico.mx\/?p=118975","name":"\u00bfC\u00f3mo puedes obtener el registro para el Seguro por Desempleo en la CDMX? -","isPartOf":{"@id":"https:\/\/quehacerpolitico.mx\/#website"},"primaryImageOfPage":{"@id":"https:\/\/quehacerpolitico.mx\/?p=118975#primaryimage"},"image":{"@id":"https:\/\/quehacerpolitico.mx\/?p=118975#primaryimage"},"thumbnailUrl":"https:\/\/quehacerpolitico.mx\/wp-content\/uploads\/2025\/09\/IMG_3382-1.jpeg","datePublished":"2025-09-09T22:50:45+00:00","dateModified":"2025-09-09T22:50:48+00:00","author":{"@id":"https:\/\/quehacerpolitico.mx\/#\/schema\/person\/496d8ad2d1d3f8036101dca7ee39e585"},"breadcrumb":{"@id":"https:\/\/quehacerpolitico.mx\/?p=118975#breadcrumb"},"inLanguage":"es","potentialAction":[{"@type":"ReadAction","target":["https:\/\/quehacerpolitico.mx\/?p=118975"]}]},{"@type":"ImageObject","inLanguage":"es","@id":"https:\/\/quehacerpolitico.mx\/?p=118975#primaryimage","url":"https:\/\/quehacerpolitico.mx\/wp-content\/uploads\/2025\/09\/IMG_3382-1.jpeg","contentUrl":"https:\/\/quehacerpolitico.mx\/wp-content\/uploads\/2025\/09\/IMG_3382-1.jpeg","width":425,"height":230},{"@type":"BreadcrumbList","@id":"https:\/\/quehacerpolitico.mx\/?p=118975#breadcrumb","itemListElement":[{"@type":"ListItem","position":1,"name":"Inicio","item":"https:\/\/quehacerpolitico.mx\/"},{"@type":"ListItem","position":2,"name":"\u00bfC\u00f3mo puedes obtener el registro para el Seguro por Desempleo en la CDMX?"}]},{"@type":"WebSite","@id":"https:\/\/quehacerpolitico.mx\/#website","url":"https:\/\/quehacerpolitico.mx\/","name":"","description":"","potentialAction":[{"@type":"SearchAction","target":{"@type":"EntryPoint","urlTemplate":"https:\/\/quehacerpolitico.mx\/?s={search_term_string}"},"query-input":{"@type":"PropertyValueSpecification","valueRequired":true,"valueName":"search_term_string"}}],"inLanguage":"es"},{"@type":"Person","@id":"https:\/\/quehacerpolitico.mx\/#\/schema\/person\/496d8ad2d1d3f8036101dca7ee39e585","name":"Redacci\u00f3n QP","image":{"@type":"ImageObject","inLanguage":"es","@id":"https:\/\/secure.gravatar.com\/avatar\/c7164ed6fdec453195284ad24a5ae5b6e1eed2b848477fa2a4787ba9adf39a41?s=96&d=mm&r=g","url":"https:\/\/secure.gravatar.com\/avatar\/c7164ed6fdec453195284ad24a5ae5b6e1eed2b848477fa2a4787ba9adf39a41?s=96&d=mm&r=g","contentUrl":"https:\/\/secure.gravatar.com\/avatar\/c7164ed6fdec453195284ad24a5ae5b6e1eed2b848477fa2a4787ba9adf39a41?s=96&d=mm&r=g","caption":"Redacci\u00f3n QP"},"url":"https:\/\/quehacerpolitico.mx\/?author=2"}]}},"featured_image_urls":{"full":["https:\/\/quehacerpolitico.mx\/wp-content\/uploads\/2025\/09\/IMG_3382-1.jpeg",425,230,false],"thumbnail":["https:\/\/quehacerpolitico.mx\/wp-content\/uploads\/2025\/09\/IMG_3382-1-150x150.jpeg",150,150,true],"medium":["https:\/\/quehacerpolitico.mx\/wp-content\/uploads\/2025\/09\/IMG_3382-1-300x162.jpeg",300,162,true],"medium_large":["https:\/\/quehacerpolitico.mx\/wp-content\/uploads\/2025\/09\/IMG_3382-1.jpeg",425,230,false],"large":["https:\/\/quehacerpolitico.mx\/wp-content\/uploads\/2025\/09\/IMG_3382-1.jpeg",425,230,false],"1536x1536":["https:\/\/quehacerpolitico.mx\/wp-content\/uploads\/2025\/09\/IMG_3382-1.jpeg",425,230,false],"2048x2048":["https:\/\/quehacerpolitico.mx\/wp-content\/uploads\/2025\/09\/IMG_3382-1.jpeg",425,230,false],"covernews-featured":["https:\/\/quehacerpolitico.mx\/wp-content\/uploads\/2025\/09\/IMG_3382-1.jpeg",425,230,false],"covernews-medium":["https:\/\/quehacerpolitico.mx\/wp-content\/uploads\/2025\/09\/IMG_3382-1.jpeg",425,230,false]},"author_info":{"display_name":"Redacci\u00f3n QP","author_link":"https:\/\/quehacerpolitico.mx\/?author=2"},"category_info":"<a href=\"https:\/\/quehacerpolitico.mx\/?cat=55\" rel=\"category\">CDMX<\/a>","tag_info":"CDMX","comment_count":"0","_links":{"self":[{"href":"https:\/\/quehacerpolitico.mx\/index.php?rest_route=\/wp\/v2\/posts\/118975","targetHints":{"allow":["GET"]}}],"collection":[{"href":"https:\/\/quehacerpolitico.mx\/index.php?rest_route=\/wp\/v2\/posts"}],"about":[{"href":"https:\/\/quehacerpolitico.mx\/index.php?rest_route=\/wp\/v2\/types\/post"}],"author":[{"embeddable":true,"href":"https:\/\/quehacerpolitico.mx\/index.php?rest_route=\/wp\/v2\/users\/2"}],"replies":[{"embeddable":true,"href":"https:\/\/quehacerpolitico.mx\/index.php?rest_route=%2Fwp%2Fv2%2Fcomments&post=118975"}],"version-history":[{"count":1,"href":"https:\/\/quehacerpolitico.mx\/index.php?rest_route=\/wp\/v2\/posts\/118975\/revisions"}],"predecessor-version":[{"id":118978,"href":"https:\/\/quehacerpolitico.mx\/index.php?rest_route=\/wp\/v2\/posts\/118975\/revisions\/118978"}],"wp:featuredmedia":[{"embeddable":true,"href":"https:\/\/quehacerpolitico.mx\/index.php?rest_route=\/wp\/v2\/media\/118977"}],"wp:attachment":[{"href":"https:\/\/quehacerpolitico.mx\/index.php?rest_route=%2Fwp%2Fv2%2Fmedia&parent=118975"}],"wp:term":[{"taxonomy":"category","embeddable":true,"href":"https:\/\/quehacerpolitico.mx\/index.php?rest_route=%2Fwp%2Fv2%2Fcategories&post=118975"},{"taxonomy":"post_tag","embeddable":true,"href":"https:\/\/quehacerpolitico.mx\/index.php?rest_route=%2Fwp%2Fv2%2Ftags&post=118975"}],"curies":[{"name":"wp","href":"https:\/\/api.w.org\/{rel}","templated":true}]}}