{"id":118971,"date":"2025-09-09T13:41:44","date_gmt":"2025-09-09T19:41:44","guid":{"rendered":"https:\/\/quehacerpolitico.mx\/?p=118971"},"modified":"2025-09-09T13:41:47","modified_gmt":"2025-09-09T19:41:47","slug":"el-quehacer-politico-internacional-a-traves-de-la-opinion-carolina-alonso-romei-cae-el-gobierno-de-nepal-derrocan-al-primer-ministro-tras-protestas-que-dejaron-25-muertos","status":"publish","type":"post","link":"https:\/\/quehacerpolitico.mx\/?p=118971","title":{"rendered":"El Quehacer Pol\u00edtico Internacional a trav\u00e9s de la opini\u00f3n\/\/\/Carolina Alonso Romei\/\/\/Cae el gobierno de Nepal: derrocan al primer ministro tras protestas que dejaron 25 muertos"},"content":{"rendered":"\n<p>Por Carolina Alonso Romei<\/p>\n\n\n\n<p>Internacionalista <\/p>\n\n\n\n<p>El gobierno prohibi\u00f3 la semana pasada las principales plataformas de redes sociales, lo que activistas de la &#8220;Generaci\u00f3n Z&#8221; vieron como un intento de silenciar el movimiento en l\u00ednea contra la corrupci\u00f3n de los ministros<\/p>\n\n\n\n<p>Cuando&nbsp;<strong>Nepal<\/strong>&nbsp;prohibi\u00f3 la semana pasada las principales plataformas de redes sociales, incluida&nbsp;<strong>Facebook<\/strong>, alegando una oleada de noticias falsas, activistas como Sandip lo vieron como un<strong>&nbsp;intento de silenciar<\/strong>su creciente movimiento en l\u00ednea contra la corrupci\u00f3n.<\/p>\n\n\n\n<figure class=\"wp-block-embed is-type-video is-provider-youtube wp-block-embed-youtube wp-embed-aspect-9-16 wp-has-aspect-ratio\"><div class=\"wp-block-embed__wrapper\">\n<iframe loading=\"lazy\" title=\"\ud83d\udd34Cae el Gobierno de NEPAL: incendiaron el Parlamento y casas tras renuncia del primer ministro\ud83d\udd25\" width=\"540\" height=\"960\" src=\"https:\/\/www.youtube.com\/embed\/nld1g3ckJ7s?feature=oembed\" frameborder=\"0\" allow=\"accelerometer; autoplay; clipboard-write; encrypted-media; gyroscope; picture-in-picture; web-share\" referrerpolicy=\"strict-origin-when-cross-origin\" allowfullscreen><\/iframe>\n<\/div><\/figure>\n\n\n\n<p>Se lanzaron a la acci\u00f3n y recurrieron a aplicaciones a\u00fan accesibles como&nbsp;<strong>Viber<\/strong>y&nbsp;<strong>TikTok<\/strong>&nbsp;para congregar a miles de personas, desencadenando<strong>&nbsp;protestas&nbsp;<\/strong>que se saldaron con al menos 25 muertos y que, en \u00faltima instancia, obligaron al primer ministro&nbsp;<strong>K.P. Sharma Oli&nbsp;<\/strong>a abandonar su cargo el martes.<\/p>\n\n\n\n<p>Su \u00e9xito se produjo 13 meses despu\u00e9s de que protestas similares lideradas por j\u00f3venes en la vecina\u00a0<strong>Bangladesh<\/strong> forzaran la salida de\u00a0<strong>Sheikh<\/strong>\u00a0<strong>Hasina<\/strong>, primera ministra desde 2009.<\/p>\n\n\n\n<p><strong>Sandip<\/strong>, un influencer de las redes sociales que utiliza un solo nombre, dijo que hab\u00eda hecho varios llamados en l\u00ednea, algunos utilizando redes privadas virtuales para eludir la prohibici\u00f3n, pero que&nbsp;<strong>no hab\u00eda esperado que tanta gente saliera a las calles de Katmand\u00fa<\/strong>, la capital de&nbsp;Nepal, y otros lugares.<\/p>\n\n\n\n<p>&#8220;Todos y cada uno de los ciudadanos de&nbsp;Nepal&nbsp;estaban hartos del gobierno corrupto de&nbsp;Nepal&#8221;, afirm\u00f3 el joven de 31 a\u00f1os, residente en el distrito de Lalitpur, cerca de la capital.<\/p>\n\n\n\n<figure class=\"wp-block-embed is-type-video is-provider-youtube wp-block-embed-youtube wp-embed-aspect-16-9 wp-has-aspect-ratio\"><div class=\"wp-block-embed__wrapper\">\n<iframe loading=\"lazy\" title=\"Dimite el primer ministro de Nepal, K.P. Sharma Oli, por la oleada de protestas I MARCA\" width=\"640\" height=\"360\" src=\"https:\/\/www.youtube.com\/embed\/HXs20BX1Z-I?feature=oembed\" frameborder=\"0\" allow=\"accelerometer; autoplay; clipboard-write; encrypted-media; gyroscope; picture-in-picture; web-share\" referrerpolicy=\"strict-origin-when-cross-origin\" allowfullscreen><\/iframe>\n<\/div><\/figure>\n\n\n\n<p>&#8220;La rabia contra este gobierno llevaba gest\u00e1ndose muchos meses, pero la convocatoria de esta protesta fue muy espont\u00e1nea&#8221;.<\/p>\n\n\n\n<p><strong>Transparencia Internacional&nbsp;<\/strong>sit\u00faa a&nbsp;Nepal&nbsp;en el puesto 107 de 180 pa\u00edses en su \u00cdndice de Percepci\u00f3n de la Corrupci\u00f3n, destacando los persistente<strong>s problemas de gobernabilidad.&nbsp;<\/strong>Los activistas afirmaron que la frustraci\u00f3n por la desigualdad y la falta de oportunidades laborales tambi\u00e9n influyeron.<\/p>\n\n\n\n<p>Pobreza extendida&nbsp;<\/p>\n\n\n\n<p>M\u00e1s del 20% de los 30 millones de&nbsp;nepal\u00edes viven en la&nbsp;<strong>pobreza<\/strong>, seg\u00fan el Banco Mundial, mientras que el desempleo entre las personas de 15 a 24 a\u00f1os superaba el 22% en 2022-23. El 10% m\u00e1s rico gana m\u00e1s del triple que el 40% m\u00e1s pobre, lo que pone de manifiesto las marcadas diferencias econ\u00f3micas.&nbsp;<\/p>\n\n\n\n<p><strong>Gaurav<\/strong>&nbsp;<strong>Nepune<\/strong>, un hombre de 34 a\u00f1os de Katmand\u00fa que encabez\u00f3 algunas de las protestas, dijo que los j\u00f3venes llevaban tres meses realizando una campa\u00f1a en Internet para<strong>&nbsp;contrastar la vida que llevaban los ministros y sus familias con la de la gente corriente.<\/strong><\/p>\n\n\n\n<p>&#8220;Los j\u00f3venes est\u00e1n en contra de la corrupci\u00f3n, pero el gobierno recurri\u00f3 a la violencia para intentar silenciar el movimiento&#8221;, afirm\u00f3 Nepune.&nbsp;<\/p>\n\n\n\n<p>&#8220;Hemos estado instando continuamente a nuestra gente a que no incurra en ning\u00fan tipo de violencia o incendio provocado. Ahora queremos un gobierno que piense con&nbsp;<strong>independencia<\/strong>, sin corrupci\u00f3n y que no haga el juego a ning\u00fan vecino&#8221;, destac\u00f3.&nbsp;<\/p>\n\n\n\n<p>En&nbsp;Nepal, una de las opciones populares de los manifestantes para sustituir a Oli es&nbsp;<strong>Balendra<\/strong>&nbsp;<strong>Shah<\/strong>, de 35 a\u00f1os, un ex rapero y compositor que se convirti\u00f3 en alcalde de&nbsp;<strong>Katmand\u00fa<\/strong>&nbsp;en 2022 tras una campa\u00f1a para limpiar las calles y las v\u00edas fluviales de la ciudad.<\/p>\n\n\n\n<p>Con informaci\u00f3n de Reuters<\/p>\n","protected":false},"excerpt":{"rendered":"<p>Por Carolina Alonso Romei Internacionalista El gobierno prohibi\u00f3 la semana pasada las principales plataformas de&#8230;<\/p>\n","protected":false},"author":2,"featured_media":118972,"comment_status":"open","ping_status":"open","sticky":false,"template":"","format":"standard","meta":{"_monsterinsights_skip_tracking":false,"_monsterinsights_sitenote_active":false,"_monsterinsights_sitenote_note":"","_monsterinsights_sitenote_category":0,"footnotes":""},"categories":[1],"tags":[],"class_list":["post-118971","post","type-post","status-publish","format-standard","has-post-thumbnail","hentry","category-sin-categoria"],"yoast_head":"<!-- This site is optimized with the Yoast SEO plugin v27.3 - https:\/\/yoast.com\/product\/yoast-seo-wordpress\/ -->\n<title>El Quehacer Pol\u00edtico Internacional a trav\u00e9s de la opini\u00f3n\/\/\/Carolina Alonso Romei\/\/\/Cae el gobierno de Nepal: derrocan al primer ministro tras protestas que dejaron 25 muertos -<\/title>\n<meta name=\"robots\" content=\"index, follow, max-snippet:-1, max-image-preview:large, max-video-preview:-1\" \/>\n<link rel=\"canonical\" href=\"https:\/\/quehacerpolitico.mx\/?p=118971\" \/>\n<meta property=\"og:locale\" content=\"es_MX\" \/>\n<meta property=\"og:type\" content=\"article\" \/>\n<meta property=\"og:title\" content=\"El Quehacer Pol\u00edtico Internacional a trav\u00e9s de la opini\u00f3n\/\/\/Carolina Alonso Romei\/\/\/Cae el gobierno de Nepal: derrocan al primer ministro tras protestas que dejaron 25 muertos -\" \/>\n<meta property=\"og:description\" content=\"Por Carolina Alonso Romei Internacionalista El gobierno prohibi\u00f3 la semana pasada las principales plataformas de...\" \/>\n<meta property=\"og:url\" content=\"https:\/\/quehacerpolitico.mx\/?p=118971\" \/>\n<meta property=\"article:published_time\" content=\"2025-09-09T19:41:44+00:00\" \/>\n<meta property=\"article:modified_time\" content=\"2025-09-09T19:41:47+00:00\" \/>\n<meta property=\"og:image\" content=\"https:\/\/quehacerpolitico.mx\/wp-content\/uploads\/2025\/09\/03fa6135-c3fe-44b7-8e96-c6ca323ffebb-4.jpeg\" \/>\n\t<meta property=\"og:image:width\" content=\"963\" \/>\n\t<meta property=\"og:image:height\" content=\"493\" \/>\n\t<meta property=\"og:image:type\" content=\"image\/jpeg\" \/>\n<meta name=\"author\" content=\"Redacci\u00f3n QP\" \/>\n<meta name=\"twitter:card\" content=\"summary_large_image\" \/>\n<meta name=\"twitter:label1\" content=\"Escrito por\" \/>\n\t<meta name=\"twitter:data1\" content=\"Redacci\u00f3n QP\" \/>\n\t<meta name=\"twitter:label2\" content=\"Tiempo de lectura\" \/>\n\t<meta name=\"twitter:data2\" content=\"3 minutos\" \/>\n<script type=\"application\/ld+json\" class=\"yoast-schema-graph\">{\"@context\":\"https:\\\/\\\/schema.org\",\"@graph\":[{\"@type\":\"Article\",\"@id\":\"https:\\\/\\\/quehacerpolitico.mx\\\/?p=118971#article\",\"isPartOf\":{\"@id\":\"https:\\\/\\\/quehacerpolitico.mx\\\/?p=118971\"},\"author\":{\"name\":\"Redacci\u00f3n QP\",\"@id\":\"https:\\\/\\\/quehacerpolitico.mx\\\/#\\\/schema\\\/person\\\/496d8ad2d1d3f8036101dca7ee39e585\"},\"headline\":\"El Quehacer Pol\u00edtico Internacional a trav\u00e9s de la opini\u00f3n\\\/\\\/\\\/Carolina Alonso Romei\\\/\\\/\\\/Cae el gobierno de Nepal: derrocan al primer ministro tras protestas que dejaron 25 muertos\",\"datePublished\":\"2025-09-09T19:41:44+00:00\",\"dateModified\":\"2025-09-09T19:41:47+00:00\",\"mainEntityOfPage\":{\"@id\":\"https:\\\/\\\/quehacerpolitico.mx\\\/?p=118971\"},\"wordCount\":625,\"commentCount\":0,\"image\":{\"@id\":\"https:\\\/\\\/quehacerpolitico.mx\\\/?p=118971#primaryimage\"},\"thumbnailUrl\":\"https:\\\/\\\/quehacerpolitico.mx\\\/wp-content\\\/uploads\\\/2025\\\/09\\\/03fa6135-c3fe-44b7-8e96-c6ca323ffebb-4.jpeg\",\"articleSection\":[\"Internacionales\"],\"inLanguage\":\"es\",\"potentialAction\":[{\"@type\":\"CommentAction\",\"name\":\"Comment\",\"target\":[\"https:\\\/\\\/quehacerpolitico.mx\\\/?p=118971#respond\"]}]},{\"@type\":\"WebPage\",\"@id\":\"https:\\\/\\\/quehacerpolitico.mx\\\/?p=118971\",\"url\":\"https:\\\/\\\/quehacerpolitico.mx\\\/?p=118971\",\"name\":\"El Quehacer Pol\u00edtico Internacional a trav\u00e9s de la opini\u00f3n\\\/\\\/\\\/Carolina Alonso Romei\\\/\\\/\\\/Cae el gobierno de Nepal: derrocan al primer ministro tras protestas que dejaron 25 muertos -\",\"isPartOf\":{\"@id\":\"https:\\\/\\\/quehacerpolitico.mx\\\/#website\"},\"primaryImageOfPage\":{\"@id\":\"https:\\\/\\\/quehacerpolitico.mx\\\/?p=118971#primaryimage\"},\"image\":{\"@id\":\"https:\\\/\\\/quehacerpolitico.mx\\\/?p=118971#primaryimage\"},\"thumbnailUrl\":\"https:\\\/\\\/quehacerpolitico.mx\\\/wp-content\\\/uploads\\\/2025\\\/09\\\/03fa6135-c3fe-44b7-8e96-c6ca323ffebb-4.jpeg\",\"datePublished\":\"2025-09-09T19:41:44+00:00\",\"dateModified\":\"2025-09-09T19:41:47+00:00\",\"author\":{\"@id\":\"https:\\\/\\\/quehacerpolitico.mx\\\/#\\\/schema\\\/person\\\/496d8ad2d1d3f8036101dca7ee39e585\"},\"breadcrumb\":{\"@id\":\"https:\\\/\\\/quehacerpolitico.mx\\\/?p=118971#breadcrumb\"},\"inLanguage\":\"es\",\"potentialAction\":[{\"@type\":\"ReadAction\",\"target\":[\"https:\\\/\\\/quehacerpolitico.mx\\\/?p=118971\"]}]},{\"@type\":\"ImageObject\",\"inLanguage\":\"es\",\"@id\":\"https:\\\/\\\/quehacerpolitico.mx\\\/?p=118971#primaryimage\",\"url\":\"https:\\\/\\\/quehacerpolitico.mx\\\/wp-content\\\/uploads\\\/2025\\\/09\\\/03fa6135-c3fe-44b7-8e96-c6ca323ffebb-4.jpeg\",\"contentUrl\":\"https:\\\/\\\/quehacerpolitico.mx\\\/wp-content\\\/uploads\\\/2025\\\/09\\\/03fa6135-c3fe-44b7-8e96-c6ca323ffebb-4.jpeg\",\"width\":963,\"height\":493},{\"@type\":\"BreadcrumbList\",\"@id\":\"https:\\\/\\\/quehacerpolitico.mx\\\/?p=118971#breadcrumb\",\"itemListElement\":[{\"@type\":\"ListItem\",\"position\":1,\"name\":\"Inicio\",\"item\":\"https:\\\/\\\/quehacerpolitico.mx\\\/\"},{\"@type\":\"ListItem\",\"position\":2,\"name\":\"El Quehacer Pol\u00edtico Internacional a trav\u00e9s de la opini\u00f3n\\\/\\\/\\\/Carolina Alonso Romei\\\/\\\/\\\/Cae el gobierno de Nepal: derrocan al primer ministro tras protestas que dejaron 25 muertos\"}]},{\"@type\":\"WebSite\",\"@id\":\"https:\\\/\\\/quehacerpolitico.mx\\\/#website\",\"url\":\"https:\\\/\\\/quehacerpolitico.mx\\\/\",\"name\":\"\",\"description\":\"\",\"potentialAction\":[{\"@type\":\"SearchAction\",\"target\":{\"@type\":\"EntryPoint\",\"urlTemplate\":\"https:\\\/\\\/quehacerpolitico.mx\\\/?s={search_term_string}\"},\"query-input\":{\"@type\":\"PropertyValueSpecification\",\"valueRequired\":true,\"valueName\":\"search_term_string\"}}],\"inLanguage\":\"es\"},{\"@type\":\"Person\",\"@id\":\"https:\\\/\\\/quehacerpolitico.mx\\\/#\\\/schema\\\/person\\\/496d8ad2d1d3f8036101dca7ee39e585\",\"name\":\"Redacci\u00f3n QP\",\"image\":{\"@type\":\"ImageObject\",\"inLanguage\":\"es\",\"@id\":\"https:\\\/\\\/secure.gravatar.com\\\/avatar\\\/c7164ed6fdec453195284ad24a5ae5b6e1eed2b848477fa2a4787ba9adf39a41?s=96&d=mm&r=g\",\"url\":\"https:\\\/\\\/secure.gravatar.com\\\/avatar\\\/c7164ed6fdec453195284ad24a5ae5b6e1eed2b848477fa2a4787ba9adf39a41?s=96&d=mm&r=g\",\"contentUrl\":\"https:\\\/\\\/secure.gravatar.com\\\/avatar\\\/c7164ed6fdec453195284ad24a5ae5b6e1eed2b848477fa2a4787ba9adf39a41?s=96&d=mm&r=g\",\"caption\":\"Redacci\u00f3n QP\"},\"url\":\"https:\\\/\\\/quehacerpolitico.mx\\\/?author=2\"}]}<\/script>\n<!-- \/ Yoast SEO plugin. -->","yoast_head_json":{"title":"El Quehacer Pol\u00edtico Internacional a trav\u00e9s de la opini\u00f3n\/\/\/Carolina Alonso Romei\/\/\/Cae el gobierno de Nepal: derrocan al primer ministro tras protestas que dejaron 25 muertos -","robots":{"index":"index","follow":"follow","max-snippet":"max-snippet:-1","max-image-preview":"max-image-preview:large","max-video-preview":"max-video-preview:-1"},"canonical":"https:\/\/quehacerpolitico.mx\/?p=118971","og_locale":"es_MX","og_type":"article","og_title":"El Quehacer Pol\u00edtico Internacional a trav\u00e9s de la opini\u00f3n\/\/\/Carolina Alonso Romei\/\/\/Cae el gobierno de Nepal: derrocan al primer ministro tras protestas que dejaron 25 muertos -","og_description":"Por Carolina Alonso Romei Internacionalista El gobierno prohibi\u00f3 la semana pasada las principales plataformas de...","og_url":"https:\/\/quehacerpolitico.mx\/?p=118971","article_published_time":"2025-09-09T19:41:44+00:00","article_modified_time":"2025-09-09T19:41:47+00:00","og_image":[{"width":963,"height":493,"url":"https:\/\/quehacerpolitico.mx\/wp-content\/uploads\/2025\/09\/03fa6135-c3fe-44b7-8e96-c6ca323ffebb-4.jpeg","type":"image\/jpeg"}],"author":"Redacci\u00f3n QP","twitter_card":"summary_large_image","twitter_misc":{"Escrito por":"Redacci\u00f3n QP","Tiempo de lectura":"3 minutos"},"schema":{"@context":"https:\/\/schema.org","@graph":[{"@type":"Article","@id":"https:\/\/quehacerpolitico.mx\/?p=118971#article","isPartOf":{"@id":"https:\/\/quehacerpolitico.mx\/?p=118971"},"author":{"name":"Redacci\u00f3n QP","@id":"https:\/\/quehacerpolitico.mx\/#\/schema\/person\/496d8ad2d1d3f8036101dca7ee39e585"},"headline":"El Quehacer Pol\u00edtico Internacional a trav\u00e9s de la opini\u00f3n\/\/\/Carolina Alonso Romei\/\/\/Cae el gobierno de Nepal: derrocan al primer ministro tras protestas que dejaron 25 muertos","datePublished":"2025-09-09T19:41:44+00:00","dateModified":"2025-09-09T19:41:47+00:00","mainEntityOfPage":{"@id":"https:\/\/quehacerpolitico.mx\/?p=118971"},"wordCount":625,"commentCount":0,"image":{"@id":"https:\/\/quehacerpolitico.mx\/?p=118971#primaryimage"},"thumbnailUrl":"https:\/\/quehacerpolitico.mx\/wp-content\/uploads\/2025\/09\/03fa6135-c3fe-44b7-8e96-c6ca323ffebb-4.jpeg","articleSection":["Internacionales"],"inLanguage":"es","potentialAction":[{"@type":"CommentAction","name":"Comment","target":["https:\/\/quehacerpolitico.mx\/?p=118971#respond"]}]},{"@type":"WebPage","@id":"https:\/\/quehacerpolitico.mx\/?p=118971","url":"https:\/\/quehacerpolitico.mx\/?p=118971","name":"El Quehacer Pol\u00edtico Internacional a trav\u00e9s de la opini\u00f3n\/\/\/Carolina Alonso Romei\/\/\/Cae el gobierno de Nepal: derrocan al primer ministro tras protestas que dejaron 25 muertos -","isPartOf":{"@id":"https:\/\/quehacerpolitico.mx\/#website"},"primaryImageOfPage":{"@id":"https:\/\/quehacerpolitico.mx\/?p=118971#primaryimage"},"image":{"@id":"https:\/\/quehacerpolitico.mx\/?p=118971#primaryimage"},"thumbnailUrl":"https:\/\/quehacerpolitico.mx\/wp-content\/uploads\/2025\/09\/03fa6135-c3fe-44b7-8e96-c6ca323ffebb-4.jpeg","datePublished":"2025-09-09T19:41:44+00:00","dateModified":"2025-09-09T19:41:47+00:00","author":{"@id":"https:\/\/quehacerpolitico.mx\/#\/schema\/person\/496d8ad2d1d3f8036101dca7ee39e585"},"breadcrumb":{"@id":"https:\/\/quehacerpolitico.mx\/?p=118971#breadcrumb"},"inLanguage":"es","potentialAction":[{"@type":"ReadAction","target":["https:\/\/quehacerpolitico.mx\/?p=118971"]}]},{"@type":"ImageObject","inLanguage":"es","@id":"https:\/\/quehacerpolitico.mx\/?p=118971#primaryimage","url":"https:\/\/quehacerpolitico.mx\/wp-content\/uploads\/2025\/09\/03fa6135-c3fe-44b7-8e96-c6ca323ffebb-4.jpeg","contentUrl":"https:\/\/quehacerpolitico.mx\/wp-content\/uploads\/2025\/09\/03fa6135-c3fe-44b7-8e96-c6ca323ffebb-4.jpeg","width":963,"height":493},{"@type":"BreadcrumbList","@id":"https:\/\/quehacerpolitico.mx\/?p=118971#breadcrumb","itemListElement":[{"@type":"ListItem","position":1,"name":"Inicio","item":"https:\/\/quehacerpolitico.mx\/"},{"@type":"ListItem","position":2,"name":"El Quehacer Pol\u00edtico Internacional a trav\u00e9s de la opini\u00f3n\/\/\/Carolina Alonso Romei\/\/\/Cae el gobierno de Nepal: derrocan al primer ministro tras protestas que dejaron 25 muertos"}]},{"@type":"WebSite","@id":"https:\/\/quehacerpolitico.mx\/#website","url":"https:\/\/quehacerpolitico.mx\/","name":"","description":"","potentialAction":[{"@type":"SearchAction","target":{"@type":"EntryPoint","urlTemplate":"https:\/\/quehacerpolitico.mx\/?s={search_term_string}"},"query-input":{"@type":"PropertyValueSpecification","valueRequired":true,"valueName":"search_term_string"}}],"inLanguage":"es"},{"@type":"Person","@id":"https:\/\/quehacerpolitico.mx\/#\/schema\/person\/496d8ad2d1d3f8036101dca7ee39e585","name":"Redacci\u00f3n QP","image":{"@type":"ImageObject","inLanguage":"es","@id":"https:\/\/secure.gravatar.com\/avatar\/c7164ed6fdec453195284ad24a5ae5b6e1eed2b848477fa2a4787ba9adf39a41?s=96&d=mm&r=g","url":"https:\/\/secure.gravatar.com\/avatar\/c7164ed6fdec453195284ad24a5ae5b6e1eed2b848477fa2a4787ba9adf39a41?s=96&d=mm&r=g","contentUrl":"https:\/\/secure.gravatar.com\/avatar\/c7164ed6fdec453195284ad24a5ae5b6e1eed2b848477fa2a4787ba9adf39a41?s=96&d=mm&r=g","caption":"Redacci\u00f3n QP"},"url":"https:\/\/quehacerpolitico.mx\/?author=2"}]}},"featured_image_urls":{"full":["https:\/\/quehacerpolitico.mx\/wp-content\/uploads\/2025\/09\/03fa6135-c3fe-44b7-8e96-c6ca323ffebb-4.jpeg",963,493,false],"thumbnail":["https:\/\/quehacerpolitico.mx\/wp-content\/uploads\/2025\/09\/03fa6135-c3fe-44b7-8e96-c6ca323ffebb-4-150x150.jpeg",150,150,true],"medium":["https:\/\/quehacerpolitico.mx\/wp-content\/uploads\/2025\/09\/03fa6135-c3fe-44b7-8e96-c6ca323ffebb-4-300x154.jpeg",300,154,true],"medium_large":["https:\/\/quehacerpolitico.mx\/wp-content\/uploads\/2025\/09\/03fa6135-c3fe-44b7-8e96-c6ca323ffebb-4-768x393.jpeg",640,328,true],"large":["https:\/\/quehacerpolitico.mx\/wp-content\/uploads\/2025\/09\/03fa6135-c3fe-44b7-8e96-c6ca323ffebb-4.jpeg",640,328,false],"1536x1536":["https:\/\/quehacerpolitico.mx\/wp-content\/uploads\/2025\/09\/03fa6135-c3fe-44b7-8e96-c6ca323ffebb-4.jpeg",963,493,false],"2048x2048":["https:\/\/quehacerpolitico.mx\/wp-content\/uploads\/2025\/09\/03fa6135-c3fe-44b7-8e96-c6ca323ffebb-4.jpeg",963,493,false],"covernews-featured":["https:\/\/quehacerpolitico.mx\/wp-content\/uploads\/2025\/09\/03fa6135-c3fe-44b7-8e96-c6ca323ffebb-4.jpeg",963,493,false],"covernews-medium":["https:\/\/quehacerpolitico.mx\/wp-content\/uploads\/2025\/09\/03fa6135-c3fe-44b7-8e96-c6ca323ffebb-4-540x340.jpeg",540,340,true]},"author_info":{"display_name":"Redacci\u00f3n QP","author_link":"https:\/\/quehacerpolitico.mx\/?author=2"},"category_info":"<a href=\"https:\/\/quehacerpolitico.mx\/?cat=1\" rel=\"category\">Internacionales<\/a>","tag_info":"Internacionales","comment_count":"0","_links":{"self":[{"href":"https:\/\/quehacerpolitico.mx\/index.php?rest_route=\/wp\/v2\/posts\/118971","targetHints":{"allow":["GET"]}}],"collection":[{"href":"https:\/\/quehacerpolitico.mx\/index.php?rest_route=\/wp\/v2\/posts"}],"about":[{"href":"https:\/\/quehacerpolitico.mx\/index.php?rest_route=\/wp\/v2\/types\/post"}],"author":[{"embeddable":true,"href":"https:\/\/quehacerpolitico.mx\/index.php?rest_route=\/wp\/v2\/users\/2"}],"replies":[{"embeddable":true,"href":"https:\/\/quehacerpolitico.mx\/index.php?rest_route=%2Fwp%2Fv2%2Fcomments&post=118971"}],"version-history":[{"count":1,"href":"https:\/\/quehacerpolitico.mx\/index.php?rest_route=\/wp\/v2\/posts\/118971\/revisions"}],"predecessor-version":[{"id":118973,"href":"https:\/\/quehacerpolitico.mx\/index.php?rest_route=\/wp\/v2\/posts\/118971\/revisions\/118973"}],"wp:featuredmedia":[{"embeddable":true,"href":"https:\/\/quehacerpolitico.mx\/index.php?rest_route=\/wp\/v2\/media\/118972"}],"wp:attachment":[{"href":"https:\/\/quehacerpolitico.mx\/index.php?rest_route=%2Fwp%2Fv2%2Fmedia&parent=118971"}],"wp:term":[{"taxonomy":"category","embeddable":true,"href":"https:\/\/quehacerpolitico.mx\/index.php?rest_route=%2Fwp%2Fv2%2Fcategories&post=118971"},{"taxonomy":"post_tag","embeddable":true,"href":"https:\/\/quehacerpolitico.mx\/index.php?rest_route=%2Fwp%2Fv2%2Ftags&post=118971"}],"curies":[{"name":"wp","href":"https:\/\/api.w.org\/{rel}","templated":true}]}}