{"id":118968,"date":"2025-09-09T13:08:30","date_gmt":"2025-09-09T19:08:30","guid":{"rendered":"https:\/\/quehacerpolitico.mx\/?p=118968"},"modified":"2025-09-09T13:08:33","modified_gmt":"2025-09-09T19:08:33","slug":"sheinbaum-desestima-que-el-congreso-de-peru-avance-en-proceso-para-declararla-persona-non-grata","status":"publish","type":"post","link":"https:\/\/quehacerpolitico.mx\/?p=118968","title":{"rendered":"Sheinbaum desestima que el Congreso de Per\u00fa avance en proceso para declararla persona non grata"},"content":{"rendered":"\n<p>Por Redacci\u00f3n QP<\/p>\n\n\n\n<p>La comisi\u00f3n de Relaciones Exteriores&nbsp;aprob\u00f3 este martes la declaratoria por referirse a Castillo como presidente y desconocer el cambio de poder en el pa\u00eds sudamericano, la cual ser ratificada por el pleno en pr\u00f3ximos d\u00edas<\/p>\n\n\n\n<p>La presidenta&nbsp;<strong>Claudia Sheinbaum<\/strong>desestim\u00f3 este martes el avance de la declaraci\u00f3n en su contra como&nbsp;<strong><em>persona non grata<\/em>&nbsp;en Per\u00fa<\/strong>.&nbsp;<\/p>\n\n\n\n<p>En su conferencia matutina, la mandataria insisti\u00f3 en mantener su postura sobre el caso de<strong>&nbsp;Pedro Castillo<\/strong>y afirma que ella da seguimiento a la pol\u00edtica del expresidente Andr\u00e9s Manuel L\u00f3pez Obrador.<\/p>\n\n\n\n<figure class=\"wp-block-embed is-type-rich is-provider-twitter wp-block-embed-twitter\"><div class=\"wp-block-embed__wrapper\">\nhttps:\/\/twitter.com\/elfinanciero_mx\/status\/1965430367898173652?s=46\n<\/div><\/figure>\n\n\n\n<p>\u201cPedro Castillo vivi\u00f3 un&nbsp;<strong>golpe de Estado<\/strong> y me solidaric\u00e9 con \u00e9l (\u2026) no importa, nosotros vamos a&nbsp;<strong>mantener&nbsp;nuestra posici\u00f3n<\/strong>\u201d, dijo ante la pregunta de la prensa.&nbsp;<\/p>\n\n\n\n<p>La comisi\u00f3n de&nbsp;<strong>Relaciones Exteriores<\/strong>&nbsp;del Congreso peruano aprob\u00f3 este martes la declaraci\u00f3n de&nbsp;<em><strong>persona non grata<\/strong><\/em>&nbsp;a Sheinbaum por referirse a Castillo como presidente y desconocer el cambio de poder en Per\u00fa. Esta declaratoria debe ser ratificada por el pleno en d\u00edas pr\u00f3ximos.<\/p>\n\n\n\n<p>Previo a esta declaraci\u00f3n del congreso peruano, a finales de agosto de 2025 la presidenta recibi\u00f3 al abogado del&nbsp;<strong>expresidente Castillo<\/strong>. Tras esta reuni\u00f3n, expres\u00f3 en sus redes sociales el siguiente mensaje: &#8220;<strong>En nombre de M\u00e9xico<\/strong>, expreso mi m\u00e1s profunda&nbsp;<strong>solidaridad<\/strong>&nbsp;con \u00e9l y su familia, porque sabemos que su situaci\u00f3n no s\u00f3lo es un caso personal, sino un grave precedente de&nbsp;<strong>persecuci\u00f3n pol\u00edtica<\/strong>&nbsp;y discriminaci\u00f3n en nuestra regi\u00f3n&#8221;.<\/p>\n\n\n\n<p>Seguido de las afirmaciones y de una petici\u00f3n a la&nbsp;<strong>ONU<\/strong>&nbsp;para &#8220;actuar con decisi\u00f3n&#8221;&nbsp;para que se respeten los&nbsp;<strong>derechos humanos<\/strong>&nbsp;del exmandatario peruano, la canciller\u00eda peruana rechaz\u00f3 las afirmaciones de Sheinbaum, indicando que no se trata de un&nbsp;<strong>perseguido pol\u00edtico<\/strong>&nbsp;y que se le acusa de haber intentado cometer un&nbsp;<strong>golpe de Estado<\/strong>, el cual<strong>&nbsp;fracas\u00f3<\/strong>.<\/p>\n\n\n\n<p>Tambi\u00e9n afirm\u00f3 que&nbsp;las&nbsp;palabras de Sheinbaum&nbsp;reflejan su&nbsp;<strong>desconocimiento<\/strong>&nbsp;total de la realidad peruana, de su Constituci\u00f3n y de su ordenamiento jur\u00eddico.<\/p>\n","protected":false},"excerpt":{"rendered":"<p>Por Redacci\u00f3n QP La comisi\u00f3n de Relaciones Exteriores&nbsp;aprob\u00f3 este martes la declaratoria por referirse a&#8230;<\/p>\n","protected":false},"author":2,"featured_media":118969,"comment_status":"open","ping_status":"open","sticky":false,"template":"","format":"standard","meta":{"_monsterinsights_skip_tracking":false,"_monsterinsights_sitenote_active":false,"_monsterinsights_sitenote_note":"","_monsterinsights_sitenote_category":0,"footnotes":""},"categories":[280,2],"tags":[],"class_list":["post-118968","post","type-post","status-publish","format-standard","has-post-thumbnail","hentry","category-nacionales","category-noticias"],"yoast_head":"<!-- This site is optimized with the Yoast SEO plugin v27.3 - https:\/\/yoast.com\/product\/yoast-seo-wordpress\/ -->\n<title>Sheinbaum desestima que el Congreso de Per\u00fa avance en proceso para declararla persona non grata -<\/title>\n<meta name=\"robots\" content=\"index, follow, max-snippet:-1, max-image-preview:large, max-video-preview:-1\" \/>\n<link rel=\"canonical\" href=\"https:\/\/quehacerpolitico.mx\/?p=118968\" \/>\n<meta property=\"og:locale\" content=\"es_MX\" \/>\n<meta property=\"og:type\" content=\"article\" \/>\n<meta property=\"og:title\" content=\"Sheinbaum desestima que el Congreso de Per\u00fa avance en proceso para declararla persona non grata -\" \/>\n<meta property=\"og:description\" content=\"Por Redacci\u00f3n QP La comisi\u00f3n de Relaciones Exteriores&nbsp;aprob\u00f3 este martes la declaratoria por referirse a...\" \/>\n<meta property=\"og:url\" content=\"https:\/\/quehacerpolitico.mx\/?p=118968\" \/>\n<meta property=\"article:published_time\" content=\"2025-09-09T19:08:30+00:00\" \/>\n<meta property=\"article:modified_time\" content=\"2025-09-09T19:08:33+00:00\" \/>\n<meta property=\"og:image\" content=\"https:\/\/quehacerpolitico.mx\/wp-content\/uploads\/2025\/09\/IMG_3376.jpeg\" \/>\n\t<meta property=\"og:image:width\" content=\"944\" \/>\n\t<meta property=\"og:image:height\" content=\"656\" \/>\n\t<meta property=\"og:image:type\" content=\"image\/jpeg\" \/>\n<meta name=\"author\" content=\"Redacci\u00f3n QP\" \/>\n<meta name=\"twitter:card\" content=\"summary_large_image\" \/>\n<meta name=\"twitter:label1\" content=\"Escrito por\" \/>\n\t<meta name=\"twitter:data1\" content=\"Redacci\u00f3n QP\" \/>\n\t<meta name=\"twitter:label2\" content=\"Tiempo de lectura\" \/>\n\t<meta name=\"twitter:data2\" content=\"2 minutos\" \/>\n<script type=\"application\/ld+json\" class=\"yoast-schema-graph\">{\"@context\":\"https:\\\/\\\/schema.org\",\"@graph\":[{\"@type\":\"Article\",\"@id\":\"https:\\\/\\\/quehacerpolitico.mx\\\/?p=118968#article\",\"isPartOf\":{\"@id\":\"https:\\\/\\\/quehacerpolitico.mx\\\/?p=118968\"},\"author\":{\"name\":\"Redacci\u00f3n QP\",\"@id\":\"https:\\\/\\\/quehacerpolitico.mx\\\/#\\\/schema\\\/person\\\/496d8ad2d1d3f8036101dca7ee39e585\"},\"headline\":\"Sheinbaum desestima que el Congreso de Per\u00fa avance en proceso para declararla persona non grata\",\"datePublished\":\"2025-09-09T19:08:30+00:00\",\"dateModified\":\"2025-09-09T19:08:33+00:00\",\"mainEntityOfPage\":{\"@id\":\"https:\\\/\\\/quehacerpolitico.mx\\\/?p=118968\"},\"wordCount\":396,\"commentCount\":0,\"image\":{\"@id\":\"https:\\\/\\\/quehacerpolitico.mx\\\/?p=118968#primaryimage\"},\"thumbnailUrl\":\"https:\\\/\\\/quehacerpolitico.mx\\\/wp-content\\\/uploads\\\/2025\\\/09\\\/IMG_3376.jpeg\",\"articleSection\":[\"Nacionales\",\"Noticias\"],\"inLanguage\":\"es\",\"potentialAction\":[{\"@type\":\"CommentAction\",\"name\":\"Comment\",\"target\":[\"https:\\\/\\\/quehacerpolitico.mx\\\/?p=118968#respond\"]}]},{\"@type\":\"WebPage\",\"@id\":\"https:\\\/\\\/quehacerpolitico.mx\\\/?p=118968\",\"url\":\"https:\\\/\\\/quehacerpolitico.mx\\\/?p=118968\",\"name\":\"Sheinbaum desestima que el Congreso de Per\u00fa avance en proceso para declararla persona non grata -\",\"isPartOf\":{\"@id\":\"https:\\\/\\\/quehacerpolitico.mx\\\/#website\"},\"primaryImageOfPage\":{\"@id\":\"https:\\\/\\\/quehacerpolitico.mx\\\/?p=118968#primaryimage\"},\"image\":{\"@id\":\"https:\\\/\\\/quehacerpolitico.mx\\\/?p=118968#primaryimage\"},\"thumbnailUrl\":\"https:\\\/\\\/quehacerpolitico.mx\\\/wp-content\\\/uploads\\\/2025\\\/09\\\/IMG_3376.jpeg\",\"datePublished\":\"2025-09-09T19:08:30+00:00\",\"dateModified\":\"2025-09-09T19:08:33+00:00\",\"author\":{\"@id\":\"https:\\\/\\\/quehacerpolitico.mx\\\/#\\\/schema\\\/person\\\/496d8ad2d1d3f8036101dca7ee39e585\"},\"breadcrumb\":{\"@id\":\"https:\\\/\\\/quehacerpolitico.mx\\\/?p=118968#breadcrumb\"},\"inLanguage\":\"es\",\"potentialAction\":[{\"@type\":\"ReadAction\",\"target\":[\"https:\\\/\\\/quehacerpolitico.mx\\\/?p=118968\"]}]},{\"@type\":\"ImageObject\",\"inLanguage\":\"es\",\"@id\":\"https:\\\/\\\/quehacerpolitico.mx\\\/?p=118968#primaryimage\",\"url\":\"https:\\\/\\\/quehacerpolitico.mx\\\/wp-content\\\/uploads\\\/2025\\\/09\\\/IMG_3376.jpeg\",\"contentUrl\":\"https:\\\/\\\/quehacerpolitico.mx\\\/wp-content\\\/uploads\\\/2025\\\/09\\\/IMG_3376.jpeg\",\"width\":944,\"height\":656,\"caption\":\"Screenshot\"},{\"@type\":\"BreadcrumbList\",\"@id\":\"https:\\\/\\\/quehacerpolitico.mx\\\/?p=118968#breadcrumb\",\"itemListElement\":[{\"@type\":\"ListItem\",\"position\":1,\"name\":\"Inicio\",\"item\":\"https:\\\/\\\/quehacerpolitico.mx\\\/\"},{\"@type\":\"ListItem\",\"position\":2,\"name\":\"Sheinbaum desestima que el Congreso de Per\u00fa avance en proceso para declararla persona non grata\"}]},{\"@type\":\"WebSite\",\"@id\":\"https:\\\/\\\/quehacerpolitico.mx\\\/#website\",\"url\":\"https:\\\/\\\/quehacerpolitico.mx\\\/\",\"name\":\"\",\"description\":\"\",\"potentialAction\":[{\"@type\":\"SearchAction\",\"target\":{\"@type\":\"EntryPoint\",\"urlTemplate\":\"https:\\\/\\\/quehacerpolitico.mx\\\/?s={search_term_string}\"},\"query-input\":{\"@type\":\"PropertyValueSpecification\",\"valueRequired\":true,\"valueName\":\"search_term_string\"}}],\"inLanguage\":\"es\"},{\"@type\":\"Person\",\"@id\":\"https:\\\/\\\/quehacerpolitico.mx\\\/#\\\/schema\\\/person\\\/496d8ad2d1d3f8036101dca7ee39e585\",\"name\":\"Redacci\u00f3n QP\",\"image\":{\"@type\":\"ImageObject\",\"inLanguage\":\"es\",\"@id\":\"https:\\\/\\\/secure.gravatar.com\\\/avatar\\\/c7164ed6fdec453195284ad24a5ae5b6e1eed2b848477fa2a4787ba9adf39a41?s=96&d=mm&r=g\",\"url\":\"https:\\\/\\\/secure.gravatar.com\\\/avatar\\\/c7164ed6fdec453195284ad24a5ae5b6e1eed2b848477fa2a4787ba9adf39a41?s=96&d=mm&r=g\",\"contentUrl\":\"https:\\\/\\\/secure.gravatar.com\\\/avatar\\\/c7164ed6fdec453195284ad24a5ae5b6e1eed2b848477fa2a4787ba9adf39a41?s=96&d=mm&r=g\",\"caption\":\"Redacci\u00f3n QP\"},\"url\":\"https:\\\/\\\/quehacerpolitico.mx\\\/?author=2\"}]}<\/script>\n<!-- \/ Yoast SEO plugin. -->","yoast_head_json":{"title":"Sheinbaum desestima que el Congreso de Per\u00fa avance en proceso para declararla persona non grata -","robots":{"index":"index","follow":"follow","max-snippet":"max-snippet:-1","max-image-preview":"max-image-preview:large","max-video-preview":"max-video-preview:-1"},"canonical":"https:\/\/quehacerpolitico.mx\/?p=118968","og_locale":"es_MX","og_type":"article","og_title":"Sheinbaum desestima que el Congreso de Per\u00fa avance en proceso para declararla persona non grata -","og_description":"Por Redacci\u00f3n QP La comisi\u00f3n de Relaciones Exteriores&nbsp;aprob\u00f3 este martes la declaratoria por referirse a...","og_url":"https:\/\/quehacerpolitico.mx\/?p=118968","article_published_time":"2025-09-09T19:08:30+00:00","article_modified_time":"2025-09-09T19:08:33+00:00","og_image":[{"width":944,"height":656,"url":"https:\/\/quehacerpolitico.mx\/wp-content\/uploads\/2025\/09\/IMG_3376.jpeg","type":"image\/jpeg"}],"author":"Redacci\u00f3n QP","twitter_card":"summary_large_image","twitter_misc":{"Escrito por":"Redacci\u00f3n QP","Tiempo de lectura":"2 minutos"},"schema":{"@context":"https:\/\/schema.org","@graph":[{"@type":"Article","@id":"https:\/\/quehacerpolitico.mx\/?p=118968#article","isPartOf":{"@id":"https:\/\/quehacerpolitico.mx\/?p=118968"},"author":{"name":"Redacci\u00f3n QP","@id":"https:\/\/quehacerpolitico.mx\/#\/schema\/person\/496d8ad2d1d3f8036101dca7ee39e585"},"headline":"Sheinbaum desestima que el Congreso de Per\u00fa avance en proceso para declararla persona non grata","datePublished":"2025-09-09T19:08:30+00:00","dateModified":"2025-09-09T19:08:33+00:00","mainEntityOfPage":{"@id":"https:\/\/quehacerpolitico.mx\/?p=118968"},"wordCount":396,"commentCount":0,"image":{"@id":"https:\/\/quehacerpolitico.mx\/?p=118968#primaryimage"},"thumbnailUrl":"https:\/\/quehacerpolitico.mx\/wp-content\/uploads\/2025\/09\/IMG_3376.jpeg","articleSection":["Nacionales","Noticias"],"inLanguage":"es","potentialAction":[{"@type":"CommentAction","name":"Comment","target":["https:\/\/quehacerpolitico.mx\/?p=118968#respond"]}]},{"@type":"WebPage","@id":"https:\/\/quehacerpolitico.mx\/?p=118968","url":"https:\/\/quehacerpolitico.mx\/?p=118968","name":"Sheinbaum desestima que el Congreso de Per\u00fa avance en proceso para declararla persona non grata -","isPartOf":{"@id":"https:\/\/quehacerpolitico.mx\/#website"},"primaryImageOfPage":{"@id":"https:\/\/quehacerpolitico.mx\/?p=118968#primaryimage"},"image":{"@id":"https:\/\/quehacerpolitico.mx\/?p=118968#primaryimage"},"thumbnailUrl":"https:\/\/quehacerpolitico.mx\/wp-content\/uploads\/2025\/09\/IMG_3376.jpeg","datePublished":"2025-09-09T19:08:30+00:00","dateModified":"2025-09-09T19:08:33+00:00","author":{"@id":"https:\/\/quehacerpolitico.mx\/#\/schema\/person\/496d8ad2d1d3f8036101dca7ee39e585"},"breadcrumb":{"@id":"https:\/\/quehacerpolitico.mx\/?p=118968#breadcrumb"},"inLanguage":"es","potentialAction":[{"@type":"ReadAction","target":["https:\/\/quehacerpolitico.mx\/?p=118968"]}]},{"@type":"ImageObject","inLanguage":"es","@id":"https:\/\/quehacerpolitico.mx\/?p=118968#primaryimage","url":"https:\/\/quehacerpolitico.mx\/wp-content\/uploads\/2025\/09\/IMG_3376.jpeg","contentUrl":"https:\/\/quehacerpolitico.mx\/wp-content\/uploads\/2025\/09\/IMG_3376.jpeg","width":944,"height":656,"caption":"Screenshot"},{"@type":"BreadcrumbList","@id":"https:\/\/quehacerpolitico.mx\/?p=118968#breadcrumb","itemListElement":[{"@type":"ListItem","position":1,"name":"Inicio","item":"https:\/\/quehacerpolitico.mx\/"},{"@type":"ListItem","position":2,"name":"Sheinbaum desestima que el Congreso de Per\u00fa avance en proceso para declararla persona non grata"}]},{"@type":"WebSite","@id":"https:\/\/quehacerpolitico.mx\/#website","url":"https:\/\/quehacerpolitico.mx\/","name":"","description":"","potentialAction":[{"@type":"SearchAction","target":{"@type":"EntryPoint","urlTemplate":"https:\/\/quehacerpolitico.mx\/?s={search_term_string}"},"query-input":{"@type":"PropertyValueSpecification","valueRequired":true,"valueName":"search_term_string"}}],"inLanguage":"es"},{"@type":"Person","@id":"https:\/\/quehacerpolitico.mx\/#\/schema\/person\/496d8ad2d1d3f8036101dca7ee39e585","name":"Redacci\u00f3n QP","image":{"@type":"ImageObject","inLanguage":"es","@id":"https:\/\/secure.gravatar.com\/avatar\/c7164ed6fdec453195284ad24a5ae5b6e1eed2b848477fa2a4787ba9adf39a41?s=96&d=mm&r=g","url":"https:\/\/secure.gravatar.com\/avatar\/c7164ed6fdec453195284ad24a5ae5b6e1eed2b848477fa2a4787ba9adf39a41?s=96&d=mm&r=g","contentUrl":"https:\/\/secure.gravatar.com\/avatar\/c7164ed6fdec453195284ad24a5ae5b6e1eed2b848477fa2a4787ba9adf39a41?s=96&d=mm&r=g","caption":"Redacci\u00f3n QP"},"url":"https:\/\/quehacerpolitico.mx\/?author=2"}]}},"featured_image_urls":{"full":["https:\/\/quehacerpolitico.mx\/wp-content\/uploads\/2025\/09\/IMG_3376.jpeg",944,656,false],"thumbnail":["https:\/\/quehacerpolitico.mx\/wp-content\/uploads\/2025\/09\/IMG_3376-150x150.jpeg",150,150,true],"medium":["https:\/\/quehacerpolitico.mx\/wp-content\/uploads\/2025\/09\/IMG_3376-300x208.jpeg",300,208,true],"medium_large":["https:\/\/quehacerpolitico.mx\/wp-content\/uploads\/2025\/09\/IMG_3376-768x534.jpeg",640,445,true],"large":["https:\/\/quehacerpolitico.mx\/wp-content\/uploads\/2025\/09\/IMG_3376.jpeg",640,445,false],"1536x1536":["https:\/\/quehacerpolitico.mx\/wp-content\/uploads\/2025\/09\/IMG_3376.jpeg",944,656,false],"2048x2048":["https:\/\/quehacerpolitico.mx\/wp-content\/uploads\/2025\/09\/IMG_3376.jpeg",944,656,false],"covernews-featured":["https:\/\/quehacerpolitico.mx\/wp-content\/uploads\/2025\/09\/IMG_3376.jpeg",944,656,false],"covernews-medium":["https:\/\/quehacerpolitico.mx\/wp-content\/uploads\/2025\/09\/IMG_3376-540x340.jpeg",540,340,true]},"author_info":{"display_name":"Redacci\u00f3n QP","author_link":"https:\/\/quehacerpolitico.mx\/?author=2"},"category_info":"<a href=\"https:\/\/quehacerpolitico.mx\/?cat=280\" rel=\"category\">Nacionales<\/a> <a href=\"https:\/\/quehacerpolitico.mx\/?cat=2\" rel=\"category\">Noticias<\/a>","tag_info":"Noticias","comment_count":"0","_links":{"self":[{"href":"https:\/\/quehacerpolitico.mx\/index.php?rest_route=\/wp\/v2\/posts\/118968","targetHints":{"allow":["GET"]}}],"collection":[{"href":"https:\/\/quehacerpolitico.mx\/index.php?rest_route=\/wp\/v2\/posts"}],"about":[{"href":"https:\/\/quehacerpolitico.mx\/index.php?rest_route=\/wp\/v2\/types\/post"}],"author":[{"embeddable":true,"href":"https:\/\/quehacerpolitico.mx\/index.php?rest_route=\/wp\/v2\/users\/2"}],"replies":[{"embeddable":true,"href":"https:\/\/quehacerpolitico.mx\/index.php?rest_route=%2Fwp%2Fv2%2Fcomments&post=118968"}],"version-history":[{"count":1,"href":"https:\/\/quehacerpolitico.mx\/index.php?rest_route=\/wp\/v2\/posts\/118968\/revisions"}],"predecessor-version":[{"id":118970,"href":"https:\/\/quehacerpolitico.mx\/index.php?rest_route=\/wp\/v2\/posts\/118968\/revisions\/118970"}],"wp:featuredmedia":[{"embeddable":true,"href":"https:\/\/quehacerpolitico.mx\/index.php?rest_route=\/wp\/v2\/media\/118969"}],"wp:attachment":[{"href":"https:\/\/quehacerpolitico.mx\/index.php?rest_route=%2Fwp%2Fv2%2Fmedia&parent=118968"}],"wp:term":[{"taxonomy":"category","embeddable":true,"href":"https:\/\/quehacerpolitico.mx\/index.php?rest_route=%2Fwp%2Fv2%2Fcategories&post=118968"},{"taxonomy":"post_tag","embeddable":true,"href":"https:\/\/quehacerpolitico.mx\/index.php?rest_route=%2Fwp%2Fv2%2Ftags&post=118968"}],"curies":[{"name":"wp","href":"https:\/\/api.w.org\/{rel}","templated":true}]}}