{"id":118940,"date":"2025-09-08T20:57:49","date_gmt":"2025-09-09T02:57:49","guid":{"rendered":"https:\/\/quehacerpolitico.mx\/?p=118940"},"modified":"2025-09-08T20:59:16","modified_gmt":"2025-09-09T02:59:16","slug":"protestan-en-la-cdmx-por-la-desaparicion-de-menor-y-su-hijo-de-un-ano-ambos-llegaron-a-la-estacion-viveros","status":"publish","type":"post","link":"https:\/\/quehacerpolitico.mx\/?p=118940","title":{"rendered":"Protestan en la CDMX por la desaparici\u00f3n de menor y su hijo de un a\u00f1o; ambos llegaron a la estaci\u00f3n Viveros"},"content":{"rendered":"\n<p>Por Redacci\u00f3n QP<\/p>\n\n\n\n<p>Los familiares de Nicol Sald\u00edvar Ram\u00edrez y Eder Nicol\u00e1s Sald\u00edvar Ram\u00edrez piden a las autoridades que se revisen las im\u00e1genes de las c\u00e1maras de vigilancia<\/p>\n\n\n\n<p>Familiares de los menores&nbsp;<strong>Nicol Sald\u00edvar Ram\u00edrez<\/strong>&nbsp;y de&nbsp;<strong>Eder Nicol\u00e1s Sald\u00edvar&nbsp;<\/strong>protestaron este lunes a las afueras de la Fiscal\u00eda General de Justicia de la Ciudad de M\u00e9xico (FGJCDMX) para exigir a las autoridades el&nbsp;<strong>hallazgo con vida<\/strong>&nbsp;de sus parientes.<\/p>\n\n\n\n<figure class=\"wp-block-embed is-type-rich is-provider-twitter wp-block-embed-twitter\"><div class=\"wp-block-embed__wrapper\">\n<blockquote class=\"twitter-tweet\" data-width=\"550\" data-dnt=\"true\"><p lang=\"es\" dir=\"ltr\">Se activa <a href=\"https:\/\/twitter.com\/hashtag\/AlertaAmber?src=hash&amp;ref_src=twsrc%5Etfw\">#AlertaAmber<\/a> para localizar a Eder Nicol\u00e1s Sald\u00edvar Ram\u00edrez, de 1 a\u00f1o, visto por \u00faltima vez el pasado 2 de septiembre en la colonia San Bartolo Ameyalco, alcald\u00eda \u00c1lvaro Obreg\u00f3n. <a href=\"https:\/\/t.co\/VuRwZRn476\">pic.twitter.com\/VuRwZRn476<\/a><\/p>&mdash; Alerta Amber CDMX (@AAmberCDMX) <a href=\"https:\/\/twitter.com\/AAmberCDMX\/status\/1963695777978753523?ref_src=twsrc%5Etfw\">September 4, 2025<\/a><\/blockquote><script async src=\"https:\/\/platform.twitter.com\/widgets.js\" charset=\"utf-8\"><\/script>\n<\/div><\/figure>\n\n\n\n<p>Sobre la avenida Dr. R\u00edo de la Loza, esquina con Jos\u00e9 Mar\u00eda V\u00e9rtiz, las personas cerraron el paso de los autom\u00f3viles con im\u00e1genes de las fichas de b\u00fasqueda&nbsp;y carteles donde expresaban su inconformidad respecto al c\u00f3mo las autoridades han llevado su caso.<\/p>\n\n\n\n<figure class=\"wp-block-embed is-type-rich is-provider-twitter wp-block-embed-twitter\"><div class=\"wp-block-embed__wrapper\">\n<blockquote class=\"twitter-tweet\" data-width=\"550\" data-dnt=\"true\"><p lang=\"es\" dir=\"ltr\">Familiares de Nicol y Eder, madre e hijo desaparecidos desde el pasado 2 de septiembre, retiran bloqueo sobre avenida R\u00edo de la Loza, al cruce con V\u00e9rtiz, CDMX. <a href=\"https:\/\/twitter.com\/hashtag\/LasNoticiasDeFORO?src=hash&amp;ref_src=twsrc%5Etfw\">#LasNoticiasDeFORO<\/a> con <a href=\"https:\/\/twitter.com\/eduardosalazar4?ref_src=twsrc%5Etfw\">@eduardosalazar4<\/a> y <a href=\"https:\/\/twitter.com\/mariaanahc?ref_src=twsrc%5Etfw\">@mariaanahc<\/a> | <a href=\"https:\/\/twitter.com\/hashtag\/nm%C3%A1sforo?src=hash&amp;ref_src=twsrc%5Etfw\">#nm\u00e1sforo<\/a> | <a href=\"https:\/\/twitter.com\/hashtag\/SiempreEnVivo?src=hash&amp;ref_src=twsrc%5Etfw\">#SiempreEnVivo<\/a> | <a href=\"https:\/\/twitter.com\/hashtag\/SiempreContigo?src=hash&amp;ref_src=twsrc%5Etfw\">#SiempreContigo<\/a> | Sigue la se\u00f1al\u2026 <a href=\"https:\/\/t.co\/ERtc5X97ec\">pic.twitter.com\/ERtc5X97ec<\/a><\/p>&mdash; N+ FORO (@nmasforo) <a href=\"https:\/\/twitter.com\/nmasforo\/status\/1965145570198122914?ref_src=twsrc%5Etfw\">September 8, 2025<\/a><\/blockquote><script async src=\"https:\/\/platform.twitter.com\/widgets.js\" charset=\"utf-8\"><\/script>\n<\/div><\/figure>\n\n\n\n<p>Nicol Sald\u00edvar Ram\u00edrez, de 17 a\u00f1os de edad, y su hijo Eder Nicol\u00e1s Sald\u00edvar Ram\u00edrez, de un a\u00f1o de edad,&nbsp;desaparecieron el pasado martes;&nbsp;el \u00faltimo lugar donde se les vio f\u00edsicamente fue&nbsp;a fuera de su domicilio,&nbsp;en la&nbsp;<strong>colonia San Bartolo Ameyalco<\/strong>, alcald\u00eda \u00c1lvaro Obreg\u00f3n.<\/p>\n\n\n\n<figure class=\"wp-block-gallery has-nested-images columns-default is-cropped wp-block-gallery-1 is-layout-flex wp-block-gallery-is-layout-flex\">\n<figure class=\"wp-block-image size-large\"><img loading=\"lazy\" decoding=\"async\" width=\"1024\" height=\"777\" data-id=\"118941\" src=\"https:\/\/quehacerpolitico.mx\/wp-content\/uploads\/2025\/09\/IMG_3362-1024x777.jpeg\" alt=\"\" class=\"wp-image-118941\" srcset=\"https:\/\/quehacerpolitico.mx\/wp-content\/uploads\/2025\/09\/IMG_3362-1024x777.jpeg 1024w, https:\/\/quehacerpolitico.mx\/wp-content\/uploads\/2025\/09\/IMG_3362-300x228.jpeg 300w, https:\/\/quehacerpolitico.mx\/wp-content\/uploads\/2025\/09\/IMG_3362-768x583.jpeg 768w, https:\/\/quehacerpolitico.mx\/wp-content\/uploads\/2025\/09\/IMG_3362.jpeg 1284w\" sizes=\"auto, (max-width: 1024px) 100vw, 1024px\" \/><\/figure>\n\n\n\n<figure class=\"wp-block-image size-large\"><img loading=\"lazy\" decoding=\"async\" width=\"1024\" height=\"769\" data-id=\"118942\" src=\"https:\/\/quehacerpolitico.mx\/wp-content\/uploads\/2025\/09\/IMG_3361-1024x769.jpeg\" alt=\"\" class=\"wp-image-118942\" srcset=\"https:\/\/quehacerpolitico.mx\/wp-content\/uploads\/2025\/09\/IMG_3361-1024x769.jpeg 1024w, https:\/\/quehacerpolitico.mx\/wp-content\/uploads\/2025\/09\/IMG_3361-300x225.jpeg 300w, https:\/\/quehacerpolitico.mx\/wp-content\/uploads\/2025\/09\/IMG_3361-768x577.jpeg 768w, https:\/\/quehacerpolitico.mx\/wp-content\/uploads\/2025\/09\/IMG_3361.jpeg 1284w\" sizes=\"auto, (max-width: 1024px) 100vw, 1024px\" \/><\/figure>\n<\/figure>\n\n\n\n<p>De acuerdo con fuentes consultadas ,&nbsp;la joven fue contactada por un hombre&nbsp;v\u00eda redes sociales&nbsp;para reunirse con ella, pero sus familiares aseguraron que dicho perfil podr\u00eda ser falso.<\/p>\n\n\n\n<p>El pasado martes, la madre del menor&nbsp;decidi\u00f3&nbsp;reunirse con la persona y se llev\u00f3 a su hijo con ella, a partir de ese martes no se ha sabido nada de ambos.<\/p>\n\n\n\n<p>De igual manera, los protestantes&nbsp;apuntaron que tienen evidencia de que ambos&nbsp;llegaron hasta el metro&nbsp;<strong>Viveros\/Derechos Humanos<\/strong>,&nbsp;en consecuencia,&nbsp;exigen a las autoridades el&nbsp;<strong>an\u00e1lisis de las&nbsp;c\u00e1maras<\/strong> de videovigilancia de la estaci\u00f3n.<\/p>\n\n\n\n<figure class=\"wp-block-gallery has-nested-images columns-default is-cropped wp-block-gallery-2 is-layout-flex wp-block-gallery-is-layout-flex\">\n<figure class=\"wp-block-image size-large\"><img loading=\"lazy\" decoding=\"async\" width=\"1024\" height=\"538\" data-id=\"118943\" src=\"https:\/\/quehacerpolitico.mx\/wp-content\/uploads\/2025\/09\/IMG_3360-1024x538.webp\" alt=\"\" class=\"wp-image-118943\" srcset=\"https:\/\/quehacerpolitico.mx\/wp-content\/uploads\/2025\/09\/IMG_3360-1024x538.webp 1024w, https:\/\/quehacerpolitico.mx\/wp-content\/uploads\/2025\/09\/IMG_3360-300x158.webp 300w, https:\/\/quehacerpolitico.mx\/wp-content\/uploads\/2025\/09\/IMG_3360-768x403.webp 768w, https:\/\/quehacerpolitico.mx\/wp-content\/uploads\/2025\/09\/IMG_3360.webp 1200w\" sizes=\"auto, (max-width: 1024px) 100vw, 1024px\" \/><\/figure>\n<\/figure>\n\n\n\n<p>&#8220;No nos han dado las c\u00e1maras del metro, sabemos que el tiempo corre y se puede perder la evidencia (&#8230;) ma\u00f1ana es el d\u00eda siete y se pierde la evidencia&#8221;,&nbsp;asever\u00f3 la familiar.<\/p>\n\n\n\n<p>Finalmente, a\u00f1adieron que el d\u00eda 4 de septiembre&nbsp;la Jefa de gobierno fue a la colonia a presentar un proyecto del&nbsp;<strong>Cableb\u00fas<\/strong>, &#8220;ese d\u00eda le comentamos de nuestros desaparecidos, ella est\u00e1 informada que tenemos dos desaparecidos que son menores de edad, el tiempo corre y queremos noticias de ellos&#8221;, agregaron.<\/p>\n","protected":false},"excerpt":{"rendered":"<p>Por Redacci\u00f3n QP Los familiares de Nicol Sald\u00edvar Ram\u00edrez y Eder Nicol\u00e1s Sald\u00edvar Ram\u00edrez piden&#8230;<\/p>\n","protected":false},"author":2,"featured_media":118944,"comment_status":"open","ping_status":"open","sticky":false,"template":"","format":"standard","meta":{"_monsterinsights_skip_tracking":false,"_monsterinsights_sitenote_active":false,"_monsterinsights_sitenote_note":"","_monsterinsights_sitenote_category":0,"footnotes":""},"categories":[55],"tags":[],"class_list":["post-118940","post","type-post","status-publish","format-standard","has-post-thumbnail","hentry","category-cdmx"],"yoast_head":"<!-- This site is optimized with the Yoast SEO plugin v27.3 - https:\/\/yoast.com\/product\/yoast-seo-wordpress\/ -->\n<title>Protestan en la CDMX por la desaparici\u00f3n de menor y su hijo de un a\u00f1o; ambos llegaron a la estaci\u00f3n Viveros -<\/title>\n<meta name=\"robots\" content=\"index, follow, max-snippet:-1, max-image-preview:large, max-video-preview:-1\" \/>\n<link rel=\"canonical\" href=\"https:\/\/quehacerpolitico.mx\/?p=118940\" \/>\n<meta property=\"og:locale\" content=\"es_MX\" \/>\n<meta property=\"og:type\" content=\"article\" \/>\n<meta property=\"og:title\" content=\"Protestan en la CDMX por la desaparici\u00f3n de menor y su hijo de un a\u00f1o; ambos llegaron a la estaci\u00f3n Viveros -\" \/>\n<meta property=\"og:description\" content=\"Por Redacci\u00f3n QP Los familiares de Nicol Sald\u00edvar Ram\u00edrez y Eder Nicol\u00e1s Sald\u00edvar Ram\u00edrez piden...\" \/>\n<meta property=\"og:url\" content=\"https:\/\/quehacerpolitico.mx\/?p=118940\" \/>\n<meta property=\"article:published_time\" content=\"2025-09-09T02:57:49+00:00\" \/>\n<meta property=\"article:modified_time\" content=\"2025-09-09T02:59:16+00:00\" \/>\n<meta property=\"og:image\" content=\"https:\/\/quehacerpolitico.mx\/wp-content\/uploads\/2025\/09\/IMG_3359.jpeg\" \/>\n\t<meta property=\"og:image:width\" content=\"425\" \/>\n\t<meta property=\"og:image:height\" content=\"230\" \/>\n\t<meta property=\"og:image:type\" content=\"image\/jpeg\" \/>\n<meta name=\"author\" content=\"Redacci\u00f3n QP\" \/>\n<meta name=\"twitter:card\" content=\"summary_large_image\" \/>\n<meta name=\"twitter:label1\" content=\"Escrito por\" \/>\n\t<meta name=\"twitter:data1\" content=\"Redacci\u00f3n QP\" \/>\n\t<meta name=\"twitter:label2\" content=\"Tiempo de lectura\" \/>\n\t<meta name=\"twitter:data2\" content=\"2 minutos\" \/>\n<script type=\"application\/ld+json\" class=\"yoast-schema-graph\">{\"@context\":\"https:\\\/\\\/schema.org\",\"@graph\":[{\"@type\":\"Article\",\"@id\":\"https:\\\/\\\/quehacerpolitico.mx\\\/?p=118940#article\",\"isPartOf\":{\"@id\":\"https:\\\/\\\/quehacerpolitico.mx\\\/?p=118940\"},\"author\":{\"name\":\"Redacci\u00f3n QP\",\"@id\":\"https:\\\/\\\/quehacerpolitico.mx\\\/#\\\/schema\\\/person\\\/496d8ad2d1d3f8036101dca7ee39e585\"},\"headline\":\"Protestan en la CDMX por la desaparici\u00f3n de menor y su hijo de un a\u00f1o; ambos llegaron a la estaci\u00f3n Viveros\",\"datePublished\":\"2025-09-09T02:57:49+00:00\",\"dateModified\":\"2025-09-09T02:59:16+00:00\",\"mainEntityOfPage\":{\"@id\":\"https:\\\/\\\/quehacerpolitico.mx\\\/?p=118940\"},\"wordCount\":442,\"commentCount\":0,\"image\":{\"@id\":\"https:\\\/\\\/quehacerpolitico.mx\\\/?p=118940#primaryimage\"},\"thumbnailUrl\":\"https:\\\/\\\/quehacerpolitico.mx\\\/wp-content\\\/uploads\\\/2025\\\/09\\\/IMG_3359.jpeg\",\"articleSection\":[\"CDMX\"],\"inLanguage\":\"es\",\"potentialAction\":[{\"@type\":\"CommentAction\",\"name\":\"Comment\",\"target\":[\"https:\\\/\\\/quehacerpolitico.mx\\\/?p=118940#respond\"]}]},{\"@type\":\"WebPage\",\"@id\":\"https:\\\/\\\/quehacerpolitico.mx\\\/?p=118940\",\"url\":\"https:\\\/\\\/quehacerpolitico.mx\\\/?p=118940\",\"name\":\"Protestan en la CDMX por la desaparici\u00f3n de menor y su hijo de un a\u00f1o; ambos llegaron a la estaci\u00f3n Viveros -\",\"isPartOf\":{\"@id\":\"https:\\\/\\\/quehacerpolitico.mx\\\/#website\"},\"primaryImageOfPage\":{\"@id\":\"https:\\\/\\\/quehacerpolitico.mx\\\/?p=118940#primaryimage\"},\"image\":{\"@id\":\"https:\\\/\\\/quehacerpolitico.mx\\\/?p=118940#primaryimage\"},\"thumbnailUrl\":\"https:\\\/\\\/quehacerpolitico.mx\\\/wp-content\\\/uploads\\\/2025\\\/09\\\/IMG_3359.jpeg\",\"datePublished\":\"2025-09-09T02:57:49+00:00\",\"dateModified\":\"2025-09-09T02:59:16+00:00\",\"author\":{\"@id\":\"https:\\\/\\\/quehacerpolitico.mx\\\/#\\\/schema\\\/person\\\/496d8ad2d1d3f8036101dca7ee39e585\"},\"breadcrumb\":{\"@id\":\"https:\\\/\\\/quehacerpolitico.mx\\\/?p=118940#breadcrumb\"},\"inLanguage\":\"es\",\"potentialAction\":[{\"@type\":\"ReadAction\",\"target\":[\"https:\\\/\\\/quehacerpolitico.mx\\\/?p=118940\"]}]},{\"@type\":\"ImageObject\",\"inLanguage\":\"es\",\"@id\":\"https:\\\/\\\/quehacerpolitico.mx\\\/?p=118940#primaryimage\",\"url\":\"https:\\\/\\\/quehacerpolitico.mx\\\/wp-content\\\/uploads\\\/2025\\\/09\\\/IMG_3359.jpeg\",\"contentUrl\":\"https:\\\/\\\/quehacerpolitico.mx\\\/wp-content\\\/uploads\\\/2025\\\/09\\\/IMG_3359.jpeg\",\"width\":425,\"height\":230},{\"@type\":\"BreadcrumbList\",\"@id\":\"https:\\\/\\\/quehacerpolitico.mx\\\/?p=118940#breadcrumb\",\"itemListElement\":[{\"@type\":\"ListItem\",\"position\":1,\"name\":\"Inicio\",\"item\":\"https:\\\/\\\/quehacerpolitico.mx\\\/\"},{\"@type\":\"ListItem\",\"position\":2,\"name\":\"Protestan en la CDMX por la desaparici\u00f3n de menor y su hijo de un a\u00f1o; ambos llegaron a la estaci\u00f3n Viveros\"}]},{\"@type\":\"WebSite\",\"@id\":\"https:\\\/\\\/quehacerpolitico.mx\\\/#website\",\"url\":\"https:\\\/\\\/quehacerpolitico.mx\\\/\",\"name\":\"\",\"description\":\"\",\"potentialAction\":[{\"@type\":\"SearchAction\",\"target\":{\"@type\":\"EntryPoint\",\"urlTemplate\":\"https:\\\/\\\/quehacerpolitico.mx\\\/?s={search_term_string}\"},\"query-input\":{\"@type\":\"PropertyValueSpecification\",\"valueRequired\":true,\"valueName\":\"search_term_string\"}}],\"inLanguage\":\"es\"},{\"@type\":\"Person\",\"@id\":\"https:\\\/\\\/quehacerpolitico.mx\\\/#\\\/schema\\\/person\\\/496d8ad2d1d3f8036101dca7ee39e585\",\"name\":\"Redacci\u00f3n QP\",\"image\":{\"@type\":\"ImageObject\",\"inLanguage\":\"es\",\"@id\":\"https:\\\/\\\/secure.gravatar.com\\\/avatar\\\/c7164ed6fdec453195284ad24a5ae5b6e1eed2b848477fa2a4787ba9adf39a41?s=96&d=mm&r=g\",\"url\":\"https:\\\/\\\/secure.gravatar.com\\\/avatar\\\/c7164ed6fdec453195284ad24a5ae5b6e1eed2b848477fa2a4787ba9adf39a41?s=96&d=mm&r=g\",\"contentUrl\":\"https:\\\/\\\/secure.gravatar.com\\\/avatar\\\/c7164ed6fdec453195284ad24a5ae5b6e1eed2b848477fa2a4787ba9adf39a41?s=96&d=mm&r=g\",\"caption\":\"Redacci\u00f3n QP\"},\"url\":\"https:\\\/\\\/quehacerpolitico.mx\\\/?author=2\"}]}<\/script>\n<!-- \/ Yoast SEO plugin. -->","yoast_head_json":{"title":"Protestan en la CDMX por la desaparici\u00f3n de menor y su hijo de un a\u00f1o; ambos llegaron a la estaci\u00f3n Viveros -","robots":{"index":"index","follow":"follow","max-snippet":"max-snippet:-1","max-image-preview":"max-image-preview:large","max-video-preview":"max-video-preview:-1"},"canonical":"https:\/\/quehacerpolitico.mx\/?p=118940","og_locale":"es_MX","og_type":"article","og_title":"Protestan en la CDMX por la desaparici\u00f3n de menor y su hijo de un a\u00f1o; ambos llegaron a la estaci\u00f3n Viveros -","og_description":"Por Redacci\u00f3n QP Los familiares de Nicol Sald\u00edvar Ram\u00edrez y Eder Nicol\u00e1s Sald\u00edvar Ram\u00edrez piden...","og_url":"https:\/\/quehacerpolitico.mx\/?p=118940","article_published_time":"2025-09-09T02:57:49+00:00","article_modified_time":"2025-09-09T02:59:16+00:00","og_image":[{"width":425,"height":230,"url":"https:\/\/quehacerpolitico.mx\/wp-content\/uploads\/2025\/09\/IMG_3359.jpeg","type":"image\/jpeg"}],"author":"Redacci\u00f3n QP","twitter_card":"summary_large_image","twitter_misc":{"Escrito por":"Redacci\u00f3n QP","Tiempo de lectura":"2 minutos"},"schema":{"@context":"https:\/\/schema.org","@graph":[{"@type":"Article","@id":"https:\/\/quehacerpolitico.mx\/?p=118940#article","isPartOf":{"@id":"https:\/\/quehacerpolitico.mx\/?p=118940"},"author":{"name":"Redacci\u00f3n QP","@id":"https:\/\/quehacerpolitico.mx\/#\/schema\/person\/496d8ad2d1d3f8036101dca7ee39e585"},"headline":"Protestan en la CDMX por la desaparici\u00f3n de menor y su hijo de un a\u00f1o; ambos llegaron a la estaci\u00f3n Viveros","datePublished":"2025-09-09T02:57:49+00:00","dateModified":"2025-09-09T02:59:16+00:00","mainEntityOfPage":{"@id":"https:\/\/quehacerpolitico.mx\/?p=118940"},"wordCount":442,"commentCount":0,"image":{"@id":"https:\/\/quehacerpolitico.mx\/?p=118940#primaryimage"},"thumbnailUrl":"https:\/\/quehacerpolitico.mx\/wp-content\/uploads\/2025\/09\/IMG_3359.jpeg","articleSection":["CDMX"],"inLanguage":"es","potentialAction":[{"@type":"CommentAction","name":"Comment","target":["https:\/\/quehacerpolitico.mx\/?p=118940#respond"]}]},{"@type":"WebPage","@id":"https:\/\/quehacerpolitico.mx\/?p=118940","url":"https:\/\/quehacerpolitico.mx\/?p=118940","name":"Protestan en la CDMX por la desaparici\u00f3n de menor y su hijo de un a\u00f1o; ambos llegaron a la estaci\u00f3n Viveros -","isPartOf":{"@id":"https:\/\/quehacerpolitico.mx\/#website"},"primaryImageOfPage":{"@id":"https:\/\/quehacerpolitico.mx\/?p=118940#primaryimage"},"image":{"@id":"https:\/\/quehacerpolitico.mx\/?p=118940#primaryimage"},"thumbnailUrl":"https:\/\/quehacerpolitico.mx\/wp-content\/uploads\/2025\/09\/IMG_3359.jpeg","datePublished":"2025-09-09T02:57:49+00:00","dateModified":"2025-09-09T02:59:16+00:00","author":{"@id":"https:\/\/quehacerpolitico.mx\/#\/schema\/person\/496d8ad2d1d3f8036101dca7ee39e585"},"breadcrumb":{"@id":"https:\/\/quehacerpolitico.mx\/?p=118940#breadcrumb"},"inLanguage":"es","potentialAction":[{"@type":"ReadAction","target":["https:\/\/quehacerpolitico.mx\/?p=118940"]}]},{"@type":"ImageObject","inLanguage":"es","@id":"https:\/\/quehacerpolitico.mx\/?p=118940#primaryimage","url":"https:\/\/quehacerpolitico.mx\/wp-content\/uploads\/2025\/09\/IMG_3359.jpeg","contentUrl":"https:\/\/quehacerpolitico.mx\/wp-content\/uploads\/2025\/09\/IMG_3359.jpeg","width":425,"height":230},{"@type":"BreadcrumbList","@id":"https:\/\/quehacerpolitico.mx\/?p=118940#breadcrumb","itemListElement":[{"@type":"ListItem","position":1,"name":"Inicio","item":"https:\/\/quehacerpolitico.mx\/"},{"@type":"ListItem","position":2,"name":"Protestan en la CDMX por la desaparici\u00f3n de menor y su hijo de un a\u00f1o; ambos llegaron a la estaci\u00f3n Viveros"}]},{"@type":"WebSite","@id":"https:\/\/quehacerpolitico.mx\/#website","url":"https:\/\/quehacerpolitico.mx\/","name":"","description":"","potentialAction":[{"@type":"SearchAction","target":{"@type":"EntryPoint","urlTemplate":"https:\/\/quehacerpolitico.mx\/?s={search_term_string}"},"query-input":{"@type":"PropertyValueSpecification","valueRequired":true,"valueName":"search_term_string"}}],"inLanguage":"es"},{"@type":"Person","@id":"https:\/\/quehacerpolitico.mx\/#\/schema\/person\/496d8ad2d1d3f8036101dca7ee39e585","name":"Redacci\u00f3n QP","image":{"@type":"ImageObject","inLanguage":"es","@id":"https:\/\/secure.gravatar.com\/avatar\/c7164ed6fdec453195284ad24a5ae5b6e1eed2b848477fa2a4787ba9adf39a41?s=96&d=mm&r=g","url":"https:\/\/secure.gravatar.com\/avatar\/c7164ed6fdec453195284ad24a5ae5b6e1eed2b848477fa2a4787ba9adf39a41?s=96&d=mm&r=g","contentUrl":"https:\/\/secure.gravatar.com\/avatar\/c7164ed6fdec453195284ad24a5ae5b6e1eed2b848477fa2a4787ba9adf39a41?s=96&d=mm&r=g","caption":"Redacci\u00f3n QP"},"url":"https:\/\/quehacerpolitico.mx\/?author=2"}]}},"featured_image_urls":{"full":["https:\/\/quehacerpolitico.mx\/wp-content\/uploads\/2025\/09\/IMG_3359.jpeg",425,230,false],"thumbnail":["https:\/\/quehacerpolitico.mx\/wp-content\/uploads\/2025\/09\/IMG_3359-150x150.jpeg",150,150,true],"medium":["https:\/\/quehacerpolitico.mx\/wp-content\/uploads\/2025\/09\/IMG_3359-300x162.jpeg",300,162,true],"medium_large":["https:\/\/quehacerpolitico.mx\/wp-content\/uploads\/2025\/09\/IMG_3359.jpeg",425,230,false],"large":["https:\/\/quehacerpolitico.mx\/wp-content\/uploads\/2025\/09\/IMG_3359.jpeg",425,230,false],"1536x1536":["https:\/\/quehacerpolitico.mx\/wp-content\/uploads\/2025\/09\/IMG_3359.jpeg",425,230,false],"2048x2048":["https:\/\/quehacerpolitico.mx\/wp-content\/uploads\/2025\/09\/IMG_3359.jpeg",425,230,false],"covernews-featured":["https:\/\/quehacerpolitico.mx\/wp-content\/uploads\/2025\/09\/IMG_3359.jpeg",425,230,false],"covernews-medium":["https:\/\/quehacerpolitico.mx\/wp-content\/uploads\/2025\/09\/IMG_3359.jpeg",425,230,false]},"author_info":{"display_name":"Redacci\u00f3n QP","author_link":"https:\/\/quehacerpolitico.mx\/?author=2"},"category_info":"<a href=\"https:\/\/quehacerpolitico.mx\/?cat=55\" rel=\"category\">CDMX<\/a>","tag_info":"CDMX","comment_count":"0","_links":{"self":[{"href":"https:\/\/quehacerpolitico.mx\/index.php?rest_route=\/wp\/v2\/posts\/118940","targetHints":{"allow":["GET"]}}],"collection":[{"href":"https:\/\/quehacerpolitico.mx\/index.php?rest_route=\/wp\/v2\/posts"}],"about":[{"href":"https:\/\/quehacerpolitico.mx\/index.php?rest_route=\/wp\/v2\/types\/post"}],"author":[{"embeddable":true,"href":"https:\/\/quehacerpolitico.mx\/index.php?rest_route=\/wp\/v2\/users\/2"}],"replies":[{"embeddable":true,"href":"https:\/\/quehacerpolitico.mx\/index.php?rest_route=%2Fwp%2Fv2%2Fcomments&post=118940"}],"version-history":[{"count":1,"href":"https:\/\/quehacerpolitico.mx\/index.php?rest_route=\/wp\/v2\/posts\/118940\/revisions"}],"predecessor-version":[{"id":118945,"href":"https:\/\/quehacerpolitico.mx\/index.php?rest_route=\/wp\/v2\/posts\/118940\/revisions\/118945"}],"wp:featuredmedia":[{"embeddable":true,"href":"https:\/\/quehacerpolitico.mx\/index.php?rest_route=\/wp\/v2\/media\/118944"}],"wp:attachment":[{"href":"https:\/\/quehacerpolitico.mx\/index.php?rest_route=%2Fwp%2Fv2%2Fmedia&parent=118940"}],"wp:term":[{"taxonomy":"category","embeddable":true,"href":"https:\/\/quehacerpolitico.mx\/index.php?rest_route=%2Fwp%2Fv2%2Fcategories&post=118940"},{"taxonomy":"post_tag","embeddable":true,"href":"https:\/\/quehacerpolitico.mx\/index.php?rest_route=%2Fwp%2Fv2%2Ftags&post=118940"}],"curies":[{"name":"wp","href":"https:\/\/api.w.org\/{rel}","templated":true}]}}