{"id":118935,"date":"2025-09-08T18:24:14","date_gmt":"2025-09-09T00:24:14","guid":{"rendered":"https:\/\/quehacerpolitico.mx\/?p=118935"},"modified":"2025-09-08T18:24:16","modified_gmt":"2025-09-09T00:24:16","slug":"mas-de-16-mil-personas-despiden-a-giorgio-armani-en-milan-previo-a-funeral-privado","status":"publish","type":"post","link":"https:\/\/quehacerpolitico.mx\/?p=118935","title":{"rendered":"M\u00e1s de 16 mil personas despiden a Giorgio Armani en Mil\u00e1n previo a funeral privado"},"content":{"rendered":"\n<p>Por Redacci\u00f3n QP<\/p>\n\n\n\n<p>Ciudadanos, turistas, trabajadores del sector y personalidades del espect\u00e1culo y la pol\u00edtica quisieron rendir su \u00faltimo homenaje a uno de los grandes del dise\u00f1o para dedicarle en el libro de condolencias frases como \u201cCiao, Giorgio\u201d, \u201cCon admiraci\u00f3n infinita\u201d o \u201cBuen viaje\u201d<\/p>\n\n\n\n<p>M\u00e1s de 16 mil personas se despidieron este fin de semana de<strong>Giorgio Armani<\/strong>&nbsp;\u2014dise\u00f1ador italiano e&nbsp;indiscutible &#8220;rey de la moda italiana&#8221;&nbsp;quien falleci\u00f3&nbsp;este jueves a los 91 a\u00f1os de edad\u2014 antes de los funerales privados que se celebrar\u00e1n hoy en&nbsp;<strong>Rivalta di Gazzola<\/strong>&nbsp;(Piacenza, norte), localidad de su infancia donde est\u00e1n enterrados sus padres y su hermano.<\/p>\n\n\n\n<p>La capilla ardiente instalada en el&nbsp;<strong>Armani\/Teatro, de Mil\u00e1n<\/strong>, ciudad que este lunes se encuentra de luto ciudadano, con las banderas a media asta en memoria del ic\u00f3nico dise\u00f1ador, se cerr\u00f3 anoche despu\u00e9s de que desfilaran m\u00e1s de 10 mil visitantes el domingo y otros seis mil&nbsp;el s\u00e1bado, para despedirse de uno de los mayores&nbsp;<strong>emblemas de la moda<\/strong>&nbsp;a nivel mundial.<\/p>\n\n\n\n<p>Ciudadanos, turistas, trabajadores del sector y personalidades del espect\u00e1culo y la pol\u00edtica quisieron rendir su \u00faltimo homenaje a uno de los grandes del dise\u00f1o para dedicarle en el&nbsp;<strong>libro de condolencias<\/strong>&nbsp;frases como \u201cCiao, Giorgio\u201d, \u201cCon admiraci\u00f3n infinita\u201d o \u201cBuen viaje\u201d.<\/p>\n\n\n\n<figure class=\"wp-block-embed is-type-video is-provider-youtube wp-block-embed-youtube wp-embed-aspect-16-9 wp-has-aspect-ratio\"><div class=\"wp-block-embed__wrapper\">\n<iframe loading=\"lazy\" title=\"MODA | Mil\u00e1n despide al dise\u00f1ador Giorgio Armani, el &#039;rey&#039; de la moda | EL PA\u00cdS\" width=\"640\" height=\"360\" src=\"https:\/\/www.youtube.com\/embed\/lleB9_xeef4?feature=oembed\" frameborder=\"0\" allow=\"accelerometer; autoplay; clipboard-write; encrypted-media; gyroscope; picture-in-picture; web-share\" referrerpolicy=\"strict-origin-when-cross-origin\" allowfullscreen><\/iframe>\n<\/div><\/figure>\n\n\n\n<p>Entre los presentes, destacaron figuras como los&nbsp;<strong>exdeportistas<\/strong>&nbsp;Federica Pellegrini, Paolo Maldini y Flavia Pennetta; los&nbsp;<strong>actores<\/strong>&nbsp;Stefano Accorsi, Enrico Lo Verso y Margherita Buy; el&nbsp;<strong>compositor<\/strong>&nbsp;Ludovico Einaudi; el&nbsp;<strong>presidente<\/strong>&nbsp;de la Regi\u00f3n Lombard\u00eda Attilio Fontana, y los&nbsp;<strong>ex primeros ministros<\/strong>&nbsp;Matteo Renzi y Mario Monti.<\/p>\n\n\n\n<p>Tampoco faltaron los representantes del&nbsp;<strong>mundo de la moda<\/strong>, como Donatella&nbsp;y Santo&nbsp;<strong>Versace<\/strong>, Rocco Iannone, Antonio Riva y Neil Barrett, entre otros, junto a muchos de sus empleados, que Armani consideraba su \u201cfamilia\u201d quienes&nbsp;desfilaron en silencio frente a su ata\u00fad.<\/p>\n\n\n\n<p>El cuerpo del dise\u00f1ador fue traslado a \u00faltima hora a&nbsp;<strong>Rivalta di Gazzola<\/strong>, la amada localidad de su infancia, donde este lunes se celebrar\u00e1 un funeral estrictamente privado, tal y como hab\u00eda pedido el dise\u00f1ador.<\/p>\n\n\n\n<p>S\u00f3lo unas 20&nbsp;personas, seg\u00fan los medios locales, estar\u00e1n presentes en la ceremonia, entre ellas su hermana Rosanna, su sobrina Silvana Armani, y su colaborador y pareja sentimental<strong>&nbsp;Leo Dell&#8217;Orco<\/strong>, quien tambi\u00e9n fue su mano derecha creativa durante d\u00e9cadas.<\/p>\n\n\n\n<p>La sepultura ser\u00e1&nbsp;en la capilla familiar, restaurada por el propio Armani a\u00f1os atr\u00e1s, donde ya reposan los restos de su madre Mar\u00eda, su padre Ugo y su hermano Sergio, el dise\u00f1ador se hab\u00eda encargado de que en sus&nbsp;<strong>tumbas<\/strong>siempre hubiera rosas blancas.&nbsp;<\/p>\n\n\n\n<p>Aunque naci\u00f3 en Piacenza, Armani pas\u00f3 parte de su infancia Rivalta, donde su familia se refugi\u00f3 durante los bombardeos de la\u00a0<strong>Segunda Guerra Mundial<\/strong>, una zona protegida y llena de recuerdos familiares.<\/p>\n\n\n\n<p>Con informaci\u00f3n de EFE<\/p>\n","protected":false},"excerpt":{"rendered":"<p>Por Redacci\u00f3n QP Ciudadanos, turistas, trabajadores del sector y personalidades del espect\u00e1culo y la pol\u00edtica&#8230;<\/p>\n","protected":false},"author":2,"featured_media":118936,"comment_status":"open","ping_status":"open","sticky":false,"template":"","format":"standard","meta":{"_monsterinsights_skip_tracking":false,"_monsterinsights_sitenote_active":false,"_monsterinsights_sitenote_note":"","_monsterinsights_sitenote_category":0,"footnotes":""},"categories":[58],"tags":[],"class_list":["post-118935","post","type-post","status-publish","format-standard","has-post-thumbnail","hentry","category-cultura"],"yoast_head":"<!-- This site is optimized with the Yoast SEO plugin v27.3 - https:\/\/yoast.com\/product\/yoast-seo-wordpress\/ -->\n<title>M\u00e1s de 16 mil personas despiden a Giorgio Armani en Mil\u00e1n previo a funeral privado -<\/title>\n<meta name=\"robots\" content=\"index, follow, max-snippet:-1, max-image-preview:large, max-video-preview:-1\" \/>\n<link rel=\"canonical\" href=\"https:\/\/quehacerpolitico.mx\/?p=118935\" \/>\n<meta property=\"og:locale\" content=\"es_MX\" \/>\n<meta property=\"og:type\" content=\"article\" \/>\n<meta property=\"og:title\" content=\"M\u00e1s de 16 mil personas despiden a Giorgio Armani en Mil\u00e1n previo a funeral privado -\" \/>\n<meta property=\"og:description\" content=\"Por Redacci\u00f3n QP Ciudadanos, turistas, trabajadores del sector y personalidades del espect\u00e1culo y la pol\u00edtica...\" \/>\n<meta property=\"og:url\" content=\"https:\/\/quehacerpolitico.mx\/?p=118935\" \/>\n<meta property=\"article:published_time\" content=\"2025-09-09T00:24:14+00:00\" \/>\n<meta property=\"article:modified_time\" content=\"2025-09-09T00:24:16+00:00\" \/>\n<meta property=\"og:image\" content=\"https:\/\/quehacerpolitico.mx\/wp-content\/uploads\/2025\/09\/IMG_3355.jpeg\" \/>\n\t<meta property=\"og:image:width\" content=\"425\" \/>\n\t<meta property=\"og:image:height\" content=\"230\" \/>\n\t<meta property=\"og:image:type\" content=\"image\/jpeg\" \/>\n<meta name=\"author\" content=\"Redacci\u00f3n QP\" \/>\n<meta name=\"twitter:card\" content=\"summary_large_image\" \/>\n<meta name=\"twitter:label1\" content=\"Escrito por\" \/>\n\t<meta name=\"twitter:data1\" content=\"Redacci\u00f3n QP\" \/>\n\t<meta name=\"twitter:label2\" content=\"Tiempo de lectura\" \/>\n\t<meta name=\"twitter:data2\" content=\"3 minutos\" \/>\n<script type=\"application\/ld+json\" class=\"yoast-schema-graph\">{\"@context\":\"https:\\\/\\\/schema.org\",\"@graph\":[{\"@type\":\"Article\",\"@id\":\"https:\\\/\\\/quehacerpolitico.mx\\\/?p=118935#article\",\"isPartOf\":{\"@id\":\"https:\\\/\\\/quehacerpolitico.mx\\\/?p=118935\"},\"author\":{\"name\":\"Redacci\u00f3n QP\",\"@id\":\"https:\\\/\\\/quehacerpolitico.mx\\\/#\\\/schema\\\/person\\\/496d8ad2d1d3f8036101dca7ee39e585\"},\"headline\":\"M\u00e1s de 16 mil personas despiden a Giorgio Armani en Mil\u00e1n previo a funeral privado\",\"datePublished\":\"2025-09-09T00:24:14+00:00\",\"dateModified\":\"2025-09-09T00:24:16+00:00\",\"mainEntityOfPage\":{\"@id\":\"https:\\\/\\\/quehacerpolitico.mx\\\/?p=118935\"},\"wordCount\":541,\"commentCount\":0,\"image\":{\"@id\":\"https:\\\/\\\/quehacerpolitico.mx\\\/?p=118935#primaryimage\"},\"thumbnailUrl\":\"https:\\\/\\\/quehacerpolitico.mx\\\/wp-content\\\/uploads\\\/2025\\\/09\\\/IMG_3355.jpeg\",\"articleSection\":[\"Cultura y Entretenimiento\"],\"inLanguage\":\"es\",\"potentialAction\":[{\"@type\":\"CommentAction\",\"name\":\"Comment\",\"target\":[\"https:\\\/\\\/quehacerpolitico.mx\\\/?p=118935#respond\"]}]},{\"@type\":\"WebPage\",\"@id\":\"https:\\\/\\\/quehacerpolitico.mx\\\/?p=118935\",\"url\":\"https:\\\/\\\/quehacerpolitico.mx\\\/?p=118935\",\"name\":\"M\u00e1s de 16 mil personas despiden a Giorgio Armani en Mil\u00e1n previo a funeral privado -\",\"isPartOf\":{\"@id\":\"https:\\\/\\\/quehacerpolitico.mx\\\/#website\"},\"primaryImageOfPage\":{\"@id\":\"https:\\\/\\\/quehacerpolitico.mx\\\/?p=118935#primaryimage\"},\"image\":{\"@id\":\"https:\\\/\\\/quehacerpolitico.mx\\\/?p=118935#primaryimage\"},\"thumbnailUrl\":\"https:\\\/\\\/quehacerpolitico.mx\\\/wp-content\\\/uploads\\\/2025\\\/09\\\/IMG_3355.jpeg\",\"datePublished\":\"2025-09-09T00:24:14+00:00\",\"dateModified\":\"2025-09-09T00:24:16+00:00\",\"author\":{\"@id\":\"https:\\\/\\\/quehacerpolitico.mx\\\/#\\\/schema\\\/person\\\/496d8ad2d1d3f8036101dca7ee39e585\"},\"breadcrumb\":{\"@id\":\"https:\\\/\\\/quehacerpolitico.mx\\\/?p=118935#breadcrumb\"},\"inLanguage\":\"es\",\"potentialAction\":[{\"@type\":\"ReadAction\",\"target\":[\"https:\\\/\\\/quehacerpolitico.mx\\\/?p=118935\"]}]},{\"@type\":\"ImageObject\",\"inLanguage\":\"es\",\"@id\":\"https:\\\/\\\/quehacerpolitico.mx\\\/?p=118935#primaryimage\",\"url\":\"https:\\\/\\\/quehacerpolitico.mx\\\/wp-content\\\/uploads\\\/2025\\\/09\\\/IMG_3355.jpeg\",\"contentUrl\":\"https:\\\/\\\/quehacerpolitico.mx\\\/wp-content\\\/uploads\\\/2025\\\/09\\\/IMG_3355.jpeg\",\"width\":425,\"height\":230},{\"@type\":\"BreadcrumbList\",\"@id\":\"https:\\\/\\\/quehacerpolitico.mx\\\/?p=118935#breadcrumb\",\"itemListElement\":[{\"@type\":\"ListItem\",\"position\":1,\"name\":\"Inicio\",\"item\":\"https:\\\/\\\/quehacerpolitico.mx\\\/\"},{\"@type\":\"ListItem\",\"position\":2,\"name\":\"M\u00e1s de 16 mil personas despiden a Giorgio Armani en Mil\u00e1n previo a funeral privado\"}]},{\"@type\":\"WebSite\",\"@id\":\"https:\\\/\\\/quehacerpolitico.mx\\\/#website\",\"url\":\"https:\\\/\\\/quehacerpolitico.mx\\\/\",\"name\":\"\",\"description\":\"\",\"potentialAction\":[{\"@type\":\"SearchAction\",\"target\":{\"@type\":\"EntryPoint\",\"urlTemplate\":\"https:\\\/\\\/quehacerpolitico.mx\\\/?s={search_term_string}\"},\"query-input\":{\"@type\":\"PropertyValueSpecification\",\"valueRequired\":true,\"valueName\":\"search_term_string\"}}],\"inLanguage\":\"es\"},{\"@type\":\"Person\",\"@id\":\"https:\\\/\\\/quehacerpolitico.mx\\\/#\\\/schema\\\/person\\\/496d8ad2d1d3f8036101dca7ee39e585\",\"name\":\"Redacci\u00f3n QP\",\"image\":{\"@type\":\"ImageObject\",\"inLanguage\":\"es\",\"@id\":\"https:\\\/\\\/secure.gravatar.com\\\/avatar\\\/c7164ed6fdec453195284ad24a5ae5b6e1eed2b848477fa2a4787ba9adf39a41?s=96&d=mm&r=g\",\"url\":\"https:\\\/\\\/secure.gravatar.com\\\/avatar\\\/c7164ed6fdec453195284ad24a5ae5b6e1eed2b848477fa2a4787ba9adf39a41?s=96&d=mm&r=g\",\"contentUrl\":\"https:\\\/\\\/secure.gravatar.com\\\/avatar\\\/c7164ed6fdec453195284ad24a5ae5b6e1eed2b848477fa2a4787ba9adf39a41?s=96&d=mm&r=g\",\"caption\":\"Redacci\u00f3n QP\"},\"url\":\"https:\\\/\\\/quehacerpolitico.mx\\\/?author=2\"}]}<\/script>\n<!-- \/ Yoast SEO plugin. -->","yoast_head_json":{"title":"M\u00e1s de 16 mil personas despiden a Giorgio Armani en Mil\u00e1n previo a funeral privado -","robots":{"index":"index","follow":"follow","max-snippet":"max-snippet:-1","max-image-preview":"max-image-preview:large","max-video-preview":"max-video-preview:-1"},"canonical":"https:\/\/quehacerpolitico.mx\/?p=118935","og_locale":"es_MX","og_type":"article","og_title":"M\u00e1s de 16 mil personas despiden a Giorgio Armani en Mil\u00e1n previo a funeral privado -","og_description":"Por Redacci\u00f3n QP Ciudadanos, turistas, trabajadores del sector y personalidades del espect\u00e1culo y la pol\u00edtica...","og_url":"https:\/\/quehacerpolitico.mx\/?p=118935","article_published_time":"2025-09-09T00:24:14+00:00","article_modified_time":"2025-09-09T00:24:16+00:00","og_image":[{"width":425,"height":230,"url":"https:\/\/quehacerpolitico.mx\/wp-content\/uploads\/2025\/09\/IMG_3355.jpeg","type":"image\/jpeg"}],"author":"Redacci\u00f3n QP","twitter_card":"summary_large_image","twitter_misc":{"Escrito por":"Redacci\u00f3n QP","Tiempo de lectura":"3 minutos"},"schema":{"@context":"https:\/\/schema.org","@graph":[{"@type":"Article","@id":"https:\/\/quehacerpolitico.mx\/?p=118935#article","isPartOf":{"@id":"https:\/\/quehacerpolitico.mx\/?p=118935"},"author":{"name":"Redacci\u00f3n QP","@id":"https:\/\/quehacerpolitico.mx\/#\/schema\/person\/496d8ad2d1d3f8036101dca7ee39e585"},"headline":"M\u00e1s de 16 mil personas despiden a Giorgio Armani en Mil\u00e1n previo a funeral privado","datePublished":"2025-09-09T00:24:14+00:00","dateModified":"2025-09-09T00:24:16+00:00","mainEntityOfPage":{"@id":"https:\/\/quehacerpolitico.mx\/?p=118935"},"wordCount":541,"commentCount":0,"image":{"@id":"https:\/\/quehacerpolitico.mx\/?p=118935#primaryimage"},"thumbnailUrl":"https:\/\/quehacerpolitico.mx\/wp-content\/uploads\/2025\/09\/IMG_3355.jpeg","articleSection":["Cultura y Entretenimiento"],"inLanguage":"es","potentialAction":[{"@type":"CommentAction","name":"Comment","target":["https:\/\/quehacerpolitico.mx\/?p=118935#respond"]}]},{"@type":"WebPage","@id":"https:\/\/quehacerpolitico.mx\/?p=118935","url":"https:\/\/quehacerpolitico.mx\/?p=118935","name":"M\u00e1s de 16 mil personas despiden a Giorgio Armani en Mil\u00e1n previo a funeral privado -","isPartOf":{"@id":"https:\/\/quehacerpolitico.mx\/#website"},"primaryImageOfPage":{"@id":"https:\/\/quehacerpolitico.mx\/?p=118935#primaryimage"},"image":{"@id":"https:\/\/quehacerpolitico.mx\/?p=118935#primaryimage"},"thumbnailUrl":"https:\/\/quehacerpolitico.mx\/wp-content\/uploads\/2025\/09\/IMG_3355.jpeg","datePublished":"2025-09-09T00:24:14+00:00","dateModified":"2025-09-09T00:24:16+00:00","author":{"@id":"https:\/\/quehacerpolitico.mx\/#\/schema\/person\/496d8ad2d1d3f8036101dca7ee39e585"},"breadcrumb":{"@id":"https:\/\/quehacerpolitico.mx\/?p=118935#breadcrumb"},"inLanguage":"es","potentialAction":[{"@type":"ReadAction","target":["https:\/\/quehacerpolitico.mx\/?p=118935"]}]},{"@type":"ImageObject","inLanguage":"es","@id":"https:\/\/quehacerpolitico.mx\/?p=118935#primaryimage","url":"https:\/\/quehacerpolitico.mx\/wp-content\/uploads\/2025\/09\/IMG_3355.jpeg","contentUrl":"https:\/\/quehacerpolitico.mx\/wp-content\/uploads\/2025\/09\/IMG_3355.jpeg","width":425,"height":230},{"@type":"BreadcrumbList","@id":"https:\/\/quehacerpolitico.mx\/?p=118935#breadcrumb","itemListElement":[{"@type":"ListItem","position":1,"name":"Inicio","item":"https:\/\/quehacerpolitico.mx\/"},{"@type":"ListItem","position":2,"name":"M\u00e1s de 16 mil personas despiden a Giorgio Armani en Mil\u00e1n previo a funeral privado"}]},{"@type":"WebSite","@id":"https:\/\/quehacerpolitico.mx\/#website","url":"https:\/\/quehacerpolitico.mx\/","name":"","description":"","potentialAction":[{"@type":"SearchAction","target":{"@type":"EntryPoint","urlTemplate":"https:\/\/quehacerpolitico.mx\/?s={search_term_string}"},"query-input":{"@type":"PropertyValueSpecification","valueRequired":true,"valueName":"search_term_string"}}],"inLanguage":"es"},{"@type":"Person","@id":"https:\/\/quehacerpolitico.mx\/#\/schema\/person\/496d8ad2d1d3f8036101dca7ee39e585","name":"Redacci\u00f3n QP","image":{"@type":"ImageObject","inLanguage":"es","@id":"https:\/\/secure.gravatar.com\/avatar\/c7164ed6fdec453195284ad24a5ae5b6e1eed2b848477fa2a4787ba9adf39a41?s=96&d=mm&r=g","url":"https:\/\/secure.gravatar.com\/avatar\/c7164ed6fdec453195284ad24a5ae5b6e1eed2b848477fa2a4787ba9adf39a41?s=96&d=mm&r=g","contentUrl":"https:\/\/secure.gravatar.com\/avatar\/c7164ed6fdec453195284ad24a5ae5b6e1eed2b848477fa2a4787ba9adf39a41?s=96&d=mm&r=g","caption":"Redacci\u00f3n QP"},"url":"https:\/\/quehacerpolitico.mx\/?author=2"}]}},"featured_image_urls":{"full":["https:\/\/quehacerpolitico.mx\/wp-content\/uploads\/2025\/09\/IMG_3355.jpeg",425,230,false],"thumbnail":["https:\/\/quehacerpolitico.mx\/wp-content\/uploads\/2025\/09\/IMG_3355-150x150.jpeg",150,150,true],"medium":["https:\/\/quehacerpolitico.mx\/wp-content\/uploads\/2025\/09\/IMG_3355-300x162.jpeg",300,162,true],"medium_large":["https:\/\/quehacerpolitico.mx\/wp-content\/uploads\/2025\/09\/IMG_3355.jpeg",425,230,false],"large":["https:\/\/quehacerpolitico.mx\/wp-content\/uploads\/2025\/09\/IMG_3355.jpeg",425,230,false],"1536x1536":["https:\/\/quehacerpolitico.mx\/wp-content\/uploads\/2025\/09\/IMG_3355.jpeg",425,230,false],"2048x2048":["https:\/\/quehacerpolitico.mx\/wp-content\/uploads\/2025\/09\/IMG_3355.jpeg",425,230,false],"covernews-featured":["https:\/\/quehacerpolitico.mx\/wp-content\/uploads\/2025\/09\/IMG_3355.jpeg",425,230,false],"covernews-medium":["https:\/\/quehacerpolitico.mx\/wp-content\/uploads\/2025\/09\/IMG_3355.jpeg",425,230,false]},"author_info":{"display_name":"Redacci\u00f3n QP","author_link":"https:\/\/quehacerpolitico.mx\/?author=2"},"category_info":"<a href=\"https:\/\/quehacerpolitico.mx\/?cat=58\" rel=\"category\">Cultura y Entretenimiento<\/a>","tag_info":"Cultura y Entretenimiento","comment_count":"0","_links":{"self":[{"href":"https:\/\/quehacerpolitico.mx\/index.php?rest_route=\/wp\/v2\/posts\/118935","targetHints":{"allow":["GET"]}}],"collection":[{"href":"https:\/\/quehacerpolitico.mx\/index.php?rest_route=\/wp\/v2\/posts"}],"about":[{"href":"https:\/\/quehacerpolitico.mx\/index.php?rest_route=\/wp\/v2\/types\/post"}],"author":[{"embeddable":true,"href":"https:\/\/quehacerpolitico.mx\/index.php?rest_route=\/wp\/v2\/users\/2"}],"replies":[{"embeddable":true,"href":"https:\/\/quehacerpolitico.mx\/index.php?rest_route=%2Fwp%2Fv2%2Fcomments&post=118935"}],"version-history":[{"count":1,"href":"https:\/\/quehacerpolitico.mx\/index.php?rest_route=\/wp\/v2\/posts\/118935\/revisions"}],"predecessor-version":[{"id":118937,"href":"https:\/\/quehacerpolitico.mx\/index.php?rest_route=\/wp\/v2\/posts\/118935\/revisions\/118937"}],"wp:featuredmedia":[{"embeddable":true,"href":"https:\/\/quehacerpolitico.mx\/index.php?rest_route=\/wp\/v2\/media\/118936"}],"wp:attachment":[{"href":"https:\/\/quehacerpolitico.mx\/index.php?rest_route=%2Fwp%2Fv2%2Fmedia&parent=118935"}],"wp:term":[{"taxonomy":"category","embeddable":true,"href":"https:\/\/quehacerpolitico.mx\/index.php?rest_route=%2Fwp%2Fv2%2Fcategories&post=118935"},{"taxonomy":"post_tag","embeddable":true,"href":"https:\/\/quehacerpolitico.mx\/index.php?rest_route=%2Fwp%2Fv2%2Ftags&post=118935"}],"curies":[{"name":"wp","href":"https:\/\/api.w.org\/{rel}","templated":true}]}}