{"id":118932,"date":"2025-09-08T18:00:20","date_gmt":"2025-09-09T00:00:20","guid":{"rendered":"https:\/\/quehacerpolitico.mx\/?p=118932"},"modified":"2025-09-08T20:32:58","modified_gmt":"2025-09-09T02:32:58","slug":"el-quehacer-politico-internacional-a-traves-de-la-opinion-carolina-alonso-romei-comision-del-congreso-de-peru-aprueba-declarar-persona-non-grata-a-claudia-sheinbaum-se-discutira-en-el-pleno","status":"publish","type":"post","link":"https:\/\/quehacerpolitico.mx\/?p=118932","title":{"rendered":"El Quehacer Pol\u00edtico Internacional a trav\u00e9s de la opini\u00f3n\/\/\/Carolina Alonso Romei\/\/\/Comisi\u00f3n del Congreso de Per\u00fa aprueba declarar persona non grata a Claudia Sheinbaum; se discutir\u00e1 en el pleno"},"content":{"rendered":"\n<p>Por Carolina Alonso Romei<\/p>\n\n\n\n<p>Internacionalista <\/p>\n\n\n\n<p>Los legisladores acusan a Sheinbaum de una \u201cconducta hostil\u201d por desconocer el cambio de poder en el pa\u00eds y referirse a Pedro Castillo como&nbsp;\u201cleg\u00edtimo presidente&#8221;<\/p>\n\n\n\n<p>El\u00a0<strong>Congreso de Per\u00fa<\/strong>\u00a0avanz\u00f3 este lunes el proceso para declarar a la presidenta mexicana, Claudia Sheinbaum, como\u00a0<strong>persona non grata.<\/strong><\/p>\n\n\n\n<figure class=\"wp-block-embed is-type-rich is-provider-twitter wp-block-embed-twitter\"><div class=\"wp-block-embed__wrapper\">\n<blockquote class=\"twitter-tweet\" data-width=\"550\" data-dnt=\"true\"><p lang=\"es\" dir=\"ltr\"><a href=\"https:\/\/twitter.com\/hashtag\/CongresoInforma?src=hash&amp;ref_src=twsrc%5Etfw\">#CongresoInforma<\/a> | Comisi\u00f3n de Relaciones Exteriores aprob\u00f3 moci\u00f3n para declarar persona non grata a Claudia Sheinbaum, presidenta de M\u00e9xico.<br><br>\ud83d\udd17Nota completa: <a href=\"https:\/\/t.co\/eBA8u6OTgR\">https:\/\/t.co\/eBA8u6OTgR<\/a> <a href=\"https:\/\/t.co\/GadRLTDHf8\">pic.twitter.com\/GadRLTDHf8<\/a><\/p>&mdash; Congreso del Per\u00fa \ud83c\uddf5\ud83c\uddea (@congresoperu) <a href=\"https:\/\/twitter.com\/congresoperu\/status\/1965172793261392236?ref_src=twsrc%5Etfw\">September 8, 2025<\/a><\/blockquote><script async src=\"https:\/\/platform.twitter.com\/widgets.js\" charset=\"utf-8\"><\/script>\n<\/div><\/figure>\n\n\n\n<p>La&nbsp;<strong>Comisi\u00f3n de Relaciones Exteriores&nbsp;<\/strong>aprob\u00f3 la medida con 12 votos a favor y deber\u00e1 ser puesta a discusi\u00f3n del pleno en los pr\u00f3ximos d\u00edas.<\/p>\n\n\n\n<figure class=\"wp-block-embed is-type-video is-provider-youtube wp-block-embed-youtube wp-embed-aspect-9-16 wp-has-aspect-ratio\"><div class=\"wp-block-embed__wrapper\">\n<iframe loading=\"lazy\" title=\"\ud83c\uddf2\ud83c\uddfd\ud83c\uddf5\ud83c\uddea  Comisi\u00f3n de Per\u00fa aprueba declarar persona non grata a Sheinbaum; falta votaci\u00f3n en el Pleno\" width=\"540\" height=\"960\" src=\"https:\/\/www.youtube.com\/embed\/-57wGhE3JOo?feature=oembed\" frameborder=\"0\" allow=\"accelerometer; autoplay; clipboard-write; encrypted-media; gyroscope; picture-in-picture; web-share\" referrerpolicy=\"strict-origin-when-cross-origin\" allowfullscreen><\/iframe>\n<\/div><\/figure>\n\n\n\n<p>Los peruanos acusan a Sheinbaum de una \u201cconducta hostil\u201d por desconocer el cambio de poder en el pa\u00eds y referirse a Pedro Castillo como&nbsp;<strong>\u201cleg\u00edtimo presidente del Per\u00fa\u201d.<\/strong><\/p>\n\n\n\n<p>\u201cLa moci\u00f3n es en castigo a la se\u00f1ora&nbsp;<strong>Claudia Sheinbaum,<\/strong>&nbsp;sus declaraciones altisonantes y ofensivas para el Per\u00fa y para la constitucionalidad y el respeto a las instituciones\u201d, se\u00f1al\u00f3&nbsp;Ernesto Bustamante Donayre, vicepresidente del grupo de trabajo.&nbsp;<\/p>\n\n\n\n<p>Por su parte, el congresista&nbsp;Alva Prieto se\u00f1al\u00f3 que este no representa un acto contra los mexicanos, sino que ellos piden respeto a su soberan\u00eda e instituciones.&nbsp;<\/p>\n\n\n\n<p>&#8220;No podemos permitir que se minimice un intento de&nbsp;<strong>golpe de Estado<\/strong>&nbsp;ni que se distorsione nuestra democracia\u201d, se\u00f1ala, seg\u00fan un comunicado publicado en el sitio del Congreso.&nbsp;<\/p>\n\n\n\n<p>Y el congresista&nbsp;Jos\u00e9 Cueto destac\u00f3 que estas acciones de la mandataria mexicana tiene afectaciones a&nbsp;<strong>nivel internacional.&nbsp;<\/strong><\/p>\n\n\n\n<p>\u201cEs&nbsp;una persona non grata porque ha estado reiterativamente lanzando sus opiniones que podr\u00e1n ser muy de ellas, pero ac\u00e1 no hay que olvidar que los dichos de un presidente tienen una connotaci\u00f3n internacional\u201d, a\u00f1adi\u00f3.&nbsp;<\/p>\n","protected":false},"excerpt":{"rendered":"<p>Por Carolina Alonso Romei Internacionalista Los legisladores acusan a Sheinbaum de una \u201cconducta hostil\u201d por&#8230;<\/p>\n","protected":false},"author":2,"featured_media":118933,"comment_status":"open","ping_status":"open","sticky":false,"template":"","format":"standard","meta":{"_monsterinsights_skip_tracking":false,"_monsterinsights_sitenote_active":false,"_monsterinsights_sitenote_note":"","_monsterinsights_sitenote_category":0,"footnotes":""},"categories":[1,280,2],"tags":[],"class_list":["post-118932","post","type-post","status-publish","format-standard","has-post-thumbnail","hentry","category-sin-categoria","category-nacionales","category-noticias"],"yoast_head":"<!-- This site is optimized with the Yoast SEO plugin v27.3 - https:\/\/yoast.com\/product\/yoast-seo-wordpress\/ -->\n<title>El Quehacer Pol\u00edtico Internacional a trav\u00e9s de la opini\u00f3n\/\/\/Carolina Alonso Romei\/\/\/Comisi\u00f3n del Congreso de Per\u00fa aprueba declarar persona non grata a Claudia Sheinbaum; se discutir\u00e1 en el pleno -<\/title>\n<meta name=\"robots\" content=\"index, follow, max-snippet:-1, max-image-preview:large, max-video-preview:-1\" \/>\n<link rel=\"canonical\" href=\"https:\/\/quehacerpolitico.mx\/?p=118932\" \/>\n<meta property=\"og:locale\" content=\"es_MX\" \/>\n<meta property=\"og:type\" content=\"article\" \/>\n<meta property=\"og:title\" content=\"El Quehacer Pol\u00edtico Internacional a trav\u00e9s de la opini\u00f3n\/\/\/Carolina Alonso Romei\/\/\/Comisi\u00f3n del Congreso de Per\u00fa aprueba declarar persona non grata a Claudia Sheinbaum; se discutir\u00e1 en el pleno -\" \/>\n<meta property=\"og:description\" content=\"Por Carolina Alonso Romei Internacionalista Los legisladores acusan a Sheinbaum de una \u201cconducta hostil\u201d por...\" \/>\n<meta property=\"og:url\" content=\"https:\/\/quehacerpolitico.mx\/?p=118932\" \/>\n<meta property=\"article:published_time\" content=\"2025-09-09T00:00:20+00:00\" \/>\n<meta property=\"article:modified_time\" content=\"2025-09-09T02:32:58+00:00\" \/>\n<meta property=\"og:image\" content=\"https:\/\/quehacerpolitico.mx\/wp-content\/uploads\/2025\/09\/03fa6135-c3fe-44b7-8e96-c6ca323ffebb-3.jpeg\" \/>\n\t<meta property=\"og:image:width\" content=\"963\" \/>\n\t<meta property=\"og:image:height\" content=\"493\" \/>\n\t<meta property=\"og:image:type\" content=\"image\/jpeg\" \/>\n<meta name=\"author\" content=\"Redacci\u00f3n QP\" \/>\n<meta name=\"twitter:card\" content=\"summary_large_image\" \/>\n<meta name=\"twitter:label1\" content=\"Escrito por\" \/>\n\t<meta name=\"twitter:data1\" content=\"Redacci\u00f3n QP\" \/>\n\t<meta name=\"twitter:label2\" content=\"Tiempo de lectura\" \/>\n\t<meta name=\"twitter:data2\" content=\"2 minutos\" \/>\n<script type=\"application\/ld+json\" class=\"yoast-schema-graph\">{\"@context\":\"https:\\\/\\\/schema.org\",\"@graph\":[{\"@type\":\"Article\",\"@id\":\"https:\\\/\\\/quehacerpolitico.mx\\\/?p=118932#article\",\"isPartOf\":{\"@id\":\"https:\\\/\\\/quehacerpolitico.mx\\\/?p=118932\"},\"author\":{\"name\":\"Redacci\u00f3n QP\",\"@id\":\"https:\\\/\\\/quehacerpolitico.mx\\\/#\\\/schema\\\/person\\\/496d8ad2d1d3f8036101dca7ee39e585\"},\"headline\":\"El Quehacer Pol\u00edtico Internacional a trav\u00e9s de la opini\u00f3n\\\/\\\/\\\/Carolina Alonso Romei\\\/\\\/\\\/Comisi\u00f3n del Congreso de Per\u00fa aprueba declarar persona non grata a Claudia Sheinbaum; se discutir\u00e1 en el pleno\",\"datePublished\":\"2025-09-09T00:00:20+00:00\",\"dateModified\":\"2025-09-09T02:32:58+00:00\",\"mainEntityOfPage\":{\"@id\":\"https:\\\/\\\/quehacerpolitico.mx\\\/?p=118932\"},\"wordCount\":337,\"commentCount\":0,\"image\":{\"@id\":\"https:\\\/\\\/quehacerpolitico.mx\\\/?p=118932#primaryimage\"},\"thumbnailUrl\":\"https:\\\/\\\/quehacerpolitico.mx\\\/wp-content\\\/uploads\\\/2025\\\/09\\\/03fa6135-c3fe-44b7-8e96-c6ca323ffebb-3.jpeg\",\"articleSection\":[\"Internacionales\",\"Nacionales\",\"Noticias\"],\"inLanguage\":\"es\",\"potentialAction\":[{\"@type\":\"CommentAction\",\"name\":\"Comment\",\"target\":[\"https:\\\/\\\/quehacerpolitico.mx\\\/?p=118932#respond\"]}]},{\"@type\":\"WebPage\",\"@id\":\"https:\\\/\\\/quehacerpolitico.mx\\\/?p=118932\",\"url\":\"https:\\\/\\\/quehacerpolitico.mx\\\/?p=118932\",\"name\":\"El Quehacer Pol\u00edtico Internacional a trav\u00e9s de la opini\u00f3n\\\/\\\/\\\/Carolina Alonso Romei\\\/\\\/\\\/Comisi\u00f3n del Congreso de Per\u00fa aprueba declarar persona non grata a Claudia Sheinbaum; se discutir\u00e1 en el pleno -\",\"isPartOf\":{\"@id\":\"https:\\\/\\\/quehacerpolitico.mx\\\/#website\"},\"primaryImageOfPage\":{\"@id\":\"https:\\\/\\\/quehacerpolitico.mx\\\/?p=118932#primaryimage\"},\"image\":{\"@id\":\"https:\\\/\\\/quehacerpolitico.mx\\\/?p=118932#primaryimage\"},\"thumbnailUrl\":\"https:\\\/\\\/quehacerpolitico.mx\\\/wp-content\\\/uploads\\\/2025\\\/09\\\/03fa6135-c3fe-44b7-8e96-c6ca323ffebb-3.jpeg\",\"datePublished\":\"2025-09-09T00:00:20+00:00\",\"dateModified\":\"2025-09-09T02:32:58+00:00\",\"author\":{\"@id\":\"https:\\\/\\\/quehacerpolitico.mx\\\/#\\\/schema\\\/person\\\/496d8ad2d1d3f8036101dca7ee39e585\"},\"breadcrumb\":{\"@id\":\"https:\\\/\\\/quehacerpolitico.mx\\\/?p=118932#breadcrumb\"},\"inLanguage\":\"es\",\"potentialAction\":[{\"@type\":\"ReadAction\",\"target\":[\"https:\\\/\\\/quehacerpolitico.mx\\\/?p=118932\"]}]},{\"@type\":\"ImageObject\",\"inLanguage\":\"es\",\"@id\":\"https:\\\/\\\/quehacerpolitico.mx\\\/?p=118932#primaryimage\",\"url\":\"https:\\\/\\\/quehacerpolitico.mx\\\/wp-content\\\/uploads\\\/2025\\\/09\\\/03fa6135-c3fe-44b7-8e96-c6ca323ffebb-3.jpeg\",\"contentUrl\":\"https:\\\/\\\/quehacerpolitico.mx\\\/wp-content\\\/uploads\\\/2025\\\/09\\\/03fa6135-c3fe-44b7-8e96-c6ca323ffebb-3.jpeg\",\"width\":963,\"height\":493},{\"@type\":\"BreadcrumbList\",\"@id\":\"https:\\\/\\\/quehacerpolitico.mx\\\/?p=118932#breadcrumb\",\"itemListElement\":[{\"@type\":\"ListItem\",\"position\":1,\"name\":\"Inicio\",\"item\":\"https:\\\/\\\/quehacerpolitico.mx\\\/\"},{\"@type\":\"ListItem\",\"position\":2,\"name\":\"El Quehacer Pol\u00edtico Internacional a trav\u00e9s de la opini\u00f3n\\\/\\\/\\\/Carolina Alonso Romei\\\/\\\/\\\/Comisi\u00f3n del Congreso de Per\u00fa aprueba declarar persona non grata a Claudia Sheinbaum; se discutir\u00e1 en el pleno\"}]},{\"@type\":\"WebSite\",\"@id\":\"https:\\\/\\\/quehacerpolitico.mx\\\/#website\",\"url\":\"https:\\\/\\\/quehacerpolitico.mx\\\/\",\"name\":\"\",\"description\":\"\",\"potentialAction\":[{\"@type\":\"SearchAction\",\"target\":{\"@type\":\"EntryPoint\",\"urlTemplate\":\"https:\\\/\\\/quehacerpolitico.mx\\\/?s={search_term_string}\"},\"query-input\":{\"@type\":\"PropertyValueSpecification\",\"valueRequired\":true,\"valueName\":\"search_term_string\"}}],\"inLanguage\":\"es\"},{\"@type\":\"Person\",\"@id\":\"https:\\\/\\\/quehacerpolitico.mx\\\/#\\\/schema\\\/person\\\/496d8ad2d1d3f8036101dca7ee39e585\",\"name\":\"Redacci\u00f3n QP\",\"image\":{\"@type\":\"ImageObject\",\"inLanguage\":\"es\",\"@id\":\"https:\\\/\\\/secure.gravatar.com\\\/avatar\\\/c7164ed6fdec453195284ad24a5ae5b6e1eed2b848477fa2a4787ba9adf39a41?s=96&d=mm&r=g\",\"url\":\"https:\\\/\\\/secure.gravatar.com\\\/avatar\\\/c7164ed6fdec453195284ad24a5ae5b6e1eed2b848477fa2a4787ba9adf39a41?s=96&d=mm&r=g\",\"contentUrl\":\"https:\\\/\\\/secure.gravatar.com\\\/avatar\\\/c7164ed6fdec453195284ad24a5ae5b6e1eed2b848477fa2a4787ba9adf39a41?s=96&d=mm&r=g\",\"caption\":\"Redacci\u00f3n QP\"},\"url\":\"https:\\\/\\\/quehacerpolitico.mx\\\/?author=2\"}]}<\/script>\n<!-- \/ Yoast SEO plugin. -->","yoast_head_json":{"title":"El Quehacer Pol\u00edtico Internacional a trav\u00e9s de la opini\u00f3n\/\/\/Carolina Alonso Romei\/\/\/Comisi\u00f3n del Congreso de Per\u00fa aprueba declarar persona non grata a Claudia Sheinbaum; se discutir\u00e1 en el pleno -","robots":{"index":"index","follow":"follow","max-snippet":"max-snippet:-1","max-image-preview":"max-image-preview:large","max-video-preview":"max-video-preview:-1"},"canonical":"https:\/\/quehacerpolitico.mx\/?p=118932","og_locale":"es_MX","og_type":"article","og_title":"El Quehacer Pol\u00edtico Internacional a trav\u00e9s de la opini\u00f3n\/\/\/Carolina Alonso Romei\/\/\/Comisi\u00f3n del Congreso de Per\u00fa aprueba declarar persona non grata a Claudia Sheinbaum; se discutir\u00e1 en el pleno -","og_description":"Por Carolina Alonso Romei Internacionalista Los legisladores acusan a Sheinbaum de una \u201cconducta hostil\u201d por...","og_url":"https:\/\/quehacerpolitico.mx\/?p=118932","article_published_time":"2025-09-09T00:00:20+00:00","article_modified_time":"2025-09-09T02:32:58+00:00","og_image":[{"width":963,"height":493,"url":"https:\/\/quehacerpolitico.mx\/wp-content\/uploads\/2025\/09\/03fa6135-c3fe-44b7-8e96-c6ca323ffebb-3.jpeg","type":"image\/jpeg"}],"author":"Redacci\u00f3n QP","twitter_card":"summary_large_image","twitter_misc":{"Escrito por":"Redacci\u00f3n QP","Tiempo de lectura":"2 minutos"},"schema":{"@context":"https:\/\/schema.org","@graph":[{"@type":"Article","@id":"https:\/\/quehacerpolitico.mx\/?p=118932#article","isPartOf":{"@id":"https:\/\/quehacerpolitico.mx\/?p=118932"},"author":{"name":"Redacci\u00f3n QP","@id":"https:\/\/quehacerpolitico.mx\/#\/schema\/person\/496d8ad2d1d3f8036101dca7ee39e585"},"headline":"El Quehacer Pol\u00edtico Internacional a trav\u00e9s de la opini\u00f3n\/\/\/Carolina Alonso Romei\/\/\/Comisi\u00f3n del Congreso de Per\u00fa aprueba declarar persona non grata a Claudia Sheinbaum; se discutir\u00e1 en el pleno","datePublished":"2025-09-09T00:00:20+00:00","dateModified":"2025-09-09T02:32:58+00:00","mainEntityOfPage":{"@id":"https:\/\/quehacerpolitico.mx\/?p=118932"},"wordCount":337,"commentCount":0,"image":{"@id":"https:\/\/quehacerpolitico.mx\/?p=118932#primaryimage"},"thumbnailUrl":"https:\/\/quehacerpolitico.mx\/wp-content\/uploads\/2025\/09\/03fa6135-c3fe-44b7-8e96-c6ca323ffebb-3.jpeg","articleSection":["Internacionales","Nacionales","Noticias"],"inLanguage":"es","potentialAction":[{"@type":"CommentAction","name":"Comment","target":["https:\/\/quehacerpolitico.mx\/?p=118932#respond"]}]},{"@type":"WebPage","@id":"https:\/\/quehacerpolitico.mx\/?p=118932","url":"https:\/\/quehacerpolitico.mx\/?p=118932","name":"El Quehacer Pol\u00edtico Internacional a trav\u00e9s de la opini\u00f3n\/\/\/Carolina Alonso Romei\/\/\/Comisi\u00f3n del Congreso de Per\u00fa aprueba declarar persona non grata a Claudia Sheinbaum; se discutir\u00e1 en el pleno -","isPartOf":{"@id":"https:\/\/quehacerpolitico.mx\/#website"},"primaryImageOfPage":{"@id":"https:\/\/quehacerpolitico.mx\/?p=118932#primaryimage"},"image":{"@id":"https:\/\/quehacerpolitico.mx\/?p=118932#primaryimage"},"thumbnailUrl":"https:\/\/quehacerpolitico.mx\/wp-content\/uploads\/2025\/09\/03fa6135-c3fe-44b7-8e96-c6ca323ffebb-3.jpeg","datePublished":"2025-09-09T00:00:20+00:00","dateModified":"2025-09-09T02:32:58+00:00","author":{"@id":"https:\/\/quehacerpolitico.mx\/#\/schema\/person\/496d8ad2d1d3f8036101dca7ee39e585"},"breadcrumb":{"@id":"https:\/\/quehacerpolitico.mx\/?p=118932#breadcrumb"},"inLanguage":"es","potentialAction":[{"@type":"ReadAction","target":["https:\/\/quehacerpolitico.mx\/?p=118932"]}]},{"@type":"ImageObject","inLanguage":"es","@id":"https:\/\/quehacerpolitico.mx\/?p=118932#primaryimage","url":"https:\/\/quehacerpolitico.mx\/wp-content\/uploads\/2025\/09\/03fa6135-c3fe-44b7-8e96-c6ca323ffebb-3.jpeg","contentUrl":"https:\/\/quehacerpolitico.mx\/wp-content\/uploads\/2025\/09\/03fa6135-c3fe-44b7-8e96-c6ca323ffebb-3.jpeg","width":963,"height":493},{"@type":"BreadcrumbList","@id":"https:\/\/quehacerpolitico.mx\/?p=118932#breadcrumb","itemListElement":[{"@type":"ListItem","position":1,"name":"Inicio","item":"https:\/\/quehacerpolitico.mx\/"},{"@type":"ListItem","position":2,"name":"El Quehacer Pol\u00edtico Internacional a trav\u00e9s de la opini\u00f3n\/\/\/Carolina Alonso Romei\/\/\/Comisi\u00f3n del Congreso de Per\u00fa aprueba declarar persona non grata a Claudia Sheinbaum; se discutir\u00e1 en el pleno"}]},{"@type":"WebSite","@id":"https:\/\/quehacerpolitico.mx\/#website","url":"https:\/\/quehacerpolitico.mx\/","name":"","description":"","potentialAction":[{"@type":"SearchAction","target":{"@type":"EntryPoint","urlTemplate":"https:\/\/quehacerpolitico.mx\/?s={search_term_string}"},"query-input":{"@type":"PropertyValueSpecification","valueRequired":true,"valueName":"search_term_string"}}],"inLanguage":"es"},{"@type":"Person","@id":"https:\/\/quehacerpolitico.mx\/#\/schema\/person\/496d8ad2d1d3f8036101dca7ee39e585","name":"Redacci\u00f3n QP","image":{"@type":"ImageObject","inLanguage":"es","@id":"https:\/\/secure.gravatar.com\/avatar\/c7164ed6fdec453195284ad24a5ae5b6e1eed2b848477fa2a4787ba9adf39a41?s=96&d=mm&r=g","url":"https:\/\/secure.gravatar.com\/avatar\/c7164ed6fdec453195284ad24a5ae5b6e1eed2b848477fa2a4787ba9adf39a41?s=96&d=mm&r=g","contentUrl":"https:\/\/secure.gravatar.com\/avatar\/c7164ed6fdec453195284ad24a5ae5b6e1eed2b848477fa2a4787ba9adf39a41?s=96&d=mm&r=g","caption":"Redacci\u00f3n QP"},"url":"https:\/\/quehacerpolitico.mx\/?author=2"}]}},"featured_image_urls":{"full":["https:\/\/quehacerpolitico.mx\/wp-content\/uploads\/2025\/09\/03fa6135-c3fe-44b7-8e96-c6ca323ffebb-3.jpeg",963,493,false],"thumbnail":["https:\/\/quehacerpolitico.mx\/wp-content\/uploads\/2025\/09\/03fa6135-c3fe-44b7-8e96-c6ca323ffebb-3-150x150.jpeg",150,150,true],"medium":["https:\/\/quehacerpolitico.mx\/wp-content\/uploads\/2025\/09\/03fa6135-c3fe-44b7-8e96-c6ca323ffebb-3-300x154.jpeg",300,154,true],"medium_large":["https:\/\/quehacerpolitico.mx\/wp-content\/uploads\/2025\/09\/03fa6135-c3fe-44b7-8e96-c6ca323ffebb-3-768x393.jpeg",640,328,true],"large":["https:\/\/quehacerpolitico.mx\/wp-content\/uploads\/2025\/09\/03fa6135-c3fe-44b7-8e96-c6ca323ffebb-3.jpeg",640,328,false],"1536x1536":["https:\/\/quehacerpolitico.mx\/wp-content\/uploads\/2025\/09\/03fa6135-c3fe-44b7-8e96-c6ca323ffebb-3.jpeg",963,493,false],"2048x2048":["https:\/\/quehacerpolitico.mx\/wp-content\/uploads\/2025\/09\/03fa6135-c3fe-44b7-8e96-c6ca323ffebb-3.jpeg",963,493,false],"covernews-featured":["https:\/\/quehacerpolitico.mx\/wp-content\/uploads\/2025\/09\/03fa6135-c3fe-44b7-8e96-c6ca323ffebb-3.jpeg",963,493,false],"covernews-medium":["https:\/\/quehacerpolitico.mx\/wp-content\/uploads\/2025\/09\/03fa6135-c3fe-44b7-8e96-c6ca323ffebb-3-540x340.jpeg",540,340,true]},"author_info":{"display_name":"Redacci\u00f3n QP","author_link":"https:\/\/quehacerpolitico.mx\/?author=2"},"category_info":"<a href=\"https:\/\/quehacerpolitico.mx\/?cat=1\" rel=\"category\">Internacionales<\/a> <a href=\"https:\/\/quehacerpolitico.mx\/?cat=280\" rel=\"category\">Nacionales<\/a> <a href=\"https:\/\/quehacerpolitico.mx\/?cat=2\" rel=\"category\">Noticias<\/a>","tag_info":"Noticias","comment_count":"0","_links":{"self":[{"href":"https:\/\/quehacerpolitico.mx\/index.php?rest_route=\/wp\/v2\/posts\/118932","targetHints":{"allow":["GET"]}}],"collection":[{"href":"https:\/\/quehacerpolitico.mx\/index.php?rest_route=\/wp\/v2\/posts"}],"about":[{"href":"https:\/\/quehacerpolitico.mx\/index.php?rest_route=\/wp\/v2\/types\/post"}],"author":[{"embeddable":true,"href":"https:\/\/quehacerpolitico.mx\/index.php?rest_route=\/wp\/v2\/users\/2"}],"replies":[{"embeddable":true,"href":"https:\/\/quehacerpolitico.mx\/index.php?rest_route=%2Fwp%2Fv2%2Fcomments&post=118932"}],"version-history":[{"count":2,"href":"https:\/\/quehacerpolitico.mx\/index.php?rest_route=\/wp\/v2\/posts\/118932\/revisions"}],"predecessor-version":[{"id":118939,"href":"https:\/\/quehacerpolitico.mx\/index.php?rest_route=\/wp\/v2\/posts\/118932\/revisions\/118939"}],"wp:featuredmedia":[{"embeddable":true,"href":"https:\/\/quehacerpolitico.mx\/index.php?rest_route=\/wp\/v2\/media\/118933"}],"wp:attachment":[{"href":"https:\/\/quehacerpolitico.mx\/index.php?rest_route=%2Fwp%2Fv2%2Fmedia&parent=118932"}],"wp:term":[{"taxonomy":"category","embeddable":true,"href":"https:\/\/quehacerpolitico.mx\/index.php?rest_route=%2Fwp%2Fv2%2Fcategories&post=118932"},{"taxonomy":"post_tag","embeddable":true,"href":"https:\/\/quehacerpolitico.mx\/index.php?rest_route=%2Fwp%2Fv2%2Ftags&post=118932"}],"curies":[{"name":"wp","href":"https:\/\/api.w.org\/{rel}","templated":true}]}}