{"id":118916,"date":"2025-09-08T13:51:41","date_gmt":"2025-09-08T19:51:41","guid":{"rendered":"https:\/\/quehacerpolitico.mx\/?p=118916"},"modified":"2025-09-08T13:55:17","modified_gmt":"2025-09-08T19:55:17","slug":"pura-politiqueria-sheinbaum-critica-denuncia-de-doring-contra-andy-lopez-beltran","status":"publish","type":"post","link":"https:\/\/quehacerpolitico.mx\/?p=118916","title":{"rendered":"&#8220;Pura politiquer\u00eda&#8221;: Sheinbaum critica denuncia de D\u00f6ring contra Andy L\u00f3pez Beltr\u00e1n"},"content":{"rendered":"\n<p>Por Redacci\u00f3n QP<\/p>\n\n\n\n<p>La mandataria acus\u00f3 al legislador panista de corrupci\u00f3n y se\u00f1al\u00f3 que es un asunto que le corresponde indagar a la FGR<\/p>\n\n\n\n<p>La presidenta&nbsp;<strong>Claudia Sheinbaum<\/strong>critic\u00f3 este lunes la denuncia presentada por el diputado panista<strong>Federico D\u00f6ring<\/strong>&nbsp;en la que acusa a&nbsp;<strong>Andy L\u00f3pez Beltr\u00e1n&nbsp;<\/strong>de delitos como delincuencia organizada y tr\u00e1fico de hidrocarburos.&nbsp;<\/p>\n\n\n\n<p>En su conferencia de esta ma\u00f1ana, la mandataria arremeti\u00f3 contra el panista y lo acus\u00f3 de corrupci\u00f3n, adem\u00e1s dijo que ese asunto lo deber\u00e1 atender la Fiscal\u00eda General de la Rep\u00fablica.&nbsp;<\/p>\n\n\n\n<p><strong>\u201cEs pura politiquer\u00eda<\/strong>, eso lo ver\u00e1 la fiscal\u00eda, no nos corresponde a nosotros, pero es pura politiquer\u00eda de uno de los personajes conocidos por su corrupci\u00f3n\u201d, se\u00f1al\u00f3 ante la pregunta de un reportero.<\/p>\n\n\n\n<figure class=\"wp-block-embed is-type-rich is-provider-twitter wp-block-embed-twitter\"><div class=\"wp-block-embed__wrapper\">\n<blockquote class=\"twitter-tweet\" data-width=\"550\" data-dnt=\"true\"><p lang=\"es\" dir=\"ltr\">Desestima Claudia Sheinbaum la denuncia de <a href=\"https:\/\/twitter.com\/FDoringCasar?ref_src=twsrc%5Etfw\">@FDoringCasar<\/a> contra Andy por presunto huachicol y otros delitos.<br><br>Es \u201cpura politiquer\u00eda\u201d, dice. <a href=\"https:\/\/t.co\/XIYIzN4osp\">pic.twitter.com\/XIYIzN4osp<\/a><\/p>&mdash; Manuel Lopez San Martin (@MLopezSanMartin) <a href=\"https:\/\/twitter.com\/MLopezSanMartin\/status\/1965104925920424252?ref_src=twsrc%5Etfw\">September 8, 2025<\/a><\/blockquote><script async src=\"https:\/\/platform.twitter.com\/widgets.js\" charset=\"utf-8\"><\/script>\n<\/div><\/figure>\n\n\n\n<p>Adem\u00e1s, amag\u00f3 con un d\u00eda hablar del diputado denunciante \u201cporque fui<strong>&nbsp;jefa de Gobierno<\/strong>, lo podemos platicar\u201d.<\/p>\n\n\n\n<p>La prensa le pregunt\u00f3 tambi\u00e9n a la mandataria si habr\u00e1 exenci\u00f3n&nbsp;en su gobierno para aquellos implicados en el delito de &#8220;huachicol&#8221;, ante lo que contest\u00f3: &#8220;cero impunidad, tope hasta donde tope&#8221;.&nbsp;<\/p>\n\n\n\n<p>La semana pasada, el diputado<strong>&nbsp;Federico D\u00f6ring<\/strong>&nbsp;present\u00f3 la denuncia contra el hijo del expresidente Andr\u00e9s Manuel L\u00f3pez Obrador y secretario de Organizaci\u00f3n de Morena por los delitos de&nbsp;conspiraci\u00f3n, tr\u00e1fico de hidrocarburos, contrabando, encubrimiento, operaciones con recursos de procedencia il\u00edcita, asociaci\u00f3n delictuosa y&nbsp;tr\u00e1fico de influencias.&nbsp;<\/p>\n\n\n\n<p>Adem\u00e1s de Andy, el panista incluy\u00f3 en el recurso al gobernador de Tamaulipas, Am\u00e9rico Villarreal, a&nbsp;su exconsejera jur\u00eddica, Tania Contreras, y cinco personas m\u00e1s.<\/p>\n","protected":false},"excerpt":{"rendered":"<p>Por Redacci\u00f3n QP La mandataria acus\u00f3 al legislador panista de corrupci\u00f3n y se\u00f1al\u00f3 que es&#8230;<\/p>\n","protected":false},"author":2,"featured_media":118919,"comment_status":"open","ping_status":"open","sticky":false,"template":"","format":"standard","meta":{"_monsterinsights_skip_tracking":false,"_monsterinsights_sitenote_active":false,"_monsterinsights_sitenote_note":"","_monsterinsights_sitenote_category":0,"footnotes":""},"categories":[280,2],"tags":[],"class_list":["post-118916","post","type-post","status-publish","format-standard","has-post-thumbnail","hentry","category-nacionales","category-noticias"],"yoast_head":"<!-- This site is optimized with the Yoast SEO plugin v27.3 - https:\/\/yoast.com\/product\/yoast-seo-wordpress\/ -->\n<title>&quot;Pura politiquer\u00eda&quot;: Sheinbaum critica denuncia de D\u00f6ring contra Andy L\u00f3pez Beltr\u00e1n -<\/title>\n<meta name=\"robots\" content=\"index, follow, max-snippet:-1, max-image-preview:large, max-video-preview:-1\" \/>\n<link rel=\"canonical\" href=\"https:\/\/quehacerpolitico.mx\/?p=118916\" \/>\n<meta property=\"og:locale\" content=\"es_MX\" \/>\n<meta property=\"og:type\" content=\"article\" \/>\n<meta property=\"og:title\" content=\"&quot;Pura politiquer\u00eda&quot;: Sheinbaum critica denuncia de D\u00f6ring contra Andy L\u00f3pez Beltr\u00e1n -\" \/>\n<meta property=\"og:description\" content=\"Por Redacci\u00f3n QP La mandataria acus\u00f3 al legislador panista de corrupci\u00f3n y se\u00f1al\u00f3 que es...\" \/>\n<meta property=\"og:url\" content=\"https:\/\/quehacerpolitico.mx\/?p=118916\" \/>\n<meta property=\"article:published_time\" content=\"2025-09-08T19:51:41+00:00\" \/>\n<meta property=\"article:modified_time\" content=\"2025-09-08T19:55:17+00:00\" \/>\n<meta property=\"og:image\" content=\"https:\/\/quehacerpolitico.mx\/wp-content\/uploads\/2025\/09\/IMG_3344-1.jpeg\" \/>\n\t<meta property=\"og:image:width\" content=\"1170\" \/>\n\t<meta property=\"og:image:height\" content=\"625\" \/>\n\t<meta property=\"og:image:type\" content=\"image\/jpeg\" \/>\n<meta name=\"author\" content=\"Redacci\u00f3n QP\" \/>\n<meta name=\"twitter:card\" content=\"summary_large_image\" \/>\n<meta name=\"twitter:label1\" content=\"Escrito por\" \/>\n\t<meta name=\"twitter:data1\" content=\"Redacci\u00f3n QP\" \/>\n\t<meta name=\"twitter:label2\" content=\"Tiempo de lectura\" \/>\n\t<meta name=\"twitter:data2\" content=\"1 minuto\" \/>\n<script type=\"application\/ld+json\" class=\"yoast-schema-graph\">{\"@context\":\"https:\\\/\\\/schema.org\",\"@graph\":[{\"@type\":\"Article\",\"@id\":\"https:\\\/\\\/quehacerpolitico.mx\\\/?p=118916#article\",\"isPartOf\":{\"@id\":\"https:\\\/\\\/quehacerpolitico.mx\\\/?p=118916\"},\"author\":{\"name\":\"Redacci\u00f3n QP\",\"@id\":\"https:\\\/\\\/quehacerpolitico.mx\\\/#\\\/schema\\\/person\\\/496d8ad2d1d3f8036101dca7ee39e585\"},\"headline\":\"&#8220;Pura politiquer\u00eda&#8221;: Sheinbaum critica denuncia de D\u00f6ring contra Andy L\u00f3pez Beltr\u00e1n\",\"datePublished\":\"2025-09-08T19:51:41+00:00\",\"dateModified\":\"2025-09-08T19:55:17+00:00\",\"mainEntityOfPage\":{\"@id\":\"https:\\\/\\\/quehacerpolitico.mx\\\/?p=118916\"},\"wordCount\":310,\"commentCount\":0,\"image\":{\"@id\":\"https:\\\/\\\/quehacerpolitico.mx\\\/?p=118916#primaryimage\"},\"thumbnailUrl\":\"https:\\\/\\\/quehacerpolitico.mx\\\/wp-content\\\/uploads\\\/2025\\\/09\\\/IMG_3344-1.jpeg\",\"articleSection\":[\"Nacionales\",\"Noticias\"],\"inLanguage\":\"es\",\"potentialAction\":[{\"@type\":\"CommentAction\",\"name\":\"Comment\",\"target\":[\"https:\\\/\\\/quehacerpolitico.mx\\\/?p=118916#respond\"]}]},{\"@type\":\"WebPage\",\"@id\":\"https:\\\/\\\/quehacerpolitico.mx\\\/?p=118916\",\"url\":\"https:\\\/\\\/quehacerpolitico.mx\\\/?p=118916\",\"name\":\"\\\"Pura politiquer\u00eda\\\": Sheinbaum critica denuncia de D\u00f6ring contra Andy L\u00f3pez Beltr\u00e1n -\",\"isPartOf\":{\"@id\":\"https:\\\/\\\/quehacerpolitico.mx\\\/#website\"},\"primaryImageOfPage\":{\"@id\":\"https:\\\/\\\/quehacerpolitico.mx\\\/?p=118916#primaryimage\"},\"image\":{\"@id\":\"https:\\\/\\\/quehacerpolitico.mx\\\/?p=118916#primaryimage\"},\"thumbnailUrl\":\"https:\\\/\\\/quehacerpolitico.mx\\\/wp-content\\\/uploads\\\/2025\\\/09\\\/IMG_3344-1.jpeg\",\"datePublished\":\"2025-09-08T19:51:41+00:00\",\"dateModified\":\"2025-09-08T19:55:17+00:00\",\"author\":{\"@id\":\"https:\\\/\\\/quehacerpolitico.mx\\\/#\\\/schema\\\/person\\\/496d8ad2d1d3f8036101dca7ee39e585\"},\"breadcrumb\":{\"@id\":\"https:\\\/\\\/quehacerpolitico.mx\\\/?p=118916#breadcrumb\"},\"inLanguage\":\"es\",\"potentialAction\":[{\"@type\":\"ReadAction\",\"target\":[\"https:\\\/\\\/quehacerpolitico.mx\\\/?p=118916\"]}]},{\"@type\":\"ImageObject\",\"inLanguage\":\"es\",\"@id\":\"https:\\\/\\\/quehacerpolitico.mx\\\/?p=118916#primaryimage\",\"url\":\"https:\\\/\\\/quehacerpolitico.mx\\\/wp-content\\\/uploads\\\/2025\\\/09\\\/IMG_3344-1.jpeg\",\"contentUrl\":\"https:\\\/\\\/quehacerpolitico.mx\\\/wp-content\\\/uploads\\\/2025\\\/09\\\/IMG_3344-1.jpeg\",\"width\":1170,\"height\":625,\"caption\":\"Screenshot\"},{\"@type\":\"BreadcrumbList\",\"@id\":\"https:\\\/\\\/quehacerpolitico.mx\\\/?p=118916#breadcrumb\",\"itemListElement\":[{\"@type\":\"ListItem\",\"position\":1,\"name\":\"Inicio\",\"item\":\"https:\\\/\\\/quehacerpolitico.mx\\\/\"},{\"@type\":\"ListItem\",\"position\":2,\"name\":\"&#8220;Pura politiquer\u00eda&#8221;: Sheinbaum critica denuncia de D\u00f6ring contra Andy L\u00f3pez Beltr\u00e1n\"}]},{\"@type\":\"WebSite\",\"@id\":\"https:\\\/\\\/quehacerpolitico.mx\\\/#website\",\"url\":\"https:\\\/\\\/quehacerpolitico.mx\\\/\",\"name\":\"\",\"description\":\"\",\"potentialAction\":[{\"@type\":\"SearchAction\",\"target\":{\"@type\":\"EntryPoint\",\"urlTemplate\":\"https:\\\/\\\/quehacerpolitico.mx\\\/?s={search_term_string}\"},\"query-input\":{\"@type\":\"PropertyValueSpecification\",\"valueRequired\":true,\"valueName\":\"search_term_string\"}}],\"inLanguage\":\"es\"},{\"@type\":\"Person\",\"@id\":\"https:\\\/\\\/quehacerpolitico.mx\\\/#\\\/schema\\\/person\\\/496d8ad2d1d3f8036101dca7ee39e585\",\"name\":\"Redacci\u00f3n QP\",\"image\":{\"@type\":\"ImageObject\",\"inLanguage\":\"es\",\"@id\":\"https:\\\/\\\/secure.gravatar.com\\\/avatar\\\/c7164ed6fdec453195284ad24a5ae5b6e1eed2b848477fa2a4787ba9adf39a41?s=96&d=mm&r=g\",\"url\":\"https:\\\/\\\/secure.gravatar.com\\\/avatar\\\/c7164ed6fdec453195284ad24a5ae5b6e1eed2b848477fa2a4787ba9adf39a41?s=96&d=mm&r=g\",\"contentUrl\":\"https:\\\/\\\/secure.gravatar.com\\\/avatar\\\/c7164ed6fdec453195284ad24a5ae5b6e1eed2b848477fa2a4787ba9adf39a41?s=96&d=mm&r=g\",\"caption\":\"Redacci\u00f3n QP\"},\"url\":\"https:\\\/\\\/quehacerpolitico.mx\\\/?author=2\"}]}<\/script>\n<!-- \/ Yoast SEO plugin. -->","yoast_head_json":{"title":"\"Pura politiquer\u00eda\": Sheinbaum critica denuncia de D\u00f6ring contra Andy L\u00f3pez Beltr\u00e1n -","robots":{"index":"index","follow":"follow","max-snippet":"max-snippet:-1","max-image-preview":"max-image-preview:large","max-video-preview":"max-video-preview:-1"},"canonical":"https:\/\/quehacerpolitico.mx\/?p=118916","og_locale":"es_MX","og_type":"article","og_title":"\"Pura politiquer\u00eda\": Sheinbaum critica denuncia de D\u00f6ring contra Andy L\u00f3pez Beltr\u00e1n -","og_description":"Por Redacci\u00f3n QP La mandataria acus\u00f3 al legislador panista de corrupci\u00f3n y se\u00f1al\u00f3 que es...","og_url":"https:\/\/quehacerpolitico.mx\/?p=118916","article_published_time":"2025-09-08T19:51:41+00:00","article_modified_time":"2025-09-08T19:55:17+00:00","og_image":[{"width":1170,"height":625,"url":"https:\/\/quehacerpolitico.mx\/wp-content\/uploads\/2025\/09\/IMG_3344-1.jpeg","type":"image\/jpeg"}],"author":"Redacci\u00f3n QP","twitter_card":"summary_large_image","twitter_misc":{"Escrito por":"Redacci\u00f3n QP","Tiempo de lectura":"1 minuto"},"schema":{"@context":"https:\/\/schema.org","@graph":[{"@type":"Article","@id":"https:\/\/quehacerpolitico.mx\/?p=118916#article","isPartOf":{"@id":"https:\/\/quehacerpolitico.mx\/?p=118916"},"author":{"name":"Redacci\u00f3n QP","@id":"https:\/\/quehacerpolitico.mx\/#\/schema\/person\/496d8ad2d1d3f8036101dca7ee39e585"},"headline":"&#8220;Pura politiquer\u00eda&#8221;: Sheinbaum critica denuncia de D\u00f6ring contra Andy L\u00f3pez Beltr\u00e1n","datePublished":"2025-09-08T19:51:41+00:00","dateModified":"2025-09-08T19:55:17+00:00","mainEntityOfPage":{"@id":"https:\/\/quehacerpolitico.mx\/?p=118916"},"wordCount":310,"commentCount":0,"image":{"@id":"https:\/\/quehacerpolitico.mx\/?p=118916#primaryimage"},"thumbnailUrl":"https:\/\/quehacerpolitico.mx\/wp-content\/uploads\/2025\/09\/IMG_3344-1.jpeg","articleSection":["Nacionales","Noticias"],"inLanguage":"es","potentialAction":[{"@type":"CommentAction","name":"Comment","target":["https:\/\/quehacerpolitico.mx\/?p=118916#respond"]}]},{"@type":"WebPage","@id":"https:\/\/quehacerpolitico.mx\/?p=118916","url":"https:\/\/quehacerpolitico.mx\/?p=118916","name":"\"Pura politiquer\u00eda\": Sheinbaum critica denuncia de D\u00f6ring contra Andy L\u00f3pez Beltr\u00e1n -","isPartOf":{"@id":"https:\/\/quehacerpolitico.mx\/#website"},"primaryImageOfPage":{"@id":"https:\/\/quehacerpolitico.mx\/?p=118916#primaryimage"},"image":{"@id":"https:\/\/quehacerpolitico.mx\/?p=118916#primaryimage"},"thumbnailUrl":"https:\/\/quehacerpolitico.mx\/wp-content\/uploads\/2025\/09\/IMG_3344-1.jpeg","datePublished":"2025-09-08T19:51:41+00:00","dateModified":"2025-09-08T19:55:17+00:00","author":{"@id":"https:\/\/quehacerpolitico.mx\/#\/schema\/person\/496d8ad2d1d3f8036101dca7ee39e585"},"breadcrumb":{"@id":"https:\/\/quehacerpolitico.mx\/?p=118916#breadcrumb"},"inLanguage":"es","potentialAction":[{"@type":"ReadAction","target":["https:\/\/quehacerpolitico.mx\/?p=118916"]}]},{"@type":"ImageObject","inLanguage":"es","@id":"https:\/\/quehacerpolitico.mx\/?p=118916#primaryimage","url":"https:\/\/quehacerpolitico.mx\/wp-content\/uploads\/2025\/09\/IMG_3344-1.jpeg","contentUrl":"https:\/\/quehacerpolitico.mx\/wp-content\/uploads\/2025\/09\/IMG_3344-1.jpeg","width":1170,"height":625,"caption":"Screenshot"},{"@type":"BreadcrumbList","@id":"https:\/\/quehacerpolitico.mx\/?p=118916#breadcrumb","itemListElement":[{"@type":"ListItem","position":1,"name":"Inicio","item":"https:\/\/quehacerpolitico.mx\/"},{"@type":"ListItem","position":2,"name":"&#8220;Pura politiquer\u00eda&#8221;: Sheinbaum critica denuncia de D\u00f6ring contra Andy L\u00f3pez Beltr\u00e1n"}]},{"@type":"WebSite","@id":"https:\/\/quehacerpolitico.mx\/#website","url":"https:\/\/quehacerpolitico.mx\/","name":"","description":"","potentialAction":[{"@type":"SearchAction","target":{"@type":"EntryPoint","urlTemplate":"https:\/\/quehacerpolitico.mx\/?s={search_term_string}"},"query-input":{"@type":"PropertyValueSpecification","valueRequired":true,"valueName":"search_term_string"}}],"inLanguage":"es"},{"@type":"Person","@id":"https:\/\/quehacerpolitico.mx\/#\/schema\/person\/496d8ad2d1d3f8036101dca7ee39e585","name":"Redacci\u00f3n QP","image":{"@type":"ImageObject","inLanguage":"es","@id":"https:\/\/secure.gravatar.com\/avatar\/c7164ed6fdec453195284ad24a5ae5b6e1eed2b848477fa2a4787ba9adf39a41?s=96&d=mm&r=g","url":"https:\/\/secure.gravatar.com\/avatar\/c7164ed6fdec453195284ad24a5ae5b6e1eed2b848477fa2a4787ba9adf39a41?s=96&d=mm&r=g","contentUrl":"https:\/\/secure.gravatar.com\/avatar\/c7164ed6fdec453195284ad24a5ae5b6e1eed2b848477fa2a4787ba9adf39a41?s=96&d=mm&r=g","caption":"Redacci\u00f3n QP"},"url":"https:\/\/quehacerpolitico.mx\/?author=2"}]}},"featured_image_urls":{"full":["https:\/\/quehacerpolitico.mx\/wp-content\/uploads\/2025\/09\/IMG_3344-1.jpeg",1170,625,false],"thumbnail":["https:\/\/quehacerpolitico.mx\/wp-content\/uploads\/2025\/09\/IMG_3344-1-150x150.jpeg",150,150,true],"medium":["https:\/\/quehacerpolitico.mx\/wp-content\/uploads\/2025\/09\/IMG_3344-1-300x160.jpeg",300,160,true],"medium_large":["https:\/\/quehacerpolitico.mx\/wp-content\/uploads\/2025\/09\/IMG_3344-1-768x410.jpeg",640,342,true],"large":["https:\/\/quehacerpolitico.mx\/wp-content\/uploads\/2025\/09\/IMG_3344-1-1024x547.jpeg",640,342,true],"1536x1536":["https:\/\/quehacerpolitico.mx\/wp-content\/uploads\/2025\/09\/IMG_3344-1.jpeg",1170,625,false],"2048x2048":["https:\/\/quehacerpolitico.mx\/wp-content\/uploads\/2025\/09\/IMG_3344-1.jpeg",1170,625,false],"covernews-featured":["https:\/\/quehacerpolitico.mx\/wp-content\/uploads\/2025\/09\/IMG_3344-1-1024x547.jpeg",1024,547,true],"covernews-medium":["https:\/\/quehacerpolitico.mx\/wp-content\/uploads\/2025\/09\/IMG_3344-1-540x340.jpeg",540,340,true]},"author_info":{"display_name":"Redacci\u00f3n QP","author_link":"https:\/\/quehacerpolitico.mx\/?author=2"},"category_info":"<a href=\"https:\/\/quehacerpolitico.mx\/?cat=280\" rel=\"category\">Nacionales<\/a> <a href=\"https:\/\/quehacerpolitico.mx\/?cat=2\" rel=\"category\">Noticias<\/a>","tag_info":"Noticias","comment_count":"0","_links":{"self":[{"href":"https:\/\/quehacerpolitico.mx\/index.php?rest_route=\/wp\/v2\/posts\/118916","targetHints":{"allow":["GET"]}}],"collection":[{"href":"https:\/\/quehacerpolitico.mx\/index.php?rest_route=\/wp\/v2\/posts"}],"about":[{"href":"https:\/\/quehacerpolitico.mx\/index.php?rest_route=\/wp\/v2\/types\/post"}],"author":[{"embeddable":true,"href":"https:\/\/quehacerpolitico.mx\/index.php?rest_route=\/wp\/v2\/users\/2"}],"replies":[{"embeddable":true,"href":"https:\/\/quehacerpolitico.mx\/index.php?rest_route=%2Fwp%2Fv2%2Fcomments&post=118916"}],"version-history":[{"count":1,"href":"https:\/\/quehacerpolitico.mx\/index.php?rest_route=\/wp\/v2\/posts\/118916\/revisions"}],"predecessor-version":[{"id":118918,"href":"https:\/\/quehacerpolitico.mx\/index.php?rest_route=\/wp\/v2\/posts\/118916\/revisions\/118918"}],"wp:featuredmedia":[{"embeddable":true,"href":"https:\/\/quehacerpolitico.mx\/index.php?rest_route=\/wp\/v2\/media\/118919"}],"wp:attachment":[{"href":"https:\/\/quehacerpolitico.mx\/index.php?rest_route=%2Fwp%2Fv2%2Fmedia&parent=118916"}],"wp:term":[{"taxonomy":"category","embeddable":true,"href":"https:\/\/quehacerpolitico.mx\/index.php?rest_route=%2Fwp%2Fv2%2Fcategories&post=118916"},{"taxonomy":"post_tag","embeddable":true,"href":"https:\/\/quehacerpolitico.mx\/index.php?rest_route=%2Fwp%2Fv2%2Ftags&post=118916"}],"curies":[{"name":"wp","href":"https:\/\/api.w.org\/{rel}","templated":true}]}}