{"id":118913,"date":"2025-09-08T13:35:35","date_gmt":"2025-09-08T19:35:35","guid":{"rendered":"https:\/\/quehacerpolitico.mx\/?p=118913"},"modified":"2025-09-08T13:35:39","modified_gmt":"2025-09-08T19:35:39","slug":"estan-dispuestos-a-ir-a-donde-los-mexicanos-no-quieren-sheinbaum-justifica-contrato-de-medicos-cubanos-y-reitera-apoyo","status":"publish","type":"post","link":"https:\/\/quehacerpolitico.mx\/?p=118913","title":{"rendered":"\u201cEst\u00e1n dispuestos a ir a donde los mexicanos no quieren\u201d: Sheinbaum justifica contrato de m\u00e9dicos cubanos y reitera apoyo"},"content":{"rendered":"\n<p>Por Redacci\u00f3n QP<\/p>\n\n\n\n<p>La mandataria se\u00f1al\u00f3 que su gobierno tambi\u00e9n compra algunos medicamos a ese pa\u00eds y adelant\u00f3 que impulsar\u00e1 un tratamiento de pie diab\u00e9tico<\/p>\n\n\n\n<p>La presidenta&nbsp;<strong>Claudia Sheinbaum<\/strong>justific\u00f3 este lunes la contrataci\u00f3n de misiones de m\u00e9dicos cubanos en M\u00e9xico y reiter\u00f3 que continuar\u00e1 apoyando a los especialistas del pa\u00eds.&nbsp;<\/p>\n\n\n\n<p>Sheinbaum asegur\u00f3 que ninguno de los&nbsp;<strong>m\u00e9dicos cubanos&nbsp;<\/strong>sustituy\u00f3 a los mexicanos&nbsp;y reiter\u00f3 que se decidi\u00f3 contratarlos porque faltan especialistas en el pa\u00eds.&nbsp;<\/p>\n\n\n\n<p>&#8220;Son m\u00e9dicos muy buenos, graduados y que est\u00e1n dispuestos a&nbsp;<strong>venir a M\u00e9xico&nbsp;<\/strong>a los lugares m\u00e1s apartados, donde muchas veces m\u00e9dicos mexicanos tampoco quieren irse a la monta\u00f1a de Guerrero u otros lugares&#8221;, puntualiz\u00f3.<\/p>\n\n\n\n<figure class=\"wp-block-embed is-type-rich is-provider-twitter wp-block-embed-twitter\"><div class=\"wp-block-embed__wrapper\">\n<blockquote class=\"twitter-tweet\" data-width=\"550\" data-dnt=\"true\"><p lang=\"es\" dir=\"ltr\">\ud83d\udd34Los m\u00e9dicos cubanos van a seguir\u2026 La presidenta Claudia Sheinbaum inform\u00f3 que se mantendr\u00e1 el convenio con Cuba. \ud83c\udde8\ud83c\uddfa <br><br>Adelant\u00f3 que se impulsar\u00e1 un medicamento desarrollado por ese pa\u00eds para el pie diab\u00e9tico y evitar las amputaciones.<br><br>\ud83d\udcf9Israel Aldave v\u00eda <a href=\"https:\/\/twitter.com\/Radio_Formula?ref_src=twsrc%5Etfw\">@Radio_Formula<\/a> <a href=\"https:\/\/t.co\/CVVpUUeVlc\">pic.twitter.com\/CVVpUUeVlc<\/a><\/p>&mdash; Azucena Uresti (@azucenau) <a href=\"https:\/\/twitter.com\/azucenau\/status\/1965069204744438019?ref_src=twsrc%5Etfw\">September 8, 2025<\/a><\/blockquote><script async src=\"https:\/\/platform.twitter.com\/widgets.js\" charset=\"utf-8\"><\/script>\n<\/div><\/figure>\n\n\n\n<p>La mandataria indic\u00f3 que continuar\u00e1n contratando a estos m\u00e9dicos porque asegur\u00f3 que faltan especialistas en el pa\u00eds y no todos quieren ir a zonas remotas. Adem\u00e1s, adelant\u00f3 que su administraci\u00f3n impulsar\u00e1 un tratamiento de ese pa\u00eds para el pie diab\u00e9tico.&nbsp;<\/p>\n\n\n\n<p>&#8220;Es un convenio establecido, tiene todo en regla&nbsp;y vamos a seguir con eso. Hay varios medicamentos que tambi\u00e9n adquirimos de&nbsp;<strong>Cuba,<\/strong>&nbsp;hay uno en especial que vamos a impulsar el pr\u00f3ximo a\u00f1o, que es para el pie diab\u00e9tico&#8221;, se\u00f1al\u00f3.&nbsp;<\/p>\n\n\n\n<p>Y despu\u00e9s plante\u00f3 que pueden<strong>&nbsp;dejar de venir m\u00e9dicos cubanos&nbsp;<\/strong>una vez que haya suficientes especialistas en M\u00e9xico para atender en todas las cl\u00ednicas.&nbsp;<\/p>\n\n\n\n<p>&#8220;Nosotros tenemos la obligaci\u00f3n de atender a todas y a todos y se requieren m\u00e9dicos especialistas. En el momento que haya m\u00e1s m\u00e9dicos especialistas, que ya no se requiera el apoyo de los m\u00e9dicos cubanos, pues a lo mejor&nbsp;<strong>ya no se contratar\u00e1n<\/strong>&#8220;, a\u00f1adi\u00f3.&nbsp;<\/p>\n","protected":false},"excerpt":{"rendered":"<p>Por Redacci\u00f3n QP La mandataria se\u00f1al\u00f3 que su gobierno tambi\u00e9n compra algunos medicamos a ese&#8230;<\/p>\n","protected":false},"author":2,"featured_media":118914,"comment_status":"open","ping_status":"open","sticky":false,"template":"","format":"standard","meta":{"_monsterinsights_skip_tracking":false,"_monsterinsights_sitenote_active":false,"_monsterinsights_sitenote_note":"","_monsterinsights_sitenote_category":0,"footnotes":""},"categories":[280,2],"tags":[],"class_list":["post-118913","post","type-post","status-publish","format-standard","has-post-thumbnail","hentry","category-nacionales","category-noticias"],"yoast_head":"<!-- This site is optimized with the Yoast SEO plugin v27.3 - https:\/\/yoast.com\/product\/yoast-seo-wordpress\/ -->\n<title>\u201cEst\u00e1n dispuestos a ir a donde los mexicanos no quieren\u201d: Sheinbaum justifica contrato de m\u00e9dicos cubanos y reitera apoyo -<\/title>\n<meta name=\"robots\" content=\"index, follow, max-snippet:-1, max-image-preview:large, max-video-preview:-1\" \/>\n<link rel=\"canonical\" href=\"https:\/\/quehacerpolitico.mx\/?p=118913\" \/>\n<meta property=\"og:locale\" content=\"es_MX\" \/>\n<meta property=\"og:type\" content=\"article\" \/>\n<meta property=\"og:title\" content=\"\u201cEst\u00e1n dispuestos a ir a donde los mexicanos no quieren\u201d: Sheinbaum justifica contrato de m\u00e9dicos cubanos y reitera apoyo -\" \/>\n<meta property=\"og:description\" content=\"Por Redacci\u00f3n QP La mandataria se\u00f1al\u00f3 que su gobierno tambi\u00e9n compra algunos medicamos a ese...\" \/>\n<meta property=\"og:url\" content=\"https:\/\/quehacerpolitico.mx\/?p=118913\" \/>\n<meta property=\"article:published_time\" content=\"2025-09-08T19:35:35+00:00\" \/>\n<meta property=\"article:modified_time\" content=\"2025-09-08T19:35:39+00:00\" \/>\n<meta property=\"og:image\" content=\"https:\/\/quehacerpolitico.mx\/wp-content\/uploads\/2025\/09\/IMG_3342.jpeg\" \/>\n\t<meta property=\"og:image:width\" content=\"1170\" \/>\n\t<meta property=\"og:image:height\" content=\"633\" \/>\n\t<meta property=\"og:image:type\" content=\"image\/jpeg\" \/>\n<meta name=\"author\" content=\"Redacci\u00f3n QP\" \/>\n<meta name=\"twitter:card\" content=\"summary_large_image\" \/>\n<meta name=\"twitter:label1\" content=\"Escrito por\" \/>\n\t<meta name=\"twitter:data1\" content=\"Redacci\u00f3n QP\" \/>\n\t<meta name=\"twitter:label2\" content=\"Tiempo de lectura\" \/>\n\t<meta name=\"twitter:data2\" content=\"2 minutos\" \/>\n<script type=\"application\/ld+json\" class=\"yoast-schema-graph\">{\"@context\":\"https:\\\/\\\/schema.org\",\"@graph\":[{\"@type\":\"Article\",\"@id\":\"https:\\\/\\\/quehacerpolitico.mx\\\/?p=118913#article\",\"isPartOf\":{\"@id\":\"https:\\\/\\\/quehacerpolitico.mx\\\/?p=118913\"},\"author\":{\"name\":\"Redacci\u00f3n QP\",\"@id\":\"https:\\\/\\\/quehacerpolitico.mx\\\/#\\\/schema\\\/person\\\/496d8ad2d1d3f8036101dca7ee39e585\"},\"headline\":\"\u201cEst\u00e1n dispuestos a ir a donde los mexicanos no quieren\u201d: Sheinbaum justifica contrato de m\u00e9dicos cubanos y reitera apoyo\",\"datePublished\":\"2025-09-08T19:35:35+00:00\",\"dateModified\":\"2025-09-08T19:35:39+00:00\",\"mainEntityOfPage\":{\"@id\":\"https:\\\/\\\/quehacerpolitico.mx\\\/?p=118913\"},\"wordCount\":342,\"commentCount\":0,\"image\":{\"@id\":\"https:\\\/\\\/quehacerpolitico.mx\\\/?p=118913#primaryimage\"},\"thumbnailUrl\":\"https:\\\/\\\/quehacerpolitico.mx\\\/wp-content\\\/uploads\\\/2025\\\/09\\\/IMG_3342.jpeg\",\"articleSection\":[\"Nacionales\",\"Noticias\"],\"inLanguage\":\"es\",\"potentialAction\":[{\"@type\":\"CommentAction\",\"name\":\"Comment\",\"target\":[\"https:\\\/\\\/quehacerpolitico.mx\\\/?p=118913#respond\"]}]},{\"@type\":\"WebPage\",\"@id\":\"https:\\\/\\\/quehacerpolitico.mx\\\/?p=118913\",\"url\":\"https:\\\/\\\/quehacerpolitico.mx\\\/?p=118913\",\"name\":\"\u201cEst\u00e1n dispuestos a ir a donde los mexicanos no quieren\u201d: Sheinbaum justifica contrato de m\u00e9dicos cubanos y reitera apoyo -\",\"isPartOf\":{\"@id\":\"https:\\\/\\\/quehacerpolitico.mx\\\/#website\"},\"primaryImageOfPage\":{\"@id\":\"https:\\\/\\\/quehacerpolitico.mx\\\/?p=118913#primaryimage\"},\"image\":{\"@id\":\"https:\\\/\\\/quehacerpolitico.mx\\\/?p=118913#primaryimage\"},\"thumbnailUrl\":\"https:\\\/\\\/quehacerpolitico.mx\\\/wp-content\\\/uploads\\\/2025\\\/09\\\/IMG_3342.jpeg\",\"datePublished\":\"2025-09-08T19:35:35+00:00\",\"dateModified\":\"2025-09-08T19:35:39+00:00\",\"author\":{\"@id\":\"https:\\\/\\\/quehacerpolitico.mx\\\/#\\\/schema\\\/person\\\/496d8ad2d1d3f8036101dca7ee39e585\"},\"breadcrumb\":{\"@id\":\"https:\\\/\\\/quehacerpolitico.mx\\\/?p=118913#breadcrumb\"},\"inLanguage\":\"es\",\"potentialAction\":[{\"@type\":\"ReadAction\",\"target\":[\"https:\\\/\\\/quehacerpolitico.mx\\\/?p=118913\"]}]},{\"@type\":\"ImageObject\",\"inLanguage\":\"es\",\"@id\":\"https:\\\/\\\/quehacerpolitico.mx\\\/?p=118913#primaryimage\",\"url\":\"https:\\\/\\\/quehacerpolitico.mx\\\/wp-content\\\/uploads\\\/2025\\\/09\\\/IMG_3342.jpeg\",\"contentUrl\":\"https:\\\/\\\/quehacerpolitico.mx\\\/wp-content\\\/uploads\\\/2025\\\/09\\\/IMG_3342.jpeg\",\"width\":1170,\"height\":633,\"caption\":\"Screenshot\"},{\"@type\":\"BreadcrumbList\",\"@id\":\"https:\\\/\\\/quehacerpolitico.mx\\\/?p=118913#breadcrumb\",\"itemListElement\":[{\"@type\":\"ListItem\",\"position\":1,\"name\":\"Inicio\",\"item\":\"https:\\\/\\\/quehacerpolitico.mx\\\/\"},{\"@type\":\"ListItem\",\"position\":2,\"name\":\"\u201cEst\u00e1n dispuestos a ir a donde los mexicanos no quieren\u201d: Sheinbaum justifica contrato de m\u00e9dicos cubanos y reitera apoyo\"}]},{\"@type\":\"WebSite\",\"@id\":\"https:\\\/\\\/quehacerpolitico.mx\\\/#website\",\"url\":\"https:\\\/\\\/quehacerpolitico.mx\\\/\",\"name\":\"\",\"description\":\"\",\"potentialAction\":[{\"@type\":\"SearchAction\",\"target\":{\"@type\":\"EntryPoint\",\"urlTemplate\":\"https:\\\/\\\/quehacerpolitico.mx\\\/?s={search_term_string}\"},\"query-input\":{\"@type\":\"PropertyValueSpecification\",\"valueRequired\":true,\"valueName\":\"search_term_string\"}}],\"inLanguage\":\"es\"},{\"@type\":\"Person\",\"@id\":\"https:\\\/\\\/quehacerpolitico.mx\\\/#\\\/schema\\\/person\\\/496d8ad2d1d3f8036101dca7ee39e585\",\"name\":\"Redacci\u00f3n QP\",\"image\":{\"@type\":\"ImageObject\",\"inLanguage\":\"es\",\"@id\":\"https:\\\/\\\/secure.gravatar.com\\\/avatar\\\/c7164ed6fdec453195284ad24a5ae5b6e1eed2b848477fa2a4787ba9adf39a41?s=96&d=mm&r=g\",\"url\":\"https:\\\/\\\/secure.gravatar.com\\\/avatar\\\/c7164ed6fdec453195284ad24a5ae5b6e1eed2b848477fa2a4787ba9adf39a41?s=96&d=mm&r=g\",\"contentUrl\":\"https:\\\/\\\/secure.gravatar.com\\\/avatar\\\/c7164ed6fdec453195284ad24a5ae5b6e1eed2b848477fa2a4787ba9adf39a41?s=96&d=mm&r=g\",\"caption\":\"Redacci\u00f3n QP\"},\"url\":\"https:\\\/\\\/quehacerpolitico.mx\\\/?author=2\"}]}<\/script>\n<!-- \/ Yoast SEO plugin. -->","yoast_head_json":{"title":"\u201cEst\u00e1n dispuestos a ir a donde los mexicanos no quieren\u201d: Sheinbaum justifica contrato de m\u00e9dicos cubanos y reitera apoyo -","robots":{"index":"index","follow":"follow","max-snippet":"max-snippet:-1","max-image-preview":"max-image-preview:large","max-video-preview":"max-video-preview:-1"},"canonical":"https:\/\/quehacerpolitico.mx\/?p=118913","og_locale":"es_MX","og_type":"article","og_title":"\u201cEst\u00e1n dispuestos a ir a donde los mexicanos no quieren\u201d: Sheinbaum justifica contrato de m\u00e9dicos cubanos y reitera apoyo -","og_description":"Por Redacci\u00f3n QP La mandataria se\u00f1al\u00f3 que su gobierno tambi\u00e9n compra algunos medicamos a ese...","og_url":"https:\/\/quehacerpolitico.mx\/?p=118913","article_published_time":"2025-09-08T19:35:35+00:00","article_modified_time":"2025-09-08T19:35:39+00:00","og_image":[{"width":1170,"height":633,"url":"https:\/\/quehacerpolitico.mx\/wp-content\/uploads\/2025\/09\/IMG_3342.jpeg","type":"image\/jpeg"}],"author":"Redacci\u00f3n QP","twitter_card":"summary_large_image","twitter_misc":{"Escrito por":"Redacci\u00f3n QP","Tiempo de lectura":"2 minutos"},"schema":{"@context":"https:\/\/schema.org","@graph":[{"@type":"Article","@id":"https:\/\/quehacerpolitico.mx\/?p=118913#article","isPartOf":{"@id":"https:\/\/quehacerpolitico.mx\/?p=118913"},"author":{"name":"Redacci\u00f3n QP","@id":"https:\/\/quehacerpolitico.mx\/#\/schema\/person\/496d8ad2d1d3f8036101dca7ee39e585"},"headline":"\u201cEst\u00e1n dispuestos a ir a donde los mexicanos no quieren\u201d: Sheinbaum justifica contrato de m\u00e9dicos cubanos y reitera apoyo","datePublished":"2025-09-08T19:35:35+00:00","dateModified":"2025-09-08T19:35:39+00:00","mainEntityOfPage":{"@id":"https:\/\/quehacerpolitico.mx\/?p=118913"},"wordCount":342,"commentCount":0,"image":{"@id":"https:\/\/quehacerpolitico.mx\/?p=118913#primaryimage"},"thumbnailUrl":"https:\/\/quehacerpolitico.mx\/wp-content\/uploads\/2025\/09\/IMG_3342.jpeg","articleSection":["Nacionales","Noticias"],"inLanguage":"es","potentialAction":[{"@type":"CommentAction","name":"Comment","target":["https:\/\/quehacerpolitico.mx\/?p=118913#respond"]}]},{"@type":"WebPage","@id":"https:\/\/quehacerpolitico.mx\/?p=118913","url":"https:\/\/quehacerpolitico.mx\/?p=118913","name":"\u201cEst\u00e1n dispuestos a ir a donde los mexicanos no quieren\u201d: Sheinbaum justifica contrato de m\u00e9dicos cubanos y reitera apoyo -","isPartOf":{"@id":"https:\/\/quehacerpolitico.mx\/#website"},"primaryImageOfPage":{"@id":"https:\/\/quehacerpolitico.mx\/?p=118913#primaryimage"},"image":{"@id":"https:\/\/quehacerpolitico.mx\/?p=118913#primaryimage"},"thumbnailUrl":"https:\/\/quehacerpolitico.mx\/wp-content\/uploads\/2025\/09\/IMG_3342.jpeg","datePublished":"2025-09-08T19:35:35+00:00","dateModified":"2025-09-08T19:35:39+00:00","author":{"@id":"https:\/\/quehacerpolitico.mx\/#\/schema\/person\/496d8ad2d1d3f8036101dca7ee39e585"},"breadcrumb":{"@id":"https:\/\/quehacerpolitico.mx\/?p=118913#breadcrumb"},"inLanguage":"es","potentialAction":[{"@type":"ReadAction","target":["https:\/\/quehacerpolitico.mx\/?p=118913"]}]},{"@type":"ImageObject","inLanguage":"es","@id":"https:\/\/quehacerpolitico.mx\/?p=118913#primaryimage","url":"https:\/\/quehacerpolitico.mx\/wp-content\/uploads\/2025\/09\/IMG_3342.jpeg","contentUrl":"https:\/\/quehacerpolitico.mx\/wp-content\/uploads\/2025\/09\/IMG_3342.jpeg","width":1170,"height":633,"caption":"Screenshot"},{"@type":"BreadcrumbList","@id":"https:\/\/quehacerpolitico.mx\/?p=118913#breadcrumb","itemListElement":[{"@type":"ListItem","position":1,"name":"Inicio","item":"https:\/\/quehacerpolitico.mx\/"},{"@type":"ListItem","position":2,"name":"\u201cEst\u00e1n dispuestos a ir a donde los mexicanos no quieren\u201d: Sheinbaum justifica contrato de m\u00e9dicos cubanos y reitera apoyo"}]},{"@type":"WebSite","@id":"https:\/\/quehacerpolitico.mx\/#website","url":"https:\/\/quehacerpolitico.mx\/","name":"","description":"","potentialAction":[{"@type":"SearchAction","target":{"@type":"EntryPoint","urlTemplate":"https:\/\/quehacerpolitico.mx\/?s={search_term_string}"},"query-input":{"@type":"PropertyValueSpecification","valueRequired":true,"valueName":"search_term_string"}}],"inLanguage":"es"},{"@type":"Person","@id":"https:\/\/quehacerpolitico.mx\/#\/schema\/person\/496d8ad2d1d3f8036101dca7ee39e585","name":"Redacci\u00f3n QP","image":{"@type":"ImageObject","inLanguage":"es","@id":"https:\/\/secure.gravatar.com\/avatar\/c7164ed6fdec453195284ad24a5ae5b6e1eed2b848477fa2a4787ba9adf39a41?s=96&d=mm&r=g","url":"https:\/\/secure.gravatar.com\/avatar\/c7164ed6fdec453195284ad24a5ae5b6e1eed2b848477fa2a4787ba9adf39a41?s=96&d=mm&r=g","contentUrl":"https:\/\/secure.gravatar.com\/avatar\/c7164ed6fdec453195284ad24a5ae5b6e1eed2b848477fa2a4787ba9adf39a41?s=96&d=mm&r=g","caption":"Redacci\u00f3n QP"},"url":"https:\/\/quehacerpolitico.mx\/?author=2"}]}},"featured_image_urls":{"full":["https:\/\/quehacerpolitico.mx\/wp-content\/uploads\/2025\/09\/IMG_3342.jpeg",1170,633,false],"thumbnail":["https:\/\/quehacerpolitico.mx\/wp-content\/uploads\/2025\/09\/IMG_3342-150x150.jpeg",150,150,true],"medium":["https:\/\/quehacerpolitico.mx\/wp-content\/uploads\/2025\/09\/IMG_3342-300x162.jpeg",300,162,true],"medium_large":["https:\/\/quehacerpolitico.mx\/wp-content\/uploads\/2025\/09\/IMG_3342-768x416.jpeg",640,347,true],"large":["https:\/\/quehacerpolitico.mx\/wp-content\/uploads\/2025\/09\/IMG_3342-1024x554.jpeg",640,346,true],"1536x1536":["https:\/\/quehacerpolitico.mx\/wp-content\/uploads\/2025\/09\/IMG_3342.jpeg",1170,633,false],"2048x2048":["https:\/\/quehacerpolitico.mx\/wp-content\/uploads\/2025\/09\/IMG_3342.jpeg",1170,633,false],"covernews-featured":["https:\/\/quehacerpolitico.mx\/wp-content\/uploads\/2025\/09\/IMG_3342-1024x554.jpeg",1024,554,true],"covernews-medium":["https:\/\/quehacerpolitico.mx\/wp-content\/uploads\/2025\/09\/IMG_3342-540x340.jpeg",540,340,true]},"author_info":{"display_name":"Redacci\u00f3n QP","author_link":"https:\/\/quehacerpolitico.mx\/?author=2"},"category_info":"<a href=\"https:\/\/quehacerpolitico.mx\/?cat=280\" rel=\"category\">Nacionales<\/a> <a href=\"https:\/\/quehacerpolitico.mx\/?cat=2\" rel=\"category\">Noticias<\/a>","tag_info":"Noticias","comment_count":"0","_links":{"self":[{"href":"https:\/\/quehacerpolitico.mx\/index.php?rest_route=\/wp\/v2\/posts\/118913","targetHints":{"allow":["GET"]}}],"collection":[{"href":"https:\/\/quehacerpolitico.mx\/index.php?rest_route=\/wp\/v2\/posts"}],"about":[{"href":"https:\/\/quehacerpolitico.mx\/index.php?rest_route=\/wp\/v2\/types\/post"}],"author":[{"embeddable":true,"href":"https:\/\/quehacerpolitico.mx\/index.php?rest_route=\/wp\/v2\/users\/2"}],"replies":[{"embeddable":true,"href":"https:\/\/quehacerpolitico.mx\/index.php?rest_route=%2Fwp%2Fv2%2Fcomments&post=118913"}],"version-history":[{"count":1,"href":"https:\/\/quehacerpolitico.mx\/index.php?rest_route=\/wp\/v2\/posts\/118913\/revisions"}],"predecessor-version":[{"id":118915,"href":"https:\/\/quehacerpolitico.mx\/index.php?rest_route=\/wp\/v2\/posts\/118913\/revisions\/118915"}],"wp:featuredmedia":[{"embeddable":true,"href":"https:\/\/quehacerpolitico.mx\/index.php?rest_route=\/wp\/v2\/media\/118914"}],"wp:attachment":[{"href":"https:\/\/quehacerpolitico.mx\/index.php?rest_route=%2Fwp%2Fv2%2Fmedia&parent=118913"}],"wp:term":[{"taxonomy":"category","embeddable":true,"href":"https:\/\/quehacerpolitico.mx\/index.php?rest_route=%2Fwp%2Fv2%2Fcategories&post=118913"},{"taxonomy":"post_tag","embeddable":true,"href":"https:\/\/quehacerpolitico.mx\/index.php?rest_route=%2Fwp%2Fv2%2Ftags&post=118913"}],"curies":[{"name":"wp","href":"https:\/\/api.w.org\/{rel}","templated":true}]}}