{"id":118904,"date":"2025-09-08T11:38:42","date_gmt":"2025-09-08T17:38:42","guid":{"rendered":"https:\/\/quehacerpolitico.mx\/?p=118904"},"modified":"2025-09-08T11:38:45","modified_gmt":"2025-09-08T17:38:45","slug":"cero-impunidad-promete-sheinbaum-tras-caso-de-huachicol-fiscal","status":"publish","type":"post","link":"https:\/\/quehacerpolitico.mx\/?p=118904","title":{"rendered":"&#8220;Cero impunidad&#8221;, promete Sheinbaum tras caso de huachicol fiscal"},"content":{"rendered":"\n<p>Por Redacci\u00f3n QP<\/p>\n\n\n\n<p>En su conferencia ma\u00f1anera de este lunes, Sheinbaum Pardo explic\u00f3 que ya hab\u00eda denuncias sobre huachicol fiscal, de acuerdo con el titular de la FGR Alejandro Gertz Manero<\/p>\n\n\n\n<p><mark><strong>La Presidenta Claudia Sheinbaum Pardo prometi\u00f3 &#8220;cero impunidad&#8221; al caso de huachicol fiscal, luego de darse a conocer la detenci\u00f3n de 14 personas vinculadas con este delito.<\/strong><\/mark><\/p>\n\n\n\n<figure class=\"wp-block-embed is-type-rich is-provider-twitter wp-block-embed-twitter\"><div class=\"wp-block-embed__wrapper\">\n<blockquote class=\"twitter-tweet\" data-width=\"550\" data-dnt=\"true\"><p lang=\"es\" dir=\"ltr\">Justifica Sheinbaum tardanza en investigaciones sobre huachicol fiscal, denunciado hace dos a\u00f1os en sexenio de AMLO.<br><br>&quot;Lleva tiempo hacer esas investigaciones&quot;. <a href=\"https:\/\/t.co\/a6nBmtHLCG\">pic.twitter.com\/a6nBmtHLCG<\/a><\/p>&mdash; Manuel Lopez San Martin (@MLopezSanMartin) <a href=\"https:\/\/twitter.com\/MLopezSanMartin\/status\/1965071204026630309?ref_src=twsrc%5Etfw\">September 8, 2025<\/a><\/blockquote><script async src=\"https:\/\/platform.twitter.com\/widgets.js\" charset=\"utf-8\"><\/script>\n<\/div><\/figure>\n\n\n\n<p>Adem\u00e1s, la Agencia Nacional de Aduanas de M\u00e9xico y la Fiscal\u00eda General de la Rep\u00fablica (FGR)&nbsp;<strong>tienen listas m\u00e1s de 200 solicitudes de \u00f3rdenes de aprehensi\u00f3n en contra de agentes aduanales, administradores, subadministradores y personal operativo de diversas aduanas de todo el pa\u00eds.<\/strong><\/p>\n\n\n\n<figure class=\"wp-block-embed is-type-rich is-provider-twitter wp-block-embed-twitter\"><div class=\"wp-block-embed__wrapper\">\n<blockquote class=\"twitter-tweet\" data-width=\"550\" data-dnt=\"true\"><p lang=\"es\" dir=\"ltr\">\ud83d\udd34\u201cLo que hay que hacer es cero impunidad\u201d, dice Claudia Sheinbaum tras las 14 detenciones relacionadas por huachicol, entre ellas marinos.<br><br>\u201cYa hab\u00eda denuncias por el propio secretario de la Marina, el almirante Ojeda, estas detenciones vienen de un buque que fue investigado,\u2026 <a href=\"https:\/\/t.co\/zU9SKA3MSa\">pic.twitter.com\/zU9SKA3MSa<\/a><\/p>&mdash; Azucena Uresti (@azucenau) <a href=\"https:\/\/twitter.com\/azucenau\/status\/1965056843752919127?ref_src=twsrc%5Etfw\">September 8, 2025<\/a><\/blockquote><script async src=\"https:\/\/platform.twitter.com\/widgets.js\" charset=\"utf-8\"><\/script>\n<\/div><\/figure>\n\n\n\n<p><strong>&#8220;Lo que es muy importante es el compromiso de cero impunidad. Cuando se encuentra una situaci\u00f3n que es evidente, un entramado de corrupci\u00f3n y de il\u00edcitos,<\/strong>&nbsp;lo que hay que hacer es cero impunidad y detener a todos aquellos que est\u00e9n involucrados&#8221;, declar\u00f3 la Mandataria.<\/p>\n\n\n\n<p>En su conferencia ma\u00f1anera de este lunes,&nbsp;<mark><strong>Sheinbaum Pardo explic\u00f3 que ya hab\u00eda denuncias, de acuerdo con el fiscal Alejandro Gertz Manero.<\/strong><\/mark><\/p>\n\n\n\n<p>Sobre la presunta participaci\u00f3n de los sobrinos del exsecretario de Marina en el sexenio pasado, Rafel Ojeda Dur\u00e1n,<strong>&nbsp;la Presidenta indic\u00f3 que el propio almirante hab\u00eda denunciado ante la FGR &#8220;y ven\u00edan haci\u00e9ndose las investigaciones por parte de la Fiscal\u00eda&#8221;.<\/strong><\/p>\n\n\n\n<p>&#8220;Cuando llega este tanque cargado de diesel,<strong>viene todo un proceso de investigaci\u00f3n que permite tener mayores pruebas para poder hacer las detenciones&#8221;,<\/strong>&nbsp;agreg\u00f3.<\/p>\n\n\n\n<p>Explic\u00f3 que estas detenciones vienen de un buque que fue investigado:<strong>&nbsp;&#8220;Buque que lleg\u00f3 a Tampico y que reportaba que ten\u00eda una sustancia que no era combustible y se le permit\u00eda ingresar con un permiso que era temporal por el tipo de sustancia (&#8230;)\u201d.<\/strong><\/p>\n\n\n\n<p>La Mandataria detall\u00f3: &#8220;Le daban la vuelta al pago de impuestos, por eso se llama huachicol fiscal (\u2026)&nbsp;<mark><strong>Cuando llega este buque, se dan cuenta que no es esta sustancia que est\u00e1 reportando, sino que tiene di\u00e9sel y a partir de ah\u00ed empieza toda la investigaci\u00f3n&#8221;.<\/strong><\/mark><\/p>\n\n\n\n<figure class=\"wp-block-embed is-type-rich is-provider-twitter wp-block-embed-twitter\"><div class=\"wp-block-embed__wrapper\">\n<blockquote class=\"twitter-tweet\" data-width=\"550\" data-dnt=\"true\"><p lang=\"es\" dir=\"ltr\">\ud83d\udd34La presidenta Claudia Sheinbaum destac\u00f3 que el ex secretario de Marina, Rafael Ojeda, denunci\u00f3 hace dos a\u00f1os ante la FGR las irregularidades por huachicol. <br><br>Fue hasta cuando se incaut\u00f3 el combustible en un buque cuando se pudo obtener mayores pruebas para la detenci\u00f3n de los\u2026 <a href=\"https:\/\/t.co\/fnVN44vFdH\">pic.twitter.com\/fnVN44vFdH<\/a><\/p>&mdash; Azucena Uresti (@azucenau) <a href=\"https:\/\/twitter.com\/azucenau\/status\/1965060486472388867?ref_src=twsrc%5Etfw\">September 8, 2025<\/a><\/blockquote><script async src=\"https:\/\/platform.twitter.com\/widgets.js\" charset=\"utf-8\"><\/script>\n<\/div><\/figure>\n\n\n\n<p>&#8220;Se prohibi\u00f3 el ingreso de esta sustancia (&#8230;) esa aduana est\u00e1 administrada por algunos elementos de la Secretar\u00eda de Marina (&#8230;)&nbsp;<strong>Lleva tiempo hacer estas investigaciones, para tener las pruebas y judicializarlas&#8221;,<\/strong>a\u00f1adi\u00f3 la Presidenta.<\/p>\n\n\n\n<p><strong>&#8220;Aunque sea evidente el delito de que viene con un permiso que no es, y con eso no se pagaba impuesto,&nbsp;<\/strong>de todas maneras, la investigaci\u00f3n de qui\u00e9n est\u00e1 involucrado, c\u00f3mo est\u00e1n involucrados, no es algo que se pueda hacer en un d\u00eda, lleva bastante tiempo&#8221;, coment\u00f3 Sheinbaum.<\/p>\n\n\n\n<p>Con informaci\u00f3n de SUN<\/p>\n","protected":false},"excerpt":{"rendered":"<p>Por Redacci\u00f3n QP En su conferencia ma\u00f1anera de este lunes, Sheinbaum Pardo explic\u00f3 que ya&#8230;<\/p>\n","protected":false},"author":2,"featured_media":118905,"comment_status":"open","ping_status":"open","sticky":false,"template":"","format":"standard","meta":{"_monsterinsights_skip_tracking":false,"_monsterinsights_sitenote_active":false,"_monsterinsights_sitenote_note":"","_monsterinsights_sitenote_category":0,"footnotes":""},"categories":[280,2],"tags":[],"class_list":["post-118904","post","type-post","status-publish","format-standard","has-post-thumbnail","hentry","category-nacionales","category-noticias"],"yoast_head":"<!-- This site is optimized with the Yoast SEO plugin v27.3 - https:\/\/yoast.com\/product\/yoast-seo-wordpress\/ -->\n<title>&quot;Cero impunidad&quot;, promete Sheinbaum tras caso de huachicol fiscal -<\/title>\n<meta name=\"robots\" content=\"index, follow, max-snippet:-1, max-image-preview:large, max-video-preview:-1\" \/>\n<link rel=\"canonical\" href=\"https:\/\/quehacerpolitico.mx\/?p=118904\" \/>\n<meta property=\"og:locale\" content=\"es_MX\" \/>\n<meta property=\"og:type\" content=\"article\" \/>\n<meta property=\"og:title\" content=\"&quot;Cero impunidad&quot;, promete Sheinbaum tras caso de huachicol fiscal -\" \/>\n<meta property=\"og:description\" content=\"Por Redacci\u00f3n QP En su conferencia ma\u00f1anera de este lunes, Sheinbaum Pardo explic\u00f3 que ya...\" \/>\n<meta property=\"og:url\" content=\"https:\/\/quehacerpolitico.mx\/?p=118904\" \/>\n<meta property=\"article:published_time\" content=\"2025-09-08T17:38:42+00:00\" \/>\n<meta property=\"article:modified_time\" content=\"2025-09-08T17:38:45+00:00\" \/>\n<meta property=\"og:image\" content=\"https:\/\/quehacerpolitico.mx\/wp-content\/uploads\/2025\/09\/IMG_3339.jpeg\" \/>\n\t<meta property=\"og:image:width\" content=\"1170\" \/>\n\t<meta property=\"og:image:height\" content=\"651\" \/>\n\t<meta property=\"og:image:type\" content=\"image\/jpeg\" \/>\n<meta name=\"author\" content=\"Redacci\u00f3n QP\" \/>\n<meta name=\"twitter:card\" content=\"summary_large_image\" \/>\n<meta name=\"twitter:label1\" content=\"Escrito por\" \/>\n\t<meta name=\"twitter:data1\" content=\"Redacci\u00f3n QP\" \/>\n\t<meta name=\"twitter:label2\" content=\"Tiempo de lectura\" \/>\n\t<meta name=\"twitter:data2\" content=\"2 minutos\" \/>\n<script type=\"application\/ld+json\" class=\"yoast-schema-graph\">{\"@context\":\"https:\\\/\\\/schema.org\",\"@graph\":[{\"@type\":\"Article\",\"@id\":\"https:\\\/\\\/quehacerpolitico.mx\\\/?p=118904#article\",\"isPartOf\":{\"@id\":\"https:\\\/\\\/quehacerpolitico.mx\\\/?p=118904\"},\"author\":{\"name\":\"Redacci\u00f3n QP\",\"@id\":\"https:\\\/\\\/quehacerpolitico.mx\\\/#\\\/schema\\\/person\\\/496d8ad2d1d3f8036101dca7ee39e585\"},\"headline\":\"&#8220;Cero impunidad&#8221;, promete Sheinbaum tras caso de huachicol fiscal\",\"datePublished\":\"2025-09-08T17:38:42+00:00\",\"dateModified\":\"2025-09-08T17:38:45+00:00\",\"mainEntityOfPage\":{\"@id\":\"https:\\\/\\\/quehacerpolitico.mx\\\/?p=118904\"},\"wordCount\":475,\"commentCount\":0,\"image\":{\"@id\":\"https:\\\/\\\/quehacerpolitico.mx\\\/?p=118904#primaryimage\"},\"thumbnailUrl\":\"https:\\\/\\\/quehacerpolitico.mx\\\/wp-content\\\/uploads\\\/2025\\\/09\\\/IMG_3339.jpeg\",\"articleSection\":[\"Nacionales\",\"Noticias\"],\"inLanguage\":\"es\",\"potentialAction\":[{\"@type\":\"CommentAction\",\"name\":\"Comment\",\"target\":[\"https:\\\/\\\/quehacerpolitico.mx\\\/?p=118904#respond\"]}]},{\"@type\":\"WebPage\",\"@id\":\"https:\\\/\\\/quehacerpolitico.mx\\\/?p=118904\",\"url\":\"https:\\\/\\\/quehacerpolitico.mx\\\/?p=118904\",\"name\":\"\\\"Cero impunidad\\\", promete Sheinbaum tras caso de huachicol fiscal -\",\"isPartOf\":{\"@id\":\"https:\\\/\\\/quehacerpolitico.mx\\\/#website\"},\"primaryImageOfPage\":{\"@id\":\"https:\\\/\\\/quehacerpolitico.mx\\\/?p=118904#primaryimage\"},\"image\":{\"@id\":\"https:\\\/\\\/quehacerpolitico.mx\\\/?p=118904#primaryimage\"},\"thumbnailUrl\":\"https:\\\/\\\/quehacerpolitico.mx\\\/wp-content\\\/uploads\\\/2025\\\/09\\\/IMG_3339.jpeg\",\"datePublished\":\"2025-09-08T17:38:42+00:00\",\"dateModified\":\"2025-09-08T17:38:45+00:00\",\"author\":{\"@id\":\"https:\\\/\\\/quehacerpolitico.mx\\\/#\\\/schema\\\/person\\\/496d8ad2d1d3f8036101dca7ee39e585\"},\"breadcrumb\":{\"@id\":\"https:\\\/\\\/quehacerpolitico.mx\\\/?p=118904#breadcrumb\"},\"inLanguage\":\"es\",\"potentialAction\":[{\"@type\":\"ReadAction\",\"target\":[\"https:\\\/\\\/quehacerpolitico.mx\\\/?p=118904\"]}]},{\"@type\":\"ImageObject\",\"inLanguage\":\"es\",\"@id\":\"https:\\\/\\\/quehacerpolitico.mx\\\/?p=118904#primaryimage\",\"url\":\"https:\\\/\\\/quehacerpolitico.mx\\\/wp-content\\\/uploads\\\/2025\\\/09\\\/IMG_3339.jpeg\",\"contentUrl\":\"https:\\\/\\\/quehacerpolitico.mx\\\/wp-content\\\/uploads\\\/2025\\\/09\\\/IMG_3339.jpeg\",\"width\":1170,\"height\":651,\"caption\":\"Screenshot\"},{\"@type\":\"BreadcrumbList\",\"@id\":\"https:\\\/\\\/quehacerpolitico.mx\\\/?p=118904#breadcrumb\",\"itemListElement\":[{\"@type\":\"ListItem\",\"position\":1,\"name\":\"Inicio\",\"item\":\"https:\\\/\\\/quehacerpolitico.mx\\\/\"},{\"@type\":\"ListItem\",\"position\":2,\"name\":\"&#8220;Cero impunidad&#8221;, promete Sheinbaum tras caso de huachicol fiscal\"}]},{\"@type\":\"WebSite\",\"@id\":\"https:\\\/\\\/quehacerpolitico.mx\\\/#website\",\"url\":\"https:\\\/\\\/quehacerpolitico.mx\\\/\",\"name\":\"\",\"description\":\"\",\"potentialAction\":[{\"@type\":\"SearchAction\",\"target\":{\"@type\":\"EntryPoint\",\"urlTemplate\":\"https:\\\/\\\/quehacerpolitico.mx\\\/?s={search_term_string}\"},\"query-input\":{\"@type\":\"PropertyValueSpecification\",\"valueRequired\":true,\"valueName\":\"search_term_string\"}}],\"inLanguage\":\"es\"},{\"@type\":\"Person\",\"@id\":\"https:\\\/\\\/quehacerpolitico.mx\\\/#\\\/schema\\\/person\\\/496d8ad2d1d3f8036101dca7ee39e585\",\"name\":\"Redacci\u00f3n QP\",\"image\":{\"@type\":\"ImageObject\",\"inLanguage\":\"es\",\"@id\":\"https:\\\/\\\/secure.gravatar.com\\\/avatar\\\/c7164ed6fdec453195284ad24a5ae5b6e1eed2b848477fa2a4787ba9adf39a41?s=96&d=mm&r=g\",\"url\":\"https:\\\/\\\/secure.gravatar.com\\\/avatar\\\/c7164ed6fdec453195284ad24a5ae5b6e1eed2b848477fa2a4787ba9adf39a41?s=96&d=mm&r=g\",\"contentUrl\":\"https:\\\/\\\/secure.gravatar.com\\\/avatar\\\/c7164ed6fdec453195284ad24a5ae5b6e1eed2b848477fa2a4787ba9adf39a41?s=96&d=mm&r=g\",\"caption\":\"Redacci\u00f3n QP\"},\"url\":\"https:\\\/\\\/quehacerpolitico.mx\\\/?author=2\"}]}<\/script>\n<!-- \/ Yoast SEO plugin. -->","yoast_head_json":{"title":"\"Cero impunidad\", promete Sheinbaum tras caso de huachicol fiscal -","robots":{"index":"index","follow":"follow","max-snippet":"max-snippet:-1","max-image-preview":"max-image-preview:large","max-video-preview":"max-video-preview:-1"},"canonical":"https:\/\/quehacerpolitico.mx\/?p=118904","og_locale":"es_MX","og_type":"article","og_title":"\"Cero impunidad\", promete Sheinbaum tras caso de huachicol fiscal -","og_description":"Por Redacci\u00f3n QP En su conferencia ma\u00f1anera de este lunes, Sheinbaum Pardo explic\u00f3 que ya...","og_url":"https:\/\/quehacerpolitico.mx\/?p=118904","article_published_time":"2025-09-08T17:38:42+00:00","article_modified_time":"2025-09-08T17:38:45+00:00","og_image":[{"width":1170,"height":651,"url":"https:\/\/quehacerpolitico.mx\/wp-content\/uploads\/2025\/09\/IMG_3339.jpeg","type":"image\/jpeg"}],"author":"Redacci\u00f3n QP","twitter_card":"summary_large_image","twitter_misc":{"Escrito por":"Redacci\u00f3n QP","Tiempo de lectura":"2 minutos"},"schema":{"@context":"https:\/\/schema.org","@graph":[{"@type":"Article","@id":"https:\/\/quehacerpolitico.mx\/?p=118904#article","isPartOf":{"@id":"https:\/\/quehacerpolitico.mx\/?p=118904"},"author":{"name":"Redacci\u00f3n QP","@id":"https:\/\/quehacerpolitico.mx\/#\/schema\/person\/496d8ad2d1d3f8036101dca7ee39e585"},"headline":"&#8220;Cero impunidad&#8221;, promete Sheinbaum tras caso de huachicol fiscal","datePublished":"2025-09-08T17:38:42+00:00","dateModified":"2025-09-08T17:38:45+00:00","mainEntityOfPage":{"@id":"https:\/\/quehacerpolitico.mx\/?p=118904"},"wordCount":475,"commentCount":0,"image":{"@id":"https:\/\/quehacerpolitico.mx\/?p=118904#primaryimage"},"thumbnailUrl":"https:\/\/quehacerpolitico.mx\/wp-content\/uploads\/2025\/09\/IMG_3339.jpeg","articleSection":["Nacionales","Noticias"],"inLanguage":"es","potentialAction":[{"@type":"CommentAction","name":"Comment","target":["https:\/\/quehacerpolitico.mx\/?p=118904#respond"]}]},{"@type":"WebPage","@id":"https:\/\/quehacerpolitico.mx\/?p=118904","url":"https:\/\/quehacerpolitico.mx\/?p=118904","name":"\"Cero impunidad\", promete Sheinbaum tras caso de huachicol fiscal -","isPartOf":{"@id":"https:\/\/quehacerpolitico.mx\/#website"},"primaryImageOfPage":{"@id":"https:\/\/quehacerpolitico.mx\/?p=118904#primaryimage"},"image":{"@id":"https:\/\/quehacerpolitico.mx\/?p=118904#primaryimage"},"thumbnailUrl":"https:\/\/quehacerpolitico.mx\/wp-content\/uploads\/2025\/09\/IMG_3339.jpeg","datePublished":"2025-09-08T17:38:42+00:00","dateModified":"2025-09-08T17:38:45+00:00","author":{"@id":"https:\/\/quehacerpolitico.mx\/#\/schema\/person\/496d8ad2d1d3f8036101dca7ee39e585"},"breadcrumb":{"@id":"https:\/\/quehacerpolitico.mx\/?p=118904#breadcrumb"},"inLanguage":"es","potentialAction":[{"@type":"ReadAction","target":["https:\/\/quehacerpolitico.mx\/?p=118904"]}]},{"@type":"ImageObject","inLanguage":"es","@id":"https:\/\/quehacerpolitico.mx\/?p=118904#primaryimage","url":"https:\/\/quehacerpolitico.mx\/wp-content\/uploads\/2025\/09\/IMG_3339.jpeg","contentUrl":"https:\/\/quehacerpolitico.mx\/wp-content\/uploads\/2025\/09\/IMG_3339.jpeg","width":1170,"height":651,"caption":"Screenshot"},{"@type":"BreadcrumbList","@id":"https:\/\/quehacerpolitico.mx\/?p=118904#breadcrumb","itemListElement":[{"@type":"ListItem","position":1,"name":"Inicio","item":"https:\/\/quehacerpolitico.mx\/"},{"@type":"ListItem","position":2,"name":"&#8220;Cero impunidad&#8221;, promete Sheinbaum tras caso de huachicol fiscal"}]},{"@type":"WebSite","@id":"https:\/\/quehacerpolitico.mx\/#website","url":"https:\/\/quehacerpolitico.mx\/","name":"","description":"","potentialAction":[{"@type":"SearchAction","target":{"@type":"EntryPoint","urlTemplate":"https:\/\/quehacerpolitico.mx\/?s={search_term_string}"},"query-input":{"@type":"PropertyValueSpecification","valueRequired":true,"valueName":"search_term_string"}}],"inLanguage":"es"},{"@type":"Person","@id":"https:\/\/quehacerpolitico.mx\/#\/schema\/person\/496d8ad2d1d3f8036101dca7ee39e585","name":"Redacci\u00f3n QP","image":{"@type":"ImageObject","inLanguage":"es","@id":"https:\/\/secure.gravatar.com\/avatar\/c7164ed6fdec453195284ad24a5ae5b6e1eed2b848477fa2a4787ba9adf39a41?s=96&d=mm&r=g","url":"https:\/\/secure.gravatar.com\/avatar\/c7164ed6fdec453195284ad24a5ae5b6e1eed2b848477fa2a4787ba9adf39a41?s=96&d=mm&r=g","contentUrl":"https:\/\/secure.gravatar.com\/avatar\/c7164ed6fdec453195284ad24a5ae5b6e1eed2b848477fa2a4787ba9adf39a41?s=96&d=mm&r=g","caption":"Redacci\u00f3n QP"},"url":"https:\/\/quehacerpolitico.mx\/?author=2"}]}},"featured_image_urls":{"full":["https:\/\/quehacerpolitico.mx\/wp-content\/uploads\/2025\/09\/IMG_3339.jpeg",1170,651,false],"thumbnail":["https:\/\/quehacerpolitico.mx\/wp-content\/uploads\/2025\/09\/IMG_3339-150x150.jpeg",150,150,true],"medium":["https:\/\/quehacerpolitico.mx\/wp-content\/uploads\/2025\/09\/IMG_3339-300x167.jpeg",300,167,true],"medium_large":["https:\/\/quehacerpolitico.mx\/wp-content\/uploads\/2025\/09\/IMG_3339-768x427.jpeg",640,356,true],"large":["https:\/\/quehacerpolitico.mx\/wp-content\/uploads\/2025\/09\/IMG_3339-1024x570.jpeg",640,356,true],"1536x1536":["https:\/\/quehacerpolitico.mx\/wp-content\/uploads\/2025\/09\/IMG_3339.jpeg",1170,651,false],"2048x2048":["https:\/\/quehacerpolitico.mx\/wp-content\/uploads\/2025\/09\/IMG_3339.jpeg",1170,651,false],"covernews-featured":["https:\/\/quehacerpolitico.mx\/wp-content\/uploads\/2025\/09\/IMG_3339-1024x570.jpeg",1024,570,true],"covernews-medium":["https:\/\/quehacerpolitico.mx\/wp-content\/uploads\/2025\/09\/IMG_3339-540x340.jpeg",540,340,true]},"author_info":{"display_name":"Redacci\u00f3n QP","author_link":"https:\/\/quehacerpolitico.mx\/?author=2"},"category_info":"<a href=\"https:\/\/quehacerpolitico.mx\/?cat=280\" rel=\"category\">Nacionales<\/a> <a href=\"https:\/\/quehacerpolitico.mx\/?cat=2\" rel=\"category\">Noticias<\/a>","tag_info":"Noticias","comment_count":"0","_links":{"self":[{"href":"https:\/\/quehacerpolitico.mx\/index.php?rest_route=\/wp\/v2\/posts\/118904","targetHints":{"allow":["GET"]}}],"collection":[{"href":"https:\/\/quehacerpolitico.mx\/index.php?rest_route=\/wp\/v2\/posts"}],"about":[{"href":"https:\/\/quehacerpolitico.mx\/index.php?rest_route=\/wp\/v2\/types\/post"}],"author":[{"embeddable":true,"href":"https:\/\/quehacerpolitico.mx\/index.php?rest_route=\/wp\/v2\/users\/2"}],"replies":[{"embeddable":true,"href":"https:\/\/quehacerpolitico.mx\/index.php?rest_route=%2Fwp%2Fv2%2Fcomments&post=118904"}],"version-history":[{"count":1,"href":"https:\/\/quehacerpolitico.mx\/index.php?rest_route=\/wp\/v2\/posts\/118904\/revisions"}],"predecessor-version":[{"id":118906,"href":"https:\/\/quehacerpolitico.mx\/index.php?rest_route=\/wp\/v2\/posts\/118904\/revisions\/118906"}],"wp:featuredmedia":[{"embeddable":true,"href":"https:\/\/quehacerpolitico.mx\/index.php?rest_route=\/wp\/v2\/media\/118905"}],"wp:attachment":[{"href":"https:\/\/quehacerpolitico.mx\/index.php?rest_route=%2Fwp%2Fv2%2Fmedia&parent=118904"}],"wp:term":[{"taxonomy":"category","embeddable":true,"href":"https:\/\/quehacerpolitico.mx\/index.php?rest_route=%2Fwp%2Fv2%2Fcategories&post=118904"},{"taxonomy":"post_tag","embeddable":true,"href":"https:\/\/quehacerpolitico.mx\/index.php?rest_route=%2Fwp%2Fv2%2Ftags&post=118904"}],"curies":[{"name":"wp","href":"https:\/\/api.w.org\/{rel}","templated":true}]}}