{"id":118897,"date":"2025-09-08T08:14:21","date_gmt":"2025-09-08T14:14:21","guid":{"rendered":"https:\/\/quehacerpolitico.mx\/?p=118897"},"modified":"2025-09-08T08:48:11","modified_gmt":"2025-09-08T14:48:11","slug":"el-quehacer-politico-a-traves-jose-alberto-prado-angeles-presidente-de-paz-departamento-de-guerra-un-nuevo-nombre-que-envia-senales-contradictorias","status":"publish","type":"post","link":"https:\/\/quehacerpolitico.mx\/?p=118897","title":{"rendered":"El Quehacer Pol\u00edtico a trav\u00e9s\/\/\/Jose Alberto Prado Angeles\/\/\/\u201cPresidente de Paz, Departamento de Guerra. Un nuevo nombre que env\u00eda se\u00f1ales contradictorias\u201d"},"content":{"rendered":"\n<p>Por Jos\u00e9 Alberto Prado Angeles<\/p>\n\n\n\n<p>Director General y Editor<\/p>\n\n\n\n<p>El mensaje que public\u00f3 -en su red Truth Social- el s\u00e1bado por la ma\u00f1ana Donald Trump lo dice todo. Ataviado con una camisa verde -tipo militar sin insignias-, llevando montado un sombrero de la Uni\u00f3n -como los que se usaron en la Guerra Civil-, observando el sobrevuelo de helic\u00f3pteros sobre el Lago Michigan -con los edificios del centro de Chicago en el fondo- y una leyenda \u201cMe encanta el olor de las deportaciones por la ma\u00f1ana. Chicago est\u00e1 a punto de descubrir por qu\u00e9 se llama Departamento de Guerra\u201d. No hay nada que agregar, porque el mensaje es claro y directo: La amenaza de que la Guardia Nacional -as\u00ed como sucedi\u00f3 en Los \u00c1ngeles y Washington- pronto estar\u00e1 en las calles de la \u2018ciudad de los vientos\u2019 para combatir los elevados \u00edndices de criminalidad -seg\u00fan argumenta el inquilino de la oficina Oval-, cuando el departamento de polic\u00eda de Chicago ha dicho este fin de semana que en los 2 \u00faltimos a\u00f1os el crimen en general se ha reducido en 15 por ciento, mientras que los asesinatos los robos y asesinatos violentos concretamente se han disminuido hasta en un 35 por ciento.<\/p>\n\n\n\n<p>La respuesta del gobernador de Illinois no se dej\u00f3 esperar en las redes sociales, donde JB Pritzke escribi\u00f3: \u201cEl presidente est\u00e1 amenazando con ir a la guerra contra una ciudad estadounidense. Esto no es una broma. Esto no es normal. Donald Trump es un hombre fuerte, es un hombre asustado. Illinois no se dejar\u00e1 intimidar por un aspirante a dictador\u201d.<\/p>\n\n\n\n<p>Ya hace dos semanas Donald Trump hab\u00eda salido para hacer frente al mismo se\u00f1alamiento -de otros sectores de la sociedad- que lo ubican como \u201cdictador\u201d por hacer uso innecesario de la Guardia Nacional para apoyar las labores de agentes de inmigraci\u00f3n -ICE- y para supuestamente combatir la criminalidad. \u201cNo soy un dictador. Soy un hombre con gran sentido com\u00fan y una persona inteligente\u201d. Y aqu\u00ed en este espacio -29 de agosto- hablamos del tema y titulamos la reflexi\u00f3n, \u201cDice que no es dictador, pero \u2018pinta\u2019\u201d. Pero ahora ya no s\u00f3lo \u2018pinta\u2019, sino que se empieza consolidar como tal, porqu\u00e9 con mensajes tan gr\u00e1ficos como el del s\u00e1bado no lo ubican como un mandatario \u201ccon gran sentido com\u00fan\u201d y menos \u201cuna persona inteligente\u201d. Y menos cuando el viernes anunci\u00f3 tambi\u00e9n que planea organizar la cumbre del Grupo de los 20 (G20) del a\u00f1o pr\u00f3ximo en su club de golf Trump National Doral en Florida, violando la ley y normas \u00e9ticas por el conflicto de intereses.<\/p>\n\n\n\n<p>Este mismo fin de semana The New York Times publica un art\u00edculo que titula, \u201cPresidente de Paz, Departamento de Guerra. Un nuevo nombre que env\u00eda se\u00f1ales contradictorias\u201d, donde hace referencia a que en su \u00faltima campa\u00f1a presidencial \u201cprometi\u00f3 que Estados Unidos se involucrar\u00eda en guerra y se mantendr\u00e1 fuera de ella\u201d. Y se refiere a que en su mensaje de toma de posesi\u00f3n habl\u00f3 de \u201cunificaci\u00f3n\u201d, haciendo -inclusive- en sus primeros meses de gobierno una campa\u00f1a personal por obtener el Premio Nobel de la Paz. Pero con el cambio de nombre del Departamento de Defensa a Departamento de Guerra y con sus amenazas de usar la fuerza militar en contra de la misma sociedad, dizque para regresar el orden, nos hablan de que ahora las cosas \u201cno pintan bien\u201d en Washington.<\/p>\n\n\n\n<p>As\u00ed el Quehacer Pol\u00edtico Desde 1980, 45 a\u00f1os inquiriendo en la pol\u00edtica de M\u00e9xico, cuestionando, exponiendo, revelando y razonando.Es cuanto.<\/p>\n","protected":false},"excerpt":{"rendered":"<p>Por Jos\u00e9 Alberto Prado Angeles Director General y Editor El mensaje que public\u00f3 -en su&#8230;<\/p>\n","protected":false},"author":2,"featured_media":118892,"comment_status":"open","ping_status":"open","sticky":false,"template":"","format":"standard","meta":{"_monsterinsights_skip_tracking":false,"_monsterinsights_sitenote_active":false,"_monsterinsights_sitenote_note":"","_monsterinsights_sitenote_category":0,"footnotes":""},"categories":[1,280,2],"tags":[],"class_list":["post-118897","post","type-post","status-publish","format-standard","has-post-thumbnail","hentry","category-sin-categoria","category-nacionales","category-noticias"],"yoast_head":"<!-- This site is optimized with the Yoast SEO plugin v27.3 - https:\/\/yoast.com\/product\/yoast-seo-wordpress\/ -->\n<title>El Quehacer Pol\u00edtico a trav\u00e9s\/\/\/Jose Alberto Prado Angeles\/\/\/\u201cPresidente de Paz, Departamento de Guerra. Un nuevo nombre que env\u00eda se\u00f1ales contradictorias\u201d -<\/title>\n<meta name=\"robots\" content=\"index, follow, max-snippet:-1, max-image-preview:large, max-video-preview:-1\" \/>\n<link rel=\"canonical\" href=\"https:\/\/quehacerpolitico.mx\/?p=118897\" \/>\n<meta property=\"og:locale\" content=\"es_MX\" \/>\n<meta property=\"og:type\" content=\"article\" \/>\n<meta property=\"og:title\" content=\"El Quehacer Pol\u00edtico a trav\u00e9s\/\/\/Jose Alberto Prado Angeles\/\/\/\u201cPresidente de Paz, Departamento de Guerra. Un nuevo nombre que env\u00eda se\u00f1ales contradictorias\u201d -\" \/>\n<meta property=\"og:description\" content=\"Por Jos\u00e9 Alberto Prado Angeles Director General y Editor El mensaje que public\u00f3 -en su...\" \/>\n<meta property=\"og:url\" content=\"https:\/\/quehacerpolitico.mx\/?p=118897\" \/>\n<meta property=\"article:published_time\" content=\"2025-09-08T14:14:21+00:00\" \/>\n<meta property=\"article:modified_time\" content=\"2025-09-08T14:48:11+00:00\" \/>\n<meta property=\"og:image\" content=\"https:\/\/quehacerpolitico.mx\/wp-content\/uploads\/2025\/09\/fb07bd44-0f95-41a8-8353-f61c55b6d960-4.jpeg\" \/>\n\t<meta property=\"og:image:width\" content=\"963\" \/>\n\t<meta property=\"og:image:height\" content=\"493\" \/>\n\t<meta property=\"og:image:type\" content=\"image\/jpeg\" \/>\n<meta name=\"author\" content=\"Redacci\u00f3n QP\" \/>\n<meta name=\"twitter:card\" content=\"summary_large_image\" \/>\n<meta name=\"twitter:label1\" content=\"Escrito por\" \/>\n\t<meta name=\"twitter:data1\" content=\"Redacci\u00f3n QP\" \/>\n\t<meta name=\"twitter:label2\" content=\"Tiempo de lectura\" \/>\n\t<meta name=\"twitter:data2\" content=\"3 minutos\" \/>\n<script type=\"application\/ld+json\" class=\"yoast-schema-graph\">{\"@context\":\"https:\\\/\\\/schema.org\",\"@graph\":[{\"@type\":\"Article\",\"@id\":\"https:\\\/\\\/quehacerpolitico.mx\\\/?p=118897#article\",\"isPartOf\":{\"@id\":\"https:\\\/\\\/quehacerpolitico.mx\\\/?p=118897\"},\"author\":{\"name\":\"Redacci\u00f3n QP\",\"@id\":\"https:\\\/\\\/quehacerpolitico.mx\\\/#\\\/schema\\\/person\\\/496d8ad2d1d3f8036101dca7ee39e585\"},\"headline\":\"El Quehacer Pol\u00edtico a trav\u00e9s\\\/\\\/\\\/Jose Alberto Prado Angeles\\\/\\\/\\\/\u201cPresidente de Paz, Departamento de Guerra. Un nuevo nombre que env\u00eda se\u00f1ales contradictorias\u201d\",\"datePublished\":\"2025-09-08T14:14:21+00:00\",\"dateModified\":\"2025-09-08T14:48:11+00:00\",\"mainEntityOfPage\":{\"@id\":\"https:\\\/\\\/quehacerpolitico.mx\\\/?p=118897\"},\"wordCount\":628,\"commentCount\":0,\"image\":{\"@id\":\"https:\\\/\\\/quehacerpolitico.mx\\\/?p=118897#primaryimage\"},\"thumbnailUrl\":\"https:\\\/\\\/quehacerpolitico.mx\\\/wp-content\\\/uploads\\\/2025\\\/09\\\/fb07bd44-0f95-41a8-8353-f61c55b6d960-4.jpeg\",\"articleSection\":[\"Internacionales\",\"Nacionales\",\"Noticias\"],\"inLanguage\":\"es\",\"potentialAction\":[{\"@type\":\"CommentAction\",\"name\":\"Comment\",\"target\":[\"https:\\\/\\\/quehacerpolitico.mx\\\/?p=118897#respond\"]}]},{\"@type\":\"WebPage\",\"@id\":\"https:\\\/\\\/quehacerpolitico.mx\\\/?p=118897\",\"url\":\"https:\\\/\\\/quehacerpolitico.mx\\\/?p=118897\",\"name\":\"El Quehacer Pol\u00edtico a trav\u00e9s\\\/\\\/\\\/Jose Alberto Prado Angeles\\\/\\\/\\\/\u201cPresidente de Paz, Departamento de Guerra. Un nuevo nombre que env\u00eda se\u00f1ales contradictorias\u201d -\",\"isPartOf\":{\"@id\":\"https:\\\/\\\/quehacerpolitico.mx\\\/#website\"},\"primaryImageOfPage\":{\"@id\":\"https:\\\/\\\/quehacerpolitico.mx\\\/?p=118897#primaryimage\"},\"image\":{\"@id\":\"https:\\\/\\\/quehacerpolitico.mx\\\/?p=118897#primaryimage\"},\"thumbnailUrl\":\"https:\\\/\\\/quehacerpolitico.mx\\\/wp-content\\\/uploads\\\/2025\\\/09\\\/fb07bd44-0f95-41a8-8353-f61c55b6d960-4.jpeg\",\"datePublished\":\"2025-09-08T14:14:21+00:00\",\"dateModified\":\"2025-09-08T14:48:11+00:00\",\"author\":{\"@id\":\"https:\\\/\\\/quehacerpolitico.mx\\\/#\\\/schema\\\/person\\\/496d8ad2d1d3f8036101dca7ee39e585\"},\"breadcrumb\":{\"@id\":\"https:\\\/\\\/quehacerpolitico.mx\\\/?p=118897#breadcrumb\"},\"inLanguage\":\"es\",\"potentialAction\":[{\"@type\":\"ReadAction\",\"target\":[\"https:\\\/\\\/quehacerpolitico.mx\\\/?p=118897\"]}]},{\"@type\":\"ImageObject\",\"inLanguage\":\"es\",\"@id\":\"https:\\\/\\\/quehacerpolitico.mx\\\/?p=118897#primaryimage\",\"url\":\"https:\\\/\\\/quehacerpolitico.mx\\\/wp-content\\\/uploads\\\/2025\\\/09\\\/fb07bd44-0f95-41a8-8353-f61c55b6d960-4.jpeg\",\"contentUrl\":\"https:\\\/\\\/quehacerpolitico.mx\\\/wp-content\\\/uploads\\\/2025\\\/09\\\/fb07bd44-0f95-41a8-8353-f61c55b6d960-4.jpeg\",\"width\":963,\"height\":493},{\"@type\":\"BreadcrumbList\",\"@id\":\"https:\\\/\\\/quehacerpolitico.mx\\\/?p=118897#breadcrumb\",\"itemListElement\":[{\"@type\":\"ListItem\",\"position\":1,\"name\":\"Inicio\",\"item\":\"https:\\\/\\\/quehacerpolitico.mx\\\/\"},{\"@type\":\"ListItem\",\"position\":2,\"name\":\"El Quehacer Pol\u00edtico a trav\u00e9s\\\/\\\/\\\/Jose Alberto Prado Angeles\\\/\\\/\\\/\u201cPresidente de Paz, Departamento de Guerra. Un nuevo nombre que env\u00eda se\u00f1ales contradictorias\u201d\"}]},{\"@type\":\"WebSite\",\"@id\":\"https:\\\/\\\/quehacerpolitico.mx\\\/#website\",\"url\":\"https:\\\/\\\/quehacerpolitico.mx\\\/\",\"name\":\"\",\"description\":\"\",\"potentialAction\":[{\"@type\":\"SearchAction\",\"target\":{\"@type\":\"EntryPoint\",\"urlTemplate\":\"https:\\\/\\\/quehacerpolitico.mx\\\/?s={search_term_string}\"},\"query-input\":{\"@type\":\"PropertyValueSpecification\",\"valueRequired\":true,\"valueName\":\"search_term_string\"}}],\"inLanguage\":\"es\"},{\"@type\":\"Person\",\"@id\":\"https:\\\/\\\/quehacerpolitico.mx\\\/#\\\/schema\\\/person\\\/496d8ad2d1d3f8036101dca7ee39e585\",\"name\":\"Redacci\u00f3n QP\",\"image\":{\"@type\":\"ImageObject\",\"inLanguage\":\"es\",\"@id\":\"https:\\\/\\\/secure.gravatar.com\\\/avatar\\\/c7164ed6fdec453195284ad24a5ae5b6e1eed2b848477fa2a4787ba9adf39a41?s=96&d=mm&r=g\",\"url\":\"https:\\\/\\\/secure.gravatar.com\\\/avatar\\\/c7164ed6fdec453195284ad24a5ae5b6e1eed2b848477fa2a4787ba9adf39a41?s=96&d=mm&r=g\",\"contentUrl\":\"https:\\\/\\\/secure.gravatar.com\\\/avatar\\\/c7164ed6fdec453195284ad24a5ae5b6e1eed2b848477fa2a4787ba9adf39a41?s=96&d=mm&r=g\",\"caption\":\"Redacci\u00f3n QP\"},\"url\":\"https:\\\/\\\/quehacerpolitico.mx\\\/?author=2\"}]}<\/script>\n<!-- \/ Yoast SEO plugin. -->","yoast_head_json":{"title":"El Quehacer Pol\u00edtico a trav\u00e9s\/\/\/Jose Alberto Prado Angeles\/\/\/\u201cPresidente de Paz, Departamento de Guerra. Un nuevo nombre que env\u00eda se\u00f1ales contradictorias\u201d -","robots":{"index":"index","follow":"follow","max-snippet":"max-snippet:-1","max-image-preview":"max-image-preview:large","max-video-preview":"max-video-preview:-1"},"canonical":"https:\/\/quehacerpolitico.mx\/?p=118897","og_locale":"es_MX","og_type":"article","og_title":"El Quehacer Pol\u00edtico a trav\u00e9s\/\/\/Jose Alberto Prado Angeles\/\/\/\u201cPresidente de Paz, Departamento de Guerra. Un nuevo nombre que env\u00eda se\u00f1ales contradictorias\u201d -","og_description":"Por Jos\u00e9 Alberto Prado Angeles Director General y Editor El mensaje que public\u00f3 -en su...","og_url":"https:\/\/quehacerpolitico.mx\/?p=118897","article_published_time":"2025-09-08T14:14:21+00:00","article_modified_time":"2025-09-08T14:48:11+00:00","og_image":[{"width":963,"height":493,"url":"https:\/\/quehacerpolitico.mx\/wp-content\/uploads\/2025\/09\/fb07bd44-0f95-41a8-8353-f61c55b6d960-4.jpeg","type":"image\/jpeg"}],"author":"Redacci\u00f3n QP","twitter_card":"summary_large_image","twitter_misc":{"Escrito por":"Redacci\u00f3n QP","Tiempo de lectura":"3 minutos"},"schema":{"@context":"https:\/\/schema.org","@graph":[{"@type":"Article","@id":"https:\/\/quehacerpolitico.mx\/?p=118897#article","isPartOf":{"@id":"https:\/\/quehacerpolitico.mx\/?p=118897"},"author":{"name":"Redacci\u00f3n QP","@id":"https:\/\/quehacerpolitico.mx\/#\/schema\/person\/496d8ad2d1d3f8036101dca7ee39e585"},"headline":"El Quehacer Pol\u00edtico a trav\u00e9s\/\/\/Jose Alberto Prado Angeles\/\/\/\u201cPresidente de Paz, Departamento de Guerra. Un nuevo nombre que env\u00eda se\u00f1ales contradictorias\u201d","datePublished":"2025-09-08T14:14:21+00:00","dateModified":"2025-09-08T14:48:11+00:00","mainEntityOfPage":{"@id":"https:\/\/quehacerpolitico.mx\/?p=118897"},"wordCount":628,"commentCount":0,"image":{"@id":"https:\/\/quehacerpolitico.mx\/?p=118897#primaryimage"},"thumbnailUrl":"https:\/\/quehacerpolitico.mx\/wp-content\/uploads\/2025\/09\/fb07bd44-0f95-41a8-8353-f61c55b6d960-4.jpeg","articleSection":["Internacionales","Nacionales","Noticias"],"inLanguage":"es","potentialAction":[{"@type":"CommentAction","name":"Comment","target":["https:\/\/quehacerpolitico.mx\/?p=118897#respond"]}]},{"@type":"WebPage","@id":"https:\/\/quehacerpolitico.mx\/?p=118897","url":"https:\/\/quehacerpolitico.mx\/?p=118897","name":"El Quehacer Pol\u00edtico a trav\u00e9s\/\/\/Jose Alberto Prado Angeles\/\/\/\u201cPresidente de Paz, Departamento de Guerra. Un nuevo nombre que env\u00eda se\u00f1ales contradictorias\u201d -","isPartOf":{"@id":"https:\/\/quehacerpolitico.mx\/#website"},"primaryImageOfPage":{"@id":"https:\/\/quehacerpolitico.mx\/?p=118897#primaryimage"},"image":{"@id":"https:\/\/quehacerpolitico.mx\/?p=118897#primaryimage"},"thumbnailUrl":"https:\/\/quehacerpolitico.mx\/wp-content\/uploads\/2025\/09\/fb07bd44-0f95-41a8-8353-f61c55b6d960-4.jpeg","datePublished":"2025-09-08T14:14:21+00:00","dateModified":"2025-09-08T14:48:11+00:00","author":{"@id":"https:\/\/quehacerpolitico.mx\/#\/schema\/person\/496d8ad2d1d3f8036101dca7ee39e585"},"breadcrumb":{"@id":"https:\/\/quehacerpolitico.mx\/?p=118897#breadcrumb"},"inLanguage":"es","potentialAction":[{"@type":"ReadAction","target":["https:\/\/quehacerpolitico.mx\/?p=118897"]}]},{"@type":"ImageObject","inLanguage":"es","@id":"https:\/\/quehacerpolitico.mx\/?p=118897#primaryimage","url":"https:\/\/quehacerpolitico.mx\/wp-content\/uploads\/2025\/09\/fb07bd44-0f95-41a8-8353-f61c55b6d960-4.jpeg","contentUrl":"https:\/\/quehacerpolitico.mx\/wp-content\/uploads\/2025\/09\/fb07bd44-0f95-41a8-8353-f61c55b6d960-4.jpeg","width":963,"height":493},{"@type":"BreadcrumbList","@id":"https:\/\/quehacerpolitico.mx\/?p=118897#breadcrumb","itemListElement":[{"@type":"ListItem","position":1,"name":"Inicio","item":"https:\/\/quehacerpolitico.mx\/"},{"@type":"ListItem","position":2,"name":"El Quehacer Pol\u00edtico a trav\u00e9s\/\/\/Jose Alberto Prado Angeles\/\/\/\u201cPresidente de Paz, Departamento de Guerra. Un nuevo nombre que env\u00eda se\u00f1ales contradictorias\u201d"}]},{"@type":"WebSite","@id":"https:\/\/quehacerpolitico.mx\/#website","url":"https:\/\/quehacerpolitico.mx\/","name":"","description":"","potentialAction":[{"@type":"SearchAction","target":{"@type":"EntryPoint","urlTemplate":"https:\/\/quehacerpolitico.mx\/?s={search_term_string}"},"query-input":{"@type":"PropertyValueSpecification","valueRequired":true,"valueName":"search_term_string"}}],"inLanguage":"es"},{"@type":"Person","@id":"https:\/\/quehacerpolitico.mx\/#\/schema\/person\/496d8ad2d1d3f8036101dca7ee39e585","name":"Redacci\u00f3n QP","image":{"@type":"ImageObject","inLanguage":"es","@id":"https:\/\/secure.gravatar.com\/avatar\/c7164ed6fdec453195284ad24a5ae5b6e1eed2b848477fa2a4787ba9adf39a41?s=96&d=mm&r=g","url":"https:\/\/secure.gravatar.com\/avatar\/c7164ed6fdec453195284ad24a5ae5b6e1eed2b848477fa2a4787ba9adf39a41?s=96&d=mm&r=g","contentUrl":"https:\/\/secure.gravatar.com\/avatar\/c7164ed6fdec453195284ad24a5ae5b6e1eed2b848477fa2a4787ba9adf39a41?s=96&d=mm&r=g","caption":"Redacci\u00f3n QP"},"url":"https:\/\/quehacerpolitico.mx\/?author=2"}]}},"featured_image_urls":{"full":["https:\/\/quehacerpolitico.mx\/wp-content\/uploads\/2025\/09\/fb07bd44-0f95-41a8-8353-f61c55b6d960-4.jpeg",963,493,false],"thumbnail":["https:\/\/quehacerpolitico.mx\/wp-content\/uploads\/2025\/09\/fb07bd44-0f95-41a8-8353-f61c55b6d960-4-150x150.jpeg",150,150,true],"medium":["https:\/\/quehacerpolitico.mx\/wp-content\/uploads\/2025\/09\/fb07bd44-0f95-41a8-8353-f61c55b6d960-4-300x154.jpeg",300,154,true],"medium_large":["https:\/\/quehacerpolitico.mx\/wp-content\/uploads\/2025\/09\/fb07bd44-0f95-41a8-8353-f61c55b6d960-4-768x393.jpeg",640,328,true],"large":["https:\/\/quehacerpolitico.mx\/wp-content\/uploads\/2025\/09\/fb07bd44-0f95-41a8-8353-f61c55b6d960-4.jpeg",640,328,false],"1536x1536":["https:\/\/quehacerpolitico.mx\/wp-content\/uploads\/2025\/09\/fb07bd44-0f95-41a8-8353-f61c55b6d960-4.jpeg",963,493,false],"2048x2048":["https:\/\/quehacerpolitico.mx\/wp-content\/uploads\/2025\/09\/fb07bd44-0f95-41a8-8353-f61c55b6d960-4.jpeg",963,493,false],"covernews-featured":["https:\/\/quehacerpolitico.mx\/wp-content\/uploads\/2025\/09\/fb07bd44-0f95-41a8-8353-f61c55b6d960-4.jpeg",963,493,false],"covernews-medium":["https:\/\/quehacerpolitico.mx\/wp-content\/uploads\/2025\/09\/fb07bd44-0f95-41a8-8353-f61c55b6d960-4-540x340.jpeg",540,340,true]},"author_info":{"display_name":"Redacci\u00f3n QP","author_link":"https:\/\/quehacerpolitico.mx\/?author=2"},"category_info":"<a href=\"https:\/\/quehacerpolitico.mx\/?cat=1\" rel=\"category\">Internacionales<\/a> <a href=\"https:\/\/quehacerpolitico.mx\/?cat=280\" rel=\"category\">Nacionales<\/a> <a href=\"https:\/\/quehacerpolitico.mx\/?cat=2\" rel=\"category\">Noticias<\/a>","tag_info":"Noticias","comment_count":"0","_links":{"self":[{"href":"https:\/\/quehacerpolitico.mx\/index.php?rest_route=\/wp\/v2\/posts\/118897","targetHints":{"allow":["GET"]}}],"collection":[{"href":"https:\/\/quehacerpolitico.mx\/index.php?rest_route=\/wp\/v2\/posts"}],"about":[{"href":"https:\/\/quehacerpolitico.mx\/index.php?rest_route=\/wp\/v2\/types\/post"}],"author":[{"embeddable":true,"href":"https:\/\/quehacerpolitico.mx\/index.php?rest_route=\/wp\/v2\/users\/2"}],"replies":[{"embeddable":true,"href":"https:\/\/quehacerpolitico.mx\/index.php?rest_route=%2Fwp%2Fv2%2Fcomments&post=118897"}],"version-history":[{"count":1,"href":"https:\/\/quehacerpolitico.mx\/index.php?rest_route=\/wp\/v2\/posts\/118897\/revisions"}],"predecessor-version":[{"id":118898,"href":"https:\/\/quehacerpolitico.mx\/index.php?rest_route=\/wp\/v2\/posts\/118897\/revisions\/118898"}],"wp:featuredmedia":[{"embeddable":true,"href":"https:\/\/quehacerpolitico.mx\/index.php?rest_route=\/wp\/v2\/media\/118892"}],"wp:attachment":[{"href":"https:\/\/quehacerpolitico.mx\/index.php?rest_route=%2Fwp%2Fv2%2Fmedia&parent=118897"}],"wp:term":[{"taxonomy":"category","embeddable":true,"href":"https:\/\/quehacerpolitico.mx\/index.php?rest_route=%2Fwp%2Fv2%2Fcategories&post=118897"},{"taxonomy":"post_tag","embeddable":true,"href":"https:\/\/quehacerpolitico.mx\/index.php?rest_route=%2Fwp%2Fv2%2Ftags&post=118897"}],"curies":[{"name":"wp","href":"https:\/\/api.w.org\/{rel}","templated":true}]}}