{"id":118891,"date":"2025-09-05T08:08:35","date_gmt":"2025-09-05T14:08:35","guid":{"rendered":"https:\/\/quehacerpolitico.mx\/?p=118891"},"modified":"2025-09-05T08:08:43","modified_gmt":"2025-09-05T14:08:43","slug":"el-quehacer-politico-a-traves-jose-alberto-prado-angeles-los-arreglos-que-nadie-ve-ni-oye","status":"publish","type":"post","link":"https:\/\/quehacerpolitico.mx\/?p=118891","title":{"rendered":"El Quehacer Pol\u00edtico a trav\u00e9s\/\/\/Jose Alberto Prado Angeles\/\/\/Los arreglos que nadie ve ni oye"},"content":{"rendered":"\n<p>Por Jos\u00e9 Alberto Prado Angeles<\/p>\n\n\n\n<p>Director General y Editor<\/p>\n\n\n\n<p>Ayer nos preguntamos en este espacio cu\u00e1l era el verdadero mensaje del secretario de Estado Marco Rubio, el que hab\u00eda dado en Miami el martes, cuando hab\u00eda asegurado que \u201cLos d\u00edas de impunidad se acabaron. Se usar\u00e1 todo el poder de Estados Unidos para enfrentarlos -a los \u2018terroristas\u2019 de los c\u00e1rteles de la droga- y erradicarlos sin importar d\u00f3nde operen\u201d, o la postura de \u201ccooperaci\u00f3n hist\u00f3rica\u201d y de respeto a la soberan\u00eda -que declar\u00f3 despu\u00e9s de la reuni\u00f3n con la Presidenta Claudia Sheinbaum- con nuestro pa\u00eds para resolver el problema del narcotr\u00e1fico e inseguridad.<\/p>\n\n\n\n<p>Despu\u00e9s de la visita rel\u00e1mpago a M\u00e9xico, el secretario de Estado estadounidense se fue a Ecuador, en donde asegur\u00f3 ayer que no cree que en \u201cpa\u00edses amigos\u201d vayan a ser necesarios los ataques militares como el ejecutado en aguas del Caribe, donde destruyeron una lancha con 11 tripulantes a bordo y en la que supuestamente se transportaba droga desde Venezuela, argumentando \u201cporque ellos -los ecuatorianos- cooperan\u201d. La ambigua declaraci\u00f3n en Quito confunde a\u00fan m\u00e1s la extremista posici\u00f3n que ha mantenido Donald Trump, quien recientemente firm\u00f3 un decreto donde da instrucciones al Pent\u00e1gono para utilizar la fuerza militar en contra de los c\u00e1rteles de la droga -donde quiera que se encuentren- por considerarlos \u201cterroristas\u201d, orden que fue ratificada y corroborada con la reciente acci\u00f3n en el Caribe cerca de la costa venezolana.<\/p>\n\n\n\n<p>Y como producto de esa misma visita de Marco Rubio, la que s\u00ed ha empezado a dar m\u00e1s detalles de los temas abordados en la reuni\u00f3n es la Presidenta Claudia Sheinbaum, quien ayer en la conferencia ma\u00f1anera reconoci\u00f3 que el caso del secuestro, entrega o detenci\u00f3n del Mayo Zambada s\u00ed se habl\u00f3, cuando Omar Garc\u00eda Harfuch, secretario de Seguridad y Protecci\u00f3n Ciudadana, hizo referencia al aumento de la inseguridad provocada en Sinaloa con motivo de la detenci\u00f3n del capo: \u201c&#8230; \u00e9l solo escuch\u00f3 -Marco Rubio- y ya no se habl\u00f3 sobre el tema\u201d. \u00bfLe creemos? \u00bfNo cuestion\u00f3 la mandataria a tan distinguido e influyente hu\u00e9sped porque no ha dado respuesta el gobierno estadounidense a las frecuentes peticiones de M\u00e9xico sobre la manera en que el narcotraficante lleg\u00f3 al pa\u00eds vecino?<\/p>\n\n\n\n<p>Adem\u00e1s, Sheinbaum acept\u00f3 que Estados Unidos reclam\u00f3 la existencia de alrededor de 50 barreras comerciales -que son valoradas como obst\u00e1culos en el tratado comercial- y que afectan de alguna manera la relaci\u00f3n comercial. As\u00ed que no fue una reuni\u00f3n tranquila y tersa -y de respeto mutuo- como se \u2018dibuj\u00f3\u2019 en el comunicado bilateral y que se ratific\u00f3 en la conferencia de Rubio y el canciller De la Fuente. Hubo \u2018jalones y estirones\u2019 y posiblemente algunos acuerdos en lo \u2018oscurito\u2019.<\/p>\n\n\n\n<p>As\u00ed el Quehacer Pol\u00edtico Desde 1980, 45 a\u00f1os inquiriendo en la pol\u00edtica de M\u00e9xico, cuestionando, exponiendo, revelando y razonando.Es cuanto.<\/p>\n","protected":false},"excerpt":{"rendered":"<p>Por Jos\u00e9 Alberto Prado Angeles Director General y Editor Ayer nos preguntamos en este espacio&#8230;<\/p>\n","protected":false},"author":2,"featured_media":118892,"comment_status":"open","ping_status":"open","sticky":false,"template":"","format":"standard","meta":{"_monsterinsights_skip_tracking":false,"_monsterinsights_sitenote_active":false,"_monsterinsights_sitenote_note":"","_monsterinsights_sitenote_category":0,"footnotes":""},"categories":[280,2],"tags":[],"class_list":["post-118891","post","type-post","status-publish","format-standard","has-post-thumbnail","hentry","category-nacionales","category-noticias"],"yoast_head":"<!-- This site is optimized with the Yoast SEO plugin v27.3 - https:\/\/yoast.com\/product\/yoast-seo-wordpress\/ -->\n<title>El Quehacer Pol\u00edtico a trav\u00e9s\/\/\/Jose Alberto Prado Angeles\/\/\/Los arreglos que nadie ve ni oye -<\/title>\n<meta name=\"robots\" content=\"index, follow, max-snippet:-1, max-image-preview:large, max-video-preview:-1\" \/>\n<link rel=\"canonical\" href=\"https:\/\/quehacerpolitico.mx\/?p=118891\" \/>\n<meta property=\"og:locale\" content=\"es_MX\" \/>\n<meta property=\"og:type\" content=\"article\" \/>\n<meta property=\"og:title\" content=\"El Quehacer Pol\u00edtico a trav\u00e9s\/\/\/Jose Alberto Prado Angeles\/\/\/Los arreglos que nadie ve ni oye -\" \/>\n<meta property=\"og:description\" content=\"Por Jos\u00e9 Alberto Prado Angeles Director General y Editor Ayer nos preguntamos en este espacio...\" \/>\n<meta property=\"og:url\" content=\"https:\/\/quehacerpolitico.mx\/?p=118891\" \/>\n<meta property=\"article:published_time\" content=\"2025-09-05T14:08:35+00:00\" \/>\n<meta property=\"article:modified_time\" content=\"2025-09-05T14:08:43+00:00\" \/>\n<meta property=\"og:image\" content=\"https:\/\/quehacerpolitico.mx\/wp-content\/uploads\/2025\/09\/fb07bd44-0f95-41a8-8353-f61c55b6d960-4.jpeg\" \/>\n\t<meta property=\"og:image:width\" content=\"963\" \/>\n\t<meta property=\"og:image:height\" content=\"493\" \/>\n\t<meta property=\"og:image:type\" content=\"image\/jpeg\" \/>\n<meta name=\"author\" content=\"Redacci\u00f3n QP\" \/>\n<meta name=\"twitter:card\" content=\"summary_large_image\" \/>\n<meta name=\"twitter:label1\" content=\"Escrito por\" \/>\n\t<meta name=\"twitter:data1\" content=\"Redacci\u00f3n QP\" \/>\n\t<meta name=\"twitter:label2\" content=\"Tiempo de lectura\" \/>\n\t<meta name=\"twitter:data2\" content=\"3 minutos\" \/>\n<script type=\"application\/ld+json\" class=\"yoast-schema-graph\">{\"@context\":\"https:\\\/\\\/schema.org\",\"@graph\":[{\"@type\":\"Article\",\"@id\":\"https:\\\/\\\/quehacerpolitico.mx\\\/?p=118891#article\",\"isPartOf\":{\"@id\":\"https:\\\/\\\/quehacerpolitico.mx\\\/?p=118891\"},\"author\":{\"name\":\"Redacci\u00f3n QP\",\"@id\":\"https:\\\/\\\/quehacerpolitico.mx\\\/#\\\/schema\\\/person\\\/496d8ad2d1d3f8036101dca7ee39e585\"},\"headline\":\"El Quehacer Pol\u00edtico a trav\u00e9s\\\/\\\/\\\/Jose Alberto Prado Angeles\\\/\\\/\\\/Los arreglos que nadie ve ni oye\",\"datePublished\":\"2025-09-05T14:08:35+00:00\",\"dateModified\":\"2025-09-05T14:08:43+00:00\",\"mainEntityOfPage\":{\"@id\":\"https:\\\/\\\/quehacerpolitico.mx\\\/?p=118891\"},\"wordCount\":519,\"commentCount\":0,\"image\":{\"@id\":\"https:\\\/\\\/quehacerpolitico.mx\\\/?p=118891#primaryimage\"},\"thumbnailUrl\":\"https:\\\/\\\/quehacerpolitico.mx\\\/wp-content\\\/uploads\\\/2025\\\/09\\\/fb07bd44-0f95-41a8-8353-f61c55b6d960-4.jpeg\",\"articleSection\":[\"Nacionales\",\"Noticias\"],\"inLanguage\":\"es\",\"potentialAction\":[{\"@type\":\"CommentAction\",\"name\":\"Comment\",\"target\":[\"https:\\\/\\\/quehacerpolitico.mx\\\/?p=118891#respond\"]}]},{\"@type\":\"WebPage\",\"@id\":\"https:\\\/\\\/quehacerpolitico.mx\\\/?p=118891\",\"url\":\"https:\\\/\\\/quehacerpolitico.mx\\\/?p=118891\",\"name\":\"El Quehacer Pol\u00edtico a trav\u00e9s\\\/\\\/\\\/Jose Alberto Prado Angeles\\\/\\\/\\\/Los arreglos que nadie ve ni oye -\",\"isPartOf\":{\"@id\":\"https:\\\/\\\/quehacerpolitico.mx\\\/#website\"},\"primaryImageOfPage\":{\"@id\":\"https:\\\/\\\/quehacerpolitico.mx\\\/?p=118891#primaryimage\"},\"image\":{\"@id\":\"https:\\\/\\\/quehacerpolitico.mx\\\/?p=118891#primaryimage\"},\"thumbnailUrl\":\"https:\\\/\\\/quehacerpolitico.mx\\\/wp-content\\\/uploads\\\/2025\\\/09\\\/fb07bd44-0f95-41a8-8353-f61c55b6d960-4.jpeg\",\"datePublished\":\"2025-09-05T14:08:35+00:00\",\"dateModified\":\"2025-09-05T14:08:43+00:00\",\"author\":{\"@id\":\"https:\\\/\\\/quehacerpolitico.mx\\\/#\\\/schema\\\/person\\\/496d8ad2d1d3f8036101dca7ee39e585\"},\"breadcrumb\":{\"@id\":\"https:\\\/\\\/quehacerpolitico.mx\\\/?p=118891#breadcrumb\"},\"inLanguage\":\"es\",\"potentialAction\":[{\"@type\":\"ReadAction\",\"target\":[\"https:\\\/\\\/quehacerpolitico.mx\\\/?p=118891\"]}]},{\"@type\":\"ImageObject\",\"inLanguage\":\"es\",\"@id\":\"https:\\\/\\\/quehacerpolitico.mx\\\/?p=118891#primaryimage\",\"url\":\"https:\\\/\\\/quehacerpolitico.mx\\\/wp-content\\\/uploads\\\/2025\\\/09\\\/fb07bd44-0f95-41a8-8353-f61c55b6d960-4.jpeg\",\"contentUrl\":\"https:\\\/\\\/quehacerpolitico.mx\\\/wp-content\\\/uploads\\\/2025\\\/09\\\/fb07bd44-0f95-41a8-8353-f61c55b6d960-4.jpeg\",\"width\":963,\"height\":493},{\"@type\":\"BreadcrumbList\",\"@id\":\"https:\\\/\\\/quehacerpolitico.mx\\\/?p=118891#breadcrumb\",\"itemListElement\":[{\"@type\":\"ListItem\",\"position\":1,\"name\":\"Inicio\",\"item\":\"https:\\\/\\\/quehacerpolitico.mx\\\/\"},{\"@type\":\"ListItem\",\"position\":2,\"name\":\"El Quehacer Pol\u00edtico a trav\u00e9s\\\/\\\/\\\/Jose Alberto Prado Angeles\\\/\\\/\\\/Los arreglos que nadie ve ni oye\"}]},{\"@type\":\"WebSite\",\"@id\":\"https:\\\/\\\/quehacerpolitico.mx\\\/#website\",\"url\":\"https:\\\/\\\/quehacerpolitico.mx\\\/\",\"name\":\"\",\"description\":\"\",\"potentialAction\":[{\"@type\":\"SearchAction\",\"target\":{\"@type\":\"EntryPoint\",\"urlTemplate\":\"https:\\\/\\\/quehacerpolitico.mx\\\/?s={search_term_string}\"},\"query-input\":{\"@type\":\"PropertyValueSpecification\",\"valueRequired\":true,\"valueName\":\"search_term_string\"}}],\"inLanguage\":\"es\"},{\"@type\":\"Person\",\"@id\":\"https:\\\/\\\/quehacerpolitico.mx\\\/#\\\/schema\\\/person\\\/496d8ad2d1d3f8036101dca7ee39e585\",\"name\":\"Redacci\u00f3n QP\",\"image\":{\"@type\":\"ImageObject\",\"inLanguage\":\"es\",\"@id\":\"https:\\\/\\\/secure.gravatar.com\\\/avatar\\\/c7164ed6fdec453195284ad24a5ae5b6e1eed2b848477fa2a4787ba9adf39a41?s=96&d=mm&r=g\",\"url\":\"https:\\\/\\\/secure.gravatar.com\\\/avatar\\\/c7164ed6fdec453195284ad24a5ae5b6e1eed2b848477fa2a4787ba9adf39a41?s=96&d=mm&r=g\",\"contentUrl\":\"https:\\\/\\\/secure.gravatar.com\\\/avatar\\\/c7164ed6fdec453195284ad24a5ae5b6e1eed2b848477fa2a4787ba9adf39a41?s=96&d=mm&r=g\",\"caption\":\"Redacci\u00f3n QP\"},\"url\":\"https:\\\/\\\/quehacerpolitico.mx\\\/?author=2\"}]}<\/script>\n<!-- \/ Yoast SEO plugin. -->","yoast_head_json":{"title":"El Quehacer Pol\u00edtico a trav\u00e9s\/\/\/Jose Alberto Prado Angeles\/\/\/Los arreglos que nadie ve ni oye -","robots":{"index":"index","follow":"follow","max-snippet":"max-snippet:-1","max-image-preview":"max-image-preview:large","max-video-preview":"max-video-preview:-1"},"canonical":"https:\/\/quehacerpolitico.mx\/?p=118891","og_locale":"es_MX","og_type":"article","og_title":"El Quehacer Pol\u00edtico a trav\u00e9s\/\/\/Jose Alberto Prado Angeles\/\/\/Los arreglos que nadie ve ni oye -","og_description":"Por Jos\u00e9 Alberto Prado Angeles Director General y Editor Ayer nos preguntamos en este espacio...","og_url":"https:\/\/quehacerpolitico.mx\/?p=118891","article_published_time":"2025-09-05T14:08:35+00:00","article_modified_time":"2025-09-05T14:08:43+00:00","og_image":[{"width":963,"height":493,"url":"https:\/\/quehacerpolitico.mx\/wp-content\/uploads\/2025\/09\/fb07bd44-0f95-41a8-8353-f61c55b6d960-4.jpeg","type":"image\/jpeg"}],"author":"Redacci\u00f3n QP","twitter_card":"summary_large_image","twitter_misc":{"Escrito por":"Redacci\u00f3n QP","Tiempo de lectura":"3 minutos"},"schema":{"@context":"https:\/\/schema.org","@graph":[{"@type":"Article","@id":"https:\/\/quehacerpolitico.mx\/?p=118891#article","isPartOf":{"@id":"https:\/\/quehacerpolitico.mx\/?p=118891"},"author":{"name":"Redacci\u00f3n QP","@id":"https:\/\/quehacerpolitico.mx\/#\/schema\/person\/496d8ad2d1d3f8036101dca7ee39e585"},"headline":"El Quehacer Pol\u00edtico a trav\u00e9s\/\/\/Jose Alberto Prado Angeles\/\/\/Los arreglos que nadie ve ni oye","datePublished":"2025-09-05T14:08:35+00:00","dateModified":"2025-09-05T14:08:43+00:00","mainEntityOfPage":{"@id":"https:\/\/quehacerpolitico.mx\/?p=118891"},"wordCount":519,"commentCount":0,"image":{"@id":"https:\/\/quehacerpolitico.mx\/?p=118891#primaryimage"},"thumbnailUrl":"https:\/\/quehacerpolitico.mx\/wp-content\/uploads\/2025\/09\/fb07bd44-0f95-41a8-8353-f61c55b6d960-4.jpeg","articleSection":["Nacionales","Noticias"],"inLanguage":"es","potentialAction":[{"@type":"CommentAction","name":"Comment","target":["https:\/\/quehacerpolitico.mx\/?p=118891#respond"]}]},{"@type":"WebPage","@id":"https:\/\/quehacerpolitico.mx\/?p=118891","url":"https:\/\/quehacerpolitico.mx\/?p=118891","name":"El Quehacer Pol\u00edtico a trav\u00e9s\/\/\/Jose Alberto Prado Angeles\/\/\/Los arreglos que nadie ve ni oye -","isPartOf":{"@id":"https:\/\/quehacerpolitico.mx\/#website"},"primaryImageOfPage":{"@id":"https:\/\/quehacerpolitico.mx\/?p=118891#primaryimage"},"image":{"@id":"https:\/\/quehacerpolitico.mx\/?p=118891#primaryimage"},"thumbnailUrl":"https:\/\/quehacerpolitico.mx\/wp-content\/uploads\/2025\/09\/fb07bd44-0f95-41a8-8353-f61c55b6d960-4.jpeg","datePublished":"2025-09-05T14:08:35+00:00","dateModified":"2025-09-05T14:08:43+00:00","author":{"@id":"https:\/\/quehacerpolitico.mx\/#\/schema\/person\/496d8ad2d1d3f8036101dca7ee39e585"},"breadcrumb":{"@id":"https:\/\/quehacerpolitico.mx\/?p=118891#breadcrumb"},"inLanguage":"es","potentialAction":[{"@type":"ReadAction","target":["https:\/\/quehacerpolitico.mx\/?p=118891"]}]},{"@type":"ImageObject","inLanguage":"es","@id":"https:\/\/quehacerpolitico.mx\/?p=118891#primaryimage","url":"https:\/\/quehacerpolitico.mx\/wp-content\/uploads\/2025\/09\/fb07bd44-0f95-41a8-8353-f61c55b6d960-4.jpeg","contentUrl":"https:\/\/quehacerpolitico.mx\/wp-content\/uploads\/2025\/09\/fb07bd44-0f95-41a8-8353-f61c55b6d960-4.jpeg","width":963,"height":493},{"@type":"BreadcrumbList","@id":"https:\/\/quehacerpolitico.mx\/?p=118891#breadcrumb","itemListElement":[{"@type":"ListItem","position":1,"name":"Inicio","item":"https:\/\/quehacerpolitico.mx\/"},{"@type":"ListItem","position":2,"name":"El Quehacer Pol\u00edtico a trav\u00e9s\/\/\/Jose Alberto Prado Angeles\/\/\/Los arreglos que nadie ve ni oye"}]},{"@type":"WebSite","@id":"https:\/\/quehacerpolitico.mx\/#website","url":"https:\/\/quehacerpolitico.mx\/","name":"","description":"","potentialAction":[{"@type":"SearchAction","target":{"@type":"EntryPoint","urlTemplate":"https:\/\/quehacerpolitico.mx\/?s={search_term_string}"},"query-input":{"@type":"PropertyValueSpecification","valueRequired":true,"valueName":"search_term_string"}}],"inLanguage":"es"},{"@type":"Person","@id":"https:\/\/quehacerpolitico.mx\/#\/schema\/person\/496d8ad2d1d3f8036101dca7ee39e585","name":"Redacci\u00f3n QP","image":{"@type":"ImageObject","inLanguage":"es","@id":"https:\/\/secure.gravatar.com\/avatar\/c7164ed6fdec453195284ad24a5ae5b6e1eed2b848477fa2a4787ba9adf39a41?s=96&d=mm&r=g","url":"https:\/\/secure.gravatar.com\/avatar\/c7164ed6fdec453195284ad24a5ae5b6e1eed2b848477fa2a4787ba9adf39a41?s=96&d=mm&r=g","contentUrl":"https:\/\/secure.gravatar.com\/avatar\/c7164ed6fdec453195284ad24a5ae5b6e1eed2b848477fa2a4787ba9adf39a41?s=96&d=mm&r=g","caption":"Redacci\u00f3n QP"},"url":"https:\/\/quehacerpolitico.mx\/?author=2"}]}},"featured_image_urls":{"full":["https:\/\/quehacerpolitico.mx\/wp-content\/uploads\/2025\/09\/fb07bd44-0f95-41a8-8353-f61c55b6d960-4.jpeg",963,493,false],"thumbnail":["https:\/\/quehacerpolitico.mx\/wp-content\/uploads\/2025\/09\/fb07bd44-0f95-41a8-8353-f61c55b6d960-4-150x150.jpeg",150,150,true],"medium":["https:\/\/quehacerpolitico.mx\/wp-content\/uploads\/2025\/09\/fb07bd44-0f95-41a8-8353-f61c55b6d960-4-300x154.jpeg",300,154,true],"medium_large":["https:\/\/quehacerpolitico.mx\/wp-content\/uploads\/2025\/09\/fb07bd44-0f95-41a8-8353-f61c55b6d960-4-768x393.jpeg",640,328,true],"large":["https:\/\/quehacerpolitico.mx\/wp-content\/uploads\/2025\/09\/fb07bd44-0f95-41a8-8353-f61c55b6d960-4.jpeg",640,328,false],"1536x1536":["https:\/\/quehacerpolitico.mx\/wp-content\/uploads\/2025\/09\/fb07bd44-0f95-41a8-8353-f61c55b6d960-4.jpeg",963,493,false],"2048x2048":["https:\/\/quehacerpolitico.mx\/wp-content\/uploads\/2025\/09\/fb07bd44-0f95-41a8-8353-f61c55b6d960-4.jpeg",963,493,false],"covernews-featured":["https:\/\/quehacerpolitico.mx\/wp-content\/uploads\/2025\/09\/fb07bd44-0f95-41a8-8353-f61c55b6d960-4.jpeg",963,493,false],"covernews-medium":["https:\/\/quehacerpolitico.mx\/wp-content\/uploads\/2025\/09\/fb07bd44-0f95-41a8-8353-f61c55b6d960-4-540x340.jpeg",540,340,true]},"author_info":{"display_name":"Redacci\u00f3n QP","author_link":"https:\/\/quehacerpolitico.mx\/?author=2"},"category_info":"<a href=\"https:\/\/quehacerpolitico.mx\/?cat=280\" rel=\"category\">Nacionales<\/a> <a href=\"https:\/\/quehacerpolitico.mx\/?cat=2\" rel=\"category\">Noticias<\/a>","tag_info":"Noticias","comment_count":"0","_links":{"self":[{"href":"https:\/\/quehacerpolitico.mx\/index.php?rest_route=\/wp\/v2\/posts\/118891","targetHints":{"allow":["GET"]}}],"collection":[{"href":"https:\/\/quehacerpolitico.mx\/index.php?rest_route=\/wp\/v2\/posts"}],"about":[{"href":"https:\/\/quehacerpolitico.mx\/index.php?rest_route=\/wp\/v2\/types\/post"}],"author":[{"embeddable":true,"href":"https:\/\/quehacerpolitico.mx\/index.php?rest_route=\/wp\/v2\/users\/2"}],"replies":[{"embeddable":true,"href":"https:\/\/quehacerpolitico.mx\/index.php?rest_route=%2Fwp%2Fv2%2Fcomments&post=118891"}],"version-history":[{"count":1,"href":"https:\/\/quehacerpolitico.mx\/index.php?rest_route=\/wp\/v2\/posts\/118891\/revisions"}],"predecessor-version":[{"id":118893,"href":"https:\/\/quehacerpolitico.mx\/index.php?rest_route=\/wp\/v2\/posts\/118891\/revisions\/118893"}],"wp:featuredmedia":[{"embeddable":true,"href":"https:\/\/quehacerpolitico.mx\/index.php?rest_route=\/wp\/v2\/media\/118892"}],"wp:attachment":[{"href":"https:\/\/quehacerpolitico.mx\/index.php?rest_route=%2Fwp%2Fv2%2Fmedia&parent=118891"}],"wp:term":[{"taxonomy":"category","embeddable":true,"href":"https:\/\/quehacerpolitico.mx\/index.php?rest_route=%2Fwp%2Fv2%2Fcategories&post=118891"},{"taxonomy":"post_tag","embeddable":true,"href":"https:\/\/quehacerpolitico.mx\/index.php?rest_route=%2Fwp%2Fv2%2Ftags&post=118891"}],"curies":[{"name":"wp","href":"https:\/\/api.w.org\/{rel}","templated":true}]}}