{"id":118872,"date":"2025-09-04T18:46:51","date_gmt":"2025-09-05T00:46:51","guid":{"rendered":"https:\/\/quehacerpolitico.mx\/?p=118872"},"modified":"2025-09-04T18:47:01","modified_gmt":"2025-09-05T00:47:01","slug":"el-quehacer-politico-a-traves-de-la-opinion-tonatiuh-viniegra-da-paula-oliveira-libertad-de-expresion-y-ontologia-del-sujeto-de-derecho-las-creencias-deben-ser-sujetos-de-derecho","status":"publish","type":"post","link":"https:\/\/quehacerpolitico.mx\/?p=118872","title":{"rendered":"El Quehacer Pol\u00edtico a trav\u00e9s de la opini\u00f3n\/\/\/Tonatiuh Viniegra Da Paula Oliveira\/\/\/Libertad de expresi\u00f3n y ontologia del sujeto de derecho las creencias deben ser sujetos de derecho?"},"content":{"rendered":"\n<p>Por <em>Tonatiuh Viniegra Da Paula Oliveira<\/em><\/p>\n\n\n\n<p>Analista<\/p>\n\n\n\n<p>Hace unos meses&nbsp;fue&nbsp;la exposici\u00f3n del pintor Fabi\u00e1n&nbsp;Chairez,ahora el concierto de Marilyn&nbsp;Manson. Son muchos y constantes los&nbsp;casos de eventos art\u00edsticos&nbsp;y culturales que se convierten enblanco de intentos de sabotaje por parte de grupos cat\u00f3licos y cristianos. Bajo&nbsp;la farsa de libertad religiosa&nbsp;una y otra vez&nbsp;estos grupos buscan prohibir y censurar las expresiones art\u00edsticas y culturales que a ellos les molestan. Por supuesto,&nbsp;son&nbsp;eventosque&nbsp;jam\u00e1s han sido organizados en sus&nbsp;templos o iglesias;&nbsp;ni&nbsp;utilizados para bloquearles el acceso a sus espacios de culto oimpedirles realizar sus ceremonias, reuniones y rituales. Eventos art\u00edsticos y culturales que se realizan en museos, foros y espacios que nada tienen que ver con los espacios de culto de los religiosos,&nbsp;en nada interfieren con sus pr\u00e1cticas. Si no hay ninguna interferencia ni invasi\u00f3n \u00bfPor qu\u00e9 estos grupos alegan que sus derechos est\u00e1n siendo violentados? \u00bfC\u00f3mo es que una exposici\u00f3n en la sala de alg\u00fan museo o un&nbsp;concierto en un foro de espect\u00e1culos podr\u00eda estar violentando su derecho al libre culto? La respuesta es obvia: Sus derechos no est\u00e1n siendo violentados de absolutamente ninguna forma, pues ellos pueden seguir&nbsp;asistiendo a rezar y a&nbsp;practicarse exorcismos&nbsp;-de la forma&nbsp;m\u00e1s&nbsp;esquizofr\u00e9nica que deseen-&nbsp;mientras todos esos eventos&nbsp;se realizan.&nbsp;La trampa de sentido que estos grupos usan y en la que muchas&nbsp;personas caen, incluidos jurisconsultos, es el&nbsp;de asumir que las creencias pueden ser sujetos de derecho. Seg\u00fan esta idealos eventos&nbsp;culturales y art\u00edsticos, aun cuando no interfieran&nbsp;en la libertad de culto de los religiosos ni en ninguno de sus derechos, si est\u00e1n violando los derechos de las creencias.&nbsp;Lo que se defiende&nbsp;no son derechos individuales&nbsp;ni&nbsp;a individuos, sino a creencias, a&nbsp;las que se les otorga un estatus ontol\u00f3gico especial que les permite convertirse en sujetos de derecho, cual si fueran seres vivos.&nbsp;Pasando de ser construcciones mentales a&nbsp;ser\u2026\u201cpersonas\u201d.&nbsp;Dadas las&nbsp;implicaciones de estas ideas&nbsp;y las consecuencias tan amplias y profundas para&nbsp;cualquier sociedad, en esta ocasi\u00f3n vamos a dedicarnos a analizar este&nbsp;tema&nbsp;que ha llegado a generar bastante confusi\u00f3n.<\/p>\n\n\n\n<p>Cuando&nbsp;hablamos de estatus ontol\u00f3gico&nbsp;hablamos de la forma en la que un ente es, as\u00ed como de la convenci\u00f3n cultural, social y jur\u00eddica alrededor del ser del ente. La naturaleza de algo y las convenciones alrededor del como entendemos la naturaleza de ese algo.&nbsp;Por ejemplo, el&nbsp;papel moneda no basa su valor en algointr\u00ednseco, sino en la convenci\u00f3n social que valida que ese pedazo de papel o&nbsp;moneda representa un valor. El&nbsp;papel moneda no&nbsp;basa su valor&nbsp;en reservas de oro ni en lo que por s\u00ed mismo vale&nbsp;por los materiales que le componen, sino en la aceptaci\u00f3n de una sociedad respecto de su uso para el intercambio de bienes, servicios y valores. En ese sentido, la ontolog\u00eda del valor del papel moneda no es material o biol\u00f3gica, sino social. Suvalor existe a&nbsp;un nivel de convenci\u00f3n social. El ser de las cosas puede residir en dimensiones ontol\u00f3gicas muy diversas, en naturalezas muy diferentes. Los miedos, la ansiedad, los traumas de la infancia, residen en la psique,&nbsp;y por ende su dimensi\u00f3n ontol\u00f3gica es psicol\u00f3gica. La est\u00e9tica de una obra de arte reside en la correlaci\u00f3n entre sus&nbsp;partes,&nbsp;por ello su ontolog\u00eda, su ser&nbsp;es de naturaleza l\u00f3gica. Los acuerdos y convenciones en una sociedad poseen una ontolog\u00eda de naturaleza social, como explica el fil\u00f3sofo John&nbsp;Searle. Los electrones,&nbsp;ontol\u00f3gicamente est\u00e1n a&nbsp;un nivel&nbsp;cu\u00e1ntico y&nbsp;los organismos poseen una ontolog\u00eda biol\u00f3gica.&nbsp;En este sentido, las creencias existen en dos dimensiones ontol\u00f3gicas: A nivel mental: Modelos creados por la mente; y a nivel social: modelos&nbsp;mentales&nbsp;compartidos que se tornan convenciones. Modelos&nbsp;que&nbsp;grupos y&nbsp;sociedades enteras adoptan&nbsp;y comparten&nbsp;como principios de vida.&nbsp;Por lo tanto,&nbsp;la existencia ontol\u00f3gica de las creencias se reduce a las mentes de quienes las poseen y&nbsp;comparten.&nbsp;Las creencias no poseen existencia propia, no existen m\u00e1s&nbsp;all\u00e1 de las mentes que las crean. Por cierto,&nbsp;el mundo de las ideas de&nbsp;Plat\u00f3n&nbsp;es un&nbsp;mundomeramente&nbsp;especulativo&nbsp;sin ning\u00fan fundamento. Una fantas\u00eda de hace 2500&nbsp;a\u00f1os,&nbsp;imposible de sostener con seriedad hoy en d\u00eda a la luz de la historia,&nbsp;la f\u00edsica y&nbsp;la&nbsp;epistemolog\u00eda.&nbsp;<\/p>\n\n\n\n<p>\u00bfExiste diferencia&nbsp;entre una creencia y una persona? \u00bfDeben&nbsp;tener el mismo estatus jur\u00eddico? \u00bfLas creencias deben tener un estatus jur\u00eddico superior a las personas? Empecemos por lo obvio: Un individuo es un organismo multicelular que siente, piensa, sufre, desea y&nbsp;existe por s\u00ed mismo, m\u00e1s all\u00e1 de lo que otros individuos puedan creer o pensar. Una persona no solo es un conjunto de c\u00e9lulas humanas, como lo seria una gota de sangre, un pedazo de piel, un&nbsp;dedo o una oreja. Es&nbsp;un alguien,&nbsp;con&nbsp;ciertas y particulares&nbsp;funciones&nbsp;neurol\u00f3gicas que le permiten tener&nbsp;bucles de autoconciencia,&nbsp;reflexionar, analizar, crear sus propias ideas, etc.&nbsp;De ah\u00ed la diferencia entre una persona y, por ejemplo, un&nbsp;rat\u00f3n.&nbsp;De acuerdo a la definici\u00f3n del fil\u00f3sofo&nbsp;Boecio, persona se define como: \u201cRationalis&nbsp;naturae&nbsp;individua&nbsp;substantua\u201d. Es decir,&nbsp;substancia&nbsp;individual de naturaleza racional. O, en t\u00e9rminos de Descartes: \u201cCogito ergo sum\u201d (Pienso, por lo tanto, existo).&nbsp;En palabras de&nbsp;Arist\u00f3teles:&nbsp;\u201cEl hombre es un animal racional\u201d.&nbsp;En cambio,&nbsp;las creencias, como dijimos antes, existen en las mentes de quienes las crean. No sienten, no respiran, no sufren, son esferas de significado construidas en las mentes de los individuos. Cuando una persona cambia de ideas, sus&nbsp;creencias no mueren, como pasa con un organismo&nbsp;biol\u00f3gico. Los seres humanos&nbsp;simplemente&nbsp;crean&nbsp;a nivel cognitivo nuevos mapas mentales, nuevas estructuras ideol\u00f3gicas, nuevas esferas de significado. Las creencias&nbsp;ni sufren ni son&nbsp;da\u00f1adas porque un individuo se cuestione la valides de sus propias creencias&nbsp;\u00a1Porque no son personas!<\/p>\n\n\n\n<p>Imag\u00ednese&nbsp;usted, si una creencia no debe ser&nbsp;cuestionada&nbsp;por otros&nbsp;\u00bfPor qu\u00e9 podr\u00eda ser cuestionada por el individuo que laposee? Si un individuo cuestiona sus propias creencias, estar\u00eda atentando contra la existencia de esas creencias y,&nbsp;por ende,tendr\u00eda que ser condenado por el crimen de violentar los derechos de sus propias creencias. Claro, esto paso con la santa inquisici\u00f3n y ha pasado durante toda la historia, hasta la llegada de la ilustraci\u00f3n y de las sociedades seculares.&nbsp;Durante la santa inquisici\u00f3n&nbsp;las creencias no solo eran sujetos de derecho, sino que el estatus ontol\u00f3gico que se les otorgaba estaba por encima del&nbsp;de las personas. Cuestionar una idea&nbsp;-propia o de los dem\u00e1s-&nbsp;implicaba&nbsp;morir quemado&nbsp;en una hoguera, ser torturadobrutalmente&nbsp;o pasar el resto de la vida en un oscuro y h\u00famedo calabozo.&nbsp;Antes de las democracias liberales y seculares, cuestionar una creencia -propia o ajena-&nbsp;dentro de cualquier religi\u00f3n y en cualquier sociedad, conllevaba graves consecuencias. Las creencias estaban&nbsp;muy&nbsp;por encima del valor de los seres humanos. Es esto con lo que el humanismo rompi\u00f3, y con lo&nbsp;que&nbsp;continuaron&nbsp;la ilustraci\u00f3n y el liberalismo: Poner a los seres&nbsp;humanos&nbsp;y a la realidad&nbsp;por encima de las creencias; otorgarles&nbsp;a&nbsp;las personas&nbsp;un&nbsp;estatus ontol\u00f3gico&nbsp;por encima del&nbsp;estatus ontol\u00f3gico&nbsp;que se le otorgaba a las&nbsp;convenciones&nbsp;sociales y a las&nbsp;esferas&nbsp;ideol\u00f3gicas. Es decir, el valor de la vida, la libertad y la realizaci\u00f3n de las personas por encima de las creencias.&nbsp;Claramente&nbsp;podemos entender que las creencias no son personas, ni siquiera son entidades biol\u00f3gicas. Son entidades conceptuales, esferas de significado, paradigmas, construcciones mentales, dimensiones de sentido, estructuras ideol\u00f3gicas. Modelos que nuestras mentes&nbsp;crean sobre las cosas. Modelosque&nbsp;pueden o no ser correctos,&nbsp;estar&nbsp;o no&nbsp;equivocados;&nbsp;y lo pueden estar en&nbsp;mayor&nbsp;o en mayor&nbsp;grado.<\/p>\n\n\n\n<p>Regresando al punto de partida, cuando los grupos religiosos exigen&nbsp;que se cierren exposiciones,&nbsp;cancelen conciertos o se proh\u00edban eventos que nada tienen que ver con sus pr\u00e1cticas&nbsp;ni sus&nbsp;lugares de profesi\u00f3n de fe, lo que est\u00e1n exigiendo es que se cancelen las ideas que&nbsp;cuestionan, confrontan, critican e&nbsp;incluso&nbsp;que&nbsp;directamente atacan&nbsp;a&nbsp;sus creencias. Pero las ideas no son personas, no tienen cerebro, no tienen cuerpo ni mucho menos son organismos biol\u00f3gicos de ninguna \u00edndole. Por lo que es imposible hacerles da\u00f1o. No se le puede lanzar una piedra&nbsp;a una idea ni quemarla;&nbsp;solo se apedrea y quema a quienes tienen ideas, ideas que cuestionan a otras ideas. Por lo tanto, estos grupos lo que en realidad est\u00e1n&nbsp;exigiendo es que se proh\u00edba, bloquee, impida y&nbsp;cancele todo ejercicio de pensamiento&nbsp;libre, creativo y cr\u00edtico. Esta es la verdadera cultura de la cancelaci\u00f3n, la cultura de siempre, de toda la vida: La cultura de la santa inquisici\u00f3n, de&nbsp;la ley de la&nbsp;sharia. La prohibici\u00f3n del libre pensamiento y del libre ejercicio de la expresi\u00f3n art\u00edstica, cultural e ideol\u00f3gica. Practica que&nbsp;las religiones siempre han promovido, inducido y ejercido.&nbsp;La generaci\u00f3n de cristal que lleva siglos escandaliz\u00e1ndose por cualquier manifestaci\u00f3n de libre pensamiento, la generaci\u00f3n de cristal que&nbsp;en cada nueva&nbsp;generaci\u00f3n vuelve a surgir&nbsp;desde el n\u00facleo cultural&nbsp;m\u00e1sretrograda y conservador de&nbsp;todas las sociedades. Son todos esos que&nbsp;se&nbsp;escandalizaron&nbsp;por una exposici\u00f3n de pintura&nbsp;-del pintor Fabi\u00e1n&nbsp;Ch\u00e1irez-&nbsp;en una peque\u00f1a&nbsp;sala de museo, y que acabaron logrando que un juez&nbsp;la clausurara&nbsp;solo porque&nbsp;a los grupos cat\u00f3licos&nbsp;y cristianos les molestaba. La generaci\u00f3n de cristal y la cultura de cancelaci\u00f3n&nbsp;en realidad est\u00e1&nbsp;conformada por&nbsp;todos aquellos que se dedicaron a juntar miles de firmas para cancelar un concierto de Marilyn&nbsp;Manson&nbsp;en San Luis Potos\u00ed.&nbsp;Los que&nbsp;se escandalizan&nbsp;cada a\u00f1o&nbsp;por la marcha LGBT,&nbsp;al&nbsp;ver&nbsp;a transexuales en la calle,&nbsp;a una pareja de homosexuales bes\u00e1ndose en el metro o caminando tomados de la mano. La generaci\u00f3n de cristal no es la de los j\u00f3venes modernos y progresistas, es la de los viejos, adultos y j\u00f3venes retrogradas que se siguen escandalizando por ver a personas vivir su vida de manera diferente a como&nbsp;ellos viven. La cultura de la cancelaci\u00f3n no es la gente que pide respeto y&nbsp;tolerancia a la diversidad, sino&nbsp;los religiosos que se dedican a cancelar eventos&nbsp;como la exposici\u00f3n&nbsp;\u201cla venida del se\u00f1or\u201d&nbsp;y&nbsp;a recolectar miles de firmas para&nbsp;cancelar un concierto de rock.&nbsp;Esta cultura de&nbsp;lacancelaci\u00f3n de siempre, de toda la vida&nbsp;busca cancelar los derechos de los individuos a la libre expresi\u00f3n con el pretexto de que las&nbsp;creencias tienen derechos,&nbsp;y&nbsp;la libre expresi\u00f3n de los individuos da\u00f1a&nbsp;-de alguna forma m\u00e1gica-&nbsp;los derechos de esas creencias. Es decir, se violentan los derechos de los individuos a la libre expresi\u00f3n y&nbsp;a&nbsp;la autodeterminaci\u00f3n para que nadie haga, diga o piense cualquier cosa que vaya en contra de las&nbsp;creencias de los religiosos.&nbsp;Esta es la verdadera generaci\u00f3n de cristal, estos son&nbsp;los que en verdad ejercen la cultura de cancelaci\u00f3n de toda&nbsp;la vida. Al final, se sigue&nbsp;persiguiendo a los&nbsp;\u201cherejes\u201d.&nbsp;<\/p>\n\n\n\n<p>Nada nuevo,&nbsp;lo de toda la vida, contra lo que siempre se ha luchado.&nbsp;Por lo tanto, las ideas, al no ser personas, al no existir como entidades con conciencia propia, al ser&nbsp;tan&nbsp;solo modelos mentales que residen en las mentes de las personas,&nbsp;no&nbsp;deben ser tratadas como seres humanos;&nbsp;y mucho menos deben ser tratadas como entidades con un estatus ontol\u00f3gico superior a&nbsp;los seres humanos.&nbsp;Las creencias jam\u00e1s deber\u00edan de tener derechos por encima de las personas. Es m\u00e1s, las creencias, al no ser personas, de ninguna forma&nbsp;deber\u00edan&nbsp;tener derechos.&nbsp;Las leyes&nbsp;deber\u00edan&nbsp;defender que los individuos expresen&nbsp;libremente&nbsp;sus ideas,&nbsp;en lugar de impedirlo.&nbsp;La ley,&nbsp;jam\u00e1s deber\u00eda&nbsp;ponerse en contra de las manifestaciones art\u00edsticas, culturales,&nbsp;identitarias&nbsp;o&nbsp;sexuales&nbsp;(libres y consensuadas entre adultos)&nbsp;de los individuos,para proteger y perpetuar creencias e ideolog\u00edas.<\/p>\n\n\n\n<p>La pretensi\u00f3n de&nbsp;que las creencias&nbsp;son sujetos de derecho es usada&nbsp;por parte de los conservadores para&nbsp;justificar la cancelaci\u00f3n y prohibici\u00f3n de&nbsp;la libre expresi\u00f3n&nbsp;y autodeterminaci\u00f3n&nbsp;de los individuos,&nbsp;sobre todo&nbsp;de aquellos que incomodan.&nbsp;Las creencias tan solo son modelos mentales&nbsp;que con el tiempo van cambiando, tanto a nivel&nbsp;de&nbsp;a las convenciones sociales como a nivel personal. Las personas cambian sus creencias y modelos a lo largo de sus vidas&nbsp;en base a&nbsp;las experiencias y conocimientos adquiridos, igual que las sociedades.&nbsp;Adem\u00e1s, las creencias no deber\u00edan&nbsp;tener derechos, ya que&nbsp;impedir\u00eda&nbsp;cuestionarlas, modificarlas, reformularlas, cambiarlas. Los modelos mentales jam\u00e1s son perfectos: No conocemos las cosas de manera aprior\u00edstica ni&nbsp;absoluta. Nos aproximamos gradualmente&nbsp;a la comprensi\u00f3n de las cosas,conoci\u00e9ndolas&nbsp;de manera gradual.&nbsp;Si se les otorgan derechos,&nbsp;jam\u00e1s podr\u00e1n ser cuestionadas ni superadas por nadie.Implicar\u00eda&nbsp;regresar al contexto&nbsp;del oscurantismo. Pero pareciera que no hemos aprendido mucho de la historia ni&nbsp;hemos terminado&nbsp;de entender&nbsp;el valor del&nbsp;cuestionar y del&nbsp;pensar libremente. Por momentos da la impresi\u00f3n de que seguimos estando tan cerca&nbsp;de la edad media y tan lejos de la ilustraci\u00f3n.\u00bfHasta cu\u00e1ndo tendremos&nbsp;la sensatez&nbsp;de abrazar los principios de la ilustraci\u00f3n?&nbsp;\u00bfHasta cu\u00e1ndo dejaremos de temerle a la libre autodeterminaci\u00f3n?<\/p>\n\n\n\n<p>En conclusi\u00f3n, quienes merecen\u00a0respeto son las personas,\u00a0no as\u00ed las creencias. Quienes\u00a0merecen ser sujetos de derecho\u00a0son\u00a0los seres humanos\u00a0y, en\u00a0todo caso, los seres sintientes;\u00a0jam\u00e1s las creencias,\u00a0jam\u00e1s\u00a0los modelos que construimos en nuestras mentes sobre\u00a0lo que creemos que\u00a0el mundo\u00a0es. Las creencias siempre\u00a0deben\u00a0ser cuestionadas, confrontadas, falsadas, corroboradas\u00a0y si, como dice\u00a0el premio nobel de literatura,\u00a0Salman\u00a0Rushdie,\u00a0debemos ser libres\u00a0incluso\u00a0para\u00a0burlarnos de las creencias,\u00a0especialmente\u00a0de las m\u00e1s sagradas.\u00a0Pues\u00a0solo\u00a0as\u00ed es como\u00a0las sociedades pueden progresar;\u00a0y los seres humanos vivir una vida libre y plena: Cuestionando, falsando e incluso burl\u00e1ndonos de las creencias.<\/p>\n","protected":false},"excerpt":{"rendered":"<p>Por Tonatiuh Viniegra Da Paula Oliveira Analista Hace unos meses&nbsp;fue&nbsp;la exposici\u00f3n del pintor Fabi\u00e1n&nbsp;Chairez,ahora el&#8230;<\/p>\n","protected":false},"author":2,"featured_media":118873,"comment_status":"open","ping_status":"open","sticky":false,"template":"","format":"standard","meta":{"_monsterinsights_skip_tracking":false,"_monsterinsights_sitenote_active":false,"_monsterinsights_sitenote_note":"","_monsterinsights_sitenote_category":0,"footnotes":""},"categories":[280,2],"tags":[],"class_list":["post-118872","post","type-post","status-publish","format-standard","has-post-thumbnail","hentry","category-nacionales","category-noticias"],"yoast_head":"<!-- This site is optimized with the Yoast SEO plugin v27.3 - https:\/\/yoast.com\/product\/yoast-seo-wordpress\/ -->\n<title>El Quehacer Pol\u00edtico a trav\u00e9s de la opini\u00f3n\/\/\/Tonatiuh Viniegra Da Paula Oliveira\/\/\/Libertad de expresi\u00f3n y ontologia del sujeto de derecho las creencias deben ser sujetos de derecho? -<\/title>\n<meta name=\"robots\" content=\"index, follow, max-snippet:-1, max-image-preview:large, max-video-preview:-1\" \/>\n<link rel=\"canonical\" href=\"https:\/\/quehacerpolitico.mx\/?p=118872\" \/>\n<meta property=\"og:locale\" content=\"es_MX\" \/>\n<meta property=\"og:type\" content=\"article\" \/>\n<meta property=\"og:title\" content=\"El Quehacer Pol\u00edtico a trav\u00e9s de la opini\u00f3n\/\/\/Tonatiuh Viniegra Da Paula Oliveira\/\/\/Libertad de expresi\u00f3n y ontologia del sujeto de derecho las creencias deben ser sujetos de derecho? -\" \/>\n<meta property=\"og:description\" content=\"Por Tonatiuh Viniegra Da Paula Oliveira Analista Hace unos meses&nbsp;fue&nbsp;la exposici\u00f3n del pintor Fabi\u00e1n&nbsp;Chairez,ahora el...\" \/>\n<meta property=\"og:url\" content=\"https:\/\/quehacerpolitico.mx\/?p=118872\" \/>\n<meta property=\"article:published_time\" content=\"2025-09-05T00:46:51+00:00\" \/>\n<meta property=\"article:modified_time\" content=\"2025-09-05T00:47:01+00:00\" \/>\n<meta property=\"og:image\" content=\"https:\/\/quehacerpolitico.mx\/wp-content\/uploads\/2025\/09\/32502b0f-da18-4a1e-adb8-e9dab66fd694.jpeg\" \/>\n\t<meta property=\"og:image:width\" content=\"963\" \/>\n\t<meta property=\"og:image:height\" content=\"493\" \/>\n\t<meta property=\"og:image:type\" content=\"image\/jpeg\" \/>\n<meta name=\"author\" content=\"Redacci\u00f3n QP\" \/>\n<meta name=\"twitter:card\" content=\"summary_large_image\" \/>\n<meta name=\"twitter:label1\" content=\"Escrito por\" \/>\n\t<meta name=\"twitter:data1\" content=\"Redacci\u00f3n QP\" \/>\n\t<meta name=\"twitter:label2\" content=\"Tiempo de lectura\" \/>\n\t<meta name=\"twitter:data2\" content=\"14 minutos\" \/>\n<script type=\"application\/ld+json\" class=\"yoast-schema-graph\">{\"@context\":\"https:\\\/\\\/schema.org\",\"@graph\":[{\"@type\":\"Article\",\"@id\":\"https:\\\/\\\/quehacerpolitico.mx\\\/?p=118872#article\",\"isPartOf\":{\"@id\":\"https:\\\/\\\/quehacerpolitico.mx\\\/?p=118872\"},\"author\":{\"name\":\"Redacci\u00f3n QP\",\"@id\":\"https:\\\/\\\/quehacerpolitico.mx\\\/#\\\/schema\\\/person\\\/496d8ad2d1d3f8036101dca7ee39e585\"},\"headline\":\"El Quehacer Pol\u00edtico a trav\u00e9s de la opini\u00f3n\\\/\\\/\\\/Tonatiuh Viniegra Da Paula Oliveira\\\/\\\/\\\/Libertad de expresi\u00f3n y ontologia del sujeto de derecho las creencias deben ser sujetos de derecho?\",\"datePublished\":\"2025-09-05T00:46:51+00:00\",\"dateModified\":\"2025-09-05T00:47:01+00:00\",\"mainEntityOfPage\":{\"@id\":\"https:\\\/\\\/quehacerpolitico.mx\\\/?p=118872\"},\"wordCount\":2770,\"commentCount\":0,\"image\":{\"@id\":\"https:\\\/\\\/quehacerpolitico.mx\\\/?p=118872#primaryimage\"},\"thumbnailUrl\":\"https:\\\/\\\/quehacerpolitico.mx\\\/wp-content\\\/uploads\\\/2025\\\/09\\\/32502b0f-da18-4a1e-adb8-e9dab66fd694.jpeg\",\"articleSection\":[\"Nacionales\",\"Noticias\"],\"inLanguage\":\"es\",\"potentialAction\":[{\"@type\":\"CommentAction\",\"name\":\"Comment\",\"target\":[\"https:\\\/\\\/quehacerpolitico.mx\\\/?p=118872#respond\"]}]},{\"@type\":\"WebPage\",\"@id\":\"https:\\\/\\\/quehacerpolitico.mx\\\/?p=118872\",\"url\":\"https:\\\/\\\/quehacerpolitico.mx\\\/?p=118872\",\"name\":\"El Quehacer Pol\u00edtico a trav\u00e9s de la opini\u00f3n\\\/\\\/\\\/Tonatiuh Viniegra Da Paula Oliveira\\\/\\\/\\\/Libertad de expresi\u00f3n y ontologia del sujeto de derecho las creencias deben ser sujetos de derecho? -\",\"isPartOf\":{\"@id\":\"https:\\\/\\\/quehacerpolitico.mx\\\/#website\"},\"primaryImageOfPage\":{\"@id\":\"https:\\\/\\\/quehacerpolitico.mx\\\/?p=118872#primaryimage\"},\"image\":{\"@id\":\"https:\\\/\\\/quehacerpolitico.mx\\\/?p=118872#primaryimage\"},\"thumbnailUrl\":\"https:\\\/\\\/quehacerpolitico.mx\\\/wp-content\\\/uploads\\\/2025\\\/09\\\/32502b0f-da18-4a1e-adb8-e9dab66fd694.jpeg\",\"datePublished\":\"2025-09-05T00:46:51+00:00\",\"dateModified\":\"2025-09-05T00:47:01+00:00\",\"author\":{\"@id\":\"https:\\\/\\\/quehacerpolitico.mx\\\/#\\\/schema\\\/person\\\/496d8ad2d1d3f8036101dca7ee39e585\"},\"breadcrumb\":{\"@id\":\"https:\\\/\\\/quehacerpolitico.mx\\\/?p=118872#breadcrumb\"},\"inLanguage\":\"es\",\"potentialAction\":[{\"@type\":\"ReadAction\",\"target\":[\"https:\\\/\\\/quehacerpolitico.mx\\\/?p=118872\"]}]},{\"@type\":\"ImageObject\",\"inLanguage\":\"es\",\"@id\":\"https:\\\/\\\/quehacerpolitico.mx\\\/?p=118872#primaryimage\",\"url\":\"https:\\\/\\\/quehacerpolitico.mx\\\/wp-content\\\/uploads\\\/2025\\\/09\\\/32502b0f-da18-4a1e-adb8-e9dab66fd694.jpeg\",\"contentUrl\":\"https:\\\/\\\/quehacerpolitico.mx\\\/wp-content\\\/uploads\\\/2025\\\/09\\\/32502b0f-da18-4a1e-adb8-e9dab66fd694.jpeg\",\"width\":963,\"height\":493},{\"@type\":\"BreadcrumbList\",\"@id\":\"https:\\\/\\\/quehacerpolitico.mx\\\/?p=118872#breadcrumb\",\"itemListElement\":[{\"@type\":\"ListItem\",\"position\":1,\"name\":\"Inicio\",\"item\":\"https:\\\/\\\/quehacerpolitico.mx\\\/\"},{\"@type\":\"ListItem\",\"position\":2,\"name\":\"El Quehacer Pol\u00edtico a trav\u00e9s de la opini\u00f3n\\\/\\\/\\\/Tonatiuh Viniegra Da Paula Oliveira\\\/\\\/\\\/Libertad de expresi\u00f3n y ontologia del sujeto de derecho las creencias deben ser sujetos de derecho?\"}]},{\"@type\":\"WebSite\",\"@id\":\"https:\\\/\\\/quehacerpolitico.mx\\\/#website\",\"url\":\"https:\\\/\\\/quehacerpolitico.mx\\\/\",\"name\":\"\",\"description\":\"\",\"potentialAction\":[{\"@type\":\"SearchAction\",\"target\":{\"@type\":\"EntryPoint\",\"urlTemplate\":\"https:\\\/\\\/quehacerpolitico.mx\\\/?s={search_term_string}\"},\"query-input\":{\"@type\":\"PropertyValueSpecification\",\"valueRequired\":true,\"valueName\":\"search_term_string\"}}],\"inLanguage\":\"es\"},{\"@type\":\"Person\",\"@id\":\"https:\\\/\\\/quehacerpolitico.mx\\\/#\\\/schema\\\/person\\\/496d8ad2d1d3f8036101dca7ee39e585\",\"name\":\"Redacci\u00f3n QP\",\"image\":{\"@type\":\"ImageObject\",\"inLanguage\":\"es\",\"@id\":\"https:\\\/\\\/secure.gravatar.com\\\/avatar\\\/c7164ed6fdec453195284ad24a5ae5b6e1eed2b848477fa2a4787ba9adf39a41?s=96&d=mm&r=g\",\"url\":\"https:\\\/\\\/secure.gravatar.com\\\/avatar\\\/c7164ed6fdec453195284ad24a5ae5b6e1eed2b848477fa2a4787ba9adf39a41?s=96&d=mm&r=g\",\"contentUrl\":\"https:\\\/\\\/secure.gravatar.com\\\/avatar\\\/c7164ed6fdec453195284ad24a5ae5b6e1eed2b848477fa2a4787ba9adf39a41?s=96&d=mm&r=g\",\"caption\":\"Redacci\u00f3n QP\"},\"url\":\"https:\\\/\\\/quehacerpolitico.mx\\\/?author=2\"}]}<\/script>\n<!-- \/ Yoast SEO plugin. -->","yoast_head_json":{"title":"El Quehacer Pol\u00edtico a trav\u00e9s de la opini\u00f3n\/\/\/Tonatiuh Viniegra Da Paula Oliveira\/\/\/Libertad de expresi\u00f3n y ontologia del sujeto de derecho las creencias deben ser sujetos de derecho? -","robots":{"index":"index","follow":"follow","max-snippet":"max-snippet:-1","max-image-preview":"max-image-preview:large","max-video-preview":"max-video-preview:-1"},"canonical":"https:\/\/quehacerpolitico.mx\/?p=118872","og_locale":"es_MX","og_type":"article","og_title":"El Quehacer Pol\u00edtico a trav\u00e9s de la opini\u00f3n\/\/\/Tonatiuh Viniegra Da Paula Oliveira\/\/\/Libertad de expresi\u00f3n y ontologia del sujeto de derecho las creencias deben ser sujetos de derecho? -","og_description":"Por Tonatiuh Viniegra Da Paula Oliveira Analista Hace unos meses&nbsp;fue&nbsp;la exposici\u00f3n del pintor Fabi\u00e1n&nbsp;Chairez,ahora el...","og_url":"https:\/\/quehacerpolitico.mx\/?p=118872","article_published_time":"2025-09-05T00:46:51+00:00","article_modified_time":"2025-09-05T00:47:01+00:00","og_image":[{"width":963,"height":493,"url":"https:\/\/quehacerpolitico.mx\/wp-content\/uploads\/2025\/09\/32502b0f-da18-4a1e-adb8-e9dab66fd694.jpeg","type":"image\/jpeg"}],"author":"Redacci\u00f3n QP","twitter_card":"summary_large_image","twitter_misc":{"Escrito por":"Redacci\u00f3n QP","Tiempo de lectura":"14 minutos"},"schema":{"@context":"https:\/\/schema.org","@graph":[{"@type":"Article","@id":"https:\/\/quehacerpolitico.mx\/?p=118872#article","isPartOf":{"@id":"https:\/\/quehacerpolitico.mx\/?p=118872"},"author":{"name":"Redacci\u00f3n QP","@id":"https:\/\/quehacerpolitico.mx\/#\/schema\/person\/496d8ad2d1d3f8036101dca7ee39e585"},"headline":"El Quehacer Pol\u00edtico a trav\u00e9s de la opini\u00f3n\/\/\/Tonatiuh Viniegra Da Paula Oliveira\/\/\/Libertad de expresi\u00f3n y ontologia del sujeto de derecho las creencias deben ser sujetos de derecho?","datePublished":"2025-09-05T00:46:51+00:00","dateModified":"2025-09-05T00:47:01+00:00","mainEntityOfPage":{"@id":"https:\/\/quehacerpolitico.mx\/?p=118872"},"wordCount":2770,"commentCount":0,"image":{"@id":"https:\/\/quehacerpolitico.mx\/?p=118872#primaryimage"},"thumbnailUrl":"https:\/\/quehacerpolitico.mx\/wp-content\/uploads\/2025\/09\/32502b0f-da18-4a1e-adb8-e9dab66fd694.jpeg","articleSection":["Nacionales","Noticias"],"inLanguage":"es","potentialAction":[{"@type":"CommentAction","name":"Comment","target":["https:\/\/quehacerpolitico.mx\/?p=118872#respond"]}]},{"@type":"WebPage","@id":"https:\/\/quehacerpolitico.mx\/?p=118872","url":"https:\/\/quehacerpolitico.mx\/?p=118872","name":"El Quehacer Pol\u00edtico a trav\u00e9s de la opini\u00f3n\/\/\/Tonatiuh Viniegra Da Paula Oliveira\/\/\/Libertad de expresi\u00f3n y ontologia del sujeto de derecho las creencias deben ser sujetos de derecho? -","isPartOf":{"@id":"https:\/\/quehacerpolitico.mx\/#website"},"primaryImageOfPage":{"@id":"https:\/\/quehacerpolitico.mx\/?p=118872#primaryimage"},"image":{"@id":"https:\/\/quehacerpolitico.mx\/?p=118872#primaryimage"},"thumbnailUrl":"https:\/\/quehacerpolitico.mx\/wp-content\/uploads\/2025\/09\/32502b0f-da18-4a1e-adb8-e9dab66fd694.jpeg","datePublished":"2025-09-05T00:46:51+00:00","dateModified":"2025-09-05T00:47:01+00:00","author":{"@id":"https:\/\/quehacerpolitico.mx\/#\/schema\/person\/496d8ad2d1d3f8036101dca7ee39e585"},"breadcrumb":{"@id":"https:\/\/quehacerpolitico.mx\/?p=118872#breadcrumb"},"inLanguage":"es","potentialAction":[{"@type":"ReadAction","target":["https:\/\/quehacerpolitico.mx\/?p=118872"]}]},{"@type":"ImageObject","inLanguage":"es","@id":"https:\/\/quehacerpolitico.mx\/?p=118872#primaryimage","url":"https:\/\/quehacerpolitico.mx\/wp-content\/uploads\/2025\/09\/32502b0f-da18-4a1e-adb8-e9dab66fd694.jpeg","contentUrl":"https:\/\/quehacerpolitico.mx\/wp-content\/uploads\/2025\/09\/32502b0f-da18-4a1e-adb8-e9dab66fd694.jpeg","width":963,"height":493},{"@type":"BreadcrumbList","@id":"https:\/\/quehacerpolitico.mx\/?p=118872#breadcrumb","itemListElement":[{"@type":"ListItem","position":1,"name":"Inicio","item":"https:\/\/quehacerpolitico.mx\/"},{"@type":"ListItem","position":2,"name":"El Quehacer Pol\u00edtico a trav\u00e9s de la opini\u00f3n\/\/\/Tonatiuh Viniegra Da Paula Oliveira\/\/\/Libertad de expresi\u00f3n y ontologia del sujeto de derecho las creencias deben ser sujetos de derecho?"}]},{"@type":"WebSite","@id":"https:\/\/quehacerpolitico.mx\/#website","url":"https:\/\/quehacerpolitico.mx\/","name":"","description":"","potentialAction":[{"@type":"SearchAction","target":{"@type":"EntryPoint","urlTemplate":"https:\/\/quehacerpolitico.mx\/?s={search_term_string}"},"query-input":{"@type":"PropertyValueSpecification","valueRequired":true,"valueName":"search_term_string"}}],"inLanguage":"es"},{"@type":"Person","@id":"https:\/\/quehacerpolitico.mx\/#\/schema\/person\/496d8ad2d1d3f8036101dca7ee39e585","name":"Redacci\u00f3n QP","image":{"@type":"ImageObject","inLanguage":"es","@id":"https:\/\/secure.gravatar.com\/avatar\/c7164ed6fdec453195284ad24a5ae5b6e1eed2b848477fa2a4787ba9adf39a41?s=96&d=mm&r=g","url":"https:\/\/secure.gravatar.com\/avatar\/c7164ed6fdec453195284ad24a5ae5b6e1eed2b848477fa2a4787ba9adf39a41?s=96&d=mm&r=g","contentUrl":"https:\/\/secure.gravatar.com\/avatar\/c7164ed6fdec453195284ad24a5ae5b6e1eed2b848477fa2a4787ba9adf39a41?s=96&d=mm&r=g","caption":"Redacci\u00f3n QP"},"url":"https:\/\/quehacerpolitico.mx\/?author=2"}]}},"featured_image_urls":{"full":["https:\/\/quehacerpolitico.mx\/wp-content\/uploads\/2025\/09\/32502b0f-da18-4a1e-adb8-e9dab66fd694.jpeg",963,493,false],"thumbnail":["https:\/\/quehacerpolitico.mx\/wp-content\/uploads\/2025\/09\/32502b0f-da18-4a1e-adb8-e9dab66fd694-150x150.jpeg",150,150,true],"medium":["https:\/\/quehacerpolitico.mx\/wp-content\/uploads\/2025\/09\/32502b0f-da18-4a1e-adb8-e9dab66fd694-300x154.jpeg",300,154,true],"medium_large":["https:\/\/quehacerpolitico.mx\/wp-content\/uploads\/2025\/09\/32502b0f-da18-4a1e-adb8-e9dab66fd694-768x393.jpeg",640,328,true],"large":["https:\/\/quehacerpolitico.mx\/wp-content\/uploads\/2025\/09\/32502b0f-da18-4a1e-adb8-e9dab66fd694.jpeg",640,328,false],"1536x1536":["https:\/\/quehacerpolitico.mx\/wp-content\/uploads\/2025\/09\/32502b0f-da18-4a1e-adb8-e9dab66fd694.jpeg",963,493,false],"2048x2048":["https:\/\/quehacerpolitico.mx\/wp-content\/uploads\/2025\/09\/32502b0f-da18-4a1e-adb8-e9dab66fd694.jpeg",963,493,false],"covernews-featured":["https:\/\/quehacerpolitico.mx\/wp-content\/uploads\/2025\/09\/32502b0f-da18-4a1e-adb8-e9dab66fd694.jpeg",963,493,false],"covernews-medium":["https:\/\/quehacerpolitico.mx\/wp-content\/uploads\/2025\/09\/32502b0f-da18-4a1e-adb8-e9dab66fd694-540x340.jpeg",540,340,true]},"author_info":{"display_name":"Redacci\u00f3n QP","author_link":"https:\/\/quehacerpolitico.mx\/?author=2"},"category_info":"<a href=\"https:\/\/quehacerpolitico.mx\/?cat=280\" rel=\"category\">Nacionales<\/a> <a href=\"https:\/\/quehacerpolitico.mx\/?cat=2\" rel=\"category\">Noticias<\/a>","tag_info":"Noticias","comment_count":"0","_links":{"self":[{"href":"https:\/\/quehacerpolitico.mx\/index.php?rest_route=\/wp\/v2\/posts\/118872","targetHints":{"allow":["GET"]}}],"collection":[{"href":"https:\/\/quehacerpolitico.mx\/index.php?rest_route=\/wp\/v2\/posts"}],"about":[{"href":"https:\/\/quehacerpolitico.mx\/index.php?rest_route=\/wp\/v2\/types\/post"}],"author":[{"embeddable":true,"href":"https:\/\/quehacerpolitico.mx\/index.php?rest_route=\/wp\/v2\/users\/2"}],"replies":[{"embeddable":true,"href":"https:\/\/quehacerpolitico.mx\/index.php?rest_route=%2Fwp%2Fv2%2Fcomments&post=118872"}],"version-history":[{"count":1,"href":"https:\/\/quehacerpolitico.mx\/index.php?rest_route=\/wp\/v2\/posts\/118872\/revisions"}],"predecessor-version":[{"id":118874,"href":"https:\/\/quehacerpolitico.mx\/index.php?rest_route=\/wp\/v2\/posts\/118872\/revisions\/118874"}],"wp:featuredmedia":[{"embeddable":true,"href":"https:\/\/quehacerpolitico.mx\/index.php?rest_route=\/wp\/v2\/media\/118873"}],"wp:attachment":[{"href":"https:\/\/quehacerpolitico.mx\/index.php?rest_route=%2Fwp%2Fv2%2Fmedia&parent=118872"}],"wp:term":[{"taxonomy":"category","embeddable":true,"href":"https:\/\/quehacerpolitico.mx\/index.php?rest_route=%2Fwp%2Fv2%2Fcategories&post=118872"},{"taxonomy":"post_tag","embeddable":true,"href":"https:\/\/quehacerpolitico.mx\/index.php?rest_route=%2Fwp%2Fv2%2Ftags&post=118872"}],"curies":[{"name":"wp","href":"https:\/\/api.w.org\/{rel}","templated":true}]}}