{"id":118861,"date":"2025-09-04T12:27:06","date_gmt":"2025-09-04T18:27:06","guid":{"rendered":"https:\/\/quehacerpolitico.mx\/?p=118861"},"modified":"2025-09-04T12:27:13","modified_gmt":"2025-09-04T18:27:13","slug":"el-quehacer-politico-a-traves-de-la-opinion-israel-aram-guerrero-el-periodismo-como-resistencia-y-esperanza","status":"publish","type":"post","link":"https:\/\/quehacerpolitico.mx\/?p=118861","title":{"rendered":"El Quehacer Pol\u00edtico a trav\u00e9s de la opini\u00f3n\/\/\/Israel Aram Guerrero\/\/\/El periodismo como resistencia y esperanza"},"content":{"rendered":"\n<p>Por Israel Aram Guerrero<\/p>\n\n\n\n<p>Analista<\/p>\n\n\n\n<p><em>Para Mila Guerrero, por 3 a\u00f1os de descubrir y redescubrir el mundo juntos<\/em><\/p>\n\n\n\n<p>Dec\u00eda Jos\u00e9 Revueltas que \u201ctoda cr\u00edtica verdadera es tambi\u00e9n autocr\u00edtica\u201d. El periodismo, en sus mejores momentos, ha ejercido esa cr\u00edtica que no s\u00f3lo incomoda al poder, sino que lo desnuda. La historia reciente de M\u00e9xico est\u00e1 marcada por esa resistencia silenciosa pero constante de reporteros y medios que, sin m\u00e1s armas que la palabra, han documentado la corrupci\u00f3n, el nepotismo y el abuso. Ellos son, muchas veces, los primeros agentes de cambio en una sociedad adormecida por la impunidad.<\/p>\n\n\n\n<p>No se trata de idealizar: la prensa no sustituye a fiscales ni jueces, pero s\u00ed marca el comp\u00e1s de la indignaci\u00f3n ciudadana. \u00bfCu\u00e1ntos de los grandes esc\u00e1ndalos pol\u00edticos hubieran quedado enterrados si no fuera por una investigaci\u00f3n period\u00edstica? El siglo XX nos dej\u00f3 ejemplos notables: desde la prensa que exhibi\u00f3 los excesos de los gobiernos posrevolucionarios hasta las revelaciones que cuestionaron a presidentes que se asum\u00edan intocables. Aquella voz, inc\u00f3moda y tenaz, hoy sigue viva, aunque acosada por la precariedad, las amenazas y, m\u00e1s recientemente, la avalancha de desinformaci\u00f3n.<\/p>\n\n\n\n<p>Las redes sociales han abierto un espacio nuevo, s\u00ed, pero no siempre fiable. Entre rumores, linchamientos digitales y noticias falsas, el verdadero periodismo \u2014ese que investiga, contrasta y arriesga\u2014 se distingue como una br\u00fajula \u00e9tica. En tiempos de inteligencia artificial capaz de suplantar rostros y voces, la tarea de los medios serios cobra un valor a\u00fan m\u00e1s profundo: sostener la verdad en medio del ruido.<\/p>\n\n\n\n<p>La corrupci\u00f3n en M\u00e9xico no es un accidente, es un sistema. Y como todo sistema, requiere de contrapesos. La justicia, lenta y muchas veces complaciente, no ha estado a la altura. El Congreso, llamado a ser contralor del poder, hace tiempo dej\u00f3 de cumplir su papel hist\u00f3rico. En ese vac\u00edo, el periodismo se erige como resistencia social, como una suerte de memoria viva que incomoda y que insiste.<\/p>\n\n\n\n<p>Desde Quehacer Pol\u00edtico, no pretendemos sustituir a los tribunales ni a los legisladores, pero s\u00ed acompa\u00f1ar a los ciudadanos comprometidos que saben que un mejor M\u00e9xico no se construye desde la resignaci\u00f3n, sino desde la participaci\u00f3n activa. Nuestro deber es narrar, se\u00f1alar, documentar; el de la sociedad es asumir que esas denuncias no son espect\u00e1culo, sino insumo para exigir justicia.<\/p>\n\n\n\n<p>La historia ense\u00f1a que toda transformaci\u00f3n nacional comienza con voces que, contra la adversidad, se atreven a decir \u201cno m\u00e1s\u201d. As\u00ed ocurri\u00f3 en \u00e9pocas en que el silencio era ley, as\u00ed ocurre hoy, en medio de la simulaci\u00f3n pol\u00edtica. El periodismo de investigaci\u00f3n no es s\u00f3lo un oficio: es un acto de resistencia, un recordatorio de que a\u00fan en las noches m\u00e1s oscuras alguien sostiene la l\u00e1mpara de la verdad.<\/p>\n\n\n\n<p>Y aqu\u00ed la reflexi\u00f3n inevitable: \u00bfde qu\u00e9 sirve la denuncia si la ciudadan\u00eda permanece inm\u00f3vil? El periodismo abre la puerta, pero somos nosotros quienes debemos cruzarla. La corrupci\u00f3n no se combate s\u00f3lo en tribunales o columnas, sino en cada voto, en cada decisi\u00f3n cotidiana, en cada rechazo a la complicidad.<\/p>\n\n\n\n<p>Por eso, esta&nbsp;Revista&nbsp;no quiere ser s\u00f3lo palabra impresa. Quiere ser un llamado. Que no olvidemos que un pa\u00eds mejor no lo construyen los poderosos que gobiernan, sino los ciudadanos que resisten, que se organizan, que creen. El periodismo es la chispa; la llama la enciende la sociedad.<\/p>\n\n\n\n<p>El futuro no est\u00e1 escrito: nos toca decidir si seguimos observando o si, de una vez por todas, nos convertimos en protagonistas de un M\u00e9xico distinto.<\/p>\n\n\n\n<p><strong>#SePuede y #SeDeb<\/strong><strong>e<\/strong><\/p>\n\n\n\n<p><strong>Israel Aram Guerrero<\/strong><\/p>\n\n\n\n<p><strong>Tw: @israel_ar<\/strong><strong>am<\/strong><\/p>\n","protected":false},"excerpt":{"rendered":"<p>Por Israel Aram Guerrero Analista Para Mila Guerrero, por 3 a\u00f1os de descubrir y redescubrir&#8230;<\/p>\n","protected":false},"author":2,"featured_media":118862,"comment_status":"open","ping_status":"open","sticky":false,"template":"","format":"standard","meta":{"_monsterinsights_skip_tracking":false,"_monsterinsights_sitenote_active":false,"_monsterinsights_sitenote_note":"","_monsterinsights_sitenote_category":0,"footnotes":""},"categories":[280,2],"tags":[],"class_list":["post-118861","post","type-post","status-publish","format-standard","has-post-thumbnail","hentry","category-nacionales","category-noticias"],"yoast_head":"<!-- This site is optimized with the Yoast SEO plugin v27.3 - https:\/\/yoast.com\/product\/yoast-seo-wordpress\/ -->\n<title>El Quehacer Pol\u00edtico a trav\u00e9s de la opini\u00f3n\/\/\/Israel Aram Guerrero\/\/\/El periodismo como resistencia y esperanza -<\/title>\n<meta name=\"robots\" content=\"index, follow, max-snippet:-1, max-image-preview:large, max-video-preview:-1\" \/>\n<link rel=\"canonical\" href=\"https:\/\/quehacerpolitico.mx\/?p=118861\" \/>\n<meta property=\"og:locale\" content=\"es_MX\" \/>\n<meta property=\"og:type\" content=\"article\" \/>\n<meta property=\"og:title\" content=\"El Quehacer Pol\u00edtico a trav\u00e9s de la opini\u00f3n\/\/\/Israel Aram Guerrero\/\/\/El periodismo como resistencia y esperanza -\" \/>\n<meta property=\"og:description\" content=\"Por Israel Aram Guerrero Analista Para Mila Guerrero, por 3 a\u00f1os de descubrir y redescubrir...\" \/>\n<meta property=\"og:url\" content=\"https:\/\/quehacerpolitico.mx\/?p=118861\" \/>\n<meta property=\"article:published_time\" content=\"2025-09-04T18:27:06+00:00\" \/>\n<meta property=\"article:modified_time\" content=\"2025-09-04T18:27:13+00:00\" \/>\n<meta property=\"og:image\" content=\"https:\/\/quehacerpolitico.mx\/wp-content\/uploads\/2025\/09\/c4411319-bfd6-47d2-ad49-f0d54a87f4d7.jpeg\" \/>\n\t<meta property=\"og:image:width\" content=\"963\" \/>\n\t<meta property=\"og:image:height\" content=\"493\" \/>\n\t<meta property=\"og:image:type\" content=\"image\/jpeg\" \/>\n<meta name=\"author\" content=\"Redacci\u00f3n QP\" \/>\n<meta name=\"twitter:card\" content=\"summary_large_image\" \/>\n<meta name=\"twitter:label1\" content=\"Escrito por\" \/>\n\t<meta name=\"twitter:data1\" content=\"Redacci\u00f3n QP\" \/>\n\t<meta name=\"twitter:label2\" content=\"Tiempo de lectura\" \/>\n\t<meta name=\"twitter:data2\" content=\"3 minutos\" \/>\n<script type=\"application\/ld+json\" class=\"yoast-schema-graph\">{\"@context\":\"https:\\\/\\\/schema.org\",\"@graph\":[{\"@type\":\"Article\",\"@id\":\"https:\\\/\\\/quehacerpolitico.mx\\\/?p=118861#article\",\"isPartOf\":{\"@id\":\"https:\\\/\\\/quehacerpolitico.mx\\\/?p=118861\"},\"author\":{\"name\":\"Redacci\u00f3n QP\",\"@id\":\"https:\\\/\\\/quehacerpolitico.mx\\\/#\\\/schema\\\/person\\\/496d8ad2d1d3f8036101dca7ee39e585\"},\"headline\":\"El Quehacer Pol\u00edtico a trav\u00e9s de la opini\u00f3n\\\/\\\/\\\/Israel Aram Guerrero\\\/\\\/\\\/El periodismo como resistencia y esperanza\",\"datePublished\":\"2025-09-04T18:27:06+00:00\",\"dateModified\":\"2025-09-04T18:27:13+00:00\",\"mainEntityOfPage\":{\"@id\":\"https:\\\/\\\/quehacerpolitico.mx\\\/?p=118861\"},\"wordCount\":660,\"commentCount\":0,\"image\":{\"@id\":\"https:\\\/\\\/quehacerpolitico.mx\\\/?p=118861#primaryimage\"},\"thumbnailUrl\":\"https:\\\/\\\/quehacerpolitico.mx\\\/wp-content\\\/uploads\\\/2025\\\/09\\\/c4411319-bfd6-47d2-ad49-f0d54a87f4d7.jpeg\",\"articleSection\":[\"Nacionales\",\"Noticias\"],\"inLanguage\":\"es\",\"potentialAction\":[{\"@type\":\"CommentAction\",\"name\":\"Comment\",\"target\":[\"https:\\\/\\\/quehacerpolitico.mx\\\/?p=118861#respond\"]}]},{\"@type\":\"WebPage\",\"@id\":\"https:\\\/\\\/quehacerpolitico.mx\\\/?p=118861\",\"url\":\"https:\\\/\\\/quehacerpolitico.mx\\\/?p=118861\",\"name\":\"El Quehacer Pol\u00edtico a trav\u00e9s de la opini\u00f3n\\\/\\\/\\\/Israel Aram Guerrero\\\/\\\/\\\/El periodismo como resistencia y esperanza -\",\"isPartOf\":{\"@id\":\"https:\\\/\\\/quehacerpolitico.mx\\\/#website\"},\"primaryImageOfPage\":{\"@id\":\"https:\\\/\\\/quehacerpolitico.mx\\\/?p=118861#primaryimage\"},\"image\":{\"@id\":\"https:\\\/\\\/quehacerpolitico.mx\\\/?p=118861#primaryimage\"},\"thumbnailUrl\":\"https:\\\/\\\/quehacerpolitico.mx\\\/wp-content\\\/uploads\\\/2025\\\/09\\\/c4411319-bfd6-47d2-ad49-f0d54a87f4d7.jpeg\",\"datePublished\":\"2025-09-04T18:27:06+00:00\",\"dateModified\":\"2025-09-04T18:27:13+00:00\",\"author\":{\"@id\":\"https:\\\/\\\/quehacerpolitico.mx\\\/#\\\/schema\\\/person\\\/496d8ad2d1d3f8036101dca7ee39e585\"},\"breadcrumb\":{\"@id\":\"https:\\\/\\\/quehacerpolitico.mx\\\/?p=118861#breadcrumb\"},\"inLanguage\":\"es\",\"potentialAction\":[{\"@type\":\"ReadAction\",\"target\":[\"https:\\\/\\\/quehacerpolitico.mx\\\/?p=118861\"]}]},{\"@type\":\"ImageObject\",\"inLanguage\":\"es\",\"@id\":\"https:\\\/\\\/quehacerpolitico.mx\\\/?p=118861#primaryimage\",\"url\":\"https:\\\/\\\/quehacerpolitico.mx\\\/wp-content\\\/uploads\\\/2025\\\/09\\\/c4411319-bfd6-47d2-ad49-f0d54a87f4d7.jpeg\",\"contentUrl\":\"https:\\\/\\\/quehacerpolitico.mx\\\/wp-content\\\/uploads\\\/2025\\\/09\\\/c4411319-bfd6-47d2-ad49-f0d54a87f4d7.jpeg\",\"width\":963,\"height\":493},{\"@type\":\"BreadcrumbList\",\"@id\":\"https:\\\/\\\/quehacerpolitico.mx\\\/?p=118861#breadcrumb\",\"itemListElement\":[{\"@type\":\"ListItem\",\"position\":1,\"name\":\"Inicio\",\"item\":\"https:\\\/\\\/quehacerpolitico.mx\\\/\"},{\"@type\":\"ListItem\",\"position\":2,\"name\":\"El Quehacer Pol\u00edtico a trav\u00e9s de la opini\u00f3n\\\/\\\/\\\/Israel Aram Guerrero\\\/\\\/\\\/El periodismo como resistencia y esperanza\"}]},{\"@type\":\"WebSite\",\"@id\":\"https:\\\/\\\/quehacerpolitico.mx\\\/#website\",\"url\":\"https:\\\/\\\/quehacerpolitico.mx\\\/\",\"name\":\"\",\"description\":\"\",\"potentialAction\":[{\"@type\":\"SearchAction\",\"target\":{\"@type\":\"EntryPoint\",\"urlTemplate\":\"https:\\\/\\\/quehacerpolitico.mx\\\/?s={search_term_string}\"},\"query-input\":{\"@type\":\"PropertyValueSpecification\",\"valueRequired\":true,\"valueName\":\"search_term_string\"}}],\"inLanguage\":\"es\"},{\"@type\":\"Person\",\"@id\":\"https:\\\/\\\/quehacerpolitico.mx\\\/#\\\/schema\\\/person\\\/496d8ad2d1d3f8036101dca7ee39e585\",\"name\":\"Redacci\u00f3n QP\",\"image\":{\"@type\":\"ImageObject\",\"inLanguage\":\"es\",\"@id\":\"https:\\\/\\\/secure.gravatar.com\\\/avatar\\\/c7164ed6fdec453195284ad24a5ae5b6e1eed2b848477fa2a4787ba9adf39a41?s=96&d=mm&r=g\",\"url\":\"https:\\\/\\\/secure.gravatar.com\\\/avatar\\\/c7164ed6fdec453195284ad24a5ae5b6e1eed2b848477fa2a4787ba9adf39a41?s=96&d=mm&r=g\",\"contentUrl\":\"https:\\\/\\\/secure.gravatar.com\\\/avatar\\\/c7164ed6fdec453195284ad24a5ae5b6e1eed2b848477fa2a4787ba9adf39a41?s=96&d=mm&r=g\",\"caption\":\"Redacci\u00f3n QP\"},\"url\":\"https:\\\/\\\/quehacerpolitico.mx\\\/?author=2\"}]}<\/script>\n<!-- \/ Yoast SEO plugin. -->","yoast_head_json":{"title":"El Quehacer Pol\u00edtico a trav\u00e9s de la opini\u00f3n\/\/\/Israel Aram Guerrero\/\/\/El periodismo como resistencia y esperanza -","robots":{"index":"index","follow":"follow","max-snippet":"max-snippet:-1","max-image-preview":"max-image-preview:large","max-video-preview":"max-video-preview:-1"},"canonical":"https:\/\/quehacerpolitico.mx\/?p=118861","og_locale":"es_MX","og_type":"article","og_title":"El Quehacer Pol\u00edtico a trav\u00e9s de la opini\u00f3n\/\/\/Israel Aram Guerrero\/\/\/El periodismo como resistencia y esperanza -","og_description":"Por Israel Aram Guerrero Analista Para Mila Guerrero, por 3 a\u00f1os de descubrir y redescubrir...","og_url":"https:\/\/quehacerpolitico.mx\/?p=118861","article_published_time":"2025-09-04T18:27:06+00:00","article_modified_time":"2025-09-04T18:27:13+00:00","og_image":[{"width":963,"height":493,"url":"https:\/\/quehacerpolitico.mx\/wp-content\/uploads\/2025\/09\/c4411319-bfd6-47d2-ad49-f0d54a87f4d7.jpeg","type":"image\/jpeg"}],"author":"Redacci\u00f3n QP","twitter_card":"summary_large_image","twitter_misc":{"Escrito por":"Redacci\u00f3n QP","Tiempo de lectura":"3 minutos"},"schema":{"@context":"https:\/\/schema.org","@graph":[{"@type":"Article","@id":"https:\/\/quehacerpolitico.mx\/?p=118861#article","isPartOf":{"@id":"https:\/\/quehacerpolitico.mx\/?p=118861"},"author":{"name":"Redacci\u00f3n QP","@id":"https:\/\/quehacerpolitico.mx\/#\/schema\/person\/496d8ad2d1d3f8036101dca7ee39e585"},"headline":"El Quehacer Pol\u00edtico a trav\u00e9s de la opini\u00f3n\/\/\/Israel Aram Guerrero\/\/\/El periodismo como resistencia y esperanza","datePublished":"2025-09-04T18:27:06+00:00","dateModified":"2025-09-04T18:27:13+00:00","mainEntityOfPage":{"@id":"https:\/\/quehacerpolitico.mx\/?p=118861"},"wordCount":660,"commentCount":0,"image":{"@id":"https:\/\/quehacerpolitico.mx\/?p=118861#primaryimage"},"thumbnailUrl":"https:\/\/quehacerpolitico.mx\/wp-content\/uploads\/2025\/09\/c4411319-bfd6-47d2-ad49-f0d54a87f4d7.jpeg","articleSection":["Nacionales","Noticias"],"inLanguage":"es","potentialAction":[{"@type":"CommentAction","name":"Comment","target":["https:\/\/quehacerpolitico.mx\/?p=118861#respond"]}]},{"@type":"WebPage","@id":"https:\/\/quehacerpolitico.mx\/?p=118861","url":"https:\/\/quehacerpolitico.mx\/?p=118861","name":"El Quehacer Pol\u00edtico a trav\u00e9s de la opini\u00f3n\/\/\/Israel Aram Guerrero\/\/\/El periodismo como resistencia y esperanza -","isPartOf":{"@id":"https:\/\/quehacerpolitico.mx\/#website"},"primaryImageOfPage":{"@id":"https:\/\/quehacerpolitico.mx\/?p=118861#primaryimage"},"image":{"@id":"https:\/\/quehacerpolitico.mx\/?p=118861#primaryimage"},"thumbnailUrl":"https:\/\/quehacerpolitico.mx\/wp-content\/uploads\/2025\/09\/c4411319-bfd6-47d2-ad49-f0d54a87f4d7.jpeg","datePublished":"2025-09-04T18:27:06+00:00","dateModified":"2025-09-04T18:27:13+00:00","author":{"@id":"https:\/\/quehacerpolitico.mx\/#\/schema\/person\/496d8ad2d1d3f8036101dca7ee39e585"},"breadcrumb":{"@id":"https:\/\/quehacerpolitico.mx\/?p=118861#breadcrumb"},"inLanguage":"es","potentialAction":[{"@type":"ReadAction","target":["https:\/\/quehacerpolitico.mx\/?p=118861"]}]},{"@type":"ImageObject","inLanguage":"es","@id":"https:\/\/quehacerpolitico.mx\/?p=118861#primaryimage","url":"https:\/\/quehacerpolitico.mx\/wp-content\/uploads\/2025\/09\/c4411319-bfd6-47d2-ad49-f0d54a87f4d7.jpeg","contentUrl":"https:\/\/quehacerpolitico.mx\/wp-content\/uploads\/2025\/09\/c4411319-bfd6-47d2-ad49-f0d54a87f4d7.jpeg","width":963,"height":493},{"@type":"BreadcrumbList","@id":"https:\/\/quehacerpolitico.mx\/?p=118861#breadcrumb","itemListElement":[{"@type":"ListItem","position":1,"name":"Inicio","item":"https:\/\/quehacerpolitico.mx\/"},{"@type":"ListItem","position":2,"name":"El Quehacer Pol\u00edtico a trav\u00e9s de la opini\u00f3n\/\/\/Israel Aram Guerrero\/\/\/El periodismo como resistencia y esperanza"}]},{"@type":"WebSite","@id":"https:\/\/quehacerpolitico.mx\/#website","url":"https:\/\/quehacerpolitico.mx\/","name":"","description":"","potentialAction":[{"@type":"SearchAction","target":{"@type":"EntryPoint","urlTemplate":"https:\/\/quehacerpolitico.mx\/?s={search_term_string}"},"query-input":{"@type":"PropertyValueSpecification","valueRequired":true,"valueName":"search_term_string"}}],"inLanguage":"es"},{"@type":"Person","@id":"https:\/\/quehacerpolitico.mx\/#\/schema\/person\/496d8ad2d1d3f8036101dca7ee39e585","name":"Redacci\u00f3n QP","image":{"@type":"ImageObject","inLanguage":"es","@id":"https:\/\/secure.gravatar.com\/avatar\/c7164ed6fdec453195284ad24a5ae5b6e1eed2b848477fa2a4787ba9adf39a41?s=96&d=mm&r=g","url":"https:\/\/secure.gravatar.com\/avatar\/c7164ed6fdec453195284ad24a5ae5b6e1eed2b848477fa2a4787ba9adf39a41?s=96&d=mm&r=g","contentUrl":"https:\/\/secure.gravatar.com\/avatar\/c7164ed6fdec453195284ad24a5ae5b6e1eed2b848477fa2a4787ba9adf39a41?s=96&d=mm&r=g","caption":"Redacci\u00f3n QP"},"url":"https:\/\/quehacerpolitico.mx\/?author=2"}]}},"featured_image_urls":{"full":["https:\/\/quehacerpolitico.mx\/wp-content\/uploads\/2025\/09\/c4411319-bfd6-47d2-ad49-f0d54a87f4d7.jpeg",963,493,false],"thumbnail":["https:\/\/quehacerpolitico.mx\/wp-content\/uploads\/2025\/09\/c4411319-bfd6-47d2-ad49-f0d54a87f4d7-150x150.jpeg",150,150,true],"medium":["https:\/\/quehacerpolitico.mx\/wp-content\/uploads\/2025\/09\/c4411319-bfd6-47d2-ad49-f0d54a87f4d7-300x154.jpeg",300,154,true],"medium_large":["https:\/\/quehacerpolitico.mx\/wp-content\/uploads\/2025\/09\/c4411319-bfd6-47d2-ad49-f0d54a87f4d7-768x393.jpeg",640,328,true],"large":["https:\/\/quehacerpolitico.mx\/wp-content\/uploads\/2025\/09\/c4411319-bfd6-47d2-ad49-f0d54a87f4d7.jpeg",640,328,false],"1536x1536":["https:\/\/quehacerpolitico.mx\/wp-content\/uploads\/2025\/09\/c4411319-bfd6-47d2-ad49-f0d54a87f4d7.jpeg",963,493,false],"2048x2048":["https:\/\/quehacerpolitico.mx\/wp-content\/uploads\/2025\/09\/c4411319-bfd6-47d2-ad49-f0d54a87f4d7.jpeg",963,493,false],"covernews-featured":["https:\/\/quehacerpolitico.mx\/wp-content\/uploads\/2025\/09\/c4411319-bfd6-47d2-ad49-f0d54a87f4d7.jpeg",963,493,false],"covernews-medium":["https:\/\/quehacerpolitico.mx\/wp-content\/uploads\/2025\/09\/c4411319-bfd6-47d2-ad49-f0d54a87f4d7-540x340.jpeg",540,340,true]},"author_info":{"display_name":"Redacci\u00f3n QP","author_link":"https:\/\/quehacerpolitico.mx\/?author=2"},"category_info":"<a href=\"https:\/\/quehacerpolitico.mx\/?cat=280\" rel=\"category\">Nacionales<\/a> <a href=\"https:\/\/quehacerpolitico.mx\/?cat=2\" rel=\"category\">Noticias<\/a>","tag_info":"Noticias","comment_count":"0","_links":{"self":[{"href":"https:\/\/quehacerpolitico.mx\/index.php?rest_route=\/wp\/v2\/posts\/118861","targetHints":{"allow":["GET"]}}],"collection":[{"href":"https:\/\/quehacerpolitico.mx\/index.php?rest_route=\/wp\/v2\/posts"}],"about":[{"href":"https:\/\/quehacerpolitico.mx\/index.php?rest_route=\/wp\/v2\/types\/post"}],"author":[{"embeddable":true,"href":"https:\/\/quehacerpolitico.mx\/index.php?rest_route=\/wp\/v2\/users\/2"}],"replies":[{"embeddable":true,"href":"https:\/\/quehacerpolitico.mx\/index.php?rest_route=%2Fwp%2Fv2%2Fcomments&post=118861"}],"version-history":[{"count":1,"href":"https:\/\/quehacerpolitico.mx\/index.php?rest_route=\/wp\/v2\/posts\/118861\/revisions"}],"predecessor-version":[{"id":118863,"href":"https:\/\/quehacerpolitico.mx\/index.php?rest_route=\/wp\/v2\/posts\/118861\/revisions\/118863"}],"wp:featuredmedia":[{"embeddable":true,"href":"https:\/\/quehacerpolitico.mx\/index.php?rest_route=\/wp\/v2\/media\/118862"}],"wp:attachment":[{"href":"https:\/\/quehacerpolitico.mx\/index.php?rest_route=%2Fwp%2Fv2%2Fmedia&parent=118861"}],"wp:term":[{"taxonomy":"category","embeddable":true,"href":"https:\/\/quehacerpolitico.mx\/index.php?rest_route=%2Fwp%2Fv2%2Fcategories&post=118861"},{"taxonomy":"post_tag","embeddable":true,"href":"https:\/\/quehacerpolitico.mx\/index.php?rest_route=%2Fwp%2Fv2%2Ftags&post=118861"}],"curies":[{"name":"wp","href":"https:\/\/api.w.org\/{rel}","templated":true}]}}