{"id":118855,"date":"2025-09-04T10:41:07","date_gmt":"2025-09-04T16:41:07","guid":{"rendered":"https:\/\/quehacerpolitico.mx\/?p=118855"},"modified":"2025-09-04T10:41:15","modified_gmt":"2025-09-04T16:41:15","slug":"el-amor-echa-fuera-el-temor","status":"publish","type":"post","link":"https:\/\/quehacerpolitico.mx\/?p=118855","title":{"rendered":"El amor echa fuera el temor\u2026"},"content":{"rendered":"\n<p>Por Graciela Edith Coronel Barrios<\/p>\n\n\n\n<p>Presidenta de Comercio Alternativo para una Vida Digna A.C. (CAPUVD)<\/p>\n\n\n\n<p>Estimado lector hay un sin fin de cosas que podr\u00edan generarnos temor en nuestra vida y m\u00e1s en estos d\u00edas, que desafortunadamente la maldad ha ido en aumento. Quiz\u00e1s tu temor es perder&nbsp;tu reputaci\u00f3n,&nbsp;tu trabajo, negocio o propiedades, quiz\u00e1s perder a alguien, tu libertad f\u00edsica o econ\u00f3mica, o quiz\u00e1s sea morir, cualquiera a lo que le tengas temor est\u00e1 relacionado con algo que desconoces si realmente va a suceder, el temor es el recelo de sentir da\u00f1o o dolor, es&nbsp;una&nbsp;emoci\u00f3n desagradable provocada por la percepci\u00f3n de un peligro, real o supuesto, presente, futuro o incluso pasado.<\/p>\n\n\n\n<p>Sentir temor no es algo que venga de parte de Dios, al contrario \u00c9l siempre nos insta a no tenerlo, puesto que el temor es algo que pone lazo sobre nuestra vida,&nbsp;preg\u00fantate esto:&nbsp;\u00bfcu\u00e1ntas veces te has detenido por temor a equivocarte? \u00bfcu\u00e1ntas veces has desechado oportunidades por temor a los cambios?&nbsp;\u2026&nbsp;El temor nos detiene, nos devuelve, nos genera ansiedad, \u00bfsab\u00eda usted que la ansiedad se presenta cuando el miedo&nbsp;es&nbsp;intenso, excesivo y persistente&nbsp;por mucho tiempo, incluso en ausencia de un peligro real?&nbsp;<\/p>\n\n\n\n<p>Hay algo que&nbsp;nos ayuda&nbsp;a dejar de sentir temor, y ese es el amor de Dios. Dice la Palabra en 1 de Juan 4:18 que: \u201cEn el amor no hay temor, sino que el perfecto amor echa fuera el temor\u2026\u201d y quiz\u00e1s te preguntas c\u00f3mo es que se relaciona una cosa con la otra? Sencillo, en el amor de Dios encontramos paz y confianza, perdemos el temor a cualquier cosa, principalmente a morir,&nbsp;en primera&nbsp;porque sabemos que&nbsp;nuestra vida est\u00e1 en sus manos y en segunda porque tenemos la certeza de que&nbsp;a\u00fan muertos estaremos en la presencia del Se\u00f1or y que resucitaremos a su venida.<\/p>\n\n\n\n<p>Dice m\u00e1s adelante ese vers\u00edculo que el temor lleva en s\u00ed castigo, puesto que es algo que agobia sin haber sucedido, son pensamientos que en su mayor\u00eda son simples especulaciones,&nbsp;surgidas de&nbsp;lo que conocemos o percibimos que est\u00e1n pasando a otros,&nbsp;y creemos que a nosotros tambi\u00e9n nos va a pasar. Una persona que teme, inconscientemente se siente sola, desamparada, a la deriva, sin protecci\u00f3n, etc., esto sucede cuando no comprendemos quien&nbsp;es Dios y quien&nbsp;somos para&nbsp;\u00c9l,&nbsp;no comprendemos&nbsp;el amor que \u00c9l tiene por nosotros, quiz\u00e1s desconocemos que&nbsp;por amor&nbsp;dio&nbsp;a su&nbsp;Hijo unig\u00e9nito para darnos&nbsp;vida eterna.&nbsp;Ese mismo amor sigue hoy vigente para ti y para m\u00ed, es un amor eterno, un amor incondicional, un amor perfecto.<\/p>\n\n\n\n<p>Un ni\u00f1o no sabe de qu\u00e9 forma sus padres lo cuidar\u00e1n o sustentar\u00e1n, desconoce si tienen las herramientas, la capacidad o lo que sea necesario para que esto ocurra, pero tiene la certeza de que lo har\u00e1n, simplemente porque tiene claro que es un hijo, sabe que sus padres lo aman. Lo mismo sucede cuando entendemos la posici\u00f3n que tenemos como hijos delante del Se\u00f1or, no entendemos de qu\u00e9 forma, pero sabemos que \u00c9l lo har\u00e1,&nbsp;podemos sentir&nbsp;esa protecci\u00f3n, ese sustento que&nbsp;nada ni&nbsp;nadie m\u00e1s te puede ofrecer.&nbsp;\u201cPorque todos los que son guiados por el Esp\u00edritu de Dios, estos son hijos de Dios. Pues no hab\u00e9is recibido el esp\u00edritu de esclavitud para estar otra vez en temor, sino que hab\u00e9is recibido el esp\u00edritu de adopci\u00f3n, por el cual clamamos: \u00a1Abba, Padre!\u201d Romanos\u202c&nbsp;<\/p>\n\n\n\n<p>Cuando entendemos el sacrificio que Jes\u00fas hizo en la cruz por nosotros y el poder de su resurrecci\u00f3n, no hay nada que pueda atemorizarnos, no cabe duda de que haya algo&nbsp;fuera de control o&nbsp;que pueda ser imposible para Dios despu\u00e9s de haber vencido a la muerte.&nbsp;<\/p>\n\n\n\n<p>El Se\u00f1or nos&nbsp;ense\u00f1a&nbsp;a no tener temor a los hombres, a lo que puedan hacer,&nbsp;nos pregunta en su Palabra: \u00bfQui\u00e9n eres t\u00fa para que tengas temor del hombre, que es mortal, y del hijo de hombre, que es como heno? Dios&nbsp;es nuestro ayudador, el temor debe ser&nbsp;a \u00c9l quien nos juzgar\u00e1.&nbsp;Por ello es importante no solamente estar entendidos del amor de Dios hacia nosotros, sino tambi\u00e9n o\u00edr y poner por obra las ense\u00f1anzas que \u00c9l nos&nbsp;ha dejado escritas,&nbsp;para&nbsp;andar confiados,&nbsp;vivir tranquilos y sin temor del mal. Dice el proverbio 10:24 que lo que el imp\u00edo teme, eso le vendr\u00e1, pero que a los justos les ser\u00e1n dados sus deseos, medita en esto \u00bftengo m\u00e1s miedos o deseos en mi mente? Ambos llegar\u00e1n conforme los pienses.<\/p>\n\n\n\n<p>Por lo anterior, hoy&nbsp;quiero animarte a que busques de Dios para librarte de todos esos temores,&nbsp;\u00c9l no nos ha dado un esp\u00edritu de cobard\u00eda sino de poder, por ello&nbsp;quiero compartirte algunas de las promesas que el Se\u00f1or nos da en su Palabra para que retomes ese aliento&nbsp;y&nbsp;sigas adelante&nbsp;con un coraz\u00f3n firme, confiado en Dios:<\/p>\n\n\n\n<p>\u201cEsforzaos y cobrad \u00e1nimo; no tem\u00e1is, ni teng\u00e1is miedo de ellos, porque Jehov\u00e1 tu Dios es el que va contigo; no te dejar\u00e1, ni te desamparar\u00e1.\u201d Deuteronomio\u202c&nbsp;<\/p>\n\n\n\n<p>\u201cNo temas, porque yo estoy contigo; no desmayes, porque yo soy tu Dios que te esfuerzo; siempre te ayudar\u00e9, siempre te sustentar\u00e9 con la diestra de mi justicia.\u201d&nbsp;Isa\u00edas\u202c&nbsp;<\/p>\n\n\n\n<p>\u201cMira que te mando que te esfuerces y seas valiente; no temas ni desmayes, porque Jehov\u00e1 tu Dios estar\u00e1 contigo en dondequiera que vayas.\u201d&nbsp;Josu\u00e9\u202c&nbsp;<\/p>\n\n\n\n<p>Si hoy quisieras&nbsp;echar fuera el temor de tu vida, te invito a que digas en voz audible y creas en tu coraz\u00f3n&nbsp;esta oraci\u00f3n: Se\u00f1or Jes\u00fas, en este d\u00eda quiero&nbsp;poner delante de ti todos mis temores, mi ansiedad y mis angustias,&nbsp;confieso que&nbsp;he vivido apartado de ti&nbsp;y te pido perd\u00f3n&nbsp;por las veces que te he fallado, reconozco que necesito de ti y anhelo esa&nbsp;paz, esa seguridad, esa vida&nbsp;que solamente t\u00fa me puedes dar, por eso hoy te recibo en mi coraz\u00f3n como mi Se\u00f1or y mi \u00fanico, verdadero y suficiente Salvador, en el nombre de Jes\u00fas, Am\u00e9n!<\/p>\n\n\n\n<p>\u201cPero Jehov\u00e1 le dijo: Paz a ti; no tengas temor, no morir\u00e1s.\u201dJueces\u202c&nbsp;<\/p>\n","protected":false},"excerpt":{"rendered":"<p>Por Graciela Edith Coronel Barrios Presidenta de Comercio Alternativo para una Vida Digna A.C. (CAPUVD)&#8230;<\/p>\n","protected":false},"author":2,"featured_media":118856,"comment_status":"open","ping_status":"open","sticky":false,"template":"","format":"standard","meta":{"_monsterinsights_skip_tracking":false,"_monsterinsights_sitenote_active":false,"_monsterinsights_sitenote_note":"","_monsterinsights_sitenote_category":0,"footnotes":""},"categories":[280,2],"tags":[],"class_list":["post-118855","post","type-post","status-publish","format-standard","has-post-thumbnail","hentry","category-nacionales","category-noticias"],"yoast_head":"<!-- This site is optimized with the Yoast SEO plugin v27.3 - https:\/\/yoast.com\/product\/yoast-seo-wordpress\/ -->\n<title>El amor echa fuera el temor\u2026 -<\/title>\n<meta name=\"robots\" content=\"index, follow, max-snippet:-1, max-image-preview:large, max-video-preview:-1\" \/>\n<link rel=\"canonical\" href=\"https:\/\/quehacerpolitico.mx\/?p=118855\" \/>\n<meta property=\"og:locale\" content=\"es_MX\" \/>\n<meta property=\"og:type\" content=\"article\" \/>\n<meta property=\"og:title\" content=\"El amor echa fuera el temor\u2026 -\" \/>\n<meta property=\"og:description\" content=\"Por Graciela Edith Coronel Barrios Presidenta de Comercio Alternativo para una Vida Digna A.C. (CAPUVD)...\" \/>\n<meta property=\"og:url\" content=\"https:\/\/quehacerpolitico.mx\/?p=118855\" \/>\n<meta property=\"article:published_time\" content=\"2025-09-04T16:41:07+00:00\" \/>\n<meta property=\"article:modified_time\" content=\"2025-09-04T16:41:15+00:00\" \/>\n<meta property=\"og:image\" content=\"https:\/\/quehacerpolitico.mx\/wp-content\/uploads\/2025\/09\/a0493fc8-7066-4a0a-a2c9-2ae928dea97d.jpeg\" \/>\n\t<meta property=\"og:image:width\" content=\"963\" \/>\n\t<meta property=\"og:image:height\" content=\"493\" \/>\n\t<meta property=\"og:image:type\" content=\"image\/jpeg\" \/>\n<meta name=\"author\" content=\"Redacci\u00f3n QP\" \/>\n<meta name=\"twitter:card\" content=\"summary_large_image\" \/>\n<meta name=\"twitter:label1\" content=\"Escrito por\" \/>\n\t<meta name=\"twitter:data1\" content=\"Redacci\u00f3n QP\" \/>\n\t<meta name=\"twitter:label2\" content=\"Tiempo de lectura\" \/>\n\t<meta name=\"twitter:data2\" content=\"6 minutos\" \/>\n<script type=\"application\/ld+json\" class=\"yoast-schema-graph\">{\"@context\":\"https:\\\/\\\/schema.org\",\"@graph\":[{\"@type\":\"Article\",\"@id\":\"https:\\\/\\\/quehacerpolitico.mx\\\/?p=118855#article\",\"isPartOf\":{\"@id\":\"https:\\\/\\\/quehacerpolitico.mx\\\/?p=118855\"},\"author\":{\"name\":\"Redacci\u00f3n QP\",\"@id\":\"https:\\\/\\\/quehacerpolitico.mx\\\/#\\\/schema\\\/person\\\/496d8ad2d1d3f8036101dca7ee39e585\"},\"headline\":\"El amor echa fuera el temor\u2026\",\"datePublished\":\"2025-09-04T16:41:07+00:00\",\"dateModified\":\"2025-09-04T16:41:15+00:00\",\"mainEntityOfPage\":{\"@id\":\"https:\\\/\\\/quehacerpolitico.mx\\\/?p=118855\"},\"wordCount\":1157,\"commentCount\":0,\"image\":{\"@id\":\"https:\\\/\\\/quehacerpolitico.mx\\\/?p=118855#primaryimage\"},\"thumbnailUrl\":\"https:\\\/\\\/quehacerpolitico.mx\\\/wp-content\\\/uploads\\\/2025\\\/09\\\/a0493fc8-7066-4a0a-a2c9-2ae928dea97d.jpeg\",\"articleSection\":[\"Nacionales\",\"Noticias\"],\"inLanguage\":\"es\",\"potentialAction\":[{\"@type\":\"CommentAction\",\"name\":\"Comment\",\"target\":[\"https:\\\/\\\/quehacerpolitico.mx\\\/?p=118855#respond\"]}]},{\"@type\":\"WebPage\",\"@id\":\"https:\\\/\\\/quehacerpolitico.mx\\\/?p=118855\",\"url\":\"https:\\\/\\\/quehacerpolitico.mx\\\/?p=118855\",\"name\":\"El amor echa fuera el temor\u2026 -\",\"isPartOf\":{\"@id\":\"https:\\\/\\\/quehacerpolitico.mx\\\/#website\"},\"primaryImageOfPage\":{\"@id\":\"https:\\\/\\\/quehacerpolitico.mx\\\/?p=118855#primaryimage\"},\"image\":{\"@id\":\"https:\\\/\\\/quehacerpolitico.mx\\\/?p=118855#primaryimage\"},\"thumbnailUrl\":\"https:\\\/\\\/quehacerpolitico.mx\\\/wp-content\\\/uploads\\\/2025\\\/09\\\/a0493fc8-7066-4a0a-a2c9-2ae928dea97d.jpeg\",\"datePublished\":\"2025-09-04T16:41:07+00:00\",\"dateModified\":\"2025-09-04T16:41:15+00:00\",\"author\":{\"@id\":\"https:\\\/\\\/quehacerpolitico.mx\\\/#\\\/schema\\\/person\\\/496d8ad2d1d3f8036101dca7ee39e585\"},\"breadcrumb\":{\"@id\":\"https:\\\/\\\/quehacerpolitico.mx\\\/?p=118855#breadcrumb\"},\"inLanguage\":\"es\",\"potentialAction\":[{\"@type\":\"ReadAction\",\"target\":[\"https:\\\/\\\/quehacerpolitico.mx\\\/?p=118855\"]}]},{\"@type\":\"ImageObject\",\"inLanguage\":\"es\",\"@id\":\"https:\\\/\\\/quehacerpolitico.mx\\\/?p=118855#primaryimage\",\"url\":\"https:\\\/\\\/quehacerpolitico.mx\\\/wp-content\\\/uploads\\\/2025\\\/09\\\/a0493fc8-7066-4a0a-a2c9-2ae928dea97d.jpeg\",\"contentUrl\":\"https:\\\/\\\/quehacerpolitico.mx\\\/wp-content\\\/uploads\\\/2025\\\/09\\\/a0493fc8-7066-4a0a-a2c9-2ae928dea97d.jpeg\",\"width\":963,\"height\":493},{\"@type\":\"BreadcrumbList\",\"@id\":\"https:\\\/\\\/quehacerpolitico.mx\\\/?p=118855#breadcrumb\",\"itemListElement\":[{\"@type\":\"ListItem\",\"position\":1,\"name\":\"Inicio\",\"item\":\"https:\\\/\\\/quehacerpolitico.mx\\\/\"},{\"@type\":\"ListItem\",\"position\":2,\"name\":\"El amor echa fuera el temor\u2026\"}]},{\"@type\":\"WebSite\",\"@id\":\"https:\\\/\\\/quehacerpolitico.mx\\\/#website\",\"url\":\"https:\\\/\\\/quehacerpolitico.mx\\\/\",\"name\":\"\",\"description\":\"\",\"potentialAction\":[{\"@type\":\"SearchAction\",\"target\":{\"@type\":\"EntryPoint\",\"urlTemplate\":\"https:\\\/\\\/quehacerpolitico.mx\\\/?s={search_term_string}\"},\"query-input\":{\"@type\":\"PropertyValueSpecification\",\"valueRequired\":true,\"valueName\":\"search_term_string\"}}],\"inLanguage\":\"es\"},{\"@type\":\"Person\",\"@id\":\"https:\\\/\\\/quehacerpolitico.mx\\\/#\\\/schema\\\/person\\\/496d8ad2d1d3f8036101dca7ee39e585\",\"name\":\"Redacci\u00f3n QP\",\"image\":{\"@type\":\"ImageObject\",\"inLanguage\":\"es\",\"@id\":\"https:\\\/\\\/secure.gravatar.com\\\/avatar\\\/c7164ed6fdec453195284ad24a5ae5b6e1eed2b848477fa2a4787ba9adf39a41?s=96&d=mm&r=g\",\"url\":\"https:\\\/\\\/secure.gravatar.com\\\/avatar\\\/c7164ed6fdec453195284ad24a5ae5b6e1eed2b848477fa2a4787ba9adf39a41?s=96&d=mm&r=g\",\"contentUrl\":\"https:\\\/\\\/secure.gravatar.com\\\/avatar\\\/c7164ed6fdec453195284ad24a5ae5b6e1eed2b848477fa2a4787ba9adf39a41?s=96&d=mm&r=g\",\"caption\":\"Redacci\u00f3n QP\"},\"url\":\"https:\\\/\\\/quehacerpolitico.mx\\\/?author=2\"}]}<\/script>\n<!-- \/ Yoast SEO plugin. -->","yoast_head_json":{"title":"El amor echa fuera el temor\u2026 -","robots":{"index":"index","follow":"follow","max-snippet":"max-snippet:-1","max-image-preview":"max-image-preview:large","max-video-preview":"max-video-preview:-1"},"canonical":"https:\/\/quehacerpolitico.mx\/?p=118855","og_locale":"es_MX","og_type":"article","og_title":"El amor echa fuera el temor\u2026 -","og_description":"Por Graciela Edith Coronel Barrios Presidenta de Comercio Alternativo para una Vida Digna A.C. (CAPUVD)...","og_url":"https:\/\/quehacerpolitico.mx\/?p=118855","article_published_time":"2025-09-04T16:41:07+00:00","article_modified_time":"2025-09-04T16:41:15+00:00","og_image":[{"width":963,"height":493,"url":"https:\/\/quehacerpolitico.mx\/wp-content\/uploads\/2025\/09\/a0493fc8-7066-4a0a-a2c9-2ae928dea97d.jpeg","type":"image\/jpeg"}],"author":"Redacci\u00f3n QP","twitter_card":"summary_large_image","twitter_misc":{"Escrito por":"Redacci\u00f3n QP","Tiempo de lectura":"6 minutos"},"schema":{"@context":"https:\/\/schema.org","@graph":[{"@type":"Article","@id":"https:\/\/quehacerpolitico.mx\/?p=118855#article","isPartOf":{"@id":"https:\/\/quehacerpolitico.mx\/?p=118855"},"author":{"name":"Redacci\u00f3n QP","@id":"https:\/\/quehacerpolitico.mx\/#\/schema\/person\/496d8ad2d1d3f8036101dca7ee39e585"},"headline":"El amor echa fuera el temor\u2026","datePublished":"2025-09-04T16:41:07+00:00","dateModified":"2025-09-04T16:41:15+00:00","mainEntityOfPage":{"@id":"https:\/\/quehacerpolitico.mx\/?p=118855"},"wordCount":1157,"commentCount":0,"image":{"@id":"https:\/\/quehacerpolitico.mx\/?p=118855#primaryimage"},"thumbnailUrl":"https:\/\/quehacerpolitico.mx\/wp-content\/uploads\/2025\/09\/a0493fc8-7066-4a0a-a2c9-2ae928dea97d.jpeg","articleSection":["Nacionales","Noticias"],"inLanguage":"es","potentialAction":[{"@type":"CommentAction","name":"Comment","target":["https:\/\/quehacerpolitico.mx\/?p=118855#respond"]}]},{"@type":"WebPage","@id":"https:\/\/quehacerpolitico.mx\/?p=118855","url":"https:\/\/quehacerpolitico.mx\/?p=118855","name":"El amor echa fuera el temor\u2026 -","isPartOf":{"@id":"https:\/\/quehacerpolitico.mx\/#website"},"primaryImageOfPage":{"@id":"https:\/\/quehacerpolitico.mx\/?p=118855#primaryimage"},"image":{"@id":"https:\/\/quehacerpolitico.mx\/?p=118855#primaryimage"},"thumbnailUrl":"https:\/\/quehacerpolitico.mx\/wp-content\/uploads\/2025\/09\/a0493fc8-7066-4a0a-a2c9-2ae928dea97d.jpeg","datePublished":"2025-09-04T16:41:07+00:00","dateModified":"2025-09-04T16:41:15+00:00","author":{"@id":"https:\/\/quehacerpolitico.mx\/#\/schema\/person\/496d8ad2d1d3f8036101dca7ee39e585"},"breadcrumb":{"@id":"https:\/\/quehacerpolitico.mx\/?p=118855#breadcrumb"},"inLanguage":"es","potentialAction":[{"@type":"ReadAction","target":["https:\/\/quehacerpolitico.mx\/?p=118855"]}]},{"@type":"ImageObject","inLanguage":"es","@id":"https:\/\/quehacerpolitico.mx\/?p=118855#primaryimage","url":"https:\/\/quehacerpolitico.mx\/wp-content\/uploads\/2025\/09\/a0493fc8-7066-4a0a-a2c9-2ae928dea97d.jpeg","contentUrl":"https:\/\/quehacerpolitico.mx\/wp-content\/uploads\/2025\/09\/a0493fc8-7066-4a0a-a2c9-2ae928dea97d.jpeg","width":963,"height":493},{"@type":"BreadcrumbList","@id":"https:\/\/quehacerpolitico.mx\/?p=118855#breadcrumb","itemListElement":[{"@type":"ListItem","position":1,"name":"Inicio","item":"https:\/\/quehacerpolitico.mx\/"},{"@type":"ListItem","position":2,"name":"El amor echa fuera el temor\u2026"}]},{"@type":"WebSite","@id":"https:\/\/quehacerpolitico.mx\/#website","url":"https:\/\/quehacerpolitico.mx\/","name":"","description":"","potentialAction":[{"@type":"SearchAction","target":{"@type":"EntryPoint","urlTemplate":"https:\/\/quehacerpolitico.mx\/?s={search_term_string}"},"query-input":{"@type":"PropertyValueSpecification","valueRequired":true,"valueName":"search_term_string"}}],"inLanguage":"es"},{"@type":"Person","@id":"https:\/\/quehacerpolitico.mx\/#\/schema\/person\/496d8ad2d1d3f8036101dca7ee39e585","name":"Redacci\u00f3n QP","image":{"@type":"ImageObject","inLanguage":"es","@id":"https:\/\/secure.gravatar.com\/avatar\/c7164ed6fdec453195284ad24a5ae5b6e1eed2b848477fa2a4787ba9adf39a41?s=96&d=mm&r=g","url":"https:\/\/secure.gravatar.com\/avatar\/c7164ed6fdec453195284ad24a5ae5b6e1eed2b848477fa2a4787ba9adf39a41?s=96&d=mm&r=g","contentUrl":"https:\/\/secure.gravatar.com\/avatar\/c7164ed6fdec453195284ad24a5ae5b6e1eed2b848477fa2a4787ba9adf39a41?s=96&d=mm&r=g","caption":"Redacci\u00f3n QP"},"url":"https:\/\/quehacerpolitico.mx\/?author=2"}]}},"featured_image_urls":{"full":["https:\/\/quehacerpolitico.mx\/wp-content\/uploads\/2025\/09\/a0493fc8-7066-4a0a-a2c9-2ae928dea97d.jpeg",963,493,false],"thumbnail":["https:\/\/quehacerpolitico.mx\/wp-content\/uploads\/2025\/09\/a0493fc8-7066-4a0a-a2c9-2ae928dea97d-150x150.jpeg",150,150,true],"medium":["https:\/\/quehacerpolitico.mx\/wp-content\/uploads\/2025\/09\/a0493fc8-7066-4a0a-a2c9-2ae928dea97d-300x154.jpeg",300,154,true],"medium_large":["https:\/\/quehacerpolitico.mx\/wp-content\/uploads\/2025\/09\/a0493fc8-7066-4a0a-a2c9-2ae928dea97d-768x393.jpeg",640,328,true],"large":["https:\/\/quehacerpolitico.mx\/wp-content\/uploads\/2025\/09\/a0493fc8-7066-4a0a-a2c9-2ae928dea97d.jpeg",640,328,false],"1536x1536":["https:\/\/quehacerpolitico.mx\/wp-content\/uploads\/2025\/09\/a0493fc8-7066-4a0a-a2c9-2ae928dea97d.jpeg",963,493,false],"2048x2048":["https:\/\/quehacerpolitico.mx\/wp-content\/uploads\/2025\/09\/a0493fc8-7066-4a0a-a2c9-2ae928dea97d.jpeg",963,493,false],"covernews-featured":["https:\/\/quehacerpolitico.mx\/wp-content\/uploads\/2025\/09\/a0493fc8-7066-4a0a-a2c9-2ae928dea97d.jpeg",963,493,false],"covernews-medium":["https:\/\/quehacerpolitico.mx\/wp-content\/uploads\/2025\/09\/a0493fc8-7066-4a0a-a2c9-2ae928dea97d-540x340.jpeg",540,340,true]},"author_info":{"display_name":"Redacci\u00f3n QP","author_link":"https:\/\/quehacerpolitico.mx\/?author=2"},"category_info":"<a href=\"https:\/\/quehacerpolitico.mx\/?cat=280\" rel=\"category\">Nacionales<\/a> <a href=\"https:\/\/quehacerpolitico.mx\/?cat=2\" rel=\"category\">Noticias<\/a>","tag_info":"Noticias","comment_count":"0","_links":{"self":[{"href":"https:\/\/quehacerpolitico.mx\/index.php?rest_route=\/wp\/v2\/posts\/118855","targetHints":{"allow":["GET"]}}],"collection":[{"href":"https:\/\/quehacerpolitico.mx\/index.php?rest_route=\/wp\/v2\/posts"}],"about":[{"href":"https:\/\/quehacerpolitico.mx\/index.php?rest_route=\/wp\/v2\/types\/post"}],"author":[{"embeddable":true,"href":"https:\/\/quehacerpolitico.mx\/index.php?rest_route=\/wp\/v2\/users\/2"}],"replies":[{"embeddable":true,"href":"https:\/\/quehacerpolitico.mx\/index.php?rest_route=%2Fwp%2Fv2%2Fcomments&post=118855"}],"version-history":[{"count":1,"href":"https:\/\/quehacerpolitico.mx\/index.php?rest_route=\/wp\/v2\/posts\/118855\/revisions"}],"predecessor-version":[{"id":118857,"href":"https:\/\/quehacerpolitico.mx\/index.php?rest_route=\/wp\/v2\/posts\/118855\/revisions\/118857"}],"wp:featuredmedia":[{"embeddable":true,"href":"https:\/\/quehacerpolitico.mx\/index.php?rest_route=\/wp\/v2\/media\/118856"}],"wp:attachment":[{"href":"https:\/\/quehacerpolitico.mx\/index.php?rest_route=%2Fwp%2Fv2%2Fmedia&parent=118855"}],"wp:term":[{"taxonomy":"category","embeddable":true,"href":"https:\/\/quehacerpolitico.mx\/index.php?rest_route=%2Fwp%2Fv2%2Fcategories&post=118855"},{"taxonomy":"post_tag","embeddable":true,"href":"https:\/\/quehacerpolitico.mx\/index.php?rest_route=%2Fwp%2Fv2%2Ftags&post=118855"}],"curies":[{"name":"wp","href":"https:\/\/api.w.org\/{rel}","templated":true}]}}