{"id":118852,"date":"2025-09-04T08:49:13","date_gmt":"2025-09-04T14:49:13","guid":{"rendered":"https:\/\/quehacerpolitico.mx\/?p=118852"},"modified":"2025-09-04T08:49:17","modified_gmt":"2025-09-04T14:49:17","slug":"el-quehacer-politico-a-traves-de-la-vision-iliana-berenice-duran-espinosa-la-austeridad-republicana-terminara-por-acabarlos-entre-ellos","status":"publish","type":"post","link":"https:\/\/quehacerpolitico.mx\/?p=118852","title":{"rendered":"El Quehacer Pol\u00edtico a trav\u00e9s de la Visi\u00f3n\/\/\/Iliana Berenice Dur\u00e1n Espinosa\/\/\/La austeridad republicana terminar\u00e1 por acabarlos entre ellos?"},"content":{"rendered":"\n<p>Por Iliana Berenice Dur\u00e1n Espinosa<\/p>\n\n\n\n<p>Analista<\/p>\n\n\n\n<p>El obradorismo domina la vida p\u00fablica y por ahora ni esc\u00e1ndalos o defectos de su gesti\u00f3n ponen en riesgo esa hegemon\u00eda; parecen estar asimilando que no castigar las desviaciones, as\u00ed sean graves, es mejor que enfrentar las consecuencias que acarrear\u00eda una purga.<\/p>\n\n\n\n<p>Para mantener el control, ya lo han declarado, har\u00e1n cuanto sea necesario. Coptar o amenazar, por ejemplo; tambi\u00e9n transar impunidad dando la espalda a eso que tanto prometieron: que todos ser\u00edamos iguales ante la ley.<\/p>\n\n\n\n<p>La revoluci\u00f3n bien vale reinventar la narrativa para que la realidad no estorbe; repartirse puestos y territorios; un pragmatismo llano, y declarar con cada vez menos disimulo que toda falla e incluso presuntos delitos son lo de menos pues el fin resana los medios.<\/p>\n\n\n\n<p>As\u00ed, el discurso de una nueva clase pol\u00edtica de conducta austera, la oferta de que los despilfarros propios de los gobernantes de ayer quedar\u00edan ah\u00ed, en el pasado, y que la humildad les identificar\u00eda ya fueron elevados a mandamientos meramente aspiracionales.<\/p>\n\n\n\n<p>Desde la Presidenta de la Rep\u00fablica hasta la l\u00edder formal del partido evangelizan con el precepto del ideal sin censurar, verdaderamente y menos castigar, a quienes pisotean esa tierra prometida llamada honrada median\u00eda.<\/p>\n\n\n\n<p>Para que el contraste entre letan\u00eda y los dispendios no cause risa, Claudia Sheinbaum y Luisa Mar\u00eda Alcalde habilitaron a los pecadores morenistas un limbo: si no son fondos del erario, si es con \u201csu dinero\u201d, el lujo no es pecado. Iban a ser franciscanos, terminaron trumpianos.<\/p>\n\n\n\n<p>No es que tales lideresas crean que con eso se resuelve el problema de tener figuras con conductas lejanas a los principios. Es que, si el subterfugio declarativo logra apagar el fuego antes de que incendie la casa, prefieren un m\u00e1s vale aqu\u00ed cantinfle\u00f3, que un aqu\u00ed aviv\u00f3 la crisis.<\/p>\n\n\n\n<p>El ejercicio de Gobierno erosiona las promesas. Si encima fueron cuasi mesi\u00e1nicas, la realidad cobrar\u00e1 caro. Aunque tambi\u00e9n es cierto que Morena ha descubierto que la f\u00f3rmula \u201cpol\u00edticas sociales-discurso vengativo-oposici\u00f3n infame\u201d sigue arrojando r\u00e9ditos.<\/p>\n\n\n\n<p>As\u00ed, el principal objetivo de Morena hoy es desprestigiar a los ya desprestigiados para que los menos posibles reparen en que su pragmatismo es demasiado parecido al de tiempos priistas. Aunque, eso s\u00ed, buena parte de la oposici\u00f3n se afana en ayudarles a distraer.<\/p>\n\n\n\n<p>Al a\u00f1o siete del ejercicio del poder, que quedar\u00e1 cerrado con el primer informe de Gobierno en una semana, y de no haber cambio de se\u00f1al en los liderazgos parlamentarios, el obradorismo habr\u00e1 sobrevivido a una gran crisis provocada desde el interior.<\/p>\n\n\n\n<p>Si mantiene su puesto en el Senado, como todo indica que ocurrir\u00e1, Ad\u00e1n Augusto L\u00f3pez Hern\u00e1ndez ser\u00e1 uno de los primeros ejemplos de c\u00f3mo el movimiento guinda aprendi\u00f3 lo que el hist\u00f3rico PRI, que pueden despedazarse sin apenas hacerse da\u00f1o.<\/p>\n\n\n\n<p>Porque la familia obradorista, con pleitos y diferencias graves, ya posee la conciencia de que torcer la narrativa, administrar la repartici\u00f3n de cuotas y\/o territorios, abrazar el pragmatismo y siempre culpar al pasado abona a su mayor aspiraci\u00f3n: ser la nueva \u00e9lite.<\/p>\n\n\n\n<p>Ya es claro que Morena adolece de los mismos defectos que en su momento el PRI o el PAN al gobernar. Tambi\u00e9n, que algunas de sus pol\u00edticas p\u00fablicas son prometedoras. Es un partido t\u00edpico de M\u00e9xico, con integrantes que muestran r\u00e1pido el cobre y la ambici\u00f3n vulgar.<\/p>\n\n\n\n<p>Lo que resta es la tensi\u00f3n entre un grupo con conciencia de que tienen que entregar resultados, y otro, me temo que abundante, que solo quiere hacer de todo el tiempo que dure esto sus a\u00f1os de Hidalgo. Y acaso ambos bandos re\u00f1ir\u00e1n, mucho, pero sin reales ganas de ponerse en riesgo.&nbsp;<\/p>\n\n\n\n<p>As\u00ed el Quehacer Pol\u00edtico Desde 1980, 45 a\u00f1os inquiriendo en la pol\u00edtica de M\u00e9xico, cuestionando, exponiendo, revelando y razonando.Es cuanto.<\/p>\n","protected":false},"excerpt":{"rendered":"<p>Por Iliana Berenice Dur\u00e1n Espinosa Analista El obradorismo domina la vida p\u00fablica y por ahora&#8230;<\/p>\n","protected":false},"author":2,"featured_media":118853,"comment_status":"open","ping_status":"open","sticky":false,"template":"","format":"standard","meta":{"_monsterinsights_skip_tracking":false,"_monsterinsights_sitenote_active":false,"_monsterinsights_sitenote_note":"","_monsterinsights_sitenote_category":0,"footnotes":""},"categories":[280,2],"tags":[],"class_list":["post-118852","post","type-post","status-publish","format-standard","has-post-thumbnail","hentry","category-nacionales","category-noticias"],"yoast_head":"<!-- This site is optimized with the Yoast SEO plugin v27.3 - https:\/\/yoast.com\/product\/yoast-seo-wordpress\/ -->\n<title>El Quehacer Pol\u00edtico a trav\u00e9s de la Visi\u00f3n\/\/\/Iliana Berenice Dur\u00e1n Espinosa\/\/\/La austeridad republicana terminar\u00e1 por acabarlos entre ellos? -<\/title>\n<meta name=\"robots\" content=\"index, follow, max-snippet:-1, max-image-preview:large, max-video-preview:-1\" \/>\n<link rel=\"canonical\" href=\"https:\/\/quehacerpolitico.mx\/?p=118852\" \/>\n<meta property=\"og:locale\" content=\"es_MX\" \/>\n<meta property=\"og:type\" content=\"article\" \/>\n<meta property=\"og:title\" content=\"El Quehacer Pol\u00edtico a trav\u00e9s de la Visi\u00f3n\/\/\/Iliana Berenice Dur\u00e1n Espinosa\/\/\/La austeridad republicana terminar\u00e1 por acabarlos entre ellos? -\" \/>\n<meta property=\"og:description\" content=\"Por Iliana Berenice Dur\u00e1n Espinosa Analista El obradorismo domina la vida p\u00fablica y por ahora...\" \/>\n<meta property=\"og:url\" content=\"https:\/\/quehacerpolitico.mx\/?p=118852\" \/>\n<meta property=\"article:published_time\" content=\"2025-09-04T14:49:13+00:00\" \/>\n<meta property=\"article:modified_time\" content=\"2025-09-04T14:49:17+00:00\" \/>\n<meta property=\"og:image\" content=\"https:\/\/quehacerpolitico.mx\/wp-content\/uploads\/2025\/09\/f88f54df-1189-42e8-8f98-44b4c2b9c0d8.jpeg\" \/>\n\t<meta property=\"og:image:width\" content=\"963\" \/>\n\t<meta property=\"og:image:height\" content=\"493\" \/>\n\t<meta property=\"og:image:type\" content=\"image\/jpeg\" \/>\n<meta name=\"author\" content=\"Redacci\u00f3n QP\" \/>\n<meta name=\"twitter:card\" content=\"summary_large_image\" \/>\n<meta name=\"twitter:label1\" content=\"Escrito por\" \/>\n\t<meta name=\"twitter:data1\" content=\"Redacci\u00f3n QP\" \/>\n\t<meta name=\"twitter:label2\" content=\"Tiempo de lectura\" \/>\n\t<meta name=\"twitter:data2\" content=\"3 minutos\" \/>\n<script type=\"application\/ld+json\" class=\"yoast-schema-graph\">{\"@context\":\"https:\\\/\\\/schema.org\",\"@graph\":[{\"@type\":\"Article\",\"@id\":\"https:\\\/\\\/quehacerpolitico.mx\\\/?p=118852#article\",\"isPartOf\":{\"@id\":\"https:\\\/\\\/quehacerpolitico.mx\\\/?p=118852\"},\"author\":{\"name\":\"Redacci\u00f3n QP\",\"@id\":\"https:\\\/\\\/quehacerpolitico.mx\\\/#\\\/schema\\\/person\\\/496d8ad2d1d3f8036101dca7ee39e585\"},\"headline\":\"El Quehacer Pol\u00edtico a trav\u00e9s de la Visi\u00f3n\\\/\\\/\\\/Iliana Berenice Dur\u00e1n Espinosa\\\/\\\/\\\/La austeridad republicana terminar\u00e1 por acabarlos entre ellos?\",\"datePublished\":\"2025-09-04T14:49:13+00:00\",\"dateModified\":\"2025-09-04T14:49:17+00:00\",\"mainEntityOfPage\":{\"@id\":\"https:\\\/\\\/quehacerpolitico.mx\\\/?p=118852\"},\"wordCount\":695,\"commentCount\":0,\"image\":{\"@id\":\"https:\\\/\\\/quehacerpolitico.mx\\\/?p=118852#primaryimage\"},\"thumbnailUrl\":\"https:\\\/\\\/quehacerpolitico.mx\\\/wp-content\\\/uploads\\\/2025\\\/09\\\/f88f54df-1189-42e8-8f98-44b4c2b9c0d8.jpeg\",\"articleSection\":[\"Nacionales\",\"Noticias\"],\"inLanguage\":\"es\",\"potentialAction\":[{\"@type\":\"CommentAction\",\"name\":\"Comment\",\"target\":[\"https:\\\/\\\/quehacerpolitico.mx\\\/?p=118852#respond\"]}]},{\"@type\":\"WebPage\",\"@id\":\"https:\\\/\\\/quehacerpolitico.mx\\\/?p=118852\",\"url\":\"https:\\\/\\\/quehacerpolitico.mx\\\/?p=118852\",\"name\":\"El Quehacer Pol\u00edtico a trav\u00e9s de la Visi\u00f3n\\\/\\\/\\\/Iliana Berenice Dur\u00e1n Espinosa\\\/\\\/\\\/La austeridad republicana terminar\u00e1 por acabarlos entre ellos? -\",\"isPartOf\":{\"@id\":\"https:\\\/\\\/quehacerpolitico.mx\\\/#website\"},\"primaryImageOfPage\":{\"@id\":\"https:\\\/\\\/quehacerpolitico.mx\\\/?p=118852#primaryimage\"},\"image\":{\"@id\":\"https:\\\/\\\/quehacerpolitico.mx\\\/?p=118852#primaryimage\"},\"thumbnailUrl\":\"https:\\\/\\\/quehacerpolitico.mx\\\/wp-content\\\/uploads\\\/2025\\\/09\\\/f88f54df-1189-42e8-8f98-44b4c2b9c0d8.jpeg\",\"datePublished\":\"2025-09-04T14:49:13+00:00\",\"dateModified\":\"2025-09-04T14:49:17+00:00\",\"author\":{\"@id\":\"https:\\\/\\\/quehacerpolitico.mx\\\/#\\\/schema\\\/person\\\/496d8ad2d1d3f8036101dca7ee39e585\"},\"breadcrumb\":{\"@id\":\"https:\\\/\\\/quehacerpolitico.mx\\\/?p=118852#breadcrumb\"},\"inLanguage\":\"es\",\"potentialAction\":[{\"@type\":\"ReadAction\",\"target\":[\"https:\\\/\\\/quehacerpolitico.mx\\\/?p=118852\"]}]},{\"@type\":\"ImageObject\",\"inLanguage\":\"es\",\"@id\":\"https:\\\/\\\/quehacerpolitico.mx\\\/?p=118852#primaryimage\",\"url\":\"https:\\\/\\\/quehacerpolitico.mx\\\/wp-content\\\/uploads\\\/2025\\\/09\\\/f88f54df-1189-42e8-8f98-44b4c2b9c0d8.jpeg\",\"contentUrl\":\"https:\\\/\\\/quehacerpolitico.mx\\\/wp-content\\\/uploads\\\/2025\\\/09\\\/f88f54df-1189-42e8-8f98-44b4c2b9c0d8.jpeg\",\"width\":963,\"height\":493},{\"@type\":\"BreadcrumbList\",\"@id\":\"https:\\\/\\\/quehacerpolitico.mx\\\/?p=118852#breadcrumb\",\"itemListElement\":[{\"@type\":\"ListItem\",\"position\":1,\"name\":\"Inicio\",\"item\":\"https:\\\/\\\/quehacerpolitico.mx\\\/\"},{\"@type\":\"ListItem\",\"position\":2,\"name\":\"El Quehacer Pol\u00edtico a trav\u00e9s de la Visi\u00f3n\\\/\\\/\\\/Iliana Berenice Dur\u00e1n Espinosa\\\/\\\/\\\/La austeridad republicana terminar\u00e1 por acabarlos entre ellos?\"}]},{\"@type\":\"WebSite\",\"@id\":\"https:\\\/\\\/quehacerpolitico.mx\\\/#website\",\"url\":\"https:\\\/\\\/quehacerpolitico.mx\\\/\",\"name\":\"\",\"description\":\"\",\"potentialAction\":[{\"@type\":\"SearchAction\",\"target\":{\"@type\":\"EntryPoint\",\"urlTemplate\":\"https:\\\/\\\/quehacerpolitico.mx\\\/?s={search_term_string}\"},\"query-input\":{\"@type\":\"PropertyValueSpecification\",\"valueRequired\":true,\"valueName\":\"search_term_string\"}}],\"inLanguage\":\"es\"},{\"@type\":\"Person\",\"@id\":\"https:\\\/\\\/quehacerpolitico.mx\\\/#\\\/schema\\\/person\\\/496d8ad2d1d3f8036101dca7ee39e585\",\"name\":\"Redacci\u00f3n QP\",\"image\":{\"@type\":\"ImageObject\",\"inLanguage\":\"es\",\"@id\":\"https:\\\/\\\/secure.gravatar.com\\\/avatar\\\/c7164ed6fdec453195284ad24a5ae5b6e1eed2b848477fa2a4787ba9adf39a41?s=96&d=mm&r=g\",\"url\":\"https:\\\/\\\/secure.gravatar.com\\\/avatar\\\/c7164ed6fdec453195284ad24a5ae5b6e1eed2b848477fa2a4787ba9adf39a41?s=96&d=mm&r=g\",\"contentUrl\":\"https:\\\/\\\/secure.gravatar.com\\\/avatar\\\/c7164ed6fdec453195284ad24a5ae5b6e1eed2b848477fa2a4787ba9adf39a41?s=96&d=mm&r=g\",\"caption\":\"Redacci\u00f3n QP\"},\"url\":\"https:\\\/\\\/quehacerpolitico.mx\\\/?author=2\"}]}<\/script>\n<!-- \/ Yoast SEO plugin. -->","yoast_head_json":{"title":"El Quehacer Pol\u00edtico a trav\u00e9s de la Visi\u00f3n\/\/\/Iliana Berenice Dur\u00e1n Espinosa\/\/\/La austeridad republicana terminar\u00e1 por acabarlos entre ellos? -","robots":{"index":"index","follow":"follow","max-snippet":"max-snippet:-1","max-image-preview":"max-image-preview:large","max-video-preview":"max-video-preview:-1"},"canonical":"https:\/\/quehacerpolitico.mx\/?p=118852","og_locale":"es_MX","og_type":"article","og_title":"El Quehacer Pol\u00edtico a trav\u00e9s de la Visi\u00f3n\/\/\/Iliana Berenice Dur\u00e1n Espinosa\/\/\/La austeridad republicana terminar\u00e1 por acabarlos entre ellos? -","og_description":"Por Iliana Berenice Dur\u00e1n Espinosa Analista El obradorismo domina la vida p\u00fablica y por ahora...","og_url":"https:\/\/quehacerpolitico.mx\/?p=118852","article_published_time":"2025-09-04T14:49:13+00:00","article_modified_time":"2025-09-04T14:49:17+00:00","og_image":[{"width":963,"height":493,"url":"https:\/\/quehacerpolitico.mx\/wp-content\/uploads\/2025\/09\/f88f54df-1189-42e8-8f98-44b4c2b9c0d8.jpeg","type":"image\/jpeg"}],"author":"Redacci\u00f3n QP","twitter_card":"summary_large_image","twitter_misc":{"Escrito por":"Redacci\u00f3n QP","Tiempo de lectura":"3 minutos"},"schema":{"@context":"https:\/\/schema.org","@graph":[{"@type":"Article","@id":"https:\/\/quehacerpolitico.mx\/?p=118852#article","isPartOf":{"@id":"https:\/\/quehacerpolitico.mx\/?p=118852"},"author":{"name":"Redacci\u00f3n QP","@id":"https:\/\/quehacerpolitico.mx\/#\/schema\/person\/496d8ad2d1d3f8036101dca7ee39e585"},"headline":"El Quehacer Pol\u00edtico a trav\u00e9s de la Visi\u00f3n\/\/\/Iliana Berenice Dur\u00e1n Espinosa\/\/\/La austeridad republicana terminar\u00e1 por acabarlos entre ellos?","datePublished":"2025-09-04T14:49:13+00:00","dateModified":"2025-09-04T14:49:17+00:00","mainEntityOfPage":{"@id":"https:\/\/quehacerpolitico.mx\/?p=118852"},"wordCount":695,"commentCount":0,"image":{"@id":"https:\/\/quehacerpolitico.mx\/?p=118852#primaryimage"},"thumbnailUrl":"https:\/\/quehacerpolitico.mx\/wp-content\/uploads\/2025\/09\/f88f54df-1189-42e8-8f98-44b4c2b9c0d8.jpeg","articleSection":["Nacionales","Noticias"],"inLanguage":"es","potentialAction":[{"@type":"CommentAction","name":"Comment","target":["https:\/\/quehacerpolitico.mx\/?p=118852#respond"]}]},{"@type":"WebPage","@id":"https:\/\/quehacerpolitico.mx\/?p=118852","url":"https:\/\/quehacerpolitico.mx\/?p=118852","name":"El Quehacer Pol\u00edtico a trav\u00e9s de la Visi\u00f3n\/\/\/Iliana Berenice Dur\u00e1n Espinosa\/\/\/La austeridad republicana terminar\u00e1 por acabarlos entre ellos? -","isPartOf":{"@id":"https:\/\/quehacerpolitico.mx\/#website"},"primaryImageOfPage":{"@id":"https:\/\/quehacerpolitico.mx\/?p=118852#primaryimage"},"image":{"@id":"https:\/\/quehacerpolitico.mx\/?p=118852#primaryimage"},"thumbnailUrl":"https:\/\/quehacerpolitico.mx\/wp-content\/uploads\/2025\/09\/f88f54df-1189-42e8-8f98-44b4c2b9c0d8.jpeg","datePublished":"2025-09-04T14:49:13+00:00","dateModified":"2025-09-04T14:49:17+00:00","author":{"@id":"https:\/\/quehacerpolitico.mx\/#\/schema\/person\/496d8ad2d1d3f8036101dca7ee39e585"},"breadcrumb":{"@id":"https:\/\/quehacerpolitico.mx\/?p=118852#breadcrumb"},"inLanguage":"es","potentialAction":[{"@type":"ReadAction","target":["https:\/\/quehacerpolitico.mx\/?p=118852"]}]},{"@type":"ImageObject","inLanguage":"es","@id":"https:\/\/quehacerpolitico.mx\/?p=118852#primaryimage","url":"https:\/\/quehacerpolitico.mx\/wp-content\/uploads\/2025\/09\/f88f54df-1189-42e8-8f98-44b4c2b9c0d8.jpeg","contentUrl":"https:\/\/quehacerpolitico.mx\/wp-content\/uploads\/2025\/09\/f88f54df-1189-42e8-8f98-44b4c2b9c0d8.jpeg","width":963,"height":493},{"@type":"BreadcrumbList","@id":"https:\/\/quehacerpolitico.mx\/?p=118852#breadcrumb","itemListElement":[{"@type":"ListItem","position":1,"name":"Inicio","item":"https:\/\/quehacerpolitico.mx\/"},{"@type":"ListItem","position":2,"name":"El Quehacer Pol\u00edtico a trav\u00e9s de la Visi\u00f3n\/\/\/Iliana Berenice Dur\u00e1n Espinosa\/\/\/La austeridad republicana terminar\u00e1 por acabarlos entre ellos?"}]},{"@type":"WebSite","@id":"https:\/\/quehacerpolitico.mx\/#website","url":"https:\/\/quehacerpolitico.mx\/","name":"","description":"","potentialAction":[{"@type":"SearchAction","target":{"@type":"EntryPoint","urlTemplate":"https:\/\/quehacerpolitico.mx\/?s={search_term_string}"},"query-input":{"@type":"PropertyValueSpecification","valueRequired":true,"valueName":"search_term_string"}}],"inLanguage":"es"},{"@type":"Person","@id":"https:\/\/quehacerpolitico.mx\/#\/schema\/person\/496d8ad2d1d3f8036101dca7ee39e585","name":"Redacci\u00f3n QP","image":{"@type":"ImageObject","inLanguage":"es","@id":"https:\/\/secure.gravatar.com\/avatar\/c7164ed6fdec453195284ad24a5ae5b6e1eed2b848477fa2a4787ba9adf39a41?s=96&d=mm&r=g","url":"https:\/\/secure.gravatar.com\/avatar\/c7164ed6fdec453195284ad24a5ae5b6e1eed2b848477fa2a4787ba9adf39a41?s=96&d=mm&r=g","contentUrl":"https:\/\/secure.gravatar.com\/avatar\/c7164ed6fdec453195284ad24a5ae5b6e1eed2b848477fa2a4787ba9adf39a41?s=96&d=mm&r=g","caption":"Redacci\u00f3n QP"},"url":"https:\/\/quehacerpolitico.mx\/?author=2"}]}},"featured_image_urls":{"full":["https:\/\/quehacerpolitico.mx\/wp-content\/uploads\/2025\/09\/f88f54df-1189-42e8-8f98-44b4c2b9c0d8.jpeg",963,493,false],"thumbnail":["https:\/\/quehacerpolitico.mx\/wp-content\/uploads\/2025\/09\/f88f54df-1189-42e8-8f98-44b4c2b9c0d8-150x150.jpeg",150,150,true],"medium":["https:\/\/quehacerpolitico.mx\/wp-content\/uploads\/2025\/09\/f88f54df-1189-42e8-8f98-44b4c2b9c0d8-300x154.jpeg",300,154,true],"medium_large":["https:\/\/quehacerpolitico.mx\/wp-content\/uploads\/2025\/09\/f88f54df-1189-42e8-8f98-44b4c2b9c0d8-768x393.jpeg",640,328,true],"large":["https:\/\/quehacerpolitico.mx\/wp-content\/uploads\/2025\/09\/f88f54df-1189-42e8-8f98-44b4c2b9c0d8.jpeg",640,328,false],"1536x1536":["https:\/\/quehacerpolitico.mx\/wp-content\/uploads\/2025\/09\/f88f54df-1189-42e8-8f98-44b4c2b9c0d8.jpeg",963,493,false],"2048x2048":["https:\/\/quehacerpolitico.mx\/wp-content\/uploads\/2025\/09\/f88f54df-1189-42e8-8f98-44b4c2b9c0d8.jpeg",963,493,false],"covernews-featured":["https:\/\/quehacerpolitico.mx\/wp-content\/uploads\/2025\/09\/f88f54df-1189-42e8-8f98-44b4c2b9c0d8.jpeg",963,493,false],"covernews-medium":["https:\/\/quehacerpolitico.mx\/wp-content\/uploads\/2025\/09\/f88f54df-1189-42e8-8f98-44b4c2b9c0d8-540x340.jpeg",540,340,true]},"author_info":{"display_name":"Redacci\u00f3n QP","author_link":"https:\/\/quehacerpolitico.mx\/?author=2"},"category_info":"<a href=\"https:\/\/quehacerpolitico.mx\/?cat=280\" rel=\"category\">Nacionales<\/a> <a href=\"https:\/\/quehacerpolitico.mx\/?cat=2\" rel=\"category\">Noticias<\/a>","tag_info":"Noticias","comment_count":"0","_links":{"self":[{"href":"https:\/\/quehacerpolitico.mx\/index.php?rest_route=\/wp\/v2\/posts\/118852","targetHints":{"allow":["GET"]}}],"collection":[{"href":"https:\/\/quehacerpolitico.mx\/index.php?rest_route=\/wp\/v2\/posts"}],"about":[{"href":"https:\/\/quehacerpolitico.mx\/index.php?rest_route=\/wp\/v2\/types\/post"}],"author":[{"embeddable":true,"href":"https:\/\/quehacerpolitico.mx\/index.php?rest_route=\/wp\/v2\/users\/2"}],"replies":[{"embeddable":true,"href":"https:\/\/quehacerpolitico.mx\/index.php?rest_route=%2Fwp%2Fv2%2Fcomments&post=118852"}],"version-history":[{"count":1,"href":"https:\/\/quehacerpolitico.mx\/index.php?rest_route=\/wp\/v2\/posts\/118852\/revisions"}],"predecessor-version":[{"id":118854,"href":"https:\/\/quehacerpolitico.mx\/index.php?rest_route=\/wp\/v2\/posts\/118852\/revisions\/118854"}],"wp:featuredmedia":[{"embeddable":true,"href":"https:\/\/quehacerpolitico.mx\/index.php?rest_route=\/wp\/v2\/media\/118853"}],"wp:attachment":[{"href":"https:\/\/quehacerpolitico.mx\/index.php?rest_route=%2Fwp%2Fv2%2Fmedia&parent=118852"}],"wp:term":[{"taxonomy":"category","embeddable":true,"href":"https:\/\/quehacerpolitico.mx\/index.php?rest_route=%2Fwp%2Fv2%2Fcategories&post=118852"},{"taxonomy":"post_tag","embeddable":true,"href":"https:\/\/quehacerpolitico.mx\/index.php?rest_route=%2Fwp%2Fv2%2Ftags&post=118852"}],"curies":[{"name":"wp","href":"https:\/\/api.w.org\/{rel}","templated":true}]}}