{"id":118839,"date":"2025-09-03T20:40:11","date_gmt":"2025-09-04T02:40:11","guid":{"rendered":"https:\/\/quehacerpolitico.mx\/?p=118839"},"modified":"2025-09-03T20:40:13","modified_gmt":"2025-09-04T02:40:13","slug":"lluvia-en-la-cdmx-afectan-lineas-del-metro-ubicadas-en-la-zona-oriente","status":"publish","type":"post","link":"https:\/\/quehacerpolitico.mx\/?p=118839","title":{"rendered":"Lluvia en la CDMX afectan l\u00edneas del metro ubicadas en la zona oriente"},"content":{"rendered":"\n<p>Por Redacci\u00f3n QP<\/p>\n\n\n\n<p>Las autoridades capitalinas alertaron sobre afectaciones en distintos puntos de la ciudad, como una inundaci\u00f3n sobre los carriles\u00a0laterales de Ignacio Zaragoza y Rep\u00fablica Federal, colonia Santa Martha Acatitla<\/p>\n\n\n\n<p>Las fuertes lluvias de este mi\u00e9rcoles en la\u00a0<strong>Ciudad de M\u00e9xico\u00a0<\/strong>provocaron inundaciones, encharcamientos, y afectaciones en el Sistema de Transporte Colectivo Metro.<\/p>\n\n\n\n<p>Una inundaci\u00f3n en las v\u00edas provoc\u00f3 que se suspendiera el servicio por alrededor en una hora en la<strong>&nbsp;L\u00ednea A&nbsp;<\/strong>del Metro, en el tramo que va de las estaciones Guelatao a La Paz.<\/p>\n\n\n\n<p>Al sitio acudi\u00f3 personal de este medio de transporte para desazolvar el agua estancada y reanudar las operaciones.<\/p>\n\n\n\n<p>Asimismo, se desplegaron unidades de la Red de Transporte de Pasajeros (RTP) para apoyar en los traslados de las personas que se dirijan de&nbsp;<strong>Guelatao<\/strong>&nbsp;a la estaci\u00f3n&nbsp;<strong>Santa Marta&nbsp;<\/strong>en ambos sentidos.&nbsp;<\/p>\n\n\n\n<p>\u201cEstamos haciendo el esfuerzo de desalojar toda el agua ingresada al caj\u00f3n de la zona\u201d, indic\u00f3 Adri\u00e1n Rubalcava, director del Metro.<\/p>\n\n\n\n<p>Posteriormente, anunci\u00f3 que se concluyeron los trabajos para retirar el agua por los que se restableci\u00f3 el servicio en la&nbsp;<strong>L\u00ednea A<\/strong>.<\/p>\n\n\n\n<figure class=\"wp-block-embed is-type-rich is-provider-twitter wp-block-embed-twitter\"><div class=\"wp-block-embed__wrapper\">\n<blockquote class=\"twitter-tweet\" data-width=\"550\" data-dnt=\"true\"><p lang=\"es\" dir=\"ltr\">\ud83d\udd34 URGENTE: <br>Aviso importante para las personas usuarias de la L\u00ednea A.<br>Debido a intensas lluvias en la zona oriente de la Ciudad, no se ofrece servicio de Guelatao a La Paz.<br>La operaci\u00f3n se mantiene \u00fanicamente de Pantitl\u00e1n a Guelatao.<br>Personal del <a href=\"https:\/\/twitter.com\/MetroCDMX?ref_src=twsrc%5Etfw\">@MetroCDMX<\/a> trabaja en la zona.\u2026 <a href=\"https:\/\/t.co\/P0w7rmMOGl\">pic.twitter.com\/P0w7rmMOGl<\/a><\/p>&mdash; Adri\u00e1n Rubalcava (@AdrianRubalcava) <a href=\"https:\/\/twitter.com\/AdrianRubalcava\/status\/1963381762039464430?ref_src=twsrc%5Etfw\">September 3, 2025<\/a><\/blockquote><script async src=\"https:\/\/platform.twitter.com\/widgets.js\" charset=\"utf-8\"><\/script>\n<\/div><\/figure>\n\n\n\n<p>Centro de Comando, Control, C\u00f3mputo y Comunicaciones (C5) alert\u00f3 sobre afectaciones en distintos puntos de la ciudad, como una inundaci\u00f3n sobre los carriles&nbsp;laterales de Ignacio Zaragoza y Rep\u00fablica Federal, colonia Santa Martha Acatitla.<\/p>\n\n\n\n<figure class=\"wp-block-embed is-type-rich is-provider-twitter wp-block-embed-twitter\"><div class=\"wp-block-embed__wrapper\">\n<blockquote class=\"twitter-tweet\" data-width=\"550\" data-dnt=\"true\"><p lang=\"es\" dir=\"ltr\"><a href=\"https:\/\/twitter.com\/hashtag\/AvisoMetro?src=hash&amp;ref_src=twsrc%5Etfw\">#AvisoMetro<\/a>: Al momento, se restablece el servicio en L\u00ednea A, tras concluir los trabajos de bombeo de agua del caj\u00f3n de v\u00eda, todas las estaciones operan\u00a0con\u00a0normalidad. <a href=\"https:\/\/t.co\/hTLe1g50Tb\">pic.twitter.com\/hTLe1g50Tb<\/a><\/p>&mdash; MetroCDMX (@MetroCDMX) <a href=\"https:\/\/twitter.com\/MetroCDMX\/status\/1963409767004869007?ref_src=twsrc%5Etfw\">September 4, 2025<\/a><\/blockquote><script async src=\"https:\/\/platform.twitter.com\/widgets.js\" charset=\"utf-8\"><\/script>\n<\/div><\/figure>\n\n\n\n<p>Tambi\u00e9n el personal de emergencia atendi\u00f3 una inundaci\u00f3n sobre Calzada Ermita Iztapalapa y Avenida de las Torres, en Iztapalapa.&nbsp;<\/p>\n\n\n\n<p>Por las lluvias, las autoridades capitalinas activaron las alertas naranja y amarilla en 15 alcald\u00edas.<\/p>\n\n\n\n<figure class=\"wp-block-embed is-type-rich is-provider-twitter wp-block-embed-twitter\"><div class=\"wp-block-embed__wrapper\">\n<blockquote class=\"twitter-tweet\" data-width=\"550\" data-dnt=\"true\"><p lang=\"es\" dir=\"ltr\">\ud83d\ude92 <a href=\"https:\/\/twitter.com\/hashtag\/EvitaLaZona?src=hash&amp;ref_src=twsrc%5Etfw\">#EvitaLaZona<\/a> Servicios de emergencia se aproximan a laborar por inundaci\u00f3n sobre laterales de Ignacio Zaragoza y Rep\u00fablica Federal, colonia Santa Martha Acatitla, <a href=\"https:\/\/twitter.com\/Alc_Iztapalapa?ref_src=twsrc%5Etfw\">@Alc_Iztapalapa<\/a>.<br><br>\ud83d\udd00 Alternativa vial: Ecuadr\u00f3n Trujano.<a href=\"https:\/\/twitter.com\/hashtag\/OperativoLluvias2025?src=hash&amp;ref_src=twsrc%5Etfw\">#OperativoLluvias2025<\/a> <a href=\"https:\/\/twitter.com\/hashtag\/Tlaloque2025?src=hash&amp;ref_src=twsrc%5Etfw\">#Tlaloque2025<\/a> <br>\ud83d\udc77\u200d\u2642\ufe0f <a href=\"https:\/\/twitter.com\/SEGIAGUA?ref_src=twsrc%5Etfw\">@SEGIAGUA<\/a>\u2026 <a href=\"https:\/\/t.co\/6dQAB3VdnR\">pic.twitter.com\/6dQAB3VdnR<\/a><\/p>&mdash; C5 CDMX (@C5_CDMX) <a href=\"https:\/\/twitter.com\/C5_CDMX\/status\/1963375859001393437?ref_src=twsrc%5Etfw\">September 3, 2025<\/a><\/blockquote><script async src=\"https:\/\/platform.twitter.com\/widgets.js\" charset=\"utf-8\"><\/script>\n<\/div><\/figure>\n","protected":false},"excerpt":{"rendered":"<p>Por Redacci\u00f3n QP Las autoridades capitalinas alertaron sobre afectaciones en distintos puntos de la ciudad,&#8230;<\/p>\n","protected":false},"author":2,"featured_media":118840,"comment_status":"open","ping_status":"open","sticky":false,"template":"","format":"standard","meta":{"_monsterinsights_skip_tracking":false,"_monsterinsights_sitenote_active":false,"_monsterinsights_sitenote_note":"","_monsterinsights_sitenote_category":0,"footnotes":""},"categories":[55],"tags":[],"class_list":["post-118839","post","type-post","status-publish","format-standard","has-post-thumbnail","hentry","category-cdmx"],"yoast_head":"<!-- This site is optimized with the Yoast SEO plugin v27.3 - https:\/\/yoast.com\/product\/yoast-seo-wordpress\/ -->\n<title>Lluvia en la CDMX afectan l\u00edneas del metro ubicadas en la zona oriente -<\/title>\n<meta name=\"robots\" content=\"index, follow, max-snippet:-1, max-image-preview:large, max-video-preview:-1\" \/>\n<link rel=\"canonical\" href=\"https:\/\/quehacerpolitico.mx\/?p=118839\" \/>\n<meta property=\"og:locale\" content=\"es_MX\" \/>\n<meta property=\"og:type\" content=\"article\" \/>\n<meta property=\"og:title\" content=\"Lluvia en la CDMX afectan l\u00edneas del metro ubicadas en la zona oriente -\" \/>\n<meta property=\"og:description\" content=\"Por Redacci\u00f3n QP Las autoridades capitalinas alertaron sobre afectaciones en distintos puntos de la ciudad,...\" \/>\n<meta property=\"og:url\" content=\"https:\/\/quehacerpolitico.mx\/?p=118839\" \/>\n<meta property=\"article:published_time\" content=\"2025-09-04T02:40:11+00:00\" \/>\n<meta property=\"article:modified_time\" content=\"2025-09-04T02:40:13+00:00\" \/>\n<meta property=\"og:image\" content=\"https:\/\/quehacerpolitico.mx\/wp-content\/uploads\/2025\/09\/IMG_3268.jpeg\" \/>\n\t<meta property=\"og:image:width\" content=\"899\" \/>\n\t<meta property=\"og:image:height\" content=\"834\" \/>\n\t<meta property=\"og:image:type\" content=\"image\/jpeg\" \/>\n<meta name=\"author\" content=\"Redacci\u00f3n QP\" \/>\n<meta name=\"twitter:card\" content=\"summary_large_image\" \/>\n<meta name=\"twitter:label1\" content=\"Escrito por\" \/>\n\t<meta name=\"twitter:data1\" content=\"Redacci\u00f3n QP\" \/>\n\t<meta name=\"twitter:label2\" content=\"Tiempo de lectura\" \/>\n\t<meta name=\"twitter:data2\" content=\"1 minuto\" \/>\n<script type=\"application\/ld+json\" class=\"yoast-schema-graph\">{\"@context\":\"https:\\\/\\\/schema.org\",\"@graph\":[{\"@type\":\"Article\",\"@id\":\"https:\\\/\\\/quehacerpolitico.mx\\\/?p=118839#article\",\"isPartOf\":{\"@id\":\"https:\\\/\\\/quehacerpolitico.mx\\\/?p=118839\"},\"author\":{\"name\":\"Redacci\u00f3n QP\",\"@id\":\"https:\\\/\\\/quehacerpolitico.mx\\\/#\\\/schema\\\/person\\\/496d8ad2d1d3f8036101dca7ee39e585\"},\"headline\":\"Lluvia en la CDMX afectan l\u00edneas del metro ubicadas en la zona oriente\",\"datePublished\":\"2025-09-04T02:40:11+00:00\",\"dateModified\":\"2025-09-04T02:40:13+00:00\",\"mainEntityOfPage\":{\"@id\":\"https:\\\/\\\/quehacerpolitico.mx\\\/?p=118839\"},\"wordCount\":311,\"commentCount\":0,\"image\":{\"@id\":\"https:\\\/\\\/quehacerpolitico.mx\\\/?p=118839#primaryimage\"},\"thumbnailUrl\":\"https:\\\/\\\/quehacerpolitico.mx\\\/wp-content\\\/uploads\\\/2025\\\/09\\\/IMG_3268.jpeg\",\"articleSection\":[\"CDMX\"],\"inLanguage\":\"es\",\"potentialAction\":[{\"@type\":\"CommentAction\",\"name\":\"Comment\",\"target\":[\"https:\\\/\\\/quehacerpolitico.mx\\\/?p=118839#respond\"]}]},{\"@type\":\"WebPage\",\"@id\":\"https:\\\/\\\/quehacerpolitico.mx\\\/?p=118839\",\"url\":\"https:\\\/\\\/quehacerpolitico.mx\\\/?p=118839\",\"name\":\"Lluvia en la CDMX afectan l\u00edneas del metro ubicadas en la zona oriente -\",\"isPartOf\":{\"@id\":\"https:\\\/\\\/quehacerpolitico.mx\\\/#website\"},\"primaryImageOfPage\":{\"@id\":\"https:\\\/\\\/quehacerpolitico.mx\\\/?p=118839#primaryimage\"},\"image\":{\"@id\":\"https:\\\/\\\/quehacerpolitico.mx\\\/?p=118839#primaryimage\"},\"thumbnailUrl\":\"https:\\\/\\\/quehacerpolitico.mx\\\/wp-content\\\/uploads\\\/2025\\\/09\\\/IMG_3268.jpeg\",\"datePublished\":\"2025-09-04T02:40:11+00:00\",\"dateModified\":\"2025-09-04T02:40:13+00:00\",\"author\":{\"@id\":\"https:\\\/\\\/quehacerpolitico.mx\\\/#\\\/schema\\\/person\\\/496d8ad2d1d3f8036101dca7ee39e585\"},\"breadcrumb\":{\"@id\":\"https:\\\/\\\/quehacerpolitico.mx\\\/?p=118839#breadcrumb\"},\"inLanguage\":\"es\",\"potentialAction\":[{\"@type\":\"ReadAction\",\"target\":[\"https:\\\/\\\/quehacerpolitico.mx\\\/?p=118839\"]}]},{\"@type\":\"ImageObject\",\"inLanguage\":\"es\",\"@id\":\"https:\\\/\\\/quehacerpolitico.mx\\\/?p=118839#primaryimage\",\"url\":\"https:\\\/\\\/quehacerpolitico.mx\\\/wp-content\\\/uploads\\\/2025\\\/09\\\/IMG_3268.jpeg\",\"contentUrl\":\"https:\\\/\\\/quehacerpolitico.mx\\\/wp-content\\\/uploads\\\/2025\\\/09\\\/IMG_3268.jpeg\",\"width\":899,\"height\":834},{\"@type\":\"BreadcrumbList\",\"@id\":\"https:\\\/\\\/quehacerpolitico.mx\\\/?p=118839#breadcrumb\",\"itemListElement\":[{\"@type\":\"ListItem\",\"position\":1,\"name\":\"Inicio\",\"item\":\"https:\\\/\\\/quehacerpolitico.mx\\\/\"},{\"@type\":\"ListItem\",\"position\":2,\"name\":\"Lluvia en la CDMX afectan l\u00edneas del metro ubicadas en la zona oriente\"}]},{\"@type\":\"WebSite\",\"@id\":\"https:\\\/\\\/quehacerpolitico.mx\\\/#website\",\"url\":\"https:\\\/\\\/quehacerpolitico.mx\\\/\",\"name\":\"\",\"description\":\"\",\"potentialAction\":[{\"@type\":\"SearchAction\",\"target\":{\"@type\":\"EntryPoint\",\"urlTemplate\":\"https:\\\/\\\/quehacerpolitico.mx\\\/?s={search_term_string}\"},\"query-input\":{\"@type\":\"PropertyValueSpecification\",\"valueRequired\":true,\"valueName\":\"search_term_string\"}}],\"inLanguage\":\"es\"},{\"@type\":\"Person\",\"@id\":\"https:\\\/\\\/quehacerpolitico.mx\\\/#\\\/schema\\\/person\\\/496d8ad2d1d3f8036101dca7ee39e585\",\"name\":\"Redacci\u00f3n QP\",\"image\":{\"@type\":\"ImageObject\",\"inLanguage\":\"es\",\"@id\":\"https:\\\/\\\/secure.gravatar.com\\\/avatar\\\/c7164ed6fdec453195284ad24a5ae5b6e1eed2b848477fa2a4787ba9adf39a41?s=96&d=mm&r=g\",\"url\":\"https:\\\/\\\/secure.gravatar.com\\\/avatar\\\/c7164ed6fdec453195284ad24a5ae5b6e1eed2b848477fa2a4787ba9adf39a41?s=96&d=mm&r=g\",\"contentUrl\":\"https:\\\/\\\/secure.gravatar.com\\\/avatar\\\/c7164ed6fdec453195284ad24a5ae5b6e1eed2b848477fa2a4787ba9adf39a41?s=96&d=mm&r=g\",\"caption\":\"Redacci\u00f3n QP\"},\"url\":\"https:\\\/\\\/quehacerpolitico.mx\\\/?author=2\"}]}<\/script>\n<!-- \/ Yoast SEO plugin. -->","yoast_head_json":{"title":"Lluvia en la CDMX afectan l\u00edneas del metro ubicadas en la zona oriente -","robots":{"index":"index","follow":"follow","max-snippet":"max-snippet:-1","max-image-preview":"max-image-preview:large","max-video-preview":"max-video-preview:-1"},"canonical":"https:\/\/quehacerpolitico.mx\/?p=118839","og_locale":"es_MX","og_type":"article","og_title":"Lluvia en la CDMX afectan l\u00edneas del metro ubicadas en la zona oriente -","og_description":"Por Redacci\u00f3n QP Las autoridades capitalinas alertaron sobre afectaciones en distintos puntos de la ciudad,...","og_url":"https:\/\/quehacerpolitico.mx\/?p=118839","article_published_time":"2025-09-04T02:40:11+00:00","article_modified_time":"2025-09-04T02:40:13+00:00","og_image":[{"width":899,"height":834,"url":"https:\/\/quehacerpolitico.mx\/wp-content\/uploads\/2025\/09\/IMG_3268.jpeg","type":"image\/jpeg"}],"author":"Redacci\u00f3n QP","twitter_card":"summary_large_image","twitter_misc":{"Escrito por":"Redacci\u00f3n QP","Tiempo de lectura":"1 minuto"},"schema":{"@context":"https:\/\/schema.org","@graph":[{"@type":"Article","@id":"https:\/\/quehacerpolitico.mx\/?p=118839#article","isPartOf":{"@id":"https:\/\/quehacerpolitico.mx\/?p=118839"},"author":{"name":"Redacci\u00f3n QP","@id":"https:\/\/quehacerpolitico.mx\/#\/schema\/person\/496d8ad2d1d3f8036101dca7ee39e585"},"headline":"Lluvia en la CDMX afectan l\u00edneas del metro ubicadas en la zona oriente","datePublished":"2025-09-04T02:40:11+00:00","dateModified":"2025-09-04T02:40:13+00:00","mainEntityOfPage":{"@id":"https:\/\/quehacerpolitico.mx\/?p=118839"},"wordCount":311,"commentCount":0,"image":{"@id":"https:\/\/quehacerpolitico.mx\/?p=118839#primaryimage"},"thumbnailUrl":"https:\/\/quehacerpolitico.mx\/wp-content\/uploads\/2025\/09\/IMG_3268.jpeg","articleSection":["CDMX"],"inLanguage":"es","potentialAction":[{"@type":"CommentAction","name":"Comment","target":["https:\/\/quehacerpolitico.mx\/?p=118839#respond"]}]},{"@type":"WebPage","@id":"https:\/\/quehacerpolitico.mx\/?p=118839","url":"https:\/\/quehacerpolitico.mx\/?p=118839","name":"Lluvia en la CDMX afectan l\u00edneas del metro ubicadas en la zona oriente -","isPartOf":{"@id":"https:\/\/quehacerpolitico.mx\/#website"},"primaryImageOfPage":{"@id":"https:\/\/quehacerpolitico.mx\/?p=118839#primaryimage"},"image":{"@id":"https:\/\/quehacerpolitico.mx\/?p=118839#primaryimage"},"thumbnailUrl":"https:\/\/quehacerpolitico.mx\/wp-content\/uploads\/2025\/09\/IMG_3268.jpeg","datePublished":"2025-09-04T02:40:11+00:00","dateModified":"2025-09-04T02:40:13+00:00","author":{"@id":"https:\/\/quehacerpolitico.mx\/#\/schema\/person\/496d8ad2d1d3f8036101dca7ee39e585"},"breadcrumb":{"@id":"https:\/\/quehacerpolitico.mx\/?p=118839#breadcrumb"},"inLanguage":"es","potentialAction":[{"@type":"ReadAction","target":["https:\/\/quehacerpolitico.mx\/?p=118839"]}]},{"@type":"ImageObject","inLanguage":"es","@id":"https:\/\/quehacerpolitico.mx\/?p=118839#primaryimage","url":"https:\/\/quehacerpolitico.mx\/wp-content\/uploads\/2025\/09\/IMG_3268.jpeg","contentUrl":"https:\/\/quehacerpolitico.mx\/wp-content\/uploads\/2025\/09\/IMG_3268.jpeg","width":899,"height":834},{"@type":"BreadcrumbList","@id":"https:\/\/quehacerpolitico.mx\/?p=118839#breadcrumb","itemListElement":[{"@type":"ListItem","position":1,"name":"Inicio","item":"https:\/\/quehacerpolitico.mx\/"},{"@type":"ListItem","position":2,"name":"Lluvia en la CDMX afectan l\u00edneas del metro ubicadas en la zona oriente"}]},{"@type":"WebSite","@id":"https:\/\/quehacerpolitico.mx\/#website","url":"https:\/\/quehacerpolitico.mx\/","name":"","description":"","potentialAction":[{"@type":"SearchAction","target":{"@type":"EntryPoint","urlTemplate":"https:\/\/quehacerpolitico.mx\/?s={search_term_string}"},"query-input":{"@type":"PropertyValueSpecification","valueRequired":true,"valueName":"search_term_string"}}],"inLanguage":"es"},{"@type":"Person","@id":"https:\/\/quehacerpolitico.mx\/#\/schema\/person\/496d8ad2d1d3f8036101dca7ee39e585","name":"Redacci\u00f3n QP","image":{"@type":"ImageObject","inLanguage":"es","@id":"https:\/\/secure.gravatar.com\/avatar\/c7164ed6fdec453195284ad24a5ae5b6e1eed2b848477fa2a4787ba9adf39a41?s=96&d=mm&r=g","url":"https:\/\/secure.gravatar.com\/avatar\/c7164ed6fdec453195284ad24a5ae5b6e1eed2b848477fa2a4787ba9adf39a41?s=96&d=mm&r=g","contentUrl":"https:\/\/secure.gravatar.com\/avatar\/c7164ed6fdec453195284ad24a5ae5b6e1eed2b848477fa2a4787ba9adf39a41?s=96&d=mm&r=g","caption":"Redacci\u00f3n QP"},"url":"https:\/\/quehacerpolitico.mx\/?author=2"}]}},"featured_image_urls":{"full":["https:\/\/quehacerpolitico.mx\/wp-content\/uploads\/2025\/09\/IMG_3268.jpeg",899,834,false],"thumbnail":["https:\/\/quehacerpolitico.mx\/wp-content\/uploads\/2025\/09\/IMG_3268-150x150.jpeg",150,150,true],"medium":["https:\/\/quehacerpolitico.mx\/wp-content\/uploads\/2025\/09\/IMG_3268-300x278.jpeg",300,278,true],"medium_large":["https:\/\/quehacerpolitico.mx\/wp-content\/uploads\/2025\/09\/IMG_3268-768x712.jpeg",640,593,true],"large":["https:\/\/quehacerpolitico.mx\/wp-content\/uploads\/2025\/09\/IMG_3268.jpeg",640,594,false],"1536x1536":["https:\/\/quehacerpolitico.mx\/wp-content\/uploads\/2025\/09\/IMG_3268.jpeg",899,834,false],"2048x2048":["https:\/\/quehacerpolitico.mx\/wp-content\/uploads\/2025\/09\/IMG_3268.jpeg",899,834,false],"covernews-featured":["https:\/\/quehacerpolitico.mx\/wp-content\/uploads\/2025\/09\/IMG_3268.jpeg",899,834,false],"covernews-medium":["https:\/\/quehacerpolitico.mx\/wp-content\/uploads\/2025\/09\/IMG_3268-540x340.jpeg",540,340,true]},"author_info":{"display_name":"Redacci\u00f3n QP","author_link":"https:\/\/quehacerpolitico.mx\/?author=2"},"category_info":"<a href=\"https:\/\/quehacerpolitico.mx\/?cat=55\" rel=\"category\">CDMX<\/a>","tag_info":"CDMX","comment_count":"0","_links":{"self":[{"href":"https:\/\/quehacerpolitico.mx\/index.php?rest_route=\/wp\/v2\/posts\/118839","targetHints":{"allow":["GET"]}}],"collection":[{"href":"https:\/\/quehacerpolitico.mx\/index.php?rest_route=\/wp\/v2\/posts"}],"about":[{"href":"https:\/\/quehacerpolitico.mx\/index.php?rest_route=\/wp\/v2\/types\/post"}],"author":[{"embeddable":true,"href":"https:\/\/quehacerpolitico.mx\/index.php?rest_route=\/wp\/v2\/users\/2"}],"replies":[{"embeddable":true,"href":"https:\/\/quehacerpolitico.mx\/index.php?rest_route=%2Fwp%2Fv2%2Fcomments&post=118839"}],"version-history":[{"count":1,"href":"https:\/\/quehacerpolitico.mx\/index.php?rest_route=\/wp\/v2\/posts\/118839\/revisions"}],"predecessor-version":[{"id":118841,"href":"https:\/\/quehacerpolitico.mx\/index.php?rest_route=\/wp\/v2\/posts\/118839\/revisions\/118841"}],"wp:featuredmedia":[{"embeddable":true,"href":"https:\/\/quehacerpolitico.mx\/index.php?rest_route=\/wp\/v2\/media\/118840"}],"wp:attachment":[{"href":"https:\/\/quehacerpolitico.mx\/index.php?rest_route=%2Fwp%2Fv2%2Fmedia&parent=118839"}],"wp:term":[{"taxonomy":"category","embeddable":true,"href":"https:\/\/quehacerpolitico.mx\/index.php?rest_route=%2Fwp%2Fv2%2Fcategories&post=118839"},{"taxonomy":"post_tag","embeddable":true,"href":"https:\/\/quehacerpolitico.mx\/index.php?rest_route=%2Fwp%2Fv2%2Ftags&post=118839"}],"curies":[{"name":"wp","href":"https:\/\/api.w.org\/{rel}","templated":true}]}}