{"id":118805,"date":"2025-09-03T10:43:19","date_gmt":"2025-09-03T16:43:19","guid":{"rendered":"https:\/\/quehacerpolitico.mx\/?p=118805"},"modified":"2025-09-03T10:43:23","modified_gmt":"2025-09-03T16:43:23","slug":"sheinbaum-confirma-los-temas-que-abordara-en-reunion-con-marco-rubio","status":"publish","type":"post","link":"https:\/\/quehacerpolitico.mx\/?p=118805","title":{"rendered":"Sheinbaum confirma los temas que abordar\u00e1 en reuni\u00f3n con Marco Rubio"},"content":{"rendered":"\n<p>Por Redacci\u00f3n QP<\/p>\n\n\n\n<p>A las 10:00 horas de este mi\u00e9rcoles, la Presidenta de M\u00e9xico se reunir\u00e1 con el secretario de Estado de Estados Unidos<\/p>\n\n\n\n<p>En su conferencia matutina de este mi\u00e9rcoles, la Presidenta Claudia Sheinbaum Pardo indic\u00f3 que durante la reuni\u00f3n que sostendr\u00e1 con el secretario de Estado de Estados Unidos, Marco Rubio, presentar\u00e1 los avances que M\u00e9xico ha tenido en materia de seguridad, migraci\u00f3n y comercio.&nbsp;<\/p>\n\n\n\n<p>Anticip\u00f3, adem\u00e1s, que el encuentro programado para el d\u00eda de hoy ser\u00e1 \u201cmuy cordial\u201d.<\/p>\n\n\n\n<h3 class=\"wp-block-heading\">\u00bfDe qu\u00e9 hablar\u00e1 Claudia Sheinbaum con Marco Rubio?<\/h3>\n\n\n\n<p><mark><strong>Sheinbaum explic\u00f3 que el Gobierno de M\u00e9xico realizar\u00e1 &#8220;una presentaci\u00f3n de los logros de la estrategia de seguridad&#8221; y los aspectos en los que han colaborado ambos pa\u00edses dentro respeto a sus soberan\u00edas.<\/strong><\/mark><\/p>\n\n\n\n<p>&#8220;Yo quiero tocar el tema de los mexicanos y mexicanas que viven all\u00e1 (en EU). Tambi\u00e9n el tema de comercio, aunque no le corresponde espec\u00edficamente al secretario del departamento de Estado (Rubio)&#8221;, a\u00f1adi\u00f3.<\/p>\n\n\n\n<figure class=\"wp-block-embed is-type-rich is-provider-twitter wp-block-embed-twitter\"><div class=\"wp-block-embed__wrapper\">\n<blockquote class=\"twitter-tweet\" data-width=\"550\" data-dnt=\"true\"><p lang=\"es\" dir=\"ltr\">\ud83d\udd34Reuni\u00f3n con Marco Rubio ser\u00e1 \u201ccordial\u201d, asegura la presidenta Claudia Sheinbaum.<br><br>Especific\u00f3 que se abordar\u00e1 el Programa de Cooperaci\u00f3n en Seguridad Fronteriza, comercio y respeto a la soberan\u00eda. <a href=\"https:\/\/t.co\/PqXTQ6An8U\">pic.twitter.com\/PqXTQ6An8U<\/a><\/p>&mdash; Azucena Uresti (@azucenau) <a href=\"https:\/\/twitter.com\/azucenau\/status\/1963249597695844838?ref_src=twsrc%5Etfw\">September 3, 2025<\/a><\/blockquote><script async src=\"https:\/\/platform.twitter.com\/widgets.js\" charset=\"utf-8\"><\/script>\n<\/div><\/figure>\n\n\n\n<p><strong>Puntualiz\u00f3 que no habr\u00e1 una firma de un acuerdo,<\/strong>&nbsp;lo que tendr\u00eda otra connotaci\u00f3n en la pol\u00edtica exterior, sino que \u00fanicamente se espera que ambos pa\u00edses est\u00e9n de acuerdo en &#8220;un programa de cooperaci\u00f3n sobre seguridad fronteriza y aplicaci\u00f3n de la ley&#8221;.<\/p>\n\n\n\n<p>&#8220;Y tiene que ver con colaboraci\u00f3n sin subordinaci\u00f3n, colaboraci\u00f3n y cooperaci\u00f3n, en el marco de nuestras soberan\u00edas&#8221;, remarc\u00f3.<\/p>\n\n\n\n<p><mark><strong>Sheinbaum se reunir\u00e1 con Rubio a las 10:00 hora local, y posteriormente, se espera que el secretario de Estado estadounidense brinde una conferencia de prensa alrededor de las 11:00 en la Secretar\u00eda de Relaciones Exteriores (SRE) de M\u00e9xico, junto al canciller Juan Ram\u00f3n de la Fuente.<\/strong><\/mark><\/p>\n\n\n\n<p>Rubio arrib\u00f3 el martes a M\u00e9xico y fue recibido por De la Fuente en el Aeropuerto Internacional Felipe \u00c1ngeles (AIFA), a las afueras de la capital mexicana.<\/p>\n\n\n\n<p>El Gobierno mexicano ha dicho desde febrero que, gracias a la \u2018Operaci\u00f3n Frontera Norte\u2019, acordada con el presidente de EU, Donald Trump, para evitar los aranceles a M\u00e9xico, se han detenido a m\u00e1s de 6 mil 480 personas y se han confiscado casi sesenta toneladas de droga, entre ellas 311 kilogramos de fentanilo.<\/p>\n\n\n\n<p><mark><strong>El 22 de agosto, la SRE anunci\u00f3 una disminuci\u00f3n del 91 % en el flujo migratorio en la frontera con Estados Unidos, desde el 1 de octubre pasado, cuando inici\u00f3 el Gobierno de Sheinbaum.<\/strong><\/mark><\/p>\n\n\n\n<p>Cifras oficiales apuntan que 82 mil 49 mexicanos han sido repatriados en los \u00faltimos seis meses, desde el regreso del presidente Trump a la Casa Blanca el 20 de enero.<\/p>\n\n\n\n<p>Con informaci\u00f3n de EFE<\/p>\n","protected":false},"excerpt":{"rendered":"<p>Por Redacci\u00f3n QP A las 10:00 horas de este mi\u00e9rcoles, la Presidenta de M\u00e9xico se&#8230;<\/p>\n","protected":false},"author":2,"featured_media":118806,"comment_status":"open","ping_status":"open","sticky":false,"template":"","format":"standard","meta":{"_monsterinsights_skip_tracking":false,"_monsterinsights_sitenote_active":false,"_monsterinsights_sitenote_note":"","_monsterinsights_sitenote_category":0,"footnotes":""},"categories":[280,2],"tags":[],"class_list":["post-118805","post","type-post","status-publish","format-standard","has-post-thumbnail","hentry","category-nacionales","category-noticias"],"yoast_head":"<!-- This site is optimized with the Yoast SEO plugin v27.3 - https:\/\/yoast.com\/product\/yoast-seo-wordpress\/ -->\n<title>Sheinbaum confirma los temas que abordar\u00e1 en reuni\u00f3n con Marco Rubio -<\/title>\n<meta name=\"robots\" content=\"index, follow, max-snippet:-1, max-image-preview:large, max-video-preview:-1\" \/>\n<link rel=\"canonical\" href=\"https:\/\/quehacerpolitico.mx\/?p=118805\" \/>\n<meta property=\"og:locale\" content=\"es_MX\" \/>\n<meta property=\"og:type\" content=\"article\" \/>\n<meta property=\"og:title\" content=\"Sheinbaum confirma los temas que abordar\u00e1 en reuni\u00f3n con Marco Rubio -\" \/>\n<meta property=\"og:description\" content=\"Por Redacci\u00f3n QP A las 10:00 horas de este mi\u00e9rcoles, la Presidenta de M\u00e9xico se...\" \/>\n<meta property=\"og:url\" content=\"https:\/\/quehacerpolitico.mx\/?p=118805\" \/>\n<meta property=\"article:published_time\" content=\"2025-09-03T16:43:19+00:00\" \/>\n<meta property=\"article:modified_time\" content=\"2025-09-03T16:43:23+00:00\" \/>\n<meta property=\"og:image\" content=\"https:\/\/quehacerpolitico.mx\/wp-content\/uploads\/2025\/09\/IMG_3244.jpeg\" \/>\n\t<meta property=\"og:image:width\" content=\"1170\" \/>\n\t<meta property=\"og:image:height\" content=\"655\" \/>\n\t<meta property=\"og:image:type\" content=\"image\/jpeg\" \/>\n<meta name=\"author\" content=\"Redacci\u00f3n QP\" \/>\n<meta name=\"twitter:card\" content=\"summary_large_image\" \/>\n<meta name=\"twitter:label1\" content=\"Escrito por\" \/>\n\t<meta name=\"twitter:data1\" content=\"Redacci\u00f3n QP\" \/>\n\t<meta name=\"twitter:label2\" content=\"Tiempo de lectura\" \/>\n\t<meta name=\"twitter:data2\" content=\"2 minutos\" \/>\n<script type=\"application\/ld+json\" class=\"yoast-schema-graph\">{\"@context\":\"https:\\\/\\\/schema.org\",\"@graph\":[{\"@type\":\"Article\",\"@id\":\"https:\\\/\\\/quehacerpolitico.mx\\\/?p=118805#article\",\"isPartOf\":{\"@id\":\"https:\\\/\\\/quehacerpolitico.mx\\\/?p=118805\"},\"author\":{\"name\":\"Redacci\u00f3n QP\",\"@id\":\"https:\\\/\\\/quehacerpolitico.mx\\\/#\\\/schema\\\/person\\\/496d8ad2d1d3f8036101dca7ee39e585\"},\"headline\":\"Sheinbaum confirma los temas que abordar\u00e1 en reuni\u00f3n con Marco Rubio\",\"datePublished\":\"2025-09-03T16:43:19+00:00\",\"dateModified\":\"2025-09-03T16:43:23+00:00\",\"mainEntityOfPage\":{\"@id\":\"https:\\\/\\\/quehacerpolitico.mx\\\/?p=118805\"},\"wordCount\":453,\"commentCount\":0,\"image\":{\"@id\":\"https:\\\/\\\/quehacerpolitico.mx\\\/?p=118805#primaryimage\"},\"thumbnailUrl\":\"https:\\\/\\\/quehacerpolitico.mx\\\/wp-content\\\/uploads\\\/2025\\\/09\\\/IMG_3244.jpeg\",\"articleSection\":[\"Nacionales\",\"Noticias\"],\"inLanguage\":\"es\",\"potentialAction\":[{\"@type\":\"CommentAction\",\"name\":\"Comment\",\"target\":[\"https:\\\/\\\/quehacerpolitico.mx\\\/?p=118805#respond\"]}]},{\"@type\":\"WebPage\",\"@id\":\"https:\\\/\\\/quehacerpolitico.mx\\\/?p=118805\",\"url\":\"https:\\\/\\\/quehacerpolitico.mx\\\/?p=118805\",\"name\":\"Sheinbaum confirma los temas que abordar\u00e1 en reuni\u00f3n con Marco Rubio -\",\"isPartOf\":{\"@id\":\"https:\\\/\\\/quehacerpolitico.mx\\\/#website\"},\"primaryImageOfPage\":{\"@id\":\"https:\\\/\\\/quehacerpolitico.mx\\\/?p=118805#primaryimage\"},\"image\":{\"@id\":\"https:\\\/\\\/quehacerpolitico.mx\\\/?p=118805#primaryimage\"},\"thumbnailUrl\":\"https:\\\/\\\/quehacerpolitico.mx\\\/wp-content\\\/uploads\\\/2025\\\/09\\\/IMG_3244.jpeg\",\"datePublished\":\"2025-09-03T16:43:19+00:00\",\"dateModified\":\"2025-09-03T16:43:23+00:00\",\"author\":{\"@id\":\"https:\\\/\\\/quehacerpolitico.mx\\\/#\\\/schema\\\/person\\\/496d8ad2d1d3f8036101dca7ee39e585\"},\"breadcrumb\":{\"@id\":\"https:\\\/\\\/quehacerpolitico.mx\\\/?p=118805#breadcrumb\"},\"inLanguage\":\"es\",\"potentialAction\":[{\"@type\":\"ReadAction\",\"target\":[\"https:\\\/\\\/quehacerpolitico.mx\\\/?p=118805\"]}]},{\"@type\":\"ImageObject\",\"inLanguage\":\"es\",\"@id\":\"https:\\\/\\\/quehacerpolitico.mx\\\/?p=118805#primaryimage\",\"url\":\"https:\\\/\\\/quehacerpolitico.mx\\\/wp-content\\\/uploads\\\/2025\\\/09\\\/IMG_3244.jpeg\",\"contentUrl\":\"https:\\\/\\\/quehacerpolitico.mx\\\/wp-content\\\/uploads\\\/2025\\\/09\\\/IMG_3244.jpeg\",\"width\":1170,\"height\":655,\"caption\":\"Screenshot\"},{\"@type\":\"BreadcrumbList\",\"@id\":\"https:\\\/\\\/quehacerpolitico.mx\\\/?p=118805#breadcrumb\",\"itemListElement\":[{\"@type\":\"ListItem\",\"position\":1,\"name\":\"Inicio\",\"item\":\"https:\\\/\\\/quehacerpolitico.mx\\\/\"},{\"@type\":\"ListItem\",\"position\":2,\"name\":\"Sheinbaum confirma los temas que abordar\u00e1 en reuni\u00f3n con Marco Rubio\"}]},{\"@type\":\"WebSite\",\"@id\":\"https:\\\/\\\/quehacerpolitico.mx\\\/#website\",\"url\":\"https:\\\/\\\/quehacerpolitico.mx\\\/\",\"name\":\"\",\"description\":\"\",\"potentialAction\":[{\"@type\":\"SearchAction\",\"target\":{\"@type\":\"EntryPoint\",\"urlTemplate\":\"https:\\\/\\\/quehacerpolitico.mx\\\/?s={search_term_string}\"},\"query-input\":{\"@type\":\"PropertyValueSpecification\",\"valueRequired\":true,\"valueName\":\"search_term_string\"}}],\"inLanguage\":\"es\"},{\"@type\":\"Person\",\"@id\":\"https:\\\/\\\/quehacerpolitico.mx\\\/#\\\/schema\\\/person\\\/496d8ad2d1d3f8036101dca7ee39e585\",\"name\":\"Redacci\u00f3n QP\",\"image\":{\"@type\":\"ImageObject\",\"inLanguage\":\"es\",\"@id\":\"https:\\\/\\\/secure.gravatar.com\\\/avatar\\\/c7164ed6fdec453195284ad24a5ae5b6e1eed2b848477fa2a4787ba9adf39a41?s=96&d=mm&r=g\",\"url\":\"https:\\\/\\\/secure.gravatar.com\\\/avatar\\\/c7164ed6fdec453195284ad24a5ae5b6e1eed2b848477fa2a4787ba9adf39a41?s=96&d=mm&r=g\",\"contentUrl\":\"https:\\\/\\\/secure.gravatar.com\\\/avatar\\\/c7164ed6fdec453195284ad24a5ae5b6e1eed2b848477fa2a4787ba9adf39a41?s=96&d=mm&r=g\",\"caption\":\"Redacci\u00f3n QP\"},\"url\":\"https:\\\/\\\/quehacerpolitico.mx\\\/?author=2\"}]}<\/script>\n<!-- \/ Yoast SEO plugin. -->","yoast_head_json":{"title":"Sheinbaum confirma los temas que abordar\u00e1 en reuni\u00f3n con Marco Rubio -","robots":{"index":"index","follow":"follow","max-snippet":"max-snippet:-1","max-image-preview":"max-image-preview:large","max-video-preview":"max-video-preview:-1"},"canonical":"https:\/\/quehacerpolitico.mx\/?p=118805","og_locale":"es_MX","og_type":"article","og_title":"Sheinbaum confirma los temas que abordar\u00e1 en reuni\u00f3n con Marco Rubio -","og_description":"Por Redacci\u00f3n QP A las 10:00 horas de este mi\u00e9rcoles, la Presidenta de M\u00e9xico se...","og_url":"https:\/\/quehacerpolitico.mx\/?p=118805","article_published_time":"2025-09-03T16:43:19+00:00","article_modified_time":"2025-09-03T16:43:23+00:00","og_image":[{"width":1170,"height":655,"url":"https:\/\/quehacerpolitico.mx\/wp-content\/uploads\/2025\/09\/IMG_3244.jpeg","type":"image\/jpeg"}],"author":"Redacci\u00f3n QP","twitter_card":"summary_large_image","twitter_misc":{"Escrito por":"Redacci\u00f3n QP","Tiempo de lectura":"2 minutos"},"schema":{"@context":"https:\/\/schema.org","@graph":[{"@type":"Article","@id":"https:\/\/quehacerpolitico.mx\/?p=118805#article","isPartOf":{"@id":"https:\/\/quehacerpolitico.mx\/?p=118805"},"author":{"name":"Redacci\u00f3n QP","@id":"https:\/\/quehacerpolitico.mx\/#\/schema\/person\/496d8ad2d1d3f8036101dca7ee39e585"},"headline":"Sheinbaum confirma los temas que abordar\u00e1 en reuni\u00f3n con Marco Rubio","datePublished":"2025-09-03T16:43:19+00:00","dateModified":"2025-09-03T16:43:23+00:00","mainEntityOfPage":{"@id":"https:\/\/quehacerpolitico.mx\/?p=118805"},"wordCount":453,"commentCount":0,"image":{"@id":"https:\/\/quehacerpolitico.mx\/?p=118805#primaryimage"},"thumbnailUrl":"https:\/\/quehacerpolitico.mx\/wp-content\/uploads\/2025\/09\/IMG_3244.jpeg","articleSection":["Nacionales","Noticias"],"inLanguage":"es","potentialAction":[{"@type":"CommentAction","name":"Comment","target":["https:\/\/quehacerpolitico.mx\/?p=118805#respond"]}]},{"@type":"WebPage","@id":"https:\/\/quehacerpolitico.mx\/?p=118805","url":"https:\/\/quehacerpolitico.mx\/?p=118805","name":"Sheinbaum confirma los temas que abordar\u00e1 en reuni\u00f3n con Marco Rubio -","isPartOf":{"@id":"https:\/\/quehacerpolitico.mx\/#website"},"primaryImageOfPage":{"@id":"https:\/\/quehacerpolitico.mx\/?p=118805#primaryimage"},"image":{"@id":"https:\/\/quehacerpolitico.mx\/?p=118805#primaryimage"},"thumbnailUrl":"https:\/\/quehacerpolitico.mx\/wp-content\/uploads\/2025\/09\/IMG_3244.jpeg","datePublished":"2025-09-03T16:43:19+00:00","dateModified":"2025-09-03T16:43:23+00:00","author":{"@id":"https:\/\/quehacerpolitico.mx\/#\/schema\/person\/496d8ad2d1d3f8036101dca7ee39e585"},"breadcrumb":{"@id":"https:\/\/quehacerpolitico.mx\/?p=118805#breadcrumb"},"inLanguage":"es","potentialAction":[{"@type":"ReadAction","target":["https:\/\/quehacerpolitico.mx\/?p=118805"]}]},{"@type":"ImageObject","inLanguage":"es","@id":"https:\/\/quehacerpolitico.mx\/?p=118805#primaryimage","url":"https:\/\/quehacerpolitico.mx\/wp-content\/uploads\/2025\/09\/IMG_3244.jpeg","contentUrl":"https:\/\/quehacerpolitico.mx\/wp-content\/uploads\/2025\/09\/IMG_3244.jpeg","width":1170,"height":655,"caption":"Screenshot"},{"@type":"BreadcrumbList","@id":"https:\/\/quehacerpolitico.mx\/?p=118805#breadcrumb","itemListElement":[{"@type":"ListItem","position":1,"name":"Inicio","item":"https:\/\/quehacerpolitico.mx\/"},{"@type":"ListItem","position":2,"name":"Sheinbaum confirma los temas que abordar\u00e1 en reuni\u00f3n con Marco Rubio"}]},{"@type":"WebSite","@id":"https:\/\/quehacerpolitico.mx\/#website","url":"https:\/\/quehacerpolitico.mx\/","name":"","description":"","potentialAction":[{"@type":"SearchAction","target":{"@type":"EntryPoint","urlTemplate":"https:\/\/quehacerpolitico.mx\/?s={search_term_string}"},"query-input":{"@type":"PropertyValueSpecification","valueRequired":true,"valueName":"search_term_string"}}],"inLanguage":"es"},{"@type":"Person","@id":"https:\/\/quehacerpolitico.mx\/#\/schema\/person\/496d8ad2d1d3f8036101dca7ee39e585","name":"Redacci\u00f3n QP","image":{"@type":"ImageObject","inLanguage":"es","@id":"https:\/\/secure.gravatar.com\/avatar\/c7164ed6fdec453195284ad24a5ae5b6e1eed2b848477fa2a4787ba9adf39a41?s=96&d=mm&r=g","url":"https:\/\/secure.gravatar.com\/avatar\/c7164ed6fdec453195284ad24a5ae5b6e1eed2b848477fa2a4787ba9adf39a41?s=96&d=mm&r=g","contentUrl":"https:\/\/secure.gravatar.com\/avatar\/c7164ed6fdec453195284ad24a5ae5b6e1eed2b848477fa2a4787ba9adf39a41?s=96&d=mm&r=g","caption":"Redacci\u00f3n QP"},"url":"https:\/\/quehacerpolitico.mx\/?author=2"}]}},"featured_image_urls":{"full":["https:\/\/quehacerpolitico.mx\/wp-content\/uploads\/2025\/09\/IMG_3244.jpeg",1170,655,false],"thumbnail":["https:\/\/quehacerpolitico.mx\/wp-content\/uploads\/2025\/09\/IMG_3244-150x150.jpeg",150,150,true],"medium":["https:\/\/quehacerpolitico.mx\/wp-content\/uploads\/2025\/09\/IMG_3244-300x168.jpeg",300,168,true],"medium_large":["https:\/\/quehacerpolitico.mx\/wp-content\/uploads\/2025\/09\/IMG_3244-768x430.jpeg",640,358,true],"large":["https:\/\/quehacerpolitico.mx\/wp-content\/uploads\/2025\/09\/IMG_3244-1024x573.jpeg",640,358,true],"1536x1536":["https:\/\/quehacerpolitico.mx\/wp-content\/uploads\/2025\/09\/IMG_3244.jpeg",1170,655,false],"2048x2048":["https:\/\/quehacerpolitico.mx\/wp-content\/uploads\/2025\/09\/IMG_3244.jpeg",1170,655,false],"covernews-featured":["https:\/\/quehacerpolitico.mx\/wp-content\/uploads\/2025\/09\/IMG_3244-1024x573.jpeg",1024,573,true],"covernews-medium":["https:\/\/quehacerpolitico.mx\/wp-content\/uploads\/2025\/09\/IMG_3244-540x340.jpeg",540,340,true]},"author_info":{"display_name":"Redacci\u00f3n QP","author_link":"https:\/\/quehacerpolitico.mx\/?author=2"},"category_info":"<a href=\"https:\/\/quehacerpolitico.mx\/?cat=280\" rel=\"category\">Nacionales<\/a> <a href=\"https:\/\/quehacerpolitico.mx\/?cat=2\" rel=\"category\">Noticias<\/a>","tag_info":"Noticias","comment_count":"0","_links":{"self":[{"href":"https:\/\/quehacerpolitico.mx\/index.php?rest_route=\/wp\/v2\/posts\/118805","targetHints":{"allow":["GET"]}}],"collection":[{"href":"https:\/\/quehacerpolitico.mx\/index.php?rest_route=\/wp\/v2\/posts"}],"about":[{"href":"https:\/\/quehacerpolitico.mx\/index.php?rest_route=\/wp\/v2\/types\/post"}],"author":[{"embeddable":true,"href":"https:\/\/quehacerpolitico.mx\/index.php?rest_route=\/wp\/v2\/users\/2"}],"replies":[{"embeddable":true,"href":"https:\/\/quehacerpolitico.mx\/index.php?rest_route=%2Fwp%2Fv2%2Fcomments&post=118805"}],"version-history":[{"count":1,"href":"https:\/\/quehacerpolitico.mx\/index.php?rest_route=\/wp\/v2\/posts\/118805\/revisions"}],"predecessor-version":[{"id":118807,"href":"https:\/\/quehacerpolitico.mx\/index.php?rest_route=\/wp\/v2\/posts\/118805\/revisions\/118807"}],"wp:featuredmedia":[{"embeddable":true,"href":"https:\/\/quehacerpolitico.mx\/index.php?rest_route=\/wp\/v2\/media\/118806"}],"wp:attachment":[{"href":"https:\/\/quehacerpolitico.mx\/index.php?rest_route=%2Fwp%2Fv2%2Fmedia&parent=118805"}],"wp:term":[{"taxonomy":"category","embeddable":true,"href":"https:\/\/quehacerpolitico.mx\/index.php?rest_route=%2Fwp%2Fv2%2Fcategories&post=118805"},{"taxonomy":"post_tag","embeddable":true,"href":"https:\/\/quehacerpolitico.mx\/index.php?rest_route=%2Fwp%2Fv2%2Ftags&post=118805"}],"curies":[{"name":"wp","href":"https:\/\/api.w.org\/{rel}","templated":true}]}}