{"id":118791,"date":"2025-09-02T20:46:34","date_gmt":"2025-09-03T02:46:34","guid":{"rendered":"https:\/\/quehacerpolitico.mx\/?p=118791"},"modified":"2025-09-02T20:46:36","modified_gmt":"2025-09-03T02:46:36","slug":"loco-dispara-al-aire-en-la-peligrosa-alcaldia-iztapalapa-hiriendo-a-dos-personas","status":"publish","type":"post","link":"https:\/\/quehacerpolitico.mx\/?p=118791","title":{"rendered":"Loco dispara al aire en la peligrosa alcald\u00eda Iztapalapa hiriendo a dos personas"},"content":{"rendered":"\n<p>Por Redacci\u00f3n QP<\/p>\n\n\n\n<p>En calles de la alcald\u00eda Iztapalapa, CDMX, se dio el reporte de una persona que realizaba disparos al aire; el saldo fue de dos lesionados.<\/p>\n\n\n\n<p>En calles de la&nbsp;<strong>alcald\u00eda Iztapalapa,&nbsp;Ciudad de M\u00e9xico (CDMX),<\/strong>&nbsp;se dio el reporte de una persona que realizaba disparos al aire; el saldo fue de dos lesionados.<\/p>\n\n\n\n<p>La Secretar\u00eda de Seguridad Ciudadana (SSC) inform\u00f3 que elementos de la corporaci\u00f3n que realizaba<strong>n recorridos de seguridad en la colona El Triunfo<\/strong>, fueron informados, a trav\u00e9s de la frecuencia de radio, sobre disparos.<\/p>\n\n\n\n<p>En atenci\u00f3n a la denuncia, un polic\u00eda se dirigi\u00f3 al cruce de la<strong>&nbsp;calle Dibujantes y el Eje 5 Sur,<\/strong>donde observ\u00f3 al sujeto que ten\u00eda en sus manos una pistola y realizaba disparos al aire.<\/p>\n\n\n\n<p>Al ver al polic\u00eda, el sujeto realiz\u00f3 varias detonaciones en su contra y comenz\u00f3 a correr, por lo que el oficial solicit\u00f3 apoyo y auxili\u00f3 a un<strong> ciudadano que result\u00f3 lesionado<\/strong>. En tanto que el uniformado tambi\u00e9n ten\u00eda una&nbsp;<strong>herida de bala en la mano.<\/strong><\/p>\n\n\n\n<p>Param\u00e9dicos que acudieron al sitio diagnosticaron al&nbsp;<strong>hombre de 35 a\u00f1os de edad<\/strong>&nbsp;con heridas en el t\u00f3rax, por lo que fue llevado a un hospital para su atenci\u00f3n m\u00e9dica definitiva. Mientras que el polic\u00eda que present\u00f3 una<strong>&nbsp;herida en el antebrazo derecho y en el dedo anular<\/strong>, tambi\u00e9n fue llevado a un nosocomio.<\/p>\n\n\n\n<figure class=\"wp-block-gallery has-nested-images columns-default is-cropped wp-block-gallery-1 is-layout-flex wp-block-gallery-is-layout-flex\">\n<figure class=\"wp-block-image size-large\"><img loading=\"lazy\" decoding=\"async\" width=\"694\" height=\"1024\" data-id=\"118792\" src=\"https:\/\/quehacerpolitico.mx\/wp-content\/uploads\/2025\/09\/IMG_3234.jpeg\" alt=\"\" class=\"wp-image-118792\" srcset=\"https:\/\/quehacerpolitico.mx\/wp-content\/uploads\/2025\/09\/IMG_3234.jpeg 694w, https:\/\/quehacerpolitico.mx\/wp-content\/uploads\/2025\/09\/IMG_3234-203x300.jpeg 203w\" sizes=\"auto, (max-width: 694px) 100vw, 694px\" \/><\/figure>\n\n\n\n<figure class=\"wp-block-image size-large\"><img loading=\"lazy\" decoding=\"async\" width=\"808\" height=\"1024\" data-id=\"118793\" src=\"https:\/\/quehacerpolitico.mx\/wp-content\/uploads\/2025\/09\/IMG_3233.jpeg\" alt=\"\" class=\"wp-image-118793\" srcset=\"https:\/\/quehacerpolitico.mx\/wp-content\/uploads\/2025\/09\/IMG_3233.jpeg 808w, https:\/\/quehacerpolitico.mx\/wp-content\/uploads\/2025\/09\/IMG_3233-237x300.jpeg 237w, https:\/\/quehacerpolitico.mx\/wp-content\/uploads\/2025\/09\/IMG_3233-768x973.jpeg 768w\" sizes=\"auto, (max-width: 808px) 100vw, 808px\" \/><\/figure>\n<\/figure>\n\n\n\n<h2 class=\"wp-block-heading\"><strong>Detienen a hombre en Iztapalapa por disparar al aire<\/strong><\/h2>\n\n\n\n<p>Tras una breve&nbsp;<strong>persecuci\u00f3n<\/strong>, los oficiales que llegaron al apoyo detuvieron al probable responsable que ingres\u00f3 a un predio sin autorizaci\u00f3n y cuyos habitantes permitieron el acceso.<\/p>\n\n\n\n<p>Despu\u00e9s de realizarle una revisi\u00f3n de seguridad, en apego al protocolo de actuaci\u00f3n policial, le&nbsp;<strong>aseguraron un arma de fuego corta.<\/strong><\/p>\n\n\n\n<p>Por lo anterior, el&nbsp;<strong>detenido&nbsp;<\/strong>fue informado de sus derechos de ley y presentado ante el agente del Ministerio P\u00fablico correspondiente quien determinar\u00e1 su situaci\u00f3n jur\u00eddica.<\/p>\n\n\n\n<h3 class=\"wp-block-heading\"><strong>Riesgos de disparar al aire<\/strong><\/h3>\n\n\n\n<p>Disparar al aire&nbsp;<strong>es extremadamente peligroso y est\u00e1 prohibido en muchos lugares<\/strong>. Aunque algunas personas lo hacen como &#8220;celebraci\u00f3n&#8221;, los riesgos son reales y graves. Los principales:<\/p>\n\n\n\n<p><strong>Riesgo de muerte o lesiones<\/strong><\/p>\n\n\n\n<ul class=\"wp-block-list\">\n<li>La bala sube, pero tambi\u00e9n baja.<\/li>\n\n\n\n<li>Una bala disparada al aire puede alcanzar alturas de m\u00e1s de 1 km, pero al caer, sigue siendo letal.<\/li>\n\n\n\n<li>Al descender, puede alcanzar velocidades de entre 150 y 300 km\/h, suficiente para matar o herir gravemente a una persona.<\/li>\n<\/ul>\n\n\n\n<p><strong>Lesiones a personas inocentes<\/strong><\/p>\n\n\n\n<ul class=\"wp-block-list\">\n<li>Las balas perdidas han provocado muertes de ni\u00f1os, mujeres, transe\u00fantes y personas dentro de sus casas.<\/li>\n\n\n\n<li>Muchas veces, las v\u00edctimas ni siquiera est\u00e1n cerca del lugar donde se hizo el disparo.<\/li>\n<\/ul>\n\n\n\n<p>Consecuencias legales<\/p>\n\n\n\n<p>Disparar un arma de fuego en v\u00eda p\u00fablica o sin justificaci\u00f3n est\u00e1 penado por la ley en muchos pa\u00edses.<\/p>\n\n\n\n<p>Puede implicar cargos por:<\/p>\n\n\n\n<ul class=\"wp-block-list\">\n<li>Portaci\u00f3n ilegal de arma<\/li>\n\n\n\n<li>Poner en peligro a la sociedad<\/li>\n\n\n\n<li>Lesiones o incluso homicidio culposo, si alguien muere como resultado del disparo.<\/li>\n<\/ul>\n\n\n\n<p><strong>Da\u00f1os a la propiedad<\/strong><\/p>\n\n\n\n<ul class=\"wp-block-list\">\n<li>Las balas pueden perforar techos, veh\u00edculos, ventanas y otros objetos, provocando da\u00f1os materiales y generando m\u00e1s peligros indirectos.<\/li>\n<\/ul>\n","protected":false},"excerpt":{"rendered":"<p>Por Redacci\u00f3n QP En calles de la alcald\u00eda Iztapalapa, CDMX, se dio el reporte de&#8230;<\/p>\n","protected":false},"author":2,"featured_media":118794,"comment_status":"open","ping_status":"open","sticky":false,"template":"","format":"standard","meta":{"_monsterinsights_skip_tracking":false,"_monsterinsights_sitenote_active":false,"_monsterinsights_sitenote_note":"","_monsterinsights_sitenote_category":0,"footnotes":""},"categories":[55],"tags":[],"class_list":["post-118791","post","type-post","status-publish","format-standard","has-post-thumbnail","hentry","category-cdmx"],"yoast_head":"<!-- This site is optimized with the Yoast SEO plugin v27.3 - https:\/\/yoast.com\/product\/yoast-seo-wordpress\/ -->\n<title>Loco dispara al aire en la peligrosa alcald\u00eda Iztapalapa hiriendo a dos personas -<\/title>\n<meta name=\"robots\" content=\"index, follow, max-snippet:-1, max-image-preview:large, max-video-preview:-1\" \/>\n<link rel=\"canonical\" href=\"https:\/\/quehacerpolitico.mx\/?p=118791\" \/>\n<meta property=\"og:locale\" content=\"es_MX\" \/>\n<meta property=\"og:type\" content=\"article\" \/>\n<meta property=\"og:title\" content=\"Loco dispara al aire en la peligrosa alcald\u00eda Iztapalapa hiriendo a dos personas -\" \/>\n<meta property=\"og:description\" content=\"Por Redacci\u00f3n QP En calles de la alcald\u00eda Iztapalapa, CDMX, se dio el reporte de...\" \/>\n<meta property=\"og:url\" content=\"https:\/\/quehacerpolitico.mx\/?p=118791\" \/>\n<meta property=\"article:published_time\" content=\"2025-09-03T02:46:34+00:00\" \/>\n<meta property=\"article:modified_time\" content=\"2025-09-03T02:46:36+00:00\" \/>\n<meta property=\"og:image\" content=\"https:\/\/quehacerpolitico.mx\/wp-content\/uploads\/2025\/09\/IMG_3235.webp\" \/>\n\t<meta property=\"og:image:width\" content=\"380\" \/>\n\t<meta property=\"og:image:height\" content=\"308\" \/>\n\t<meta property=\"og:image:type\" content=\"image\/webp\" \/>\n<meta name=\"author\" content=\"Redacci\u00f3n QP\" \/>\n<meta name=\"twitter:card\" content=\"summary_large_image\" \/>\n<meta name=\"twitter:label1\" content=\"Escrito por\" \/>\n\t<meta name=\"twitter:data1\" content=\"Redacci\u00f3n QP\" \/>\n\t<meta name=\"twitter:label2\" content=\"Tiempo de lectura\" \/>\n\t<meta name=\"twitter:data2\" content=\"3 minutos\" \/>\n<script type=\"application\/ld+json\" class=\"yoast-schema-graph\">{\"@context\":\"https:\\\/\\\/schema.org\",\"@graph\":[{\"@type\":\"Article\",\"@id\":\"https:\\\/\\\/quehacerpolitico.mx\\\/?p=118791#article\",\"isPartOf\":{\"@id\":\"https:\\\/\\\/quehacerpolitico.mx\\\/?p=118791\"},\"author\":{\"name\":\"Redacci\u00f3n QP\",\"@id\":\"https:\\\/\\\/quehacerpolitico.mx\\\/#\\\/schema\\\/person\\\/496d8ad2d1d3f8036101dca7ee39e585\"},\"headline\":\"Loco dispara al aire en la peligrosa alcald\u00eda Iztapalapa hiriendo a dos personas\",\"datePublished\":\"2025-09-03T02:46:34+00:00\",\"dateModified\":\"2025-09-03T02:46:36+00:00\",\"mainEntityOfPage\":{\"@id\":\"https:\\\/\\\/quehacerpolitico.mx\\\/?p=118791\"},\"wordCount\":560,\"commentCount\":0,\"image\":{\"@id\":\"https:\\\/\\\/quehacerpolitico.mx\\\/?p=118791#primaryimage\"},\"thumbnailUrl\":\"https:\\\/\\\/quehacerpolitico.mx\\\/wp-content\\\/uploads\\\/2025\\\/09\\\/IMG_3235.webp\",\"articleSection\":[\"CDMX\"],\"inLanguage\":\"es\",\"potentialAction\":[{\"@type\":\"CommentAction\",\"name\":\"Comment\",\"target\":[\"https:\\\/\\\/quehacerpolitico.mx\\\/?p=118791#respond\"]}]},{\"@type\":\"WebPage\",\"@id\":\"https:\\\/\\\/quehacerpolitico.mx\\\/?p=118791\",\"url\":\"https:\\\/\\\/quehacerpolitico.mx\\\/?p=118791\",\"name\":\"Loco dispara al aire en la peligrosa alcald\u00eda Iztapalapa hiriendo a dos personas -\",\"isPartOf\":{\"@id\":\"https:\\\/\\\/quehacerpolitico.mx\\\/#website\"},\"primaryImageOfPage\":{\"@id\":\"https:\\\/\\\/quehacerpolitico.mx\\\/?p=118791#primaryimage\"},\"image\":{\"@id\":\"https:\\\/\\\/quehacerpolitico.mx\\\/?p=118791#primaryimage\"},\"thumbnailUrl\":\"https:\\\/\\\/quehacerpolitico.mx\\\/wp-content\\\/uploads\\\/2025\\\/09\\\/IMG_3235.webp\",\"datePublished\":\"2025-09-03T02:46:34+00:00\",\"dateModified\":\"2025-09-03T02:46:36+00:00\",\"author\":{\"@id\":\"https:\\\/\\\/quehacerpolitico.mx\\\/#\\\/schema\\\/person\\\/496d8ad2d1d3f8036101dca7ee39e585\"},\"breadcrumb\":{\"@id\":\"https:\\\/\\\/quehacerpolitico.mx\\\/?p=118791#breadcrumb\"},\"inLanguage\":\"es\",\"potentialAction\":[{\"@type\":\"ReadAction\",\"target\":[\"https:\\\/\\\/quehacerpolitico.mx\\\/?p=118791\"]}]},{\"@type\":\"ImageObject\",\"inLanguage\":\"es\",\"@id\":\"https:\\\/\\\/quehacerpolitico.mx\\\/?p=118791#primaryimage\",\"url\":\"https:\\\/\\\/quehacerpolitico.mx\\\/wp-content\\\/uploads\\\/2025\\\/09\\\/IMG_3235.webp\",\"contentUrl\":\"https:\\\/\\\/quehacerpolitico.mx\\\/wp-content\\\/uploads\\\/2025\\\/09\\\/IMG_3235.webp\",\"width\":380,\"height\":308},{\"@type\":\"BreadcrumbList\",\"@id\":\"https:\\\/\\\/quehacerpolitico.mx\\\/?p=118791#breadcrumb\",\"itemListElement\":[{\"@type\":\"ListItem\",\"position\":1,\"name\":\"Inicio\",\"item\":\"https:\\\/\\\/quehacerpolitico.mx\\\/\"},{\"@type\":\"ListItem\",\"position\":2,\"name\":\"Loco dispara al aire en la peligrosa alcald\u00eda Iztapalapa hiriendo a dos personas\"}]},{\"@type\":\"WebSite\",\"@id\":\"https:\\\/\\\/quehacerpolitico.mx\\\/#website\",\"url\":\"https:\\\/\\\/quehacerpolitico.mx\\\/\",\"name\":\"\",\"description\":\"\",\"potentialAction\":[{\"@type\":\"SearchAction\",\"target\":{\"@type\":\"EntryPoint\",\"urlTemplate\":\"https:\\\/\\\/quehacerpolitico.mx\\\/?s={search_term_string}\"},\"query-input\":{\"@type\":\"PropertyValueSpecification\",\"valueRequired\":true,\"valueName\":\"search_term_string\"}}],\"inLanguage\":\"es\"},{\"@type\":\"Person\",\"@id\":\"https:\\\/\\\/quehacerpolitico.mx\\\/#\\\/schema\\\/person\\\/496d8ad2d1d3f8036101dca7ee39e585\",\"name\":\"Redacci\u00f3n QP\",\"image\":{\"@type\":\"ImageObject\",\"inLanguage\":\"es\",\"@id\":\"https:\\\/\\\/secure.gravatar.com\\\/avatar\\\/c7164ed6fdec453195284ad24a5ae5b6e1eed2b848477fa2a4787ba9adf39a41?s=96&d=mm&r=g\",\"url\":\"https:\\\/\\\/secure.gravatar.com\\\/avatar\\\/c7164ed6fdec453195284ad24a5ae5b6e1eed2b848477fa2a4787ba9adf39a41?s=96&d=mm&r=g\",\"contentUrl\":\"https:\\\/\\\/secure.gravatar.com\\\/avatar\\\/c7164ed6fdec453195284ad24a5ae5b6e1eed2b848477fa2a4787ba9adf39a41?s=96&d=mm&r=g\",\"caption\":\"Redacci\u00f3n QP\"},\"url\":\"https:\\\/\\\/quehacerpolitico.mx\\\/?author=2\"}]}<\/script>\n<!-- \/ Yoast SEO plugin. -->","yoast_head_json":{"title":"Loco dispara al aire en la peligrosa alcald\u00eda Iztapalapa hiriendo a dos personas -","robots":{"index":"index","follow":"follow","max-snippet":"max-snippet:-1","max-image-preview":"max-image-preview:large","max-video-preview":"max-video-preview:-1"},"canonical":"https:\/\/quehacerpolitico.mx\/?p=118791","og_locale":"es_MX","og_type":"article","og_title":"Loco dispara al aire en la peligrosa alcald\u00eda Iztapalapa hiriendo a dos personas -","og_description":"Por Redacci\u00f3n QP En calles de la alcald\u00eda Iztapalapa, CDMX, se dio el reporte de...","og_url":"https:\/\/quehacerpolitico.mx\/?p=118791","article_published_time":"2025-09-03T02:46:34+00:00","article_modified_time":"2025-09-03T02:46:36+00:00","og_image":[{"width":380,"height":308,"url":"https:\/\/quehacerpolitico.mx\/wp-content\/uploads\/2025\/09\/IMG_3235.webp","type":"image\/webp"}],"author":"Redacci\u00f3n QP","twitter_card":"summary_large_image","twitter_misc":{"Escrito por":"Redacci\u00f3n QP","Tiempo de lectura":"3 minutos"},"schema":{"@context":"https:\/\/schema.org","@graph":[{"@type":"Article","@id":"https:\/\/quehacerpolitico.mx\/?p=118791#article","isPartOf":{"@id":"https:\/\/quehacerpolitico.mx\/?p=118791"},"author":{"name":"Redacci\u00f3n QP","@id":"https:\/\/quehacerpolitico.mx\/#\/schema\/person\/496d8ad2d1d3f8036101dca7ee39e585"},"headline":"Loco dispara al aire en la peligrosa alcald\u00eda Iztapalapa hiriendo a dos personas","datePublished":"2025-09-03T02:46:34+00:00","dateModified":"2025-09-03T02:46:36+00:00","mainEntityOfPage":{"@id":"https:\/\/quehacerpolitico.mx\/?p=118791"},"wordCount":560,"commentCount":0,"image":{"@id":"https:\/\/quehacerpolitico.mx\/?p=118791#primaryimage"},"thumbnailUrl":"https:\/\/quehacerpolitico.mx\/wp-content\/uploads\/2025\/09\/IMG_3235.webp","articleSection":["CDMX"],"inLanguage":"es","potentialAction":[{"@type":"CommentAction","name":"Comment","target":["https:\/\/quehacerpolitico.mx\/?p=118791#respond"]}]},{"@type":"WebPage","@id":"https:\/\/quehacerpolitico.mx\/?p=118791","url":"https:\/\/quehacerpolitico.mx\/?p=118791","name":"Loco dispara al aire en la peligrosa alcald\u00eda Iztapalapa hiriendo a dos personas -","isPartOf":{"@id":"https:\/\/quehacerpolitico.mx\/#website"},"primaryImageOfPage":{"@id":"https:\/\/quehacerpolitico.mx\/?p=118791#primaryimage"},"image":{"@id":"https:\/\/quehacerpolitico.mx\/?p=118791#primaryimage"},"thumbnailUrl":"https:\/\/quehacerpolitico.mx\/wp-content\/uploads\/2025\/09\/IMG_3235.webp","datePublished":"2025-09-03T02:46:34+00:00","dateModified":"2025-09-03T02:46:36+00:00","author":{"@id":"https:\/\/quehacerpolitico.mx\/#\/schema\/person\/496d8ad2d1d3f8036101dca7ee39e585"},"breadcrumb":{"@id":"https:\/\/quehacerpolitico.mx\/?p=118791#breadcrumb"},"inLanguage":"es","potentialAction":[{"@type":"ReadAction","target":["https:\/\/quehacerpolitico.mx\/?p=118791"]}]},{"@type":"ImageObject","inLanguage":"es","@id":"https:\/\/quehacerpolitico.mx\/?p=118791#primaryimage","url":"https:\/\/quehacerpolitico.mx\/wp-content\/uploads\/2025\/09\/IMG_3235.webp","contentUrl":"https:\/\/quehacerpolitico.mx\/wp-content\/uploads\/2025\/09\/IMG_3235.webp","width":380,"height":308},{"@type":"BreadcrumbList","@id":"https:\/\/quehacerpolitico.mx\/?p=118791#breadcrumb","itemListElement":[{"@type":"ListItem","position":1,"name":"Inicio","item":"https:\/\/quehacerpolitico.mx\/"},{"@type":"ListItem","position":2,"name":"Loco dispara al aire en la peligrosa alcald\u00eda Iztapalapa hiriendo a dos personas"}]},{"@type":"WebSite","@id":"https:\/\/quehacerpolitico.mx\/#website","url":"https:\/\/quehacerpolitico.mx\/","name":"","description":"","potentialAction":[{"@type":"SearchAction","target":{"@type":"EntryPoint","urlTemplate":"https:\/\/quehacerpolitico.mx\/?s={search_term_string}"},"query-input":{"@type":"PropertyValueSpecification","valueRequired":true,"valueName":"search_term_string"}}],"inLanguage":"es"},{"@type":"Person","@id":"https:\/\/quehacerpolitico.mx\/#\/schema\/person\/496d8ad2d1d3f8036101dca7ee39e585","name":"Redacci\u00f3n QP","image":{"@type":"ImageObject","inLanguage":"es","@id":"https:\/\/secure.gravatar.com\/avatar\/c7164ed6fdec453195284ad24a5ae5b6e1eed2b848477fa2a4787ba9adf39a41?s=96&d=mm&r=g","url":"https:\/\/secure.gravatar.com\/avatar\/c7164ed6fdec453195284ad24a5ae5b6e1eed2b848477fa2a4787ba9adf39a41?s=96&d=mm&r=g","contentUrl":"https:\/\/secure.gravatar.com\/avatar\/c7164ed6fdec453195284ad24a5ae5b6e1eed2b848477fa2a4787ba9adf39a41?s=96&d=mm&r=g","caption":"Redacci\u00f3n QP"},"url":"https:\/\/quehacerpolitico.mx\/?author=2"}]}},"featured_image_urls":{"full":["https:\/\/quehacerpolitico.mx\/wp-content\/uploads\/2025\/09\/IMG_3235.webp",380,308,false],"thumbnail":["https:\/\/quehacerpolitico.mx\/wp-content\/uploads\/2025\/09\/IMG_3235-150x150.webp",150,150,true],"medium":["https:\/\/quehacerpolitico.mx\/wp-content\/uploads\/2025\/09\/IMG_3235-300x243.webp",300,243,true],"medium_large":["https:\/\/quehacerpolitico.mx\/wp-content\/uploads\/2025\/09\/IMG_3235.webp",380,308,false],"large":["https:\/\/quehacerpolitico.mx\/wp-content\/uploads\/2025\/09\/IMG_3235.webp",380,308,false],"1536x1536":["https:\/\/quehacerpolitico.mx\/wp-content\/uploads\/2025\/09\/IMG_3235.webp",380,308,false],"2048x2048":["https:\/\/quehacerpolitico.mx\/wp-content\/uploads\/2025\/09\/IMG_3235.webp",380,308,false],"covernews-featured":["https:\/\/quehacerpolitico.mx\/wp-content\/uploads\/2025\/09\/IMG_3235.webp",380,308,false],"covernews-medium":["https:\/\/quehacerpolitico.mx\/wp-content\/uploads\/2025\/09\/IMG_3235.webp",380,308,false]},"author_info":{"display_name":"Redacci\u00f3n QP","author_link":"https:\/\/quehacerpolitico.mx\/?author=2"},"category_info":"<a href=\"https:\/\/quehacerpolitico.mx\/?cat=55\" rel=\"category\">CDMX<\/a>","tag_info":"CDMX","comment_count":"0","_links":{"self":[{"href":"https:\/\/quehacerpolitico.mx\/index.php?rest_route=\/wp\/v2\/posts\/118791","targetHints":{"allow":["GET"]}}],"collection":[{"href":"https:\/\/quehacerpolitico.mx\/index.php?rest_route=\/wp\/v2\/posts"}],"about":[{"href":"https:\/\/quehacerpolitico.mx\/index.php?rest_route=\/wp\/v2\/types\/post"}],"author":[{"embeddable":true,"href":"https:\/\/quehacerpolitico.mx\/index.php?rest_route=\/wp\/v2\/users\/2"}],"replies":[{"embeddable":true,"href":"https:\/\/quehacerpolitico.mx\/index.php?rest_route=%2Fwp%2Fv2%2Fcomments&post=118791"}],"version-history":[{"count":1,"href":"https:\/\/quehacerpolitico.mx\/index.php?rest_route=\/wp\/v2\/posts\/118791\/revisions"}],"predecessor-version":[{"id":118795,"href":"https:\/\/quehacerpolitico.mx\/index.php?rest_route=\/wp\/v2\/posts\/118791\/revisions\/118795"}],"wp:featuredmedia":[{"embeddable":true,"href":"https:\/\/quehacerpolitico.mx\/index.php?rest_route=\/wp\/v2\/media\/118794"}],"wp:attachment":[{"href":"https:\/\/quehacerpolitico.mx\/index.php?rest_route=%2Fwp%2Fv2%2Fmedia&parent=118791"}],"wp:term":[{"taxonomy":"category","embeddable":true,"href":"https:\/\/quehacerpolitico.mx\/index.php?rest_route=%2Fwp%2Fv2%2Fcategories&post=118791"},{"taxonomy":"post_tag","embeddable":true,"href":"https:\/\/quehacerpolitico.mx\/index.php?rest_route=%2Fwp%2Fv2%2Ftags&post=118791"}],"curies":[{"name":"wp","href":"https:\/\/api.w.org\/{rel}","templated":true}]}}