{"id":118747,"date":"2025-08-31T19:20:50","date_gmt":"2025-09-01T01:20:50","guid":{"rendered":"https:\/\/quehacerpolitico.mx\/?p=118747"},"modified":"2025-08-31T19:20:51","modified_gmt":"2025-09-01T01:20:51","slug":"posponen-movilizacion-de-mas-de-7-mil-transportistas-planeada-para-este-lunes-en-la-cdmx","status":"publish","type":"post","link":"https:\/\/quehacerpolitico.mx\/?p=118747","title":{"rendered":"Posponen movilizaci\u00f3n de m\u00e1s de 7 mil transportistas planeada para este lunes en la CDMX"},"content":{"rendered":"\n<p>Por Redacci\u00f3n QP<\/p>\n\n\n\n<p>La Secretar\u00eda de Gobierno de la Ciudad de M\u00e9xico inform\u00f3 que tras dialogar con los representantes de la FAT se acord\u00f3 postergar los bloqueos viales<\/p>\n\n\n\n<p>Las movilizaciones masivas y&nbsp;<strong>bloqueos viales<\/strong>&nbsp;de transportistas que estaban planeadas para el lunes&nbsp;<strong>1 de septiembre<\/strong> fueron pospuestas.<\/p>\n\n\n\n<p>En un comunicado emitido por Secretar\u00eda de Gobierno de la Ciudad de M\u00e9xico, se informa que tras<strong>&nbsp;dialogar<\/strong>con los representantes de la&nbsp;<strong>Fuerza Amplia de Transportistas<\/strong>&nbsp;(FAT) se acord\u00f3 posponer estas movilizaciones.<\/p>\n\n\n\n<figure class=\"wp-block-embed is-type-rich is-provider-twitter wp-block-embed-twitter\"><div class=\"wp-block-embed__wrapper\">\n<blockquote class=\"twitter-tweet\" data-width=\"550\" data-dnt=\"true\"><p lang=\"es\" dir=\"ltr\">Tras el di\u00e1logo entre el secretario de Gobierno, <a href=\"https:\/\/twitter.com\/craviotocesar?ref_src=twsrc%5Etfw\">@craviotocesar<\/a>, autoridades de <a href=\"https:\/\/twitter.com\/Finanzas_CDMX?ref_src=twsrc%5Etfw\">@Finanzas_CDMX<\/a> y <a href=\"https:\/\/twitter.com\/LaSEMOVI?ref_src=twsrc%5Etfw\">@LaSEMOVI<\/a>, con representantes de la Fuerza Amplia de Transportistas, se informa que la mega movilizaci\u00f3n y el bloqueo de vialidades programados para el pr\u00f3ximo 1 de septiembre ser\u00e1n\u2026 <a href=\"https:\/\/t.co\/6buJmY7j0y\">pic.twitter.com\/6buJmY7j0y<\/a><\/p>&mdash; SEGOB CDMX (@SeGobCDMX) <a href=\"https:\/\/twitter.com\/SeGobCDMX\/status\/1961633903187259392?ref_src=twsrc%5Etfw\">August 30, 2025<\/a><\/blockquote><script async src=\"https:\/\/platform.twitter.com\/widgets.js\" charset=\"utf-8\"><\/script>\n<\/div><\/figure>\n\n\n\n<p>El mismo comunicado indica que se seguir\u00e1 trabajando con ellos para lograr acuerdos sin que haya necesidad de&nbsp;<strong>afectar a la ciudadan\u00eda<\/strong>.<\/p>\n\n\n\n<p>Un comunicado de la&nbsp;<strong>FAT<\/strong>&nbsp;que circula en redes confirma que tras la apertura al di\u00e1logo de las autoridades se resolvi\u00f3 posponer la movilizaci\u00f3n, la cual habr\u00eda sumado alrededor de&nbsp;<strong>7 mil 500 transportistas<\/strong>&nbsp;de la capital.<\/p>\n\n\n\n<p>Tambi\u00e9n se detalla que el acercamiento provino del secretario de Gobierno,&nbsp;<strong>C\u00e9sar Cravioto<\/strong>, quien les recibi\u00f3 personalmente.<\/p>\n\n\n\n<p>El documento puntualiza que los temas a tratar giran en torno al&nbsp;<strong>aumento de tarifa del transporte p\u00fablico<\/strong>&nbsp;y a la emisi\u00f3n de apoyos para la adquisici\u00f3n de&nbsp;<strong>combustible<\/strong>.<\/p>\n\n\n\n<p>De haberse llevado a cabo, estas manifestaciones habr\u00edan coincidido con el&nbsp;<strong>inicio del ciclo escolar<\/strong>&nbsp;2025-2026&nbsp;de educaci\u00f3n b\u00e1sica y media, as\u00ed como con el&nbsp;<strong>primer informe de gobierno<\/strong>&nbsp;de Claudia Sheinbaum.<\/p>\n","protected":false},"excerpt":{"rendered":"<p>Por Redacci\u00f3n QP La Secretar\u00eda de Gobierno de la Ciudad de M\u00e9xico inform\u00f3 que tras&#8230;<\/p>\n","protected":false},"author":2,"featured_media":118748,"comment_status":"open","ping_status":"open","sticky":false,"template":"","format":"standard","meta":{"_monsterinsights_skip_tracking":false,"_monsterinsights_sitenote_active":false,"_monsterinsights_sitenote_note":"","_monsterinsights_sitenote_category":0,"footnotes":""},"categories":[55],"tags":[],"class_list":["post-118747","post","type-post","status-publish","format-standard","has-post-thumbnail","hentry","category-cdmx"],"yoast_head":"<!-- This site is optimized with the Yoast SEO plugin v27.3 - https:\/\/yoast.com\/product\/yoast-seo-wordpress\/ -->\n<title>Posponen movilizaci\u00f3n de m\u00e1s de 7 mil transportistas planeada para este lunes en la CDMX -<\/title>\n<meta name=\"robots\" content=\"index, follow, max-snippet:-1, max-image-preview:large, max-video-preview:-1\" \/>\n<link rel=\"canonical\" href=\"https:\/\/quehacerpolitico.mx\/?p=118747\" \/>\n<meta property=\"og:locale\" content=\"es_MX\" \/>\n<meta property=\"og:type\" content=\"article\" \/>\n<meta property=\"og:title\" content=\"Posponen movilizaci\u00f3n de m\u00e1s de 7 mil transportistas planeada para este lunes en la CDMX -\" \/>\n<meta property=\"og:description\" content=\"Por Redacci\u00f3n QP La Secretar\u00eda de Gobierno de la Ciudad de M\u00e9xico inform\u00f3 que tras...\" \/>\n<meta property=\"og:url\" content=\"https:\/\/quehacerpolitico.mx\/?p=118747\" \/>\n<meta property=\"article:published_time\" content=\"2025-09-01T01:20:50+00:00\" \/>\n<meta property=\"article:modified_time\" content=\"2025-09-01T01:20:51+00:00\" \/>\n<meta property=\"og:image\" content=\"https:\/\/quehacerpolitico.mx\/wp-content\/uploads\/2025\/08\/IMG_3160.jpeg\" \/>\n\t<meta property=\"og:image:width\" content=\"680\" \/>\n\t<meta property=\"og:image:height\" content=\"451\" \/>\n\t<meta property=\"og:image:type\" content=\"image\/jpeg\" \/>\n<meta name=\"author\" content=\"Redacci\u00f3n QP\" \/>\n<meta name=\"twitter:card\" content=\"summary_large_image\" \/>\n<meta name=\"twitter:label1\" content=\"Escrito por\" \/>\n\t<meta name=\"twitter:data1\" content=\"Redacci\u00f3n QP\" \/>\n\t<meta name=\"twitter:label2\" content=\"Tiempo de lectura\" \/>\n\t<meta name=\"twitter:data2\" content=\"1 minuto\" \/>\n<script type=\"application\/ld+json\" class=\"yoast-schema-graph\">{\"@context\":\"https:\\\/\\\/schema.org\",\"@graph\":[{\"@type\":\"Article\",\"@id\":\"https:\\\/\\\/quehacerpolitico.mx\\\/?p=118747#article\",\"isPartOf\":{\"@id\":\"https:\\\/\\\/quehacerpolitico.mx\\\/?p=118747\"},\"author\":{\"name\":\"Redacci\u00f3n QP\",\"@id\":\"https:\\\/\\\/quehacerpolitico.mx\\\/#\\\/schema\\\/person\\\/496d8ad2d1d3f8036101dca7ee39e585\"},\"headline\":\"Posponen movilizaci\u00f3n de m\u00e1s de 7 mil transportistas planeada para este lunes en la CDMX\",\"datePublished\":\"2025-09-01T01:20:50+00:00\",\"dateModified\":\"2025-09-01T01:20:51+00:00\",\"mainEntityOfPage\":{\"@id\":\"https:\\\/\\\/quehacerpolitico.mx\\\/?p=118747\"},\"wordCount\":272,\"commentCount\":0,\"image\":{\"@id\":\"https:\\\/\\\/quehacerpolitico.mx\\\/?p=118747#primaryimage\"},\"thumbnailUrl\":\"https:\\\/\\\/quehacerpolitico.mx\\\/wp-content\\\/uploads\\\/2025\\\/08\\\/IMG_3160.jpeg\",\"articleSection\":[\"CDMX\"],\"inLanguage\":\"es\",\"potentialAction\":[{\"@type\":\"CommentAction\",\"name\":\"Comment\",\"target\":[\"https:\\\/\\\/quehacerpolitico.mx\\\/?p=118747#respond\"]}]},{\"@type\":\"WebPage\",\"@id\":\"https:\\\/\\\/quehacerpolitico.mx\\\/?p=118747\",\"url\":\"https:\\\/\\\/quehacerpolitico.mx\\\/?p=118747\",\"name\":\"Posponen movilizaci\u00f3n de m\u00e1s de 7 mil transportistas planeada para este lunes en la CDMX -\",\"isPartOf\":{\"@id\":\"https:\\\/\\\/quehacerpolitico.mx\\\/#website\"},\"primaryImageOfPage\":{\"@id\":\"https:\\\/\\\/quehacerpolitico.mx\\\/?p=118747#primaryimage\"},\"image\":{\"@id\":\"https:\\\/\\\/quehacerpolitico.mx\\\/?p=118747#primaryimage\"},\"thumbnailUrl\":\"https:\\\/\\\/quehacerpolitico.mx\\\/wp-content\\\/uploads\\\/2025\\\/08\\\/IMG_3160.jpeg\",\"datePublished\":\"2025-09-01T01:20:50+00:00\",\"dateModified\":\"2025-09-01T01:20:51+00:00\",\"author\":{\"@id\":\"https:\\\/\\\/quehacerpolitico.mx\\\/#\\\/schema\\\/person\\\/496d8ad2d1d3f8036101dca7ee39e585\"},\"breadcrumb\":{\"@id\":\"https:\\\/\\\/quehacerpolitico.mx\\\/?p=118747#breadcrumb\"},\"inLanguage\":\"es\",\"potentialAction\":[{\"@type\":\"ReadAction\",\"target\":[\"https:\\\/\\\/quehacerpolitico.mx\\\/?p=118747\"]}]},{\"@type\":\"ImageObject\",\"inLanguage\":\"es\",\"@id\":\"https:\\\/\\\/quehacerpolitico.mx\\\/?p=118747#primaryimage\",\"url\":\"https:\\\/\\\/quehacerpolitico.mx\\\/wp-content\\\/uploads\\\/2025\\\/08\\\/IMG_3160.jpeg\",\"contentUrl\":\"https:\\\/\\\/quehacerpolitico.mx\\\/wp-content\\\/uploads\\\/2025\\\/08\\\/IMG_3160.jpeg\",\"width\":680,\"height\":451},{\"@type\":\"BreadcrumbList\",\"@id\":\"https:\\\/\\\/quehacerpolitico.mx\\\/?p=118747#breadcrumb\",\"itemListElement\":[{\"@type\":\"ListItem\",\"position\":1,\"name\":\"Inicio\",\"item\":\"https:\\\/\\\/quehacerpolitico.mx\\\/\"},{\"@type\":\"ListItem\",\"position\":2,\"name\":\"Posponen movilizaci\u00f3n de m\u00e1s de 7 mil transportistas planeada para este lunes en la CDMX\"}]},{\"@type\":\"WebSite\",\"@id\":\"https:\\\/\\\/quehacerpolitico.mx\\\/#website\",\"url\":\"https:\\\/\\\/quehacerpolitico.mx\\\/\",\"name\":\"\",\"description\":\"\",\"potentialAction\":[{\"@type\":\"SearchAction\",\"target\":{\"@type\":\"EntryPoint\",\"urlTemplate\":\"https:\\\/\\\/quehacerpolitico.mx\\\/?s={search_term_string}\"},\"query-input\":{\"@type\":\"PropertyValueSpecification\",\"valueRequired\":true,\"valueName\":\"search_term_string\"}}],\"inLanguage\":\"es\"},{\"@type\":\"Person\",\"@id\":\"https:\\\/\\\/quehacerpolitico.mx\\\/#\\\/schema\\\/person\\\/496d8ad2d1d3f8036101dca7ee39e585\",\"name\":\"Redacci\u00f3n QP\",\"image\":{\"@type\":\"ImageObject\",\"inLanguage\":\"es\",\"@id\":\"https:\\\/\\\/secure.gravatar.com\\\/avatar\\\/c7164ed6fdec453195284ad24a5ae5b6e1eed2b848477fa2a4787ba9adf39a41?s=96&d=mm&r=g\",\"url\":\"https:\\\/\\\/secure.gravatar.com\\\/avatar\\\/c7164ed6fdec453195284ad24a5ae5b6e1eed2b848477fa2a4787ba9adf39a41?s=96&d=mm&r=g\",\"contentUrl\":\"https:\\\/\\\/secure.gravatar.com\\\/avatar\\\/c7164ed6fdec453195284ad24a5ae5b6e1eed2b848477fa2a4787ba9adf39a41?s=96&d=mm&r=g\",\"caption\":\"Redacci\u00f3n QP\"},\"url\":\"https:\\\/\\\/quehacerpolitico.mx\\\/?author=2\"}]}<\/script>\n<!-- \/ Yoast SEO plugin. -->","yoast_head_json":{"title":"Posponen movilizaci\u00f3n de m\u00e1s de 7 mil transportistas planeada para este lunes en la CDMX -","robots":{"index":"index","follow":"follow","max-snippet":"max-snippet:-1","max-image-preview":"max-image-preview:large","max-video-preview":"max-video-preview:-1"},"canonical":"https:\/\/quehacerpolitico.mx\/?p=118747","og_locale":"es_MX","og_type":"article","og_title":"Posponen movilizaci\u00f3n de m\u00e1s de 7 mil transportistas planeada para este lunes en la CDMX -","og_description":"Por Redacci\u00f3n QP La Secretar\u00eda de Gobierno de la Ciudad de M\u00e9xico inform\u00f3 que tras...","og_url":"https:\/\/quehacerpolitico.mx\/?p=118747","article_published_time":"2025-09-01T01:20:50+00:00","article_modified_time":"2025-09-01T01:20:51+00:00","og_image":[{"width":680,"height":451,"url":"https:\/\/quehacerpolitico.mx\/wp-content\/uploads\/2025\/08\/IMG_3160.jpeg","type":"image\/jpeg"}],"author":"Redacci\u00f3n QP","twitter_card":"summary_large_image","twitter_misc":{"Escrito por":"Redacci\u00f3n QP","Tiempo de lectura":"1 minuto"},"schema":{"@context":"https:\/\/schema.org","@graph":[{"@type":"Article","@id":"https:\/\/quehacerpolitico.mx\/?p=118747#article","isPartOf":{"@id":"https:\/\/quehacerpolitico.mx\/?p=118747"},"author":{"name":"Redacci\u00f3n QP","@id":"https:\/\/quehacerpolitico.mx\/#\/schema\/person\/496d8ad2d1d3f8036101dca7ee39e585"},"headline":"Posponen movilizaci\u00f3n de m\u00e1s de 7 mil transportistas planeada para este lunes en la CDMX","datePublished":"2025-09-01T01:20:50+00:00","dateModified":"2025-09-01T01:20:51+00:00","mainEntityOfPage":{"@id":"https:\/\/quehacerpolitico.mx\/?p=118747"},"wordCount":272,"commentCount":0,"image":{"@id":"https:\/\/quehacerpolitico.mx\/?p=118747#primaryimage"},"thumbnailUrl":"https:\/\/quehacerpolitico.mx\/wp-content\/uploads\/2025\/08\/IMG_3160.jpeg","articleSection":["CDMX"],"inLanguage":"es","potentialAction":[{"@type":"CommentAction","name":"Comment","target":["https:\/\/quehacerpolitico.mx\/?p=118747#respond"]}]},{"@type":"WebPage","@id":"https:\/\/quehacerpolitico.mx\/?p=118747","url":"https:\/\/quehacerpolitico.mx\/?p=118747","name":"Posponen movilizaci\u00f3n de m\u00e1s de 7 mil transportistas planeada para este lunes en la CDMX -","isPartOf":{"@id":"https:\/\/quehacerpolitico.mx\/#website"},"primaryImageOfPage":{"@id":"https:\/\/quehacerpolitico.mx\/?p=118747#primaryimage"},"image":{"@id":"https:\/\/quehacerpolitico.mx\/?p=118747#primaryimage"},"thumbnailUrl":"https:\/\/quehacerpolitico.mx\/wp-content\/uploads\/2025\/08\/IMG_3160.jpeg","datePublished":"2025-09-01T01:20:50+00:00","dateModified":"2025-09-01T01:20:51+00:00","author":{"@id":"https:\/\/quehacerpolitico.mx\/#\/schema\/person\/496d8ad2d1d3f8036101dca7ee39e585"},"breadcrumb":{"@id":"https:\/\/quehacerpolitico.mx\/?p=118747#breadcrumb"},"inLanguage":"es","potentialAction":[{"@type":"ReadAction","target":["https:\/\/quehacerpolitico.mx\/?p=118747"]}]},{"@type":"ImageObject","inLanguage":"es","@id":"https:\/\/quehacerpolitico.mx\/?p=118747#primaryimage","url":"https:\/\/quehacerpolitico.mx\/wp-content\/uploads\/2025\/08\/IMG_3160.jpeg","contentUrl":"https:\/\/quehacerpolitico.mx\/wp-content\/uploads\/2025\/08\/IMG_3160.jpeg","width":680,"height":451},{"@type":"BreadcrumbList","@id":"https:\/\/quehacerpolitico.mx\/?p=118747#breadcrumb","itemListElement":[{"@type":"ListItem","position":1,"name":"Inicio","item":"https:\/\/quehacerpolitico.mx\/"},{"@type":"ListItem","position":2,"name":"Posponen movilizaci\u00f3n de m\u00e1s de 7 mil transportistas planeada para este lunes en la CDMX"}]},{"@type":"WebSite","@id":"https:\/\/quehacerpolitico.mx\/#website","url":"https:\/\/quehacerpolitico.mx\/","name":"","description":"","potentialAction":[{"@type":"SearchAction","target":{"@type":"EntryPoint","urlTemplate":"https:\/\/quehacerpolitico.mx\/?s={search_term_string}"},"query-input":{"@type":"PropertyValueSpecification","valueRequired":true,"valueName":"search_term_string"}}],"inLanguage":"es"},{"@type":"Person","@id":"https:\/\/quehacerpolitico.mx\/#\/schema\/person\/496d8ad2d1d3f8036101dca7ee39e585","name":"Redacci\u00f3n QP","image":{"@type":"ImageObject","inLanguage":"es","@id":"https:\/\/secure.gravatar.com\/avatar\/c7164ed6fdec453195284ad24a5ae5b6e1eed2b848477fa2a4787ba9adf39a41?s=96&d=mm&r=g","url":"https:\/\/secure.gravatar.com\/avatar\/c7164ed6fdec453195284ad24a5ae5b6e1eed2b848477fa2a4787ba9adf39a41?s=96&d=mm&r=g","contentUrl":"https:\/\/secure.gravatar.com\/avatar\/c7164ed6fdec453195284ad24a5ae5b6e1eed2b848477fa2a4787ba9adf39a41?s=96&d=mm&r=g","caption":"Redacci\u00f3n QP"},"url":"https:\/\/quehacerpolitico.mx\/?author=2"}]}},"featured_image_urls":{"full":["https:\/\/quehacerpolitico.mx\/wp-content\/uploads\/2025\/08\/IMG_3160.jpeg",680,451,false],"thumbnail":["https:\/\/quehacerpolitico.mx\/wp-content\/uploads\/2025\/08\/IMG_3160-150x150.jpeg",150,150,true],"medium":["https:\/\/quehacerpolitico.mx\/wp-content\/uploads\/2025\/08\/IMG_3160-300x199.jpeg",300,199,true],"medium_large":["https:\/\/quehacerpolitico.mx\/wp-content\/uploads\/2025\/08\/IMG_3160.jpeg",640,424,false],"large":["https:\/\/quehacerpolitico.mx\/wp-content\/uploads\/2025\/08\/IMG_3160.jpeg",640,424,false],"1536x1536":["https:\/\/quehacerpolitico.mx\/wp-content\/uploads\/2025\/08\/IMG_3160.jpeg",680,451,false],"2048x2048":["https:\/\/quehacerpolitico.mx\/wp-content\/uploads\/2025\/08\/IMG_3160.jpeg",680,451,false],"covernews-featured":["https:\/\/quehacerpolitico.mx\/wp-content\/uploads\/2025\/08\/IMG_3160.jpeg",680,451,false],"covernews-medium":["https:\/\/quehacerpolitico.mx\/wp-content\/uploads\/2025\/08\/IMG_3160-540x340.jpeg",540,340,true]},"author_info":{"display_name":"Redacci\u00f3n QP","author_link":"https:\/\/quehacerpolitico.mx\/?author=2"},"category_info":"<a href=\"https:\/\/quehacerpolitico.mx\/?cat=55\" rel=\"category\">CDMX<\/a>","tag_info":"CDMX","comment_count":"0","_links":{"self":[{"href":"https:\/\/quehacerpolitico.mx\/index.php?rest_route=\/wp\/v2\/posts\/118747","targetHints":{"allow":["GET"]}}],"collection":[{"href":"https:\/\/quehacerpolitico.mx\/index.php?rest_route=\/wp\/v2\/posts"}],"about":[{"href":"https:\/\/quehacerpolitico.mx\/index.php?rest_route=\/wp\/v2\/types\/post"}],"author":[{"embeddable":true,"href":"https:\/\/quehacerpolitico.mx\/index.php?rest_route=\/wp\/v2\/users\/2"}],"replies":[{"embeddable":true,"href":"https:\/\/quehacerpolitico.mx\/index.php?rest_route=%2Fwp%2Fv2%2Fcomments&post=118747"}],"version-history":[{"count":1,"href":"https:\/\/quehacerpolitico.mx\/index.php?rest_route=\/wp\/v2\/posts\/118747\/revisions"}],"predecessor-version":[{"id":118749,"href":"https:\/\/quehacerpolitico.mx\/index.php?rest_route=\/wp\/v2\/posts\/118747\/revisions\/118749"}],"wp:featuredmedia":[{"embeddable":true,"href":"https:\/\/quehacerpolitico.mx\/index.php?rest_route=\/wp\/v2\/media\/118748"}],"wp:attachment":[{"href":"https:\/\/quehacerpolitico.mx\/index.php?rest_route=%2Fwp%2Fv2%2Fmedia&parent=118747"}],"wp:term":[{"taxonomy":"category","embeddable":true,"href":"https:\/\/quehacerpolitico.mx\/index.php?rest_route=%2Fwp%2Fv2%2Fcategories&post=118747"},{"taxonomy":"post_tag","embeddable":true,"href":"https:\/\/quehacerpolitico.mx\/index.php?rest_route=%2Fwp%2Fv2%2Ftags&post=118747"}],"curies":[{"name":"wp","href":"https:\/\/api.w.org\/{rel}","templated":true}]}}