{"id":118731,"date":"2025-08-30T19:00:46","date_gmt":"2025-08-31T01:00:46","guid":{"rendered":"https:\/\/quehacerpolitico.mx\/?p=118731"},"modified":"2025-08-30T19:00:47","modified_gmt":"2025-08-31T01:00:47","slug":"el-quehacer-politico-internacional-a-traves-de-la-opinion-carolina-alonso-romei-cometio-el-flagrante-quiebre-del-orden-constitucional-peru-responde-a-sheinbaum-que-expresidente-castillo-no-es","status":"publish","type":"post","link":"https:\/\/quehacerpolitico.mx\/?p=118731","title":{"rendered":"El Quehacer Pol\u00edtico Internacional a trav\u00e9s de la opini\u00f3n\/\/\/Carolina Alonso Romei\/\/\/&#8221;Cometi\u00f3 el flagrante quiebre del orden constitucional&#8221;: Per\u00fa responde a Sheinbaum que expresidente Castillo no es un perseguido pol\u00edtico"},"content":{"rendered":"\n<p>Por Carolina Alonso Romei<\/p>\n\n\n\n<p>Internacionalista<\/p>\n\n\n\n<p>El mensaje a la presidenta viene luego de que ella manifestara en redes sociales su solidaridad &#8220;en nombre de M\u00e9xico&#8221; al exmandatario, al que se\u00f1al\u00f3 de perseguido y discriminado<\/p>\n\n\n\n<p>La canciller\u00eda de Per\u00fa aclar\u00f3 este s\u00e1bado a la presidenta de M\u00e9xico, Claudia Sheinbaum, que el&nbsp;<strong>expresidente Pedro Castillo<\/strong>, procesado por el fallido intento de&nbsp;<strong>golpe de Estado<\/strong>&nbsp;de 2022, &#8220;no es un perseguido pol\u00edtico&#8221;, al expresar el &#8220;rechazo absoluto&#8221; a sus recientes declaraciones que violan, remarc\u00f3, los principios de la Carta de la Organizaci\u00f3n de Estados Americanos (OEA).<\/p>\n\n\n\n<p>En un comunicado, el Ministerio de Relaciones Exteriores de Per\u00fa agreg\u00f3 que las&nbsp;<strong>palabras de Sheinbaum<\/strong>&nbsp;reflejan su desconocimiento total de la realidad peruana, de su Constituci\u00f3n y de su ordenamiento jur\u00eddico.<\/p>\n\n\n\n<figure class=\"wp-block-image size-large\"><img loading=\"lazy\" decoding=\"async\" width=\"724\" height=\"1024\" src=\"https:\/\/quehacerpolitico.mx\/wp-content\/uploads\/2025\/08\/IMG_3139-724x1024.jpeg\" alt=\"\" class=\"wp-image-118732\" srcset=\"https:\/\/quehacerpolitico.mx\/wp-content\/uploads\/2025\/08\/IMG_3139-724x1024.jpeg 724w, https:\/\/quehacerpolitico.mx\/wp-content\/uploads\/2025\/08\/IMG_3139-212x300.jpeg 212w, https:\/\/quehacerpolitico.mx\/wp-content\/uploads\/2025\/08\/IMG_3139-768x1086.jpeg 768w, https:\/\/quehacerpolitico.mx\/wp-content\/uploads\/2025\/08\/IMG_3139-1086x1536.jpeg 1086w, https:\/\/quehacerpolitico.mx\/wp-content\/uploads\/2025\/08\/IMG_3139-1024x1449.jpeg 1024w, https:\/\/quehacerpolitico.mx\/wp-content\/uploads\/2025\/08\/IMG_3139.jpeg 1131w\" sizes=\"auto, (max-width: 724px) 100vw, 724px\" \/><\/figure>\n\n\n\n<p>Record\u00f3 que, el 7 de diciembre de 2022, Castillo cometi\u00f3 &#8220;el flagrante&nbsp;<strong>quiebre del orden constitucional<\/strong>&#8221; al anunciar la disoluci\u00f3n inconstitucional del Congreso y la instauraci\u00f3n de un Gobierno de excepci\u00f3n, as\u00ed como la reorganizaci\u00f3n del Poder Judicial, la Fiscal\u00eda de la Naci\u00f3n, la Junta Nacional de Justicia y el Tribunal Constitucional.<\/p>\n\n\n\n<p>La mandataria mexicana public\u00f3 el viernes un mensaje en la red social X (antes Twitter) en el que expres\u00f3 &#8220;en nombre de M\u00e9xico&#8221;, su &#8220;m\u00e1s profunda&nbsp;<strong>solidaridad<\/strong>&#8221; con Castillo y su familia, y se\u00f1al\u00f3 que &#8220;su situaci\u00f3n no s\u00f3lo es un caso personal, sino un grave precedente de&nbsp;<strong>persecuci\u00f3n pol\u00edtica y discriminaci\u00f3n<\/strong>&nbsp;en nuestra regi\u00f3n&#8221;.<\/p>\n\n\n\n<figure class=\"wp-block-embed is-type-rich is-provider-twitter wp-block-embed-twitter\"><div class=\"wp-block-embed__wrapper\">\n<blockquote class=\"twitter-tweet\" data-width=\"550\" data-dnt=\"true\"><p lang=\"es\" dir=\"ltr\">Recib\u00ed en Palacio Nacional a Guido Croxatto, abogado del presidente Pedro Castillo, injustamente encarcelado en el Per\u00fa. En nombre de M\u00e9xico, expreso mi m\u00e1s profunda solidaridad con \u00e9l y su familia, porque sabemos que su situaci\u00f3n no s\u00f3lo es un caso personal, sino un grave\u2026 <a href=\"https:\/\/t.co\/0pAkHUQUaL\">pic.twitter.com\/0pAkHUQUaL<\/a><\/p>&mdash; Claudia Sheinbaum Pardo (@Claudiashein) <a href=\"https:\/\/twitter.com\/Claudiashein\/status\/1961579862248026240?ref_src=twsrc%5Etfw\">August 30, 2025<\/a><\/blockquote><script async src=\"https:\/\/platform.twitter.com\/widgets.js\" charset=\"utf-8\"><\/script>\n<\/div><\/figure>\n\n\n\n<p>&#8220;La Organizaci\u00f3n de las Naciones Unidas debe actuar con decisi\u00f3n para garantizar el respeto a los derechos humanos y la justicia. La&nbsp;<strong>libertad de Pedro Castillo<\/strong>&nbsp;es tambi\u00e9n la defensa de la democracia y de la dignidad de nuestros pueblos&#8221;, zanj\u00f3 la gobernante mexicana tras reunirse con el abogado de Castillo, Guido Croxatto.<\/p>\n\n\n\n<p>La canciller\u00eda peruana afirm\u00f3 que los actos del exmandatario (2021-2022) constituyeron &#8220;un golpe de Estado fallido&#8221; y el &#8220;quiebre manifiesto de la institucionalidad democr\u00e1tica&#8221;, que fue debidamente sancionado conforme a las leyes peruanas.<\/p>\n\n\n\n<p>Debido a los actos il\u00edcitos perpetrados en&nbsp;<strong>flagrancia<\/strong>&nbsp;y de conformidad a la ley, la situaci\u00f3n jur\u00eddica de Castillo obedece a decisiones adoptadas en el marco del<strong>Estado de derecho<\/strong>, con pleno respeto al debido proceso y a las garant\u00edas consagradas en la Constituci\u00f3n Pol\u00edtica del Per\u00fa.<\/p>\n\n\n\n<p>&#8220;Presentar su caso como una persecuci\u00f3n pol\u00edtica constituye una afirmaci\u00f3n falsa e&nbsp;<strong>inaceptable<\/strong>&#8220;, subray\u00f3 la canciller\u00eda.&nbsp;<\/p>\n\n\n\n<p>En ese sentido, el ministerio de Exteriores repudi\u00f3 esta &#8220;posici\u00f3n ideologizada&#8221; que contradice los principios b\u00e1sicos del&nbsp;<strong>derecho internacional<\/strong>, y a\u00f1adi\u00f3 que &#8220;causa extra\u00f1eza&#8221; que Sheinbaum pretenda desconocer que el secretario general de las Naciones Unidas, mediante comunicado del 8 de diciembre de 2022, conden\u00f3 todo intento de subvertir el orden democr\u00e1tico en el Per\u00fa y llam\u00f3 a respetar el Estado de derecho.&nbsp;<\/p>\n\n\n\n<p>Tras el fallido intento de golpe de Estado, Castillo y su familia abandonaron el palacio de gobierno para dirigirse a la&nbsp;<strong>embajada de M\u00e9xico en Lima<\/strong>, pero fue detenido por su propia escolta, mientras que su esposa e hijos obtuvieron el asilo de las autoridades mexicanas y residen en ese pa\u00eds.&nbsp;<\/p>\n\n\n\n<p>El Congreso peruano destituy\u00f3 a Castillo y, ese mismo d\u00eda, asumi\u00f3 la presidencia del pa\u00eds su entonces vicepresidenta&nbsp;<strong>Dina Boluarte<\/strong>, que concluir\u00e1 su periodo el pr\u00f3ximo a\u00f1o.&nbsp;<\/p>\n\n\n\n<p>El exmandatario est\u00e1 recluido en el penal de Barbadillo, al este de Lima, y est\u00e1 sometido a un juicio por el&nbsp;<strong>delito de rebeli\u00f3n<\/strong>, por el cual enfrenta un pedido de c\u00e1rcel de 34 a\u00f1os.<\/p>\n\n\n\n<p>Con informaci\u00f3n de EFE<\/p>\n","protected":false},"excerpt":{"rendered":"<p>Por Carolina Alonso Romei Internacionalista El mensaje a la presidenta viene luego de que ella&#8230;<\/p>\n","protected":false},"author":2,"featured_media":118733,"comment_status":"open","ping_status":"open","sticky":false,"template":"","format":"standard","meta":{"_monsterinsights_skip_tracking":false,"_monsterinsights_sitenote_active":false,"_monsterinsights_sitenote_note":"","_monsterinsights_sitenote_category":0,"footnotes":""},"categories":[1],"tags":[],"class_list":["post-118731","post","type-post","status-publish","format-standard","has-post-thumbnail","hentry","category-sin-categoria"],"yoast_head":"<!-- This site is optimized with the Yoast SEO plugin v27.3 - https:\/\/yoast.com\/product\/yoast-seo-wordpress\/ -->\n<title>El Quehacer Pol\u00edtico Internacional a trav\u00e9s de la opini\u00f3n\/\/\/Carolina Alonso Romei\/\/\/&quot;Cometi\u00f3 el flagrante quiebre del orden constitucional&quot;: Per\u00fa responde a Sheinbaum que expresidente Castillo no es un perseguido pol\u00edtico -<\/title>\n<meta name=\"robots\" content=\"index, follow, max-snippet:-1, max-image-preview:large, max-video-preview:-1\" \/>\n<link rel=\"canonical\" href=\"https:\/\/quehacerpolitico.mx\/?p=118731\" \/>\n<meta property=\"og:locale\" content=\"es_MX\" \/>\n<meta property=\"og:type\" content=\"article\" \/>\n<meta property=\"og:title\" content=\"El Quehacer Pol\u00edtico Internacional a trav\u00e9s de la opini\u00f3n\/\/\/Carolina Alonso Romei\/\/\/&quot;Cometi\u00f3 el flagrante quiebre del orden constitucional&quot;: Per\u00fa responde a Sheinbaum que expresidente Castillo no es un perseguido pol\u00edtico -\" \/>\n<meta property=\"og:description\" content=\"Por Carolina Alonso Romei Internacionalista El mensaje a la presidenta viene luego de que ella...\" \/>\n<meta property=\"og:url\" content=\"https:\/\/quehacerpolitico.mx\/?p=118731\" \/>\n<meta property=\"article:published_time\" content=\"2025-08-31T01:00:46+00:00\" \/>\n<meta property=\"article:modified_time\" content=\"2025-08-31T01:00:47+00:00\" \/>\n<meta property=\"og:image\" content=\"https:\/\/quehacerpolitico.mx\/wp-content\/uploads\/2025\/08\/03fa6135-c3fe-44b7-8e96-c6ca323ffebb-5.jpeg\" \/>\n\t<meta property=\"og:image:width\" content=\"963\" \/>\n\t<meta property=\"og:image:height\" content=\"493\" \/>\n\t<meta property=\"og:image:type\" content=\"image\/jpeg\" \/>\n<meta name=\"author\" content=\"Redacci\u00f3n QP\" \/>\n<meta name=\"twitter:card\" content=\"summary_large_image\" \/>\n<meta name=\"twitter:label1\" content=\"Escrito por\" \/>\n\t<meta name=\"twitter:data1\" content=\"Redacci\u00f3n QP\" \/>\n\t<meta name=\"twitter:label2\" content=\"Tiempo de lectura\" \/>\n\t<meta name=\"twitter:data2\" content=\"3 minutos\" \/>\n<script type=\"application\/ld+json\" class=\"yoast-schema-graph\">{\"@context\":\"https:\\\/\\\/schema.org\",\"@graph\":[{\"@type\":\"Article\",\"@id\":\"https:\\\/\\\/quehacerpolitico.mx\\\/?p=118731#article\",\"isPartOf\":{\"@id\":\"https:\\\/\\\/quehacerpolitico.mx\\\/?p=118731\"},\"author\":{\"name\":\"Redacci\u00f3n QP\",\"@id\":\"https:\\\/\\\/quehacerpolitico.mx\\\/#\\\/schema\\\/person\\\/496d8ad2d1d3f8036101dca7ee39e585\"},\"headline\":\"El Quehacer Pol\u00edtico Internacional a trav\u00e9s de la opini\u00f3n\\\/\\\/\\\/Carolina Alonso Romei\\\/\\\/\\\/&#8221;Cometi\u00f3 el flagrante quiebre del orden constitucional&#8221;: Per\u00fa responde a Sheinbaum que expresidente Castillo no es un perseguido pol\u00edtico\",\"datePublished\":\"2025-08-31T01:00:46+00:00\",\"dateModified\":\"2025-08-31T01:00:47+00:00\",\"mainEntityOfPage\":{\"@id\":\"https:\\\/\\\/quehacerpolitico.mx\\\/?p=118731\"},\"wordCount\":671,\"commentCount\":0,\"image\":{\"@id\":\"https:\\\/\\\/quehacerpolitico.mx\\\/?p=118731#primaryimage\"},\"thumbnailUrl\":\"https:\\\/\\\/quehacerpolitico.mx\\\/wp-content\\\/uploads\\\/2025\\\/08\\\/03fa6135-c3fe-44b7-8e96-c6ca323ffebb-5.jpeg\",\"articleSection\":[\"Internacionales\"],\"inLanguage\":\"es\",\"potentialAction\":[{\"@type\":\"CommentAction\",\"name\":\"Comment\",\"target\":[\"https:\\\/\\\/quehacerpolitico.mx\\\/?p=118731#respond\"]}]},{\"@type\":\"WebPage\",\"@id\":\"https:\\\/\\\/quehacerpolitico.mx\\\/?p=118731\",\"url\":\"https:\\\/\\\/quehacerpolitico.mx\\\/?p=118731\",\"name\":\"El Quehacer Pol\u00edtico Internacional a trav\u00e9s de la opini\u00f3n\\\/\\\/\\\/Carolina Alonso Romei\\\/\\\/\\\/\\\"Cometi\u00f3 el flagrante quiebre del orden constitucional\\\": Per\u00fa responde a Sheinbaum que expresidente Castillo no es un perseguido pol\u00edtico -\",\"isPartOf\":{\"@id\":\"https:\\\/\\\/quehacerpolitico.mx\\\/#website\"},\"primaryImageOfPage\":{\"@id\":\"https:\\\/\\\/quehacerpolitico.mx\\\/?p=118731#primaryimage\"},\"image\":{\"@id\":\"https:\\\/\\\/quehacerpolitico.mx\\\/?p=118731#primaryimage\"},\"thumbnailUrl\":\"https:\\\/\\\/quehacerpolitico.mx\\\/wp-content\\\/uploads\\\/2025\\\/08\\\/03fa6135-c3fe-44b7-8e96-c6ca323ffebb-5.jpeg\",\"datePublished\":\"2025-08-31T01:00:46+00:00\",\"dateModified\":\"2025-08-31T01:00:47+00:00\",\"author\":{\"@id\":\"https:\\\/\\\/quehacerpolitico.mx\\\/#\\\/schema\\\/person\\\/496d8ad2d1d3f8036101dca7ee39e585\"},\"breadcrumb\":{\"@id\":\"https:\\\/\\\/quehacerpolitico.mx\\\/?p=118731#breadcrumb\"},\"inLanguage\":\"es\",\"potentialAction\":[{\"@type\":\"ReadAction\",\"target\":[\"https:\\\/\\\/quehacerpolitico.mx\\\/?p=118731\"]}]},{\"@type\":\"ImageObject\",\"inLanguage\":\"es\",\"@id\":\"https:\\\/\\\/quehacerpolitico.mx\\\/?p=118731#primaryimage\",\"url\":\"https:\\\/\\\/quehacerpolitico.mx\\\/wp-content\\\/uploads\\\/2025\\\/08\\\/03fa6135-c3fe-44b7-8e96-c6ca323ffebb-5.jpeg\",\"contentUrl\":\"https:\\\/\\\/quehacerpolitico.mx\\\/wp-content\\\/uploads\\\/2025\\\/08\\\/03fa6135-c3fe-44b7-8e96-c6ca323ffebb-5.jpeg\",\"width\":963,\"height\":493},{\"@type\":\"BreadcrumbList\",\"@id\":\"https:\\\/\\\/quehacerpolitico.mx\\\/?p=118731#breadcrumb\",\"itemListElement\":[{\"@type\":\"ListItem\",\"position\":1,\"name\":\"Inicio\",\"item\":\"https:\\\/\\\/quehacerpolitico.mx\\\/\"},{\"@type\":\"ListItem\",\"position\":2,\"name\":\"El Quehacer Pol\u00edtico Internacional a trav\u00e9s de la opini\u00f3n\\\/\\\/\\\/Carolina Alonso Romei\\\/\\\/\\\/&#8221;Cometi\u00f3 el flagrante quiebre del orden constitucional&#8221;: Per\u00fa responde a Sheinbaum que expresidente Castillo no es un perseguido pol\u00edtico\"}]},{\"@type\":\"WebSite\",\"@id\":\"https:\\\/\\\/quehacerpolitico.mx\\\/#website\",\"url\":\"https:\\\/\\\/quehacerpolitico.mx\\\/\",\"name\":\"\",\"description\":\"\",\"potentialAction\":[{\"@type\":\"SearchAction\",\"target\":{\"@type\":\"EntryPoint\",\"urlTemplate\":\"https:\\\/\\\/quehacerpolitico.mx\\\/?s={search_term_string}\"},\"query-input\":{\"@type\":\"PropertyValueSpecification\",\"valueRequired\":true,\"valueName\":\"search_term_string\"}}],\"inLanguage\":\"es\"},{\"@type\":\"Person\",\"@id\":\"https:\\\/\\\/quehacerpolitico.mx\\\/#\\\/schema\\\/person\\\/496d8ad2d1d3f8036101dca7ee39e585\",\"name\":\"Redacci\u00f3n QP\",\"image\":{\"@type\":\"ImageObject\",\"inLanguage\":\"es\",\"@id\":\"https:\\\/\\\/secure.gravatar.com\\\/avatar\\\/c7164ed6fdec453195284ad24a5ae5b6e1eed2b848477fa2a4787ba9adf39a41?s=96&d=mm&r=g\",\"url\":\"https:\\\/\\\/secure.gravatar.com\\\/avatar\\\/c7164ed6fdec453195284ad24a5ae5b6e1eed2b848477fa2a4787ba9adf39a41?s=96&d=mm&r=g\",\"contentUrl\":\"https:\\\/\\\/secure.gravatar.com\\\/avatar\\\/c7164ed6fdec453195284ad24a5ae5b6e1eed2b848477fa2a4787ba9adf39a41?s=96&d=mm&r=g\",\"caption\":\"Redacci\u00f3n QP\"},\"url\":\"https:\\\/\\\/quehacerpolitico.mx\\\/?author=2\"}]}<\/script>\n<!-- \/ Yoast SEO plugin. -->","yoast_head_json":{"title":"El Quehacer Pol\u00edtico Internacional a trav\u00e9s de la opini\u00f3n\/\/\/Carolina Alonso Romei\/\/\/\"Cometi\u00f3 el flagrante quiebre del orden constitucional\": Per\u00fa responde a Sheinbaum que expresidente Castillo no es un perseguido pol\u00edtico -","robots":{"index":"index","follow":"follow","max-snippet":"max-snippet:-1","max-image-preview":"max-image-preview:large","max-video-preview":"max-video-preview:-1"},"canonical":"https:\/\/quehacerpolitico.mx\/?p=118731","og_locale":"es_MX","og_type":"article","og_title":"El Quehacer Pol\u00edtico Internacional a trav\u00e9s de la opini\u00f3n\/\/\/Carolina Alonso Romei\/\/\/\"Cometi\u00f3 el flagrante quiebre del orden constitucional\": Per\u00fa responde a Sheinbaum que expresidente Castillo no es un perseguido pol\u00edtico -","og_description":"Por Carolina Alonso Romei Internacionalista El mensaje a la presidenta viene luego de que ella...","og_url":"https:\/\/quehacerpolitico.mx\/?p=118731","article_published_time":"2025-08-31T01:00:46+00:00","article_modified_time":"2025-08-31T01:00:47+00:00","og_image":[{"width":963,"height":493,"url":"https:\/\/quehacerpolitico.mx\/wp-content\/uploads\/2025\/08\/03fa6135-c3fe-44b7-8e96-c6ca323ffebb-5.jpeg","type":"image\/jpeg"}],"author":"Redacci\u00f3n QP","twitter_card":"summary_large_image","twitter_misc":{"Escrito por":"Redacci\u00f3n QP","Tiempo de lectura":"3 minutos"},"schema":{"@context":"https:\/\/schema.org","@graph":[{"@type":"Article","@id":"https:\/\/quehacerpolitico.mx\/?p=118731#article","isPartOf":{"@id":"https:\/\/quehacerpolitico.mx\/?p=118731"},"author":{"name":"Redacci\u00f3n QP","@id":"https:\/\/quehacerpolitico.mx\/#\/schema\/person\/496d8ad2d1d3f8036101dca7ee39e585"},"headline":"El Quehacer Pol\u00edtico Internacional a trav\u00e9s de la opini\u00f3n\/\/\/Carolina Alonso Romei\/\/\/&#8221;Cometi\u00f3 el flagrante quiebre del orden constitucional&#8221;: Per\u00fa responde a Sheinbaum que expresidente Castillo no es un perseguido pol\u00edtico","datePublished":"2025-08-31T01:00:46+00:00","dateModified":"2025-08-31T01:00:47+00:00","mainEntityOfPage":{"@id":"https:\/\/quehacerpolitico.mx\/?p=118731"},"wordCount":671,"commentCount":0,"image":{"@id":"https:\/\/quehacerpolitico.mx\/?p=118731#primaryimage"},"thumbnailUrl":"https:\/\/quehacerpolitico.mx\/wp-content\/uploads\/2025\/08\/03fa6135-c3fe-44b7-8e96-c6ca323ffebb-5.jpeg","articleSection":["Internacionales"],"inLanguage":"es","potentialAction":[{"@type":"CommentAction","name":"Comment","target":["https:\/\/quehacerpolitico.mx\/?p=118731#respond"]}]},{"@type":"WebPage","@id":"https:\/\/quehacerpolitico.mx\/?p=118731","url":"https:\/\/quehacerpolitico.mx\/?p=118731","name":"El Quehacer Pol\u00edtico Internacional a trav\u00e9s de la opini\u00f3n\/\/\/Carolina Alonso Romei\/\/\/\"Cometi\u00f3 el flagrante quiebre del orden constitucional\": Per\u00fa responde a Sheinbaum que expresidente Castillo no es un perseguido pol\u00edtico -","isPartOf":{"@id":"https:\/\/quehacerpolitico.mx\/#website"},"primaryImageOfPage":{"@id":"https:\/\/quehacerpolitico.mx\/?p=118731#primaryimage"},"image":{"@id":"https:\/\/quehacerpolitico.mx\/?p=118731#primaryimage"},"thumbnailUrl":"https:\/\/quehacerpolitico.mx\/wp-content\/uploads\/2025\/08\/03fa6135-c3fe-44b7-8e96-c6ca323ffebb-5.jpeg","datePublished":"2025-08-31T01:00:46+00:00","dateModified":"2025-08-31T01:00:47+00:00","author":{"@id":"https:\/\/quehacerpolitico.mx\/#\/schema\/person\/496d8ad2d1d3f8036101dca7ee39e585"},"breadcrumb":{"@id":"https:\/\/quehacerpolitico.mx\/?p=118731#breadcrumb"},"inLanguage":"es","potentialAction":[{"@type":"ReadAction","target":["https:\/\/quehacerpolitico.mx\/?p=118731"]}]},{"@type":"ImageObject","inLanguage":"es","@id":"https:\/\/quehacerpolitico.mx\/?p=118731#primaryimage","url":"https:\/\/quehacerpolitico.mx\/wp-content\/uploads\/2025\/08\/03fa6135-c3fe-44b7-8e96-c6ca323ffebb-5.jpeg","contentUrl":"https:\/\/quehacerpolitico.mx\/wp-content\/uploads\/2025\/08\/03fa6135-c3fe-44b7-8e96-c6ca323ffebb-5.jpeg","width":963,"height":493},{"@type":"BreadcrumbList","@id":"https:\/\/quehacerpolitico.mx\/?p=118731#breadcrumb","itemListElement":[{"@type":"ListItem","position":1,"name":"Inicio","item":"https:\/\/quehacerpolitico.mx\/"},{"@type":"ListItem","position":2,"name":"El Quehacer Pol\u00edtico Internacional a trav\u00e9s de la opini\u00f3n\/\/\/Carolina Alonso Romei\/\/\/&#8221;Cometi\u00f3 el flagrante quiebre del orden constitucional&#8221;: Per\u00fa responde a Sheinbaum que expresidente Castillo no es un perseguido pol\u00edtico"}]},{"@type":"WebSite","@id":"https:\/\/quehacerpolitico.mx\/#website","url":"https:\/\/quehacerpolitico.mx\/","name":"","description":"","potentialAction":[{"@type":"SearchAction","target":{"@type":"EntryPoint","urlTemplate":"https:\/\/quehacerpolitico.mx\/?s={search_term_string}"},"query-input":{"@type":"PropertyValueSpecification","valueRequired":true,"valueName":"search_term_string"}}],"inLanguage":"es"},{"@type":"Person","@id":"https:\/\/quehacerpolitico.mx\/#\/schema\/person\/496d8ad2d1d3f8036101dca7ee39e585","name":"Redacci\u00f3n QP","image":{"@type":"ImageObject","inLanguage":"es","@id":"https:\/\/secure.gravatar.com\/avatar\/c7164ed6fdec453195284ad24a5ae5b6e1eed2b848477fa2a4787ba9adf39a41?s=96&d=mm&r=g","url":"https:\/\/secure.gravatar.com\/avatar\/c7164ed6fdec453195284ad24a5ae5b6e1eed2b848477fa2a4787ba9adf39a41?s=96&d=mm&r=g","contentUrl":"https:\/\/secure.gravatar.com\/avatar\/c7164ed6fdec453195284ad24a5ae5b6e1eed2b848477fa2a4787ba9adf39a41?s=96&d=mm&r=g","caption":"Redacci\u00f3n QP"},"url":"https:\/\/quehacerpolitico.mx\/?author=2"}]}},"featured_image_urls":{"full":["https:\/\/quehacerpolitico.mx\/wp-content\/uploads\/2025\/08\/03fa6135-c3fe-44b7-8e96-c6ca323ffebb-5.jpeg",963,493,false],"thumbnail":["https:\/\/quehacerpolitico.mx\/wp-content\/uploads\/2025\/08\/03fa6135-c3fe-44b7-8e96-c6ca323ffebb-5-150x150.jpeg",150,150,true],"medium":["https:\/\/quehacerpolitico.mx\/wp-content\/uploads\/2025\/08\/03fa6135-c3fe-44b7-8e96-c6ca323ffebb-5-300x154.jpeg",300,154,true],"medium_large":["https:\/\/quehacerpolitico.mx\/wp-content\/uploads\/2025\/08\/03fa6135-c3fe-44b7-8e96-c6ca323ffebb-5-768x393.jpeg",640,328,true],"large":["https:\/\/quehacerpolitico.mx\/wp-content\/uploads\/2025\/08\/03fa6135-c3fe-44b7-8e96-c6ca323ffebb-5.jpeg",640,328,false],"1536x1536":["https:\/\/quehacerpolitico.mx\/wp-content\/uploads\/2025\/08\/03fa6135-c3fe-44b7-8e96-c6ca323ffebb-5.jpeg",963,493,false],"2048x2048":["https:\/\/quehacerpolitico.mx\/wp-content\/uploads\/2025\/08\/03fa6135-c3fe-44b7-8e96-c6ca323ffebb-5.jpeg",963,493,false],"covernews-featured":["https:\/\/quehacerpolitico.mx\/wp-content\/uploads\/2025\/08\/03fa6135-c3fe-44b7-8e96-c6ca323ffebb-5.jpeg",963,493,false],"covernews-medium":["https:\/\/quehacerpolitico.mx\/wp-content\/uploads\/2025\/08\/03fa6135-c3fe-44b7-8e96-c6ca323ffebb-5-540x340.jpeg",540,340,true]},"author_info":{"display_name":"Redacci\u00f3n QP","author_link":"https:\/\/quehacerpolitico.mx\/?author=2"},"category_info":"<a href=\"https:\/\/quehacerpolitico.mx\/?cat=1\" rel=\"category\">Internacionales<\/a>","tag_info":"Internacionales","comment_count":"0","_links":{"self":[{"href":"https:\/\/quehacerpolitico.mx\/index.php?rest_route=\/wp\/v2\/posts\/118731","targetHints":{"allow":["GET"]}}],"collection":[{"href":"https:\/\/quehacerpolitico.mx\/index.php?rest_route=\/wp\/v2\/posts"}],"about":[{"href":"https:\/\/quehacerpolitico.mx\/index.php?rest_route=\/wp\/v2\/types\/post"}],"author":[{"embeddable":true,"href":"https:\/\/quehacerpolitico.mx\/index.php?rest_route=\/wp\/v2\/users\/2"}],"replies":[{"embeddable":true,"href":"https:\/\/quehacerpolitico.mx\/index.php?rest_route=%2Fwp%2Fv2%2Fcomments&post=118731"}],"version-history":[{"count":1,"href":"https:\/\/quehacerpolitico.mx\/index.php?rest_route=\/wp\/v2\/posts\/118731\/revisions"}],"predecessor-version":[{"id":118734,"href":"https:\/\/quehacerpolitico.mx\/index.php?rest_route=\/wp\/v2\/posts\/118731\/revisions\/118734"}],"wp:featuredmedia":[{"embeddable":true,"href":"https:\/\/quehacerpolitico.mx\/index.php?rest_route=\/wp\/v2\/media\/118733"}],"wp:attachment":[{"href":"https:\/\/quehacerpolitico.mx\/index.php?rest_route=%2Fwp%2Fv2%2Fmedia&parent=118731"}],"wp:term":[{"taxonomy":"category","embeddable":true,"href":"https:\/\/quehacerpolitico.mx\/index.php?rest_route=%2Fwp%2Fv2%2Fcategories&post=118731"},{"taxonomy":"post_tag","embeddable":true,"href":"https:\/\/quehacerpolitico.mx\/index.php?rest_route=%2Fwp%2Fv2%2Ftags&post=118731"}],"curies":[{"name":"wp","href":"https:\/\/api.w.org\/{rel}","templated":true}]}}