{"id":118725,"date":"2025-08-29T10:39:50","date_gmt":"2025-08-29T16:39:50","guid":{"rendered":"https:\/\/quehacerpolitico.mx\/?p=118725"},"modified":"2025-08-29T10:39:52","modified_gmt":"2025-08-29T16:39:52","slug":"el-quehacer-politico-a-traves-jose-alberto-prado-angeles-no-soy-un-dictador-soy-un-hombre-con-gran-sentido-comun-y-una-persona-inteligentetrump","status":"publish","type":"post","link":"https:\/\/quehacerpolitico.mx\/?p=118725","title":{"rendered":"El Quehacer Pol\u00edtico a trav\u00e9s\/\/\/Jose Alberto Prado Angeles\/\/\/\u201cNo soy un dictador. Soy un hombre con gran sentido com\u00fan y una persona inteligente\u201d:Trump"},"content":{"rendered":"\n<p>Por Jos\u00e9 Alberto Prado Angeles<\/p>\n\n\n\n<p>Director General y Editor<\/p>\n\n\n\n<p>Esta semana el presidente Donald Trump -en una declaraci\u00f3n durante una ceremonia en la oficina Oval- respondi\u00f3 que \u201cNo soy un dictador. Soy un hombre con gran sentido com\u00fan y una persona inteligente\u201d, cuando se le abord\u00f3 sobre las cr\u00edticas que ha recibido por desplegar tropas de la Guardia Nacional en Los \u00c1ngeles y Washington, y amenazar con enviar a otras ciudades -Chicago y Nueva York, entre otras- para combatir los supuestos altos \u00edndices de criminalidad que afectan a esas ciudades.<\/p>\n\n\n\n<p>Respecto al asunto de la delincuencia, dos tercios de la poblaci\u00f3n est\u00e1 de acuerdo que es un problema grave, y 8 de cada 10 personas encuestadas recientemente opinan que eso sucede en las grandes metr\u00f3polis estadounidenses, pero solo un 33 por ciento de la poblaci\u00f3n apoya el env\u00edo de militares para que asuman el control de los departamentos de polic\u00eda. Dos tercios de los ciudadanos del pa\u00eds vecino no est\u00e1n contentos con la medida tomada por el republicano Donald Trump y lo ven como una medida de presi\u00f3n pol\u00edtica, porque coincidentemente las grandes urbes en cuesti\u00f3n est\u00e1n gobernadas por dem\u00f3cratas.<\/p>\n\n\n\n<p>Esta semana se dio a conocer una encuesta de la agencia de noticias Associated Press (AP) y el Centro de Investigaci\u00f3n de Asuntos P\u00fablicos (NORC) -organizaci\u00f3n sin fines de lucro en Chicago-, que demuestran que los estadounidenses no est\u00e1n contentos con los manejos de la administracion Trump en temas como inmigracion y econom\u00eda, aunque son un poco m\u00e1s positivos sobre el enfoque que ha tenido en general contra el crimen. Aunque muchos reconocen que el env\u00edo de tropas de la Guardia Nacional a cumplir con funciones polic\u00edacas, tiene m\u00e1s un tinte pol\u00edtico que de necesidad.<\/p>\n\n\n\n<p>La agresividad de Trump en la aplicaci\u00f3n de muchas medidas, como es el caso de migraci\u00f3n, que fue una de sus banderas en su campa\u00f1a presidencial y que lo llev\u00f3 a ganar la elecci\u00f3n, es -hoy- tambi\u00e9n uno de los motivos que han provocado un descenso en su popularidad. Trump, quien en sus primeros 7 meses en la Casa Blanca -en esta administraci\u00f3n- ha deportado a casi 200 mil personas sin documentos, \u201c&#8230; ha desilusionado con el plan de adaptaci\u00f3n masiva. Los estadounidenses est\u00e1n viendo c\u00f3mo ataca a los inmigrantes de una manera indiscriminada y demasiado agresiva\u201d dijo recientemente Nick Gourevitch, presidente de Investigaci\u00f3n y Perspectiva de Glabela Strategy Group y quien encabez\u00f3 una encuesta de popularidad sobre el mandatario.<\/p>\n\n\n\n<p>Trump dice \u201c&#8230; no soy un dictador\u201d, pero sus confrontaciones con quienes no comparten su ideas, despidiendo a funcionarios que le estorban,\u00a0 escalando conflictos innecesariamente, polarizado en todos los temas y con todos los sectores de la sociedad, radicalizando el discurso e imponiendo su poder, lo \u2018pintan\u2019 como un s\u00f3lido candidato.<\/p>\n\n\n\n<p>As\u00ed el Quehacer Pol\u00edtico Desde 1980, 45 a\u00f1os inquiriendo en la pol\u00edtica de M\u00e9xico, cuestionando, exponiendo, revelando y razonando.Es cuanto.<\/p>\n","protected":false},"excerpt":{"rendered":"<p>Por Jos\u00e9 Alberto Prado Angeles Director General y Editor Esta semana el presidente Donald Trump&#8230;<\/p>\n","protected":false},"author":2,"featured_media":118726,"comment_status":"open","ping_status":"open","sticky":false,"template":"","format":"standard","meta":{"_monsterinsights_skip_tracking":false,"_monsterinsights_sitenote_active":false,"_monsterinsights_sitenote_note":"","_monsterinsights_sitenote_category":0,"footnotes":""},"categories":[1,280,2],"tags":[],"class_list":["post-118725","post","type-post","status-publish","format-standard","has-post-thumbnail","hentry","category-sin-categoria","category-nacionales","category-noticias"],"yoast_head":"<!-- This site is optimized with the Yoast SEO plugin v27.3 - https:\/\/yoast.com\/product\/yoast-seo-wordpress\/ -->\n<title>El Quehacer Pol\u00edtico a trav\u00e9s\/\/\/Jose Alberto Prado Angeles\/\/\/\u201cNo soy un dictador. Soy un hombre con gran sentido com\u00fan y una persona inteligente\u201d:Trump -<\/title>\n<meta name=\"robots\" content=\"index, follow, max-snippet:-1, max-image-preview:large, max-video-preview:-1\" \/>\n<link rel=\"canonical\" href=\"https:\/\/quehacerpolitico.mx\/?p=118725\" \/>\n<meta property=\"og:locale\" content=\"es_MX\" \/>\n<meta property=\"og:type\" content=\"article\" \/>\n<meta property=\"og:title\" content=\"El Quehacer Pol\u00edtico a trav\u00e9s\/\/\/Jose Alberto Prado Angeles\/\/\/\u201cNo soy un dictador. Soy un hombre con gran sentido com\u00fan y una persona inteligente\u201d:Trump -\" \/>\n<meta property=\"og:description\" content=\"Por Jos\u00e9 Alberto Prado Angeles Director General y Editor Esta semana el presidente Donald Trump...\" \/>\n<meta property=\"og:url\" content=\"https:\/\/quehacerpolitico.mx\/?p=118725\" \/>\n<meta property=\"article:published_time\" content=\"2025-08-29T16:39:50+00:00\" \/>\n<meta property=\"article:modified_time\" content=\"2025-08-29T16:39:52+00:00\" \/>\n<meta property=\"og:image\" content=\"https:\/\/quehacerpolitico.mx\/wp-content\/uploads\/2025\/08\/fb07bd44-0f95-41a8-8353-f61c55b6d960-19.jpeg\" \/>\n\t<meta property=\"og:image:width\" content=\"963\" \/>\n\t<meta property=\"og:image:height\" content=\"493\" \/>\n\t<meta property=\"og:image:type\" content=\"image\/jpeg\" \/>\n<meta name=\"author\" content=\"Redacci\u00f3n QP\" \/>\n<meta name=\"twitter:card\" content=\"summary_large_image\" \/>\n<meta name=\"twitter:label1\" content=\"Escrito por\" \/>\n\t<meta name=\"twitter:data1\" content=\"Redacci\u00f3n QP\" \/>\n\t<meta name=\"twitter:label2\" content=\"Tiempo de lectura\" \/>\n\t<meta name=\"twitter:data2\" content=\"3 minutos\" \/>\n<script type=\"application\/ld+json\" class=\"yoast-schema-graph\">{\"@context\":\"https:\\\/\\\/schema.org\",\"@graph\":[{\"@type\":\"Article\",\"@id\":\"https:\\\/\\\/quehacerpolitico.mx\\\/?p=118725#article\",\"isPartOf\":{\"@id\":\"https:\\\/\\\/quehacerpolitico.mx\\\/?p=118725\"},\"author\":{\"name\":\"Redacci\u00f3n QP\",\"@id\":\"https:\\\/\\\/quehacerpolitico.mx\\\/#\\\/schema\\\/person\\\/496d8ad2d1d3f8036101dca7ee39e585\"},\"headline\":\"El Quehacer Pol\u00edtico a trav\u00e9s\\\/\\\/\\\/Jose Alberto Prado Angeles\\\/\\\/\\\/\u201cNo soy un dictador. Soy un hombre con gran sentido com\u00fan y una persona inteligente\u201d:Trump\",\"datePublished\":\"2025-08-29T16:39:50+00:00\",\"dateModified\":\"2025-08-29T16:39:52+00:00\",\"mainEntityOfPage\":{\"@id\":\"https:\\\/\\\/quehacerpolitico.mx\\\/?p=118725\"},\"wordCount\":536,\"commentCount\":0,\"image\":{\"@id\":\"https:\\\/\\\/quehacerpolitico.mx\\\/?p=118725#primaryimage\"},\"thumbnailUrl\":\"https:\\\/\\\/quehacerpolitico.mx\\\/wp-content\\\/uploads\\\/2025\\\/08\\\/fb07bd44-0f95-41a8-8353-f61c55b6d960-19.jpeg\",\"articleSection\":[\"Internacionales\",\"Nacionales\",\"Noticias\"],\"inLanguage\":\"es\",\"potentialAction\":[{\"@type\":\"CommentAction\",\"name\":\"Comment\",\"target\":[\"https:\\\/\\\/quehacerpolitico.mx\\\/?p=118725#respond\"]}]},{\"@type\":\"WebPage\",\"@id\":\"https:\\\/\\\/quehacerpolitico.mx\\\/?p=118725\",\"url\":\"https:\\\/\\\/quehacerpolitico.mx\\\/?p=118725\",\"name\":\"El Quehacer Pol\u00edtico a trav\u00e9s\\\/\\\/\\\/Jose Alberto Prado Angeles\\\/\\\/\\\/\u201cNo soy un dictador. Soy un hombre con gran sentido com\u00fan y una persona inteligente\u201d:Trump -\",\"isPartOf\":{\"@id\":\"https:\\\/\\\/quehacerpolitico.mx\\\/#website\"},\"primaryImageOfPage\":{\"@id\":\"https:\\\/\\\/quehacerpolitico.mx\\\/?p=118725#primaryimage\"},\"image\":{\"@id\":\"https:\\\/\\\/quehacerpolitico.mx\\\/?p=118725#primaryimage\"},\"thumbnailUrl\":\"https:\\\/\\\/quehacerpolitico.mx\\\/wp-content\\\/uploads\\\/2025\\\/08\\\/fb07bd44-0f95-41a8-8353-f61c55b6d960-19.jpeg\",\"datePublished\":\"2025-08-29T16:39:50+00:00\",\"dateModified\":\"2025-08-29T16:39:52+00:00\",\"author\":{\"@id\":\"https:\\\/\\\/quehacerpolitico.mx\\\/#\\\/schema\\\/person\\\/496d8ad2d1d3f8036101dca7ee39e585\"},\"breadcrumb\":{\"@id\":\"https:\\\/\\\/quehacerpolitico.mx\\\/?p=118725#breadcrumb\"},\"inLanguage\":\"es\",\"potentialAction\":[{\"@type\":\"ReadAction\",\"target\":[\"https:\\\/\\\/quehacerpolitico.mx\\\/?p=118725\"]}]},{\"@type\":\"ImageObject\",\"inLanguage\":\"es\",\"@id\":\"https:\\\/\\\/quehacerpolitico.mx\\\/?p=118725#primaryimage\",\"url\":\"https:\\\/\\\/quehacerpolitico.mx\\\/wp-content\\\/uploads\\\/2025\\\/08\\\/fb07bd44-0f95-41a8-8353-f61c55b6d960-19.jpeg\",\"contentUrl\":\"https:\\\/\\\/quehacerpolitico.mx\\\/wp-content\\\/uploads\\\/2025\\\/08\\\/fb07bd44-0f95-41a8-8353-f61c55b6d960-19.jpeg\",\"width\":963,\"height\":493},{\"@type\":\"BreadcrumbList\",\"@id\":\"https:\\\/\\\/quehacerpolitico.mx\\\/?p=118725#breadcrumb\",\"itemListElement\":[{\"@type\":\"ListItem\",\"position\":1,\"name\":\"Inicio\",\"item\":\"https:\\\/\\\/quehacerpolitico.mx\\\/\"},{\"@type\":\"ListItem\",\"position\":2,\"name\":\"El Quehacer Pol\u00edtico a trav\u00e9s\\\/\\\/\\\/Jose Alberto Prado Angeles\\\/\\\/\\\/\u201cNo soy un dictador. Soy un hombre con gran sentido com\u00fan y una persona inteligente\u201d:Trump\"}]},{\"@type\":\"WebSite\",\"@id\":\"https:\\\/\\\/quehacerpolitico.mx\\\/#website\",\"url\":\"https:\\\/\\\/quehacerpolitico.mx\\\/\",\"name\":\"\",\"description\":\"\",\"potentialAction\":[{\"@type\":\"SearchAction\",\"target\":{\"@type\":\"EntryPoint\",\"urlTemplate\":\"https:\\\/\\\/quehacerpolitico.mx\\\/?s={search_term_string}\"},\"query-input\":{\"@type\":\"PropertyValueSpecification\",\"valueRequired\":true,\"valueName\":\"search_term_string\"}}],\"inLanguage\":\"es\"},{\"@type\":\"Person\",\"@id\":\"https:\\\/\\\/quehacerpolitico.mx\\\/#\\\/schema\\\/person\\\/496d8ad2d1d3f8036101dca7ee39e585\",\"name\":\"Redacci\u00f3n QP\",\"image\":{\"@type\":\"ImageObject\",\"inLanguage\":\"es\",\"@id\":\"https:\\\/\\\/secure.gravatar.com\\\/avatar\\\/c7164ed6fdec453195284ad24a5ae5b6e1eed2b848477fa2a4787ba9adf39a41?s=96&d=mm&r=g\",\"url\":\"https:\\\/\\\/secure.gravatar.com\\\/avatar\\\/c7164ed6fdec453195284ad24a5ae5b6e1eed2b848477fa2a4787ba9adf39a41?s=96&d=mm&r=g\",\"contentUrl\":\"https:\\\/\\\/secure.gravatar.com\\\/avatar\\\/c7164ed6fdec453195284ad24a5ae5b6e1eed2b848477fa2a4787ba9adf39a41?s=96&d=mm&r=g\",\"caption\":\"Redacci\u00f3n QP\"},\"url\":\"https:\\\/\\\/quehacerpolitico.mx\\\/?author=2\"}]}<\/script>\n<!-- \/ Yoast SEO plugin. -->","yoast_head_json":{"title":"El Quehacer Pol\u00edtico a trav\u00e9s\/\/\/Jose Alberto Prado Angeles\/\/\/\u201cNo soy un dictador. Soy un hombre con gran sentido com\u00fan y una persona inteligente\u201d:Trump -","robots":{"index":"index","follow":"follow","max-snippet":"max-snippet:-1","max-image-preview":"max-image-preview:large","max-video-preview":"max-video-preview:-1"},"canonical":"https:\/\/quehacerpolitico.mx\/?p=118725","og_locale":"es_MX","og_type":"article","og_title":"El Quehacer Pol\u00edtico a trav\u00e9s\/\/\/Jose Alberto Prado Angeles\/\/\/\u201cNo soy un dictador. Soy un hombre con gran sentido com\u00fan y una persona inteligente\u201d:Trump -","og_description":"Por Jos\u00e9 Alberto Prado Angeles Director General y Editor Esta semana el presidente Donald Trump...","og_url":"https:\/\/quehacerpolitico.mx\/?p=118725","article_published_time":"2025-08-29T16:39:50+00:00","article_modified_time":"2025-08-29T16:39:52+00:00","og_image":[{"width":963,"height":493,"url":"https:\/\/quehacerpolitico.mx\/wp-content\/uploads\/2025\/08\/fb07bd44-0f95-41a8-8353-f61c55b6d960-19.jpeg","type":"image\/jpeg"}],"author":"Redacci\u00f3n QP","twitter_card":"summary_large_image","twitter_misc":{"Escrito por":"Redacci\u00f3n QP","Tiempo de lectura":"3 minutos"},"schema":{"@context":"https:\/\/schema.org","@graph":[{"@type":"Article","@id":"https:\/\/quehacerpolitico.mx\/?p=118725#article","isPartOf":{"@id":"https:\/\/quehacerpolitico.mx\/?p=118725"},"author":{"name":"Redacci\u00f3n QP","@id":"https:\/\/quehacerpolitico.mx\/#\/schema\/person\/496d8ad2d1d3f8036101dca7ee39e585"},"headline":"El Quehacer Pol\u00edtico a trav\u00e9s\/\/\/Jose Alberto Prado Angeles\/\/\/\u201cNo soy un dictador. Soy un hombre con gran sentido com\u00fan y una persona inteligente\u201d:Trump","datePublished":"2025-08-29T16:39:50+00:00","dateModified":"2025-08-29T16:39:52+00:00","mainEntityOfPage":{"@id":"https:\/\/quehacerpolitico.mx\/?p=118725"},"wordCount":536,"commentCount":0,"image":{"@id":"https:\/\/quehacerpolitico.mx\/?p=118725#primaryimage"},"thumbnailUrl":"https:\/\/quehacerpolitico.mx\/wp-content\/uploads\/2025\/08\/fb07bd44-0f95-41a8-8353-f61c55b6d960-19.jpeg","articleSection":["Internacionales","Nacionales","Noticias"],"inLanguage":"es","potentialAction":[{"@type":"CommentAction","name":"Comment","target":["https:\/\/quehacerpolitico.mx\/?p=118725#respond"]}]},{"@type":"WebPage","@id":"https:\/\/quehacerpolitico.mx\/?p=118725","url":"https:\/\/quehacerpolitico.mx\/?p=118725","name":"El Quehacer Pol\u00edtico a trav\u00e9s\/\/\/Jose Alberto Prado Angeles\/\/\/\u201cNo soy un dictador. Soy un hombre con gran sentido com\u00fan y una persona inteligente\u201d:Trump -","isPartOf":{"@id":"https:\/\/quehacerpolitico.mx\/#website"},"primaryImageOfPage":{"@id":"https:\/\/quehacerpolitico.mx\/?p=118725#primaryimage"},"image":{"@id":"https:\/\/quehacerpolitico.mx\/?p=118725#primaryimage"},"thumbnailUrl":"https:\/\/quehacerpolitico.mx\/wp-content\/uploads\/2025\/08\/fb07bd44-0f95-41a8-8353-f61c55b6d960-19.jpeg","datePublished":"2025-08-29T16:39:50+00:00","dateModified":"2025-08-29T16:39:52+00:00","author":{"@id":"https:\/\/quehacerpolitico.mx\/#\/schema\/person\/496d8ad2d1d3f8036101dca7ee39e585"},"breadcrumb":{"@id":"https:\/\/quehacerpolitico.mx\/?p=118725#breadcrumb"},"inLanguage":"es","potentialAction":[{"@type":"ReadAction","target":["https:\/\/quehacerpolitico.mx\/?p=118725"]}]},{"@type":"ImageObject","inLanguage":"es","@id":"https:\/\/quehacerpolitico.mx\/?p=118725#primaryimage","url":"https:\/\/quehacerpolitico.mx\/wp-content\/uploads\/2025\/08\/fb07bd44-0f95-41a8-8353-f61c55b6d960-19.jpeg","contentUrl":"https:\/\/quehacerpolitico.mx\/wp-content\/uploads\/2025\/08\/fb07bd44-0f95-41a8-8353-f61c55b6d960-19.jpeg","width":963,"height":493},{"@type":"BreadcrumbList","@id":"https:\/\/quehacerpolitico.mx\/?p=118725#breadcrumb","itemListElement":[{"@type":"ListItem","position":1,"name":"Inicio","item":"https:\/\/quehacerpolitico.mx\/"},{"@type":"ListItem","position":2,"name":"El Quehacer Pol\u00edtico a trav\u00e9s\/\/\/Jose Alberto Prado Angeles\/\/\/\u201cNo soy un dictador. Soy un hombre con gran sentido com\u00fan y una persona inteligente\u201d:Trump"}]},{"@type":"WebSite","@id":"https:\/\/quehacerpolitico.mx\/#website","url":"https:\/\/quehacerpolitico.mx\/","name":"","description":"","potentialAction":[{"@type":"SearchAction","target":{"@type":"EntryPoint","urlTemplate":"https:\/\/quehacerpolitico.mx\/?s={search_term_string}"},"query-input":{"@type":"PropertyValueSpecification","valueRequired":true,"valueName":"search_term_string"}}],"inLanguage":"es"},{"@type":"Person","@id":"https:\/\/quehacerpolitico.mx\/#\/schema\/person\/496d8ad2d1d3f8036101dca7ee39e585","name":"Redacci\u00f3n QP","image":{"@type":"ImageObject","inLanguage":"es","@id":"https:\/\/secure.gravatar.com\/avatar\/c7164ed6fdec453195284ad24a5ae5b6e1eed2b848477fa2a4787ba9adf39a41?s=96&d=mm&r=g","url":"https:\/\/secure.gravatar.com\/avatar\/c7164ed6fdec453195284ad24a5ae5b6e1eed2b848477fa2a4787ba9adf39a41?s=96&d=mm&r=g","contentUrl":"https:\/\/secure.gravatar.com\/avatar\/c7164ed6fdec453195284ad24a5ae5b6e1eed2b848477fa2a4787ba9adf39a41?s=96&d=mm&r=g","caption":"Redacci\u00f3n QP"},"url":"https:\/\/quehacerpolitico.mx\/?author=2"}]}},"featured_image_urls":{"full":["https:\/\/quehacerpolitico.mx\/wp-content\/uploads\/2025\/08\/fb07bd44-0f95-41a8-8353-f61c55b6d960-19.jpeg",963,493,false],"thumbnail":["https:\/\/quehacerpolitico.mx\/wp-content\/uploads\/2025\/08\/fb07bd44-0f95-41a8-8353-f61c55b6d960-19-150x150.jpeg",150,150,true],"medium":["https:\/\/quehacerpolitico.mx\/wp-content\/uploads\/2025\/08\/fb07bd44-0f95-41a8-8353-f61c55b6d960-19-300x154.jpeg",300,154,true],"medium_large":["https:\/\/quehacerpolitico.mx\/wp-content\/uploads\/2025\/08\/fb07bd44-0f95-41a8-8353-f61c55b6d960-19-768x393.jpeg",640,328,true],"large":["https:\/\/quehacerpolitico.mx\/wp-content\/uploads\/2025\/08\/fb07bd44-0f95-41a8-8353-f61c55b6d960-19.jpeg",640,328,false],"1536x1536":["https:\/\/quehacerpolitico.mx\/wp-content\/uploads\/2025\/08\/fb07bd44-0f95-41a8-8353-f61c55b6d960-19.jpeg",963,493,false],"2048x2048":["https:\/\/quehacerpolitico.mx\/wp-content\/uploads\/2025\/08\/fb07bd44-0f95-41a8-8353-f61c55b6d960-19.jpeg",963,493,false],"covernews-featured":["https:\/\/quehacerpolitico.mx\/wp-content\/uploads\/2025\/08\/fb07bd44-0f95-41a8-8353-f61c55b6d960-19.jpeg",963,493,false],"covernews-medium":["https:\/\/quehacerpolitico.mx\/wp-content\/uploads\/2025\/08\/fb07bd44-0f95-41a8-8353-f61c55b6d960-19-540x340.jpeg",540,340,true]},"author_info":{"display_name":"Redacci\u00f3n QP","author_link":"https:\/\/quehacerpolitico.mx\/?author=2"},"category_info":"<a href=\"https:\/\/quehacerpolitico.mx\/?cat=1\" rel=\"category\">Internacionales<\/a> <a href=\"https:\/\/quehacerpolitico.mx\/?cat=280\" rel=\"category\">Nacionales<\/a> <a href=\"https:\/\/quehacerpolitico.mx\/?cat=2\" rel=\"category\">Noticias<\/a>","tag_info":"Noticias","comment_count":"0","_links":{"self":[{"href":"https:\/\/quehacerpolitico.mx\/index.php?rest_route=\/wp\/v2\/posts\/118725","targetHints":{"allow":["GET"]}}],"collection":[{"href":"https:\/\/quehacerpolitico.mx\/index.php?rest_route=\/wp\/v2\/posts"}],"about":[{"href":"https:\/\/quehacerpolitico.mx\/index.php?rest_route=\/wp\/v2\/types\/post"}],"author":[{"embeddable":true,"href":"https:\/\/quehacerpolitico.mx\/index.php?rest_route=\/wp\/v2\/users\/2"}],"replies":[{"embeddable":true,"href":"https:\/\/quehacerpolitico.mx\/index.php?rest_route=%2Fwp%2Fv2%2Fcomments&post=118725"}],"version-history":[{"count":1,"href":"https:\/\/quehacerpolitico.mx\/index.php?rest_route=\/wp\/v2\/posts\/118725\/revisions"}],"predecessor-version":[{"id":118727,"href":"https:\/\/quehacerpolitico.mx\/index.php?rest_route=\/wp\/v2\/posts\/118725\/revisions\/118727"}],"wp:featuredmedia":[{"embeddable":true,"href":"https:\/\/quehacerpolitico.mx\/index.php?rest_route=\/wp\/v2\/media\/118726"}],"wp:attachment":[{"href":"https:\/\/quehacerpolitico.mx\/index.php?rest_route=%2Fwp%2Fv2%2Fmedia&parent=118725"}],"wp:term":[{"taxonomy":"category","embeddable":true,"href":"https:\/\/quehacerpolitico.mx\/index.php?rest_route=%2Fwp%2Fv2%2Fcategories&post=118725"},{"taxonomy":"post_tag","embeddable":true,"href":"https:\/\/quehacerpolitico.mx\/index.php?rest_route=%2Fwp%2Fv2%2Ftags&post=118725"}],"curies":[{"name":"wp","href":"https:\/\/api.w.org\/{rel}","templated":true}]}}