{"id":118704,"date":"2025-08-28T13:28:39","date_gmt":"2025-08-28T19:28:39","guid":{"rendered":"https:\/\/quehacerpolitico.mx\/?p=118704"},"modified":"2025-08-28T13:28:40","modified_gmt":"2025-08-28T19:28:40","slug":"tasa-de-desempleo-aumenta-ligeramente-a-un-2-8-en-julio-informalidad-crece-al-56-1","status":"publish","type":"post","link":"https:\/\/quehacerpolitico.mx\/?p=118704","title":{"rendered":"Tasa de desempleo aumenta ligeramente a un 2.8% en julio; informalidad crece al 56.1%"},"content":{"rendered":"\n<p>Por Redacci\u00f3n QP<\/p>\n\n\n\n<p>El dato es menor al \u00edndice del 2.9% del mismo mes de 2024, aunque es mayor al 2.7% de junio pasado<\/p>\n\n\n\n<p>La&nbsp;<strong>tasa de desempleo<\/strong>&nbsp;en M\u00e9xico lleg\u00f3 en julio pasado al 2.8% de la&nbsp;<strong>poblaci\u00f3n econ\u00f3micamente activa<\/strong>(PEA), inform\u00f3 este jueves el Instituto Nacional de Estad\u00edstica y Geograf\u00eda (Inegi).<\/p>\n\n\n\n<p>El dato sobre desempleo es menor al \u00edndice del 2.9% del mismo mes de 2024, aunque mayor al de 2.7% de junio pasado, precis\u00f3 el organismo aut\u00f3nomo en su reporte.<\/p>\n\n\n\n<p>La&nbsp;<strong>poblaci\u00f3n desocupada<\/strong>&nbsp;fue de 1.7 millones de personas y la tasa de desocupaci\u00f3n (TD), de 2.7 % de la PEA. Respecto a julio de 2024, la poblaci\u00f3n desocupada decreci\u00f3 en 85 mil personas y la TD fue menor en 0.2 puntos porcentuales, detall\u00f3.<\/p>\n\n\n\n<p>La PEA del s\u00e9ptimo mes del a\u00f1o lleg\u00f3 a 62.5 millones de personas de 15 a\u00f1os y m\u00e1s, lo que represent\u00f3 una tasa de participaci\u00f3n de 60.2% y una poblaci\u00f3n activa superior en 390 mil personas a la de julio de 2024.<\/p>\n\n\n\n<p>De la PEA, 60.8 millones de personas estuvieron ocupadas durante julio, 475 mil m\u00e1s que en el mismo mes de un a\u00f1o antes.<\/p>\n\n\n\n<p>Las&nbsp;<strong>personas<\/strong>&nbsp;<strong>subocupadas<\/strong>, es decir, quienes declararon tener necesidad y disponibilidad para trabajar m\u00e1s horas, fueron 4.5 millones, el 7.3% de la poblaci\u00f3n ocupada, misma cantidad que en junio de 2024.<\/p>\n\n\n\n<h2 class=\"wp-block-heading\">Por sectores e informalidad<\/h2>\n\n\n\n<p>Los&nbsp;<strong>trabajadores<\/strong>&nbsp;<strong>informales<\/strong>&nbsp;en julio totalizaron 34.1 millones, lo que aument\u00f3 la tasa de informalidad al 56.1%.<\/p>\n\n\n\n<p>La poblaci\u00f3n ocupada por sector de actividad se distribuy\u00f3 con 44.1% del total en&nbsp;<strong>servicios<\/strong>, en&nbsp;<strong>comercio<\/strong>&nbsp;19.7%, en&nbsp;<strong>manufacturas<\/strong>&nbsp;el 16%; en&nbsp;<strong>actividades<\/strong><strong>agropecuarias<\/strong>&nbsp;11% y en&nbsp;<strong>construcci\u00f3n<\/strong>7.8%.&nbsp;<\/p>\n\n\n\n<p>Mientras que en &#8220;otras actividades econ\u00f3micas&#8221;, que incluyen&nbsp;<strong>miner\u00eda<\/strong>,&nbsp;<strong>electricidad<\/strong>,&nbsp;<strong>agua<\/strong>&nbsp;y&nbsp;<strong>suministro<\/strong>&nbsp;<strong>de<\/strong>&nbsp;<strong>gas<\/strong>, estuvo ocupada el 0.7%, y otro 0.7% no especific\u00f3 actividad.&nbsp;<\/p>\n\n\n\n<p>Por g\u00e9nero, la&nbsp;<strong>PEA<\/strong>&nbsp;<strong>femenina<\/strong>&nbsp;en julio fue de 25 millones y la masculina de 35.8 millones, con una tasa de participaci\u00f3n de 46.5% en mujeres en edad de trabajar y de 75.7% en hombres.&nbsp;<\/p>\n\n\n\n<p>Las cifras reflejan el comportamiento econ\u00f3mico de M\u00e9xico, que creci\u00f3 0.6% en el segundo trimestre del a\u00f1o, pese a las alertas de recesi\u00f3n por la guerra comercial desatada por Estados Unidos y tras el crecimiento de 1.5% del PIB en 2024.<\/p>\n\n\n\n<p>Con informaci\u00f3n de EFE<\/p>\n","protected":false},"excerpt":{"rendered":"<p>Por Redacci\u00f3n QP El dato es menor al \u00edndice del 2.9% del mismo mes de&#8230;<\/p>\n","protected":false},"author":2,"featured_media":118705,"comment_status":"open","ping_status":"open","sticky":false,"template":"","format":"standard","meta":{"_monsterinsights_skip_tracking":false,"_monsterinsights_sitenote_active":false,"_monsterinsights_sitenote_note":"","_monsterinsights_sitenote_category":0,"footnotes":""},"categories":[56],"tags":[],"class_list":["post-118704","post","type-post","status-publish","format-standard","has-post-thumbnail","hentry","category-economia"],"yoast_head":"<!-- This site is optimized with the Yoast SEO plugin v27.3 - https:\/\/yoast.com\/product\/yoast-seo-wordpress\/ -->\n<title>Tasa de desempleo aumenta ligeramente a un 2.8% en julio; informalidad crece al 56.1% -<\/title>\n<meta name=\"robots\" content=\"index, follow, max-snippet:-1, max-image-preview:large, max-video-preview:-1\" \/>\n<link rel=\"canonical\" href=\"https:\/\/quehacerpolitico.mx\/?p=118704\" \/>\n<meta property=\"og:locale\" content=\"es_MX\" \/>\n<meta property=\"og:type\" content=\"article\" \/>\n<meta property=\"og:title\" content=\"Tasa de desempleo aumenta ligeramente a un 2.8% en julio; informalidad crece al 56.1% -\" \/>\n<meta property=\"og:description\" content=\"Por Redacci\u00f3n QP El dato es menor al \u00edndice del 2.9% del mismo mes de...\" \/>\n<meta property=\"og:url\" content=\"https:\/\/quehacerpolitico.mx\/?p=118704\" \/>\n<meta property=\"article:published_time\" content=\"2025-08-28T19:28:39+00:00\" \/>\n<meta property=\"article:modified_time\" content=\"2025-08-28T19:28:40+00:00\" \/>\n<meta property=\"og:image\" content=\"https:\/\/quehacerpolitico.mx\/wp-content\/uploads\/2025\/08\/IMG_3103.jpeg\" \/>\n\t<meta property=\"og:image:width\" content=\"739\" \/>\n\t<meta property=\"og:image:height\" content=\"415\" \/>\n\t<meta property=\"og:image:type\" content=\"image\/jpeg\" \/>\n<meta name=\"author\" content=\"Redacci\u00f3n QP\" \/>\n<meta name=\"twitter:card\" content=\"summary_large_image\" \/>\n<meta name=\"twitter:label1\" content=\"Escrito por\" \/>\n\t<meta name=\"twitter:data1\" content=\"Redacci\u00f3n QP\" \/>\n\t<meta name=\"twitter:label2\" content=\"Tiempo de lectura\" \/>\n\t<meta name=\"twitter:data2\" content=\"2 minutos\" \/>\n<script type=\"application\/ld+json\" class=\"yoast-schema-graph\">{\"@context\":\"https:\\\/\\\/schema.org\",\"@graph\":[{\"@type\":\"Article\",\"@id\":\"https:\\\/\\\/quehacerpolitico.mx\\\/?p=118704#article\",\"isPartOf\":{\"@id\":\"https:\\\/\\\/quehacerpolitico.mx\\\/?p=118704\"},\"author\":{\"name\":\"Redacci\u00f3n QP\",\"@id\":\"https:\\\/\\\/quehacerpolitico.mx\\\/#\\\/schema\\\/person\\\/496d8ad2d1d3f8036101dca7ee39e585\"},\"headline\":\"Tasa de desempleo aumenta ligeramente a un 2.8% en julio; informalidad crece al 56.1%\",\"datePublished\":\"2025-08-28T19:28:39+00:00\",\"dateModified\":\"2025-08-28T19:28:40+00:00\",\"mainEntityOfPage\":{\"@id\":\"https:\\\/\\\/quehacerpolitico.mx\\\/?p=118704\"},\"wordCount\":414,\"commentCount\":0,\"image\":{\"@id\":\"https:\\\/\\\/quehacerpolitico.mx\\\/?p=118704#primaryimage\"},\"thumbnailUrl\":\"https:\\\/\\\/quehacerpolitico.mx\\\/wp-content\\\/uploads\\\/2025\\\/08\\\/IMG_3103.jpeg\",\"articleSection\":[\"Econom\u00eda\"],\"inLanguage\":\"es\",\"potentialAction\":[{\"@type\":\"CommentAction\",\"name\":\"Comment\",\"target\":[\"https:\\\/\\\/quehacerpolitico.mx\\\/?p=118704#respond\"]}]},{\"@type\":\"WebPage\",\"@id\":\"https:\\\/\\\/quehacerpolitico.mx\\\/?p=118704\",\"url\":\"https:\\\/\\\/quehacerpolitico.mx\\\/?p=118704\",\"name\":\"Tasa de desempleo aumenta ligeramente a un 2.8% en julio; informalidad crece al 56.1% -\",\"isPartOf\":{\"@id\":\"https:\\\/\\\/quehacerpolitico.mx\\\/#website\"},\"primaryImageOfPage\":{\"@id\":\"https:\\\/\\\/quehacerpolitico.mx\\\/?p=118704#primaryimage\"},\"image\":{\"@id\":\"https:\\\/\\\/quehacerpolitico.mx\\\/?p=118704#primaryimage\"},\"thumbnailUrl\":\"https:\\\/\\\/quehacerpolitico.mx\\\/wp-content\\\/uploads\\\/2025\\\/08\\\/IMG_3103.jpeg\",\"datePublished\":\"2025-08-28T19:28:39+00:00\",\"dateModified\":\"2025-08-28T19:28:40+00:00\",\"author\":{\"@id\":\"https:\\\/\\\/quehacerpolitico.mx\\\/#\\\/schema\\\/person\\\/496d8ad2d1d3f8036101dca7ee39e585\"},\"breadcrumb\":{\"@id\":\"https:\\\/\\\/quehacerpolitico.mx\\\/?p=118704#breadcrumb\"},\"inLanguage\":\"es\",\"potentialAction\":[{\"@type\":\"ReadAction\",\"target\":[\"https:\\\/\\\/quehacerpolitico.mx\\\/?p=118704\"]}]},{\"@type\":\"ImageObject\",\"inLanguage\":\"es\",\"@id\":\"https:\\\/\\\/quehacerpolitico.mx\\\/?p=118704#primaryimage\",\"url\":\"https:\\\/\\\/quehacerpolitico.mx\\\/wp-content\\\/uploads\\\/2025\\\/08\\\/IMG_3103.jpeg\",\"contentUrl\":\"https:\\\/\\\/quehacerpolitico.mx\\\/wp-content\\\/uploads\\\/2025\\\/08\\\/IMG_3103.jpeg\",\"width\":739,\"height\":415},{\"@type\":\"BreadcrumbList\",\"@id\":\"https:\\\/\\\/quehacerpolitico.mx\\\/?p=118704#breadcrumb\",\"itemListElement\":[{\"@type\":\"ListItem\",\"position\":1,\"name\":\"Inicio\",\"item\":\"https:\\\/\\\/quehacerpolitico.mx\\\/\"},{\"@type\":\"ListItem\",\"position\":2,\"name\":\"Tasa de desempleo aumenta ligeramente a un 2.8% en julio; informalidad crece al 56.1%\"}]},{\"@type\":\"WebSite\",\"@id\":\"https:\\\/\\\/quehacerpolitico.mx\\\/#website\",\"url\":\"https:\\\/\\\/quehacerpolitico.mx\\\/\",\"name\":\"\",\"description\":\"\",\"potentialAction\":[{\"@type\":\"SearchAction\",\"target\":{\"@type\":\"EntryPoint\",\"urlTemplate\":\"https:\\\/\\\/quehacerpolitico.mx\\\/?s={search_term_string}\"},\"query-input\":{\"@type\":\"PropertyValueSpecification\",\"valueRequired\":true,\"valueName\":\"search_term_string\"}}],\"inLanguage\":\"es\"},{\"@type\":\"Person\",\"@id\":\"https:\\\/\\\/quehacerpolitico.mx\\\/#\\\/schema\\\/person\\\/496d8ad2d1d3f8036101dca7ee39e585\",\"name\":\"Redacci\u00f3n QP\",\"image\":{\"@type\":\"ImageObject\",\"inLanguage\":\"es\",\"@id\":\"https:\\\/\\\/secure.gravatar.com\\\/avatar\\\/c7164ed6fdec453195284ad24a5ae5b6e1eed2b848477fa2a4787ba9adf39a41?s=96&d=mm&r=g\",\"url\":\"https:\\\/\\\/secure.gravatar.com\\\/avatar\\\/c7164ed6fdec453195284ad24a5ae5b6e1eed2b848477fa2a4787ba9adf39a41?s=96&d=mm&r=g\",\"contentUrl\":\"https:\\\/\\\/secure.gravatar.com\\\/avatar\\\/c7164ed6fdec453195284ad24a5ae5b6e1eed2b848477fa2a4787ba9adf39a41?s=96&d=mm&r=g\",\"caption\":\"Redacci\u00f3n QP\"},\"url\":\"https:\\\/\\\/quehacerpolitico.mx\\\/?author=2\"}]}<\/script>\n<!-- \/ Yoast SEO plugin. -->","yoast_head_json":{"title":"Tasa de desempleo aumenta ligeramente a un 2.8% en julio; informalidad crece al 56.1% -","robots":{"index":"index","follow":"follow","max-snippet":"max-snippet:-1","max-image-preview":"max-image-preview:large","max-video-preview":"max-video-preview:-1"},"canonical":"https:\/\/quehacerpolitico.mx\/?p=118704","og_locale":"es_MX","og_type":"article","og_title":"Tasa de desempleo aumenta ligeramente a un 2.8% en julio; informalidad crece al 56.1% -","og_description":"Por Redacci\u00f3n QP El dato es menor al \u00edndice del 2.9% del mismo mes de...","og_url":"https:\/\/quehacerpolitico.mx\/?p=118704","article_published_time":"2025-08-28T19:28:39+00:00","article_modified_time":"2025-08-28T19:28:40+00:00","og_image":[{"width":739,"height":415,"url":"https:\/\/quehacerpolitico.mx\/wp-content\/uploads\/2025\/08\/IMG_3103.jpeg","type":"image\/jpeg"}],"author":"Redacci\u00f3n QP","twitter_card":"summary_large_image","twitter_misc":{"Escrito por":"Redacci\u00f3n QP","Tiempo de lectura":"2 minutos"},"schema":{"@context":"https:\/\/schema.org","@graph":[{"@type":"Article","@id":"https:\/\/quehacerpolitico.mx\/?p=118704#article","isPartOf":{"@id":"https:\/\/quehacerpolitico.mx\/?p=118704"},"author":{"name":"Redacci\u00f3n QP","@id":"https:\/\/quehacerpolitico.mx\/#\/schema\/person\/496d8ad2d1d3f8036101dca7ee39e585"},"headline":"Tasa de desempleo aumenta ligeramente a un 2.8% en julio; informalidad crece al 56.1%","datePublished":"2025-08-28T19:28:39+00:00","dateModified":"2025-08-28T19:28:40+00:00","mainEntityOfPage":{"@id":"https:\/\/quehacerpolitico.mx\/?p=118704"},"wordCount":414,"commentCount":0,"image":{"@id":"https:\/\/quehacerpolitico.mx\/?p=118704#primaryimage"},"thumbnailUrl":"https:\/\/quehacerpolitico.mx\/wp-content\/uploads\/2025\/08\/IMG_3103.jpeg","articleSection":["Econom\u00eda"],"inLanguage":"es","potentialAction":[{"@type":"CommentAction","name":"Comment","target":["https:\/\/quehacerpolitico.mx\/?p=118704#respond"]}]},{"@type":"WebPage","@id":"https:\/\/quehacerpolitico.mx\/?p=118704","url":"https:\/\/quehacerpolitico.mx\/?p=118704","name":"Tasa de desempleo aumenta ligeramente a un 2.8% en julio; informalidad crece al 56.1% -","isPartOf":{"@id":"https:\/\/quehacerpolitico.mx\/#website"},"primaryImageOfPage":{"@id":"https:\/\/quehacerpolitico.mx\/?p=118704#primaryimage"},"image":{"@id":"https:\/\/quehacerpolitico.mx\/?p=118704#primaryimage"},"thumbnailUrl":"https:\/\/quehacerpolitico.mx\/wp-content\/uploads\/2025\/08\/IMG_3103.jpeg","datePublished":"2025-08-28T19:28:39+00:00","dateModified":"2025-08-28T19:28:40+00:00","author":{"@id":"https:\/\/quehacerpolitico.mx\/#\/schema\/person\/496d8ad2d1d3f8036101dca7ee39e585"},"breadcrumb":{"@id":"https:\/\/quehacerpolitico.mx\/?p=118704#breadcrumb"},"inLanguage":"es","potentialAction":[{"@type":"ReadAction","target":["https:\/\/quehacerpolitico.mx\/?p=118704"]}]},{"@type":"ImageObject","inLanguage":"es","@id":"https:\/\/quehacerpolitico.mx\/?p=118704#primaryimage","url":"https:\/\/quehacerpolitico.mx\/wp-content\/uploads\/2025\/08\/IMG_3103.jpeg","contentUrl":"https:\/\/quehacerpolitico.mx\/wp-content\/uploads\/2025\/08\/IMG_3103.jpeg","width":739,"height":415},{"@type":"BreadcrumbList","@id":"https:\/\/quehacerpolitico.mx\/?p=118704#breadcrumb","itemListElement":[{"@type":"ListItem","position":1,"name":"Inicio","item":"https:\/\/quehacerpolitico.mx\/"},{"@type":"ListItem","position":2,"name":"Tasa de desempleo aumenta ligeramente a un 2.8% en julio; informalidad crece al 56.1%"}]},{"@type":"WebSite","@id":"https:\/\/quehacerpolitico.mx\/#website","url":"https:\/\/quehacerpolitico.mx\/","name":"","description":"","potentialAction":[{"@type":"SearchAction","target":{"@type":"EntryPoint","urlTemplate":"https:\/\/quehacerpolitico.mx\/?s={search_term_string}"},"query-input":{"@type":"PropertyValueSpecification","valueRequired":true,"valueName":"search_term_string"}}],"inLanguage":"es"},{"@type":"Person","@id":"https:\/\/quehacerpolitico.mx\/#\/schema\/person\/496d8ad2d1d3f8036101dca7ee39e585","name":"Redacci\u00f3n QP","image":{"@type":"ImageObject","inLanguage":"es","@id":"https:\/\/secure.gravatar.com\/avatar\/c7164ed6fdec453195284ad24a5ae5b6e1eed2b848477fa2a4787ba9adf39a41?s=96&d=mm&r=g","url":"https:\/\/secure.gravatar.com\/avatar\/c7164ed6fdec453195284ad24a5ae5b6e1eed2b848477fa2a4787ba9adf39a41?s=96&d=mm&r=g","contentUrl":"https:\/\/secure.gravatar.com\/avatar\/c7164ed6fdec453195284ad24a5ae5b6e1eed2b848477fa2a4787ba9adf39a41?s=96&d=mm&r=g","caption":"Redacci\u00f3n QP"},"url":"https:\/\/quehacerpolitico.mx\/?author=2"}]}},"featured_image_urls":{"full":["https:\/\/quehacerpolitico.mx\/wp-content\/uploads\/2025\/08\/IMG_3103.jpeg",739,415,false],"thumbnail":["https:\/\/quehacerpolitico.mx\/wp-content\/uploads\/2025\/08\/IMG_3103-150x150.jpeg",150,150,true],"medium":["https:\/\/quehacerpolitico.mx\/wp-content\/uploads\/2025\/08\/IMG_3103-300x168.jpeg",300,168,true],"medium_large":["https:\/\/quehacerpolitico.mx\/wp-content\/uploads\/2025\/08\/IMG_3103.jpeg",640,359,false],"large":["https:\/\/quehacerpolitico.mx\/wp-content\/uploads\/2025\/08\/IMG_3103.jpeg",640,359,false],"1536x1536":["https:\/\/quehacerpolitico.mx\/wp-content\/uploads\/2025\/08\/IMG_3103.jpeg",739,415,false],"2048x2048":["https:\/\/quehacerpolitico.mx\/wp-content\/uploads\/2025\/08\/IMG_3103.jpeg",739,415,false],"covernews-featured":["https:\/\/quehacerpolitico.mx\/wp-content\/uploads\/2025\/08\/IMG_3103.jpeg",739,415,false],"covernews-medium":["https:\/\/quehacerpolitico.mx\/wp-content\/uploads\/2025\/08\/IMG_3103-540x340.jpeg",540,340,true]},"author_info":{"display_name":"Redacci\u00f3n QP","author_link":"https:\/\/quehacerpolitico.mx\/?author=2"},"category_info":"<a href=\"https:\/\/quehacerpolitico.mx\/?cat=56\" rel=\"category\">Econom\u00eda<\/a>","tag_info":"Econom\u00eda","comment_count":"0","_links":{"self":[{"href":"https:\/\/quehacerpolitico.mx\/index.php?rest_route=\/wp\/v2\/posts\/118704","targetHints":{"allow":["GET"]}}],"collection":[{"href":"https:\/\/quehacerpolitico.mx\/index.php?rest_route=\/wp\/v2\/posts"}],"about":[{"href":"https:\/\/quehacerpolitico.mx\/index.php?rest_route=\/wp\/v2\/types\/post"}],"author":[{"embeddable":true,"href":"https:\/\/quehacerpolitico.mx\/index.php?rest_route=\/wp\/v2\/users\/2"}],"replies":[{"embeddable":true,"href":"https:\/\/quehacerpolitico.mx\/index.php?rest_route=%2Fwp%2Fv2%2Fcomments&post=118704"}],"version-history":[{"count":1,"href":"https:\/\/quehacerpolitico.mx\/index.php?rest_route=\/wp\/v2\/posts\/118704\/revisions"}],"predecessor-version":[{"id":118706,"href":"https:\/\/quehacerpolitico.mx\/index.php?rest_route=\/wp\/v2\/posts\/118704\/revisions\/118706"}],"wp:featuredmedia":[{"embeddable":true,"href":"https:\/\/quehacerpolitico.mx\/index.php?rest_route=\/wp\/v2\/media\/118705"}],"wp:attachment":[{"href":"https:\/\/quehacerpolitico.mx\/index.php?rest_route=%2Fwp%2Fv2%2Fmedia&parent=118704"}],"wp:term":[{"taxonomy":"category","embeddable":true,"href":"https:\/\/quehacerpolitico.mx\/index.php?rest_route=%2Fwp%2Fv2%2Fcategories&post=118704"},{"taxonomy":"post_tag","embeddable":true,"href":"https:\/\/quehacerpolitico.mx\/index.php?rest_route=%2Fwp%2Fv2%2Ftags&post=118704"}],"curies":[{"name":"wp","href":"https:\/\/api.w.org\/{rel}","templated":true}]}}