{"id":118701,"date":"2025-08-28T13:15:19","date_gmt":"2025-08-28T19:15:19","guid":{"rendered":"https:\/\/quehacerpolitico.mx\/?p=118701"},"modified":"2025-08-28T13:15:21","modified_gmt":"2025-08-28T19:15:21","slug":"max-verstappen-muestra-su-clase-y-felicita-a-checo-perez-por-su-regreso-a-f1-estoy-muy-feliz-de-que-haya-conseguido-un-asiento","status":"publish","type":"post","link":"https:\/\/quehacerpolitico.mx\/?p=118701","title":{"rendered":"Max Verstappen muestra su clase y felicita a Checo P\u00e9rez por su regreso a F1: \u201cEstoy muy feliz de que haya conseguido un asiento\u201d"},"content":{"rendered":"\n<p>Por Redacci\u00f3n QP<\/p>\n\n\n\n<p>A diferencia de la escuder\u00eda Red Bull, que no reaccion\u00f3 al anuncio del fichaje de Checo P\u00e9rez con Cadillac, Verstappen se dijo muy contento por la noticia.<\/p>\n\n\n\n<p><strong>Max Verstappen<\/strong>&nbsp;dijo el jueves que&nbsp;<strong>felicit\u00f3 a su excompa\u00f1ero de equipo en Red Bull Checo P\u00e9rez<\/strong>&nbsp;tan pronto como se enter\u00f3 de que el mexicano hab\u00eda asegurado el&nbsp;<strong>regreso a la F\u00f3rmula Uno<\/strong>&nbsp;la pr\u00f3xima temporada con la reci\u00e9n llegada escuder\u00eda Cadillac.<\/p>\n\n\n\n<p><strong>Checo P\u00e9rez<\/strong>&nbsp;fue compa\u00f1ero del cuatro veces campe\u00f3n del mundo en Red Bull de 2021 a 2024, pero se fue despu\u00e9s de una dram\u00e1tica ca\u00edda en su desempe\u00f1o. El regreso del piloto de 35 a\u00f1os, junto a Valtteri Bottas, con los debutantes de 2026 se anunci\u00f3 el martes.<\/p>\n\n\n\n<p>&#8220;R\u00e1pidamente, cuando vi que sal\u00eda la noticia,&nbsp;<strong>le envi\u00e9 un mensaje<\/strong>&#8220;, dijo Verstappen a periodistas antes del Gran Premio de Pa\u00edses Bajos. A diferencia de Max, la escuder\u00eda&nbsp;<strong>Red Bull no public\u00f3 ninguna reacci\u00f3n<\/strong>&nbsp;por el regreso de Checo P\u00e9rez.<\/p>\n\n\n\n<p>&#8220;Por supuesto, estoy&nbsp;<strong>muy contento por \u00e9l de que haya conseguido un asiento<\/strong>. Es un gran tipo y siempre nos hemos llevado muy bien. Estoy&nbsp;<strong>contento de verle de nuevo en la parrilla<\/strong>&#8220;, agreg\u00f3. &#8220;Creo que&nbsp;<strong>su rendimiento depender\u00e1 de lo bueno que sea el coche<\/strong>, pero es una nueva oportunidad y estoy seguro de que est\u00e1 muy ilusionado&#8221;.<\/p>\n\n\n\n<figure class=\"wp-block-embed is-type-rich is-provider-twitter wp-block-embed-twitter\"><div class=\"wp-block-embed__wrapper\">\n<blockquote class=\"twitter-tweet\" data-width=\"550\" data-dnt=\"true\"><p lang=\"en\" dir=\"ltr\">&quot;He&#39;s a great guy&quot;<br><br>Max is happy to see Checo back on the grid next year \ud83e\udd29<a href=\"https:\/\/twitter.com\/hashtag\/F1?src=hash&amp;ref_src=twsrc%5Etfw\">#F1<\/a> <a href=\"https:\/\/twitter.com\/hashtag\/DutchGP?src=hash&amp;ref_src=twsrc%5Etfw\">#DutchGP<\/a> <a href=\"https:\/\/t.co\/c5Xgs14sJp\">pic.twitter.com\/c5Xgs14sJp<\/a><\/p>&mdash; Formula 1 (@F1) <a href=\"https:\/\/twitter.com\/F1\/status\/1961098197646143693?ref_src=twsrc%5Etfw\">August 28, 2025<\/a><\/blockquote><script async src=\"https:\/\/platform.twitter.com\/widgets.js\" charset=\"utf-8\"><\/script>\n<\/div><\/figure>\n\n\n\n<h2 class=\"wp-block-heading\">EXCOMPA\u00d1EROS<\/h2>\n\n\n\n<p>Checo P\u00e9rez, ganador de seis carreras en la F\u00f3rmula 1, fue subcampe\u00f3n del campeonato tras Verstappen en 2023, pero cay\u00f3 al octavo puesto en 2024, cuando su compa\u00f1ero de equipo se hizo con su cuarto t\u00edtulo consecutivo.<\/p>\n\n\n\n<p>Sus sucesores Liam Lawson, que dur\u00f3 dos carreras, y Yuki Tsunoda tambi\u00e9n han tenido&nbsp;<strong>problemas<\/strong>&nbsp;en un equipo en el que Verstappen es el claro n\u00famero uno y el coche est\u00e1 afinado a su gusto.<\/p>\n\n\n\n<p>Desde la marcha de Checo P\u00e9rez, Verstappen ha ganado dos carreras y ha sumado 187 puntos, pero sus compa\u00f1eros solo han sumado siete, con Tsunoda teniendo como mejores resultados un sexto lugar en el sprint de Miami y un noveno puesto en grandes premios regulares.<\/p>\n\n\n\n<p>Verstappen dijo que P\u00e9rez tiene ahora la oportunidad de&nbsp;<strong>empezar de cero<\/strong>&nbsp;con el und\u00e9cimo equipo del deporte.&nbsp;<\/p>\n\n\n\n<p>&#8220;Creo que tambi\u00e9n por su parte, s\u00f3lo una mitad de la temporada no define lo que puedes hacer, \u00bfverdad? Creo que \u00e9l tambi\u00e9n es relajado con eso. Algunas personas quiz\u00e1s se detienen un poco m\u00e1s en ello&#8221;, a\u00f1adi\u00f3.&nbsp;<\/p>\n\n\n\n<p>&#8220;Ha demostrado muchas cosas grandes incluso antes de llegar a Red Bull, durante la \u00e9poca de Red Bull. S\u00f3lo tiene que&nbsp;<strong>volver a disfrutar<\/strong>&nbsp;y pas\u00e1rselo bien&#8221;.<\/p>\n\n\n\n<p>Con informaci\u00f3n de Reuters<\/p>\n","protected":false},"excerpt":{"rendered":"<p>Por Redacci\u00f3n QP A diferencia de la escuder\u00eda Red Bull, que no reaccion\u00f3 al anuncio&#8230;<\/p>\n","protected":false},"author":2,"featured_media":118702,"comment_status":"open","ping_status":"open","sticky":false,"template":"","format":"standard","meta":{"_monsterinsights_skip_tracking":false,"_monsterinsights_sitenote_active":false,"_monsterinsights_sitenote_note":"","_monsterinsights_sitenote_category":0,"footnotes":""},"categories":[54],"tags":[],"class_list":["post-118701","post","type-post","status-publish","format-standard","has-post-thumbnail","hentry","category-deportes"],"yoast_head":"<!-- This site is optimized with the Yoast SEO plugin v27.3 - https:\/\/yoast.com\/product\/yoast-seo-wordpress\/ -->\n<title>Max Verstappen muestra su clase y felicita a Checo P\u00e9rez por su regreso a F1: \u201cEstoy muy feliz de que haya conseguido un asiento\u201d -<\/title>\n<meta name=\"robots\" content=\"index, follow, max-snippet:-1, max-image-preview:large, max-video-preview:-1\" \/>\n<link rel=\"canonical\" href=\"https:\/\/quehacerpolitico.mx\/?p=118701\" \/>\n<meta property=\"og:locale\" content=\"es_MX\" \/>\n<meta property=\"og:type\" content=\"article\" \/>\n<meta property=\"og:title\" content=\"Max Verstappen muestra su clase y felicita a Checo P\u00e9rez por su regreso a F1: \u201cEstoy muy feliz de que haya conseguido un asiento\u201d -\" \/>\n<meta property=\"og:description\" content=\"Por Redacci\u00f3n QP A diferencia de la escuder\u00eda Red Bull, que no reaccion\u00f3 al anuncio...\" \/>\n<meta property=\"og:url\" content=\"https:\/\/quehacerpolitico.mx\/?p=118701\" \/>\n<meta property=\"article:published_time\" content=\"2025-08-28T19:15:19+00:00\" \/>\n<meta property=\"article:modified_time\" content=\"2025-08-28T19:15:21+00:00\" \/>\n<meta property=\"og:image\" content=\"https:\/\/quehacerpolitico.mx\/wp-content\/uploads\/2025\/08\/IMG_3100.jpeg\" \/>\n\t<meta property=\"og:image:width\" content=\"678\" \/>\n\t<meta property=\"og:image:height\" content=\"452\" \/>\n\t<meta property=\"og:image:type\" content=\"image\/jpeg\" \/>\n<meta name=\"author\" content=\"Redacci\u00f3n QP\" \/>\n<meta name=\"twitter:card\" content=\"summary_large_image\" \/>\n<meta name=\"twitter:label1\" content=\"Escrito por\" \/>\n\t<meta name=\"twitter:data1\" content=\"Redacci\u00f3n QP\" \/>\n\t<meta name=\"twitter:label2\" content=\"Tiempo de lectura\" \/>\n\t<meta name=\"twitter:data2\" content=\"2 minutos\" \/>\n<script type=\"application\/ld+json\" class=\"yoast-schema-graph\">{\"@context\":\"https:\\\/\\\/schema.org\",\"@graph\":[{\"@type\":\"Article\",\"@id\":\"https:\\\/\\\/quehacerpolitico.mx\\\/?p=118701#article\",\"isPartOf\":{\"@id\":\"https:\\\/\\\/quehacerpolitico.mx\\\/?p=118701\"},\"author\":{\"name\":\"Redacci\u00f3n QP\",\"@id\":\"https:\\\/\\\/quehacerpolitico.mx\\\/#\\\/schema\\\/person\\\/496d8ad2d1d3f8036101dca7ee39e585\"},\"headline\":\"Max Verstappen muestra su clase y felicita a Checo P\u00e9rez por su regreso a F1: \u201cEstoy muy feliz de que haya conseguido un asiento\u201d\",\"datePublished\":\"2025-08-28T19:15:19+00:00\",\"dateModified\":\"2025-08-28T19:15:21+00:00\",\"mainEntityOfPage\":{\"@id\":\"https:\\\/\\\/quehacerpolitico.mx\\\/?p=118701\"},\"wordCount\":513,\"commentCount\":0,\"image\":{\"@id\":\"https:\\\/\\\/quehacerpolitico.mx\\\/?p=118701#primaryimage\"},\"thumbnailUrl\":\"https:\\\/\\\/quehacerpolitico.mx\\\/wp-content\\\/uploads\\\/2025\\\/08\\\/IMG_3100.jpeg\",\"articleSection\":[\"Deportes\"],\"inLanguage\":\"es\",\"potentialAction\":[{\"@type\":\"CommentAction\",\"name\":\"Comment\",\"target\":[\"https:\\\/\\\/quehacerpolitico.mx\\\/?p=118701#respond\"]}]},{\"@type\":\"WebPage\",\"@id\":\"https:\\\/\\\/quehacerpolitico.mx\\\/?p=118701\",\"url\":\"https:\\\/\\\/quehacerpolitico.mx\\\/?p=118701\",\"name\":\"Max Verstappen muestra su clase y felicita a Checo P\u00e9rez por su regreso a F1: \u201cEstoy muy feliz de que haya conseguido un asiento\u201d -\",\"isPartOf\":{\"@id\":\"https:\\\/\\\/quehacerpolitico.mx\\\/#website\"},\"primaryImageOfPage\":{\"@id\":\"https:\\\/\\\/quehacerpolitico.mx\\\/?p=118701#primaryimage\"},\"image\":{\"@id\":\"https:\\\/\\\/quehacerpolitico.mx\\\/?p=118701#primaryimage\"},\"thumbnailUrl\":\"https:\\\/\\\/quehacerpolitico.mx\\\/wp-content\\\/uploads\\\/2025\\\/08\\\/IMG_3100.jpeg\",\"datePublished\":\"2025-08-28T19:15:19+00:00\",\"dateModified\":\"2025-08-28T19:15:21+00:00\",\"author\":{\"@id\":\"https:\\\/\\\/quehacerpolitico.mx\\\/#\\\/schema\\\/person\\\/496d8ad2d1d3f8036101dca7ee39e585\"},\"breadcrumb\":{\"@id\":\"https:\\\/\\\/quehacerpolitico.mx\\\/?p=118701#breadcrumb\"},\"inLanguage\":\"es\",\"potentialAction\":[{\"@type\":\"ReadAction\",\"target\":[\"https:\\\/\\\/quehacerpolitico.mx\\\/?p=118701\"]}]},{\"@type\":\"ImageObject\",\"inLanguage\":\"es\",\"@id\":\"https:\\\/\\\/quehacerpolitico.mx\\\/?p=118701#primaryimage\",\"url\":\"https:\\\/\\\/quehacerpolitico.mx\\\/wp-content\\\/uploads\\\/2025\\\/08\\\/IMG_3100.jpeg\",\"contentUrl\":\"https:\\\/\\\/quehacerpolitico.mx\\\/wp-content\\\/uploads\\\/2025\\\/08\\\/IMG_3100.jpeg\",\"width\":678,\"height\":452},{\"@type\":\"BreadcrumbList\",\"@id\":\"https:\\\/\\\/quehacerpolitico.mx\\\/?p=118701#breadcrumb\",\"itemListElement\":[{\"@type\":\"ListItem\",\"position\":1,\"name\":\"Inicio\",\"item\":\"https:\\\/\\\/quehacerpolitico.mx\\\/\"},{\"@type\":\"ListItem\",\"position\":2,\"name\":\"Max Verstappen muestra su clase y felicita a Checo P\u00e9rez por su regreso a F1: \u201cEstoy muy feliz de que haya conseguido un asiento\u201d\"}]},{\"@type\":\"WebSite\",\"@id\":\"https:\\\/\\\/quehacerpolitico.mx\\\/#website\",\"url\":\"https:\\\/\\\/quehacerpolitico.mx\\\/\",\"name\":\"\",\"description\":\"\",\"potentialAction\":[{\"@type\":\"SearchAction\",\"target\":{\"@type\":\"EntryPoint\",\"urlTemplate\":\"https:\\\/\\\/quehacerpolitico.mx\\\/?s={search_term_string}\"},\"query-input\":{\"@type\":\"PropertyValueSpecification\",\"valueRequired\":true,\"valueName\":\"search_term_string\"}}],\"inLanguage\":\"es\"},{\"@type\":\"Person\",\"@id\":\"https:\\\/\\\/quehacerpolitico.mx\\\/#\\\/schema\\\/person\\\/496d8ad2d1d3f8036101dca7ee39e585\",\"name\":\"Redacci\u00f3n QP\",\"image\":{\"@type\":\"ImageObject\",\"inLanguage\":\"es\",\"@id\":\"https:\\\/\\\/secure.gravatar.com\\\/avatar\\\/c7164ed6fdec453195284ad24a5ae5b6e1eed2b848477fa2a4787ba9adf39a41?s=96&d=mm&r=g\",\"url\":\"https:\\\/\\\/secure.gravatar.com\\\/avatar\\\/c7164ed6fdec453195284ad24a5ae5b6e1eed2b848477fa2a4787ba9adf39a41?s=96&d=mm&r=g\",\"contentUrl\":\"https:\\\/\\\/secure.gravatar.com\\\/avatar\\\/c7164ed6fdec453195284ad24a5ae5b6e1eed2b848477fa2a4787ba9adf39a41?s=96&d=mm&r=g\",\"caption\":\"Redacci\u00f3n QP\"},\"url\":\"https:\\\/\\\/quehacerpolitico.mx\\\/?author=2\"}]}<\/script>\n<!-- \/ Yoast SEO plugin. -->","yoast_head_json":{"title":"Max Verstappen muestra su clase y felicita a Checo P\u00e9rez por su regreso a F1: \u201cEstoy muy feliz de que haya conseguido un asiento\u201d -","robots":{"index":"index","follow":"follow","max-snippet":"max-snippet:-1","max-image-preview":"max-image-preview:large","max-video-preview":"max-video-preview:-1"},"canonical":"https:\/\/quehacerpolitico.mx\/?p=118701","og_locale":"es_MX","og_type":"article","og_title":"Max Verstappen muestra su clase y felicita a Checo P\u00e9rez por su regreso a F1: \u201cEstoy muy feliz de que haya conseguido un asiento\u201d -","og_description":"Por Redacci\u00f3n QP A diferencia de la escuder\u00eda Red Bull, que no reaccion\u00f3 al anuncio...","og_url":"https:\/\/quehacerpolitico.mx\/?p=118701","article_published_time":"2025-08-28T19:15:19+00:00","article_modified_time":"2025-08-28T19:15:21+00:00","og_image":[{"width":678,"height":452,"url":"https:\/\/quehacerpolitico.mx\/wp-content\/uploads\/2025\/08\/IMG_3100.jpeg","type":"image\/jpeg"}],"author":"Redacci\u00f3n QP","twitter_card":"summary_large_image","twitter_misc":{"Escrito por":"Redacci\u00f3n QP","Tiempo de lectura":"2 minutos"},"schema":{"@context":"https:\/\/schema.org","@graph":[{"@type":"Article","@id":"https:\/\/quehacerpolitico.mx\/?p=118701#article","isPartOf":{"@id":"https:\/\/quehacerpolitico.mx\/?p=118701"},"author":{"name":"Redacci\u00f3n QP","@id":"https:\/\/quehacerpolitico.mx\/#\/schema\/person\/496d8ad2d1d3f8036101dca7ee39e585"},"headline":"Max Verstappen muestra su clase y felicita a Checo P\u00e9rez por su regreso a F1: \u201cEstoy muy feliz de que haya conseguido un asiento\u201d","datePublished":"2025-08-28T19:15:19+00:00","dateModified":"2025-08-28T19:15:21+00:00","mainEntityOfPage":{"@id":"https:\/\/quehacerpolitico.mx\/?p=118701"},"wordCount":513,"commentCount":0,"image":{"@id":"https:\/\/quehacerpolitico.mx\/?p=118701#primaryimage"},"thumbnailUrl":"https:\/\/quehacerpolitico.mx\/wp-content\/uploads\/2025\/08\/IMG_3100.jpeg","articleSection":["Deportes"],"inLanguage":"es","potentialAction":[{"@type":"CommentAction","name":"Comment","target":["https:\/\/quehacerpolitico.mx\/?p=118701#respond"]}]},{"@type":"WebPage","@id":"https:\/\/quehacerpolitico.mx\/?p=118701","url":"https:\/\/quehacerpolitico.mx\/?p=118701","name":"Max Verstappen muestra su clase y felicita a Checo P\u00e9rez por su regreso a F1: \u201cEstoy muy feliz de que haya conseguido un asiento\u201d -","isPartOf":{"@id":"https:\/\/quehacerpolitico.mx\/#website"},"primaryImageOfPage":{"@id":"https:\/\/quehacerpolitico.mx\/?p=118701#primaryimage"},"image":{"@id":"https:\/\/quehacerpolitico.mx\/?p=118701#primaryimage"},"thumbnailUrl":"https:\/\/quehacerpolitico.mx\/wp-content\/uploads\/2025\/08\/IMG_3100.jpeg","datePublished":"2025-08-28T19:15:19+00:00","dateModified":"2025-08-28T19:15:21+00:00","author":{"@id":"https:\/\/quehacerpolitico.mx\/#\/schema\/person\/496d8ad2d1d3f8036101dca7ee39e585"},"breadcrumb":{"@id":"https:\/\/quehacerpolitico.mx\/?p=118701#breadcrumb"},"inLanguage":"es","potentialAction":[{"@type":"ReadAction","target":["https:\/\/quehacerpolitico.mx\/?p=118701"]}]},{"@type":"ImageObject","inLanguage":"es","@id":"https:\/\/quehacerpolitico.mx\/?p=118701#primaryimage","url":"https:\/\/quehacerpolitico.mx\/wp-content\/uploads\/2025\/08\/IMG_3100.jpeg","contentUrl":"https:\/\/quehacerpolitico.mx\/wp-content\/uploads\/2025\/08\/IMG_3100.jpeg","width":678,"height":452},{"@type":"BreadcrumbList","@id":"https:\/\/quehacerpolitico.mx\/?p=118701#breadcrumb","itemListElement":[{"@type":"ListItem","position":1,"name":"Inicio","item":"https:\/\/quehacerpolitico.mx\/"},{"@type":"ListItem","position":2,"name":"Max Verstappen muestra su clase y felicita a Checo P\u00e9rez por su regreso a F1: \u201cEstoy muy feliz de que haya conseguido un asiento\u201d"}]},{"@type":"WebSite","@id":"https:\/\/quehacerpolitico.mx\/#website","url":"https:\/\/quehacerpolitico.mx\/","name":"","description":"","potentialAction":[{"@type":"SearchAction","target":{"@type":"EntryPoint","urlTemplate":"https:\/\/quehacerpolitico.mx\/?s={search_term_string}"},"query-input":{"@type":"PropertyValueSpecification","valueRequired":true,"valueName":"search_term_string"}}],"inLanguage":"es"},{"@type":"Person","@id":"https:\/\/quehacerpolitico.mx\/#\/schema\/person\/496d8ad2d1d3f8036101dca7ee39e585","name":"Redacci\u00f3n QP","image":{"@type":"ImageObject","inLanguage":"es","@id":"https:\/\/secure.gravatar.com\/avatar\/c7164ed6fdec453195284ad24a5ae5b6e1eed2b848477fa2a4787ba9adf39a41?s=96&d=mm&r=g","url":"https:\/\/secure.gravatar.com\/avatar\/c7164ed6fdec453195284ad24a5ae5b6e1eed2b848477fa2a4787ba9adf39a41?s=96&d=mm&r=g","contentUrl":"https:\/\/secure.gravatar.com\/avatar\/c7164ed6fdec453195284ad24a5ae5b6e1eed2b848477fa2a4787ba9adf39a41?s=96&d=mm&r=g","caption":"Redacci\u00f3n QP"},"url":"https:\/\/quehacerpolitico.mx\/?author=2"}]}},"featured_image_urls":{"full":["https:\/\/quehacerpolitico.mx\/wp-content\/uploads\/2025\/08\/IMG_3100.jpeg",678,452,false],"thumbnail":["https:\/\/quehacerpolitico.mx\/wp-content\/uploads\/2025\/08\/IMG_3100-150x150.jpeg",150,150,true],"medium":["https:\/\/quehacerpolitico.mx\/wp-content\/uploads\/2025\/08\/IMG_3100-300x200.jpeg",300,200,true],"medium_large":["https:\/\/quehacerpolitico.mx\/wp-content\/uploads\/2025\/08\/IMG_3100.jpeg",640,427,false],"large":["https:\/\/quehacerpolitico.mx\/wp-content\/uploads\/2025\/08\/IMG_3100.jpeg",640,427,false],"1536x1536":["https:\/\/quehacerpolitico.mx\/wp-content\/uploads\/2025\/08\/IMG_3100.jpeg",678,452,false],"2048x2048":["https:\/\/quehacerpolitico.mx\/wp-content\/uploads\/2025\/08\/IMG_3100.jpeg",678,452,false],"covernews-featured":["https:\/\/quehacerpolitico.mx\/wp-content\/uploads\/2025\/08\/IMG_3100.jpeg",678,452,false],"covernews-medium":["https:\/\/quehacerpolitico.mx\/wp-content\/uploads\/2025\/08\/IMG_3100-540x340.jpeg",540,340,true]},"author_info":{"display_name":"Redacci\u00f3n QP","author_link":"https:\/\/quehacerpolitico.mx\/?author=2"},"category_info":"<a href=\"https:\/\/quehacerpolitico.mx\/?cat=54\" rel=\"category\">Deportes<\/a>","tag_info":"Deportes","comment_count":"0","_links":{"self":[{"href":"https:\/\/quehacerpolitico.mx\/index.php?rest_route=\/wp\/v2\/posts\/118701","targetHints":{"allow":["GET"]}}],"collection":[{"href":"https:\/\/quehacerpolitico.mx\/index.php?rest_route=\/wp\/v2\/posts"}],"about":[{"href":"https:\/\/quehacerpolitico.mx\/index.php?rest_route=\/wp\/v2\/types\/post"}],"author":[{"embeddable":true,"href":"https:\/\/quehacerpolitico.mx\/index.php?rest_route=\/wp\/v2\/users\/2"}],"replies":[{"embeddable":true,"href":"https:\/\/quehacerpolitico.mx\/index.php?rest_route=%2Fwp%2Fv2%2Fcomments&post=118701"}],"version-history":[{"count":1,"href":"https:\/\/quehacerpolitico.mx\/index.php?rest_route=\/wp\/v2\/posts\/118701\/revisions"}],"predecessor-version":[{"id":118703,"href":"https:\/\/quehacerpolitico.mx\/index.php?rest_route=\/wp\/v2\/posts\/118701\/revisions\/118703"}],"wp:featuredmedia":[{"embeddable":true,"href":"https:\/\/quehacerpolitico.mx\/index.php?rest_route=\/wp\/v2\/media\/118702"}],"wp:attachment":[{"href":"https:\/\/quehacerpolitico.mx\/index.php?rest_route=%2Fwp%2Fv2%2Fmedia&parent=118701"}],"wp:term":[{"taxonomy":"category","embeddable":true,"href":"https:\/\/quehacerpolitico.mx\/index.php?rest_route=%2Fwp%2Fv2%2Fcategories&post=118701"},{"taxonomy":"post_tag","embeddable":true,"href":"https:\/\/quehacerpolitico.mx\/index.php?rest_route=%2Fwp%2Fv2%2Ftags&post=118701"}],"curies":[{"name":"wp","href":"https:\/\/api.w.org\/{rel}","templated":true}]}}