{"id":118698,"date":"2025-08-28T12:55:07","date_gmt":"2025-08-28T18:55:07","guid":{"rendered":"https:\/\/quehacerpolitico.mx\/?p=118698"},"modified":"2025-08-28T12:55:09","modified_gmt":"2025-08-28T18:55:09","slug":"quien-es-laura-itzel-castillo-proxima-presidenta-del-senado-esta-es-su-trayectoria","status":"publish","type":"post","link":"https:\/\/quehacerpolitico.mx\/?p=118698","title":{"rendered":"\u00bfQui\u00e9n es Laura Itzel Castillo, pr\u00f3xima presidenta del Senado? Esta es su trayectoria"},"content":{"rendered":"\n<p>Por Redacci\u00f3n QP<\/p>\n\n\n\n<p>Ella es la encargada de presidir la Mesa Directiva del Senado tras la salida de Noro\u00f1a<\/p>\n\n\n\n<p>A partir del 1 de septiembre, una mujer ser\u00e1 la encargada de presidir la<strong>\u00a0Mesa Directiva del Senado<\/strong>. El d\u00eda de hoy la vocera del\u00a0<strong>Senado<\/strong>,\u00a0<strong>Andrea Ch\u00e1vez<\/strong>, inform\u00f3 en redes sociales que el<strong>\u00a0Grupo Parlamentario de Morena aprob\u00f3 por unanimidad la propuesta de Laura Itzel Castillo\u00a0<\/strong>para presidir la Mesa Directiva, a quien define en el mismo mensaje como &#8220;<strong>Mujer de lucha, de izquierda, de grandes ideas y firmes valores<\/strong>&#8220;.<\/p>\n\n\n\n<figure class=\"wp-block-embed is-type-rich is-provider-twitter wp-block-embed-twitter\"><div class=\"wp-block-embed__wrapper\">\n<blockquote class=\"twitter-tweet\" data-width=\"550\" data-dnt=\"true\"><p lang=\"es\" dir=\"ltr\">En el Grupo Parlamentario de Morena acabamos de aprobar por unanimidad que nuestra propuesta para presidir la Mesa Directiva ser\u00e1 la compa\u00f1era Laura Itzel Castillo.<br><br>Mujer de lucha, de izquierda, de grandes ideas y de firmes valores. <a href=\"https:\/\/t.co\/yMZCQVXIUg\">pic.twitter.com\/yMZCQVXIUg<\/a><\/p>&mdash; Andrea Ch\u00e1vez (@AndreaChavezTre) <a href=\"https:\/\/twitter.com\/AndreaChavezTre\/status\/1961077969788522699?ref_src=twsrc%5Etfw\">August 28, 2025<\/a><\/blockquote><script async src=\"https:\/\/platform.twitter.com\/widgets.js\" charset=\"utf-8\"><\/script>\n<\/div><\/figure>\n\n\n\n<h2 class=\"wp-block-heading\">Esta es la trayectoria de Laura Itzel Castillo&nbsp;<\/h2>\n\n\n\n<p><strong>Laura Iztel Castillo naci\u00f3 en la Ciudad de M\u00e9xico el 16 de noviembre de 1957<\/strong>, por lo que actualmente cuenta con 57 a\u00f1os de edad. Estudi\u00f3 arquitectura en la Universidad Nacional Aut\u00f3noma de M\u00e9xico (UNAM). Cuenta con amplia experiencia tanto en la administraci\u00f3n p\u00fablica como en puestos de representaci\u00f3n popular.<\/p>\n\n\n\n<p>Fund\u00f3 y dirigi\u00f3 la Asociaci\u00f3n Nacional de J\u00f3venes 1980-1983. Fund\u00f3 e integr\u00f3 la Direcci\u00f3n Colectiva del PMS, Partido Mexicano Socialista, en la Delegaci\u00f3n Coyoac\u00e1n. Fund\u00f3 la Asociaci\u00f3n de Mujeres en Lucha por la Democracia.<\/p>\n\n\n\n<figure class=\"wp-block-embed is-type-rich is-provider-twitter wp-block-embed-twitter\"><div class=\"wp-block-embed__wrapper\">\n<blockquote class=\"twitter-tweet\" data-width=\"550\" data-dnt=\"true\"><p lang=\"es\" dir=\"ltr\">Agradezco la confianza y el apoyo de mis compa\u00f1eras y compa\u00f1eros de bancada, por haberme elegido para presidir la mesa directiva de este Honorable Senado de la Rep\u00fablica.<br><br>Seguiremos avanzando en la construcci\u00f3n del segundo piso de la Cuarta Transformaci\u00f3n y el Estado\u2026 <a href=\"https:\/\/t.co\/TZC27ndRQj\">pic.twitter.com\/TZC27ndRQj<\/a><\/p>&mdash; Laura Itzel Castillo Ju\u00e1rez (@LauraI_Castillo) <a href=\"https:\/\/twitter.com\/LauraI_Castillo\/status\/1961091879484977474?ref_src=twsrc%5Etfw\">August 28, 2025<\/a><\/blockquote><script async src=\"https:\/\/platform.twitter.com\/widgets.js\" charset=\"utf-8\"><\/script>\n<\/div><\/figure>\n\n\n\n<p>En el\u00a0<strong>Partido de la Revoluci\u00f3n Democr\u00e1tica\u00a0<\/strong>(<strong>PRD)\u00a0<\/strong>fue d<strong>elegada Electa al Congreso Constituyente\u00a0<\/strong>del partido en 1989 y consejera Nacional del PRD de 1991 a 1997.<\/p>\n\n\n\n<p>Fue parte del\u00a0<strong>gobierno de Andr\u00e9s Manuel L\u00f3pez Obrador en el entonces Distrito Federal\u00a0<\/strong>como titular de la\u00a0<strong>Secretar\u00eda de Desarrollo Urbano y Vivienda.<\/strong>\u00a0Posteriormente se convirti\u00f3 en<strong>\u00a0coordinadora estatal de la campa\u00f1a presidencial de L\u00f3pez Obrador en Veracruz\u00a0<\/strong>para las elecciones de 2006. Posteriormente, fue nombrada secretaria de\u00a0<strong>Asentamientos Humanos y vivienda<\/strong>.<\/p>\n\n\n\n<p>Desde el pasado primero de septiembre de 2024\u00a0<strong>es senadora de la Rep\u00fablic<\/strong>a. Y ser\u00e1 la\u00a0<strong>pr\u00f3xima presidenta del Senado.<\/strong><\/p>\n\n\n\n<p>Con informaci\u00f3n de SUN<\/p>\n","protected":false},"excerpt":{"rendered":"<p>Por Redacci\u00f3n QP Ella es la encargada de presidir la Mesa Directiva del Senado tras&#8230;<\/p>\n","protected":false},"author":2,"featured_media":118699,"comment_status":"open","ping_status":"open","sticky":false,"template":"","format":"standard","meta":{"_monsterinsights_skip_tracking":false,"_monsterinsights_sitenote_active":false,"_monsterinsights_sitenote_note":"","_monsterinsights_sitenote_category":0,"footnotes":""},"categories":[280,2],"tags":[],"class_list":["post-118698","post","type-post","status-publish","format-standard","has-post-thumbnail","hentry","category-nacionales","category-noticias"],"yoast_head":"<!-- This site is optimized with the Yoast SEO plugin v27.3 - https:\/\/yoast.com\/product\/yoast-seo-wordpress\/ -->\n<title>\u00bfQui\u00e9n es Laura Itzel Castillo, pr\u00f3xima presidenta del Senado? Esta es su trayectoria -<\/title>\n<meta name=\"robots\" content=\"index, follow, max-snippet:-1, max-image-preview:large, max-video-preview:-1\" \/>\n<link rel=\"canonical\" href=\"https:\/\/quehacerpolitico.mx\/?p=118698\" \/>\n<meta property=\"og:locale\" content=\"es_MX\" \/>\n<meta property=\"og:type\" content=\"article\" \/>\n<meta property=\"og:title\" content=\"\u00bfQui\u00e9n es Laura Itzel Castillo, pr\u00f3xima presidenta del Senado? Esta es su trayectoria -\" \/>\n<meta property=\"og:description\" content=\"Por Redacci\u00f3n QP Ella es la encargada de presidir la Mesa Directiva del Senado tras...\" \/>\n<meta property=\"og:url\" content=\"https:\/\/quehacerpolitico.mx\/?p=118698\" \/>\n<meta property=\"article:published_time\" content=\"2025-08-28T18:55:07+00:00\" \/>\n<meta property=\"article:modified_time\" content=\"2025-08-28T18:55:09+00:00\" \/>\n<meta property=\"og:image\" content=\"https:\/\/quehacerpolitico.mx\/wp-content\/uploads\/2025\/08\/IMG_3097.jpeg\" \/>\n\t<meta property=\"og:image:width\" content=\"678\" \/>\n\t<meta property=\"og:image:height\" content=\"452\" \/>\n\t<meta property=\"og:image:type\" content=\"image\/jpeg\" \/>\n<meta name=\"author\" content=\"Redacci\u00f3n QP\" \/>\n<meta name=\"twitter:card\" content=\"summary_large_image\" \/>\n<meta name=\"twitter:label1\" content=\"Escrito por\" \/>\n\t<meta name=\"twitter:data1\" content=\"Redacci\u00f3n QP\" \/>\n\t<meta name=\"twitter:label2\" content=\"Tiempo de lectura\" \/>\n\t<meta name=\"twitter:data2\" content=\"2 minutos\" \/>\n<script type=\"application\/ld+json\" class=\"yoast-schema-graph\">{\"@context\":\"https:\\\/\\\/schema.org\",\"@graph\":[{\"@type\":\"Article\",\"@id\":\"https:\\\/\\\/quehacerpolitico.mx\\\/?p=118698#article\",\"isPartOf\":{\"@id\":\"https:\\\/\\\/quehacerpolitico.mx\\\/?p=118698\"},\"author\":{\"name\":\"Redacci\u00f3n QP\",\"@id\":\"https:\\\/\\\/quehacerpolitico.mx\\\/#\\\/schema\\\/person\\\/496d8ad2d1d3f8036101dca7ee39e585\"},\"headline\":\"\u00bfQui\u00e9n es Laura Itzel Castillo, pr\u00f3xima presidenta del Senado? Esta es su trayectoria\",\"datePublished\":\"2025-08-28T18:55:07+00:00\",\"dateModified\":\"2025-08-28T18:55:09+00:00\",\"mainEntityOfPage\":{\"@id\":\"https:\\\/\\\/quehacerpolitico.mx\\\/?p=118698\"},\"wordCount\":333,\"commentCount\":0,\"image\":{\"@id\":\"https:\\\/\\\/quehacerpolitico.mx\\\/?p=118698#primaryimage\"},\"thumbnailUrl\":\"https:\\\/\\\/quehacerpolitico.mx\\\/wp-content\\\/uploads\\\/2025\\\/08\\\/IMG_3097.jpeg\",\"articleSection\":[\"Nacionales\",\"Noticias\"],\"inLanguage\":\"es\",\"potentialAction\":[{\"@type\":\"CommentAction\",\"name\":\"Comment\",\"target\":[\"https:\\\/\\\/quehacerpolitico.mx\\\/?p=118698#respond\"]}]},{\"@type\":\"WebPage\",\"@id\":\"https:\\\/\\\/quehacerpolitico.mx\\\/?p=118698\",\"url\":\"https:\\\/\\\/quehacerpolitico.mx\\\/?p=118698\",\"name\":\"\u00bfQui\u00e9n es Laura Itzel Castillo, pr\u00f3xima presidenta del Senado? Esta es su trayectoria -\",\"isPartOf\":{\"@id\":\"https:\\\/\\\/quehacerpolitico.mx\\\/#website\"},\"primaryImageOfPage\":{\"@id\":\"https:\\\/\\\/quehacerpolitico.mx\\\/?p=118698#primaryimage\"},\"image\":{\"@id\":\"https:\\\/\\\/quehacerpolitico.mx\\\/?p=118698#primaryimage\"},\"thumbnailUrl\":\"https:\\\/\\\/quehacerpolitico.mx\\\/wp-content\\\/uploads\\\/2025\\\/08\\\/IMG_3097.jpeg\",\"datePublished\":\"2025-08-28T18:55:07+00:00\",\"dateModified\":\"2025-08-28T18:55:09+00:00\",\"author\":{\"@id\":\"https:\\\/\\\/quehacerpolitico.mx\\\/#\\\/schema\\\/person\\\/496d8ad2d1d3f8036101dca7ee39e585\"},\"breadcrumb\":{\"@id\":\"https:\\\/\\\/quehacerpolitico.mx\\\/?p=118698#breadcrumb\"},\"inLanguage\":\"es\",\"potentialAction\":[{\"@type\":\"ReadAction\",\"target\":[\"https:\\\/\\\/quehacerpolitico.mx\\\/?p=118698\"]}]},{\"@type\":\"ImageObject\",\"inLanguage\":\"es\",\"@id\":\"https:\\\/\\\/quehacerpolitico.mx\\\/?p=118698#primaryimage\",\"url\":\"https:\\\/\\\/quehacerpolitico.mx\\\/wp-content\\\/uploads\\\/2025\\\/08\\\/IMG_3097.jpeg\",\"contentUrl\":\"https:\\\/\\\/quehacerpolitico.mx\\\/wp-content\\\/uploads\\\/2025\\\/08\\\/IMG_3097.jpeg\",\"width\":678,\"height\":452},{\"@type\":\"BreadcrumbList\",\"@id\":\"https:\\\/\\\/quehacerpolitico.mx\\\/?p=118698#breadcrumb\",\"itemListElement\":[{\"@type\":\"ListItem\",\"position\":1,\"name\":\"Inicio\",\"item\":\"https:\\\/\\\/quehacerpolitico.mx\\\/\"},{\"@type\":\"ListItem\",\"position\":2,\"name\":\"\u00bfQui\u00e9n es Laura Itzel Castillo, pr\u00f3xima presidenta del Senado? Esta es su trayectoria\"}]},{\"@type\":\"WebSite\",\"@id\":\"https:\\\/\\\/quehacerpolitico.mx\\\/#website\",\"url\":\"https:\\\/\\\/quehacerpolitico.mx\\\/\",\"name\":\"\",\"description\":\"\",\"potentialAction\":[{\"@type\":\"SearchAction\",\"target\":{\"@type\":\"EntryPoint\",\"urlTemplate\":\"https:\\\/\\\/quehacerpolitico.mx\\\/?s={search_term_string}\"},\"query-input\":{\"@type\":\"PropertyValueSpecification\",\"valueRequired\":true,\"valueName\":\"search_term_string\"}}],\"inLanguage\":\"es\"},{\"@type\":\"Person\",\"@id\":\"https:\\\/\\\/quehacerpolitico.mx\\\/#\\\/schema\\\/person\\\/496d8ad2d1d3f8036101dca7ee39e585\",\"name\":\"Redacci\u00f3n QP\",\"image\":{\"@type\":\"ImageObject\",\"inLanguage\":\"es\",\"@id\":\"https:\\\/\\\/secure.gravatar.com\\\/avatar\\\/c7164ed6fdec453195284ad24a5ae5b6e1eed2b848477fa2a4787ba9adf39a41?s=96&d=mm&r=g\",\"url\":\"https:\\\/\\\/secure.gravatar.com\\\/avatar\\\/c7164ed6fdec453195284ad24a5ae5b6e1eed2b848477fa2a4787ba9adf39a41?s=96&d=mm&r=g\",\"contentUrl\":\"https:\\\/\\\/secure.gravatar.com\\\/avatar\\\/c7164ed6fdec453195284ad24a5ae5b6e1eed2b848477fa2a4787ba9adf39a41?s=96&d=mm&r=g\",\"caption\":\"Redacci\u00f3n QP\"},\"url\":\"https:\\\/\\\/quehacerpolitico.mx\\\/?author=2\"}]}<\/script>\n<!-- \/ Yoast SEO plugin. -->","yoast_head_json":{"title":"\u00bfQui\u00e9n es Laura Itzel Castillo, pr\u00f3xima presidenta del Senado? Esta es su trayectoria -","robots":{"index":"index","follow":"follow","max-snippet":"max-snippet:-1","max-image-preview":"max-image-preview:large","max-video-preview":"max-video-preview:-1"},"canonical":"https:\/\/quehacerpolitico.mx\/?p=118698","og_locale":"es_MX","og_type":"article","og_title":"\u00bfQui\u00e9n es Laura Itzel Castillo, pr\u00f3xima presidenta del Senado? Esta es su trayectoria -","og_description":"Por Redacci\u00f3n QP Ella es la encargada de presidir la Mesa Directiva del Senado tras...","og_url":"https:\/\/quehacerpolitico.mx\/?p=118698","article_published_time":"2025-08-28T18:55:07+00:00","article_modified_time":"2025-08-28T18:55:09+00:00","og_image":[{"width":678,"height":452,"url":"https:\/\/quehacerpolitico.mx\/wp-content\/uploads\/2025\/08\/IMG_3097.jpeg","type":"image\/jpeg"}],"author":"Redacci\u00f3n QP","twitter_card":"summary_large_image","twitter_misc":{"Escrito por":"Redacci\u00f3n QP","Tiempo de lectura":"2 minutos"},"schema":{"@context":"https:\/\/schema.org","@graph":[{"@type":"Article","@id":"https:\/\/quehacerpolitico.mx\/?p=118698#article","isPartOf":{"@id":"https:\/\/quehacerpolitico.mx\/?p=118698"},"author":{"name":"Redacci\u00f3n QP","@id":"https:\/\/quehacerpolitico.mx\/#\/schema\/person\/496d8ad2d1d3f8036101dca7ee39e585"},"headline":"\u00bfQui\u00e9n es Laura Itzel Castillo, pr\u00f3xima presidenta del Senado? Esta es su trayectoria","datePublished":"2025-08-28T18:55:07+00:00","dateModified":"2025-08-28T18:55:09+00:00","mainEntityOfPage":{"@id":"https:\/\/quehacerpolitico.mx\/?p=118698"},"wordCount":333,"commentCount":0,"image":{"@id":"https:\/\/quehacerpolitico.mx\/?p=118698#primaryimage"},"thumbnailUrl":"https:\/\/quehacerpolitico.mx\/wp-content\/uploads\/2025\/08\/IMG_3097.jpeg","articleSection":["Nacionales","Noticias"],"inLanguage":"es","potentialAction":[{"@type":"CommentAction","name":"Comment","target":["https:\/\/quehacerpolitico.mx\/?p=118698#respond"]}]},{"@type":"WebPage","@id":"https:\/\/quehacerpolitico.mx\/?p=118698","url":"https:\/\/quehacerpolitico.mx\/?p=118698","name":"\u00bfQui\u00e9n es Laura Itzel Castillo, pr\u00f3xima presidenta del Senado? Esta es su trayectoria -","isPartOf":{"@id":"https:\/\/quehacerpolitico.mx\/#website"},"primaryImageOfPage":{"@id":"https:\/\/quehacerpolitico.mx\/?p=118698#primaryimage"},"image":{"@id":"https:\/\/quehacerpolitico.mx\/?p=118698#primaryimage"},"thumbnailUrl":"https:\/\/quehacerpolitico.mx\/wp-content\/uploads\/2025\/08\/IMG_3097.jpeg","datePublished":"2025-08-28T18:55:07+00:00","dateModified":"2025-08-28T18:55:09+00:00","author":{"@id":"https:\/\/quehacerpolitico.mx\/#\/schema\/person\/496d8ad2d1d3f8036101dca7ee39e585"},"breadcrumb":{"@id":"https:\/\/quehacerpolitico.mx\/?p=118698#breadcrumb"},"inLanguage":"es","potentialAction":[{"@type":"ReadAction","target":["https:\/\/quehacerpolitico.mx\/?p=118698"]}]},{"@type":"ImageObject","inLanguage":"es","@id":"https:\/\/quehacerpolitico.mx\/?p=118698#primaryimage","url":"https:\/\/quehacerpolitico.mx\/wp-content\/uploads\/2025\/08\/IMG_3097.jpeg","contentUrl":"https:\/\/quehacerpolitico.mx\/wp-content\/uploads\/2025\/08\/IMG_3097.jpeg","width":678,"height":452},{"@type":"BreadcrumbList","@id":"https:\/\/quehacerpolitico.mx\/?p=118698#breadcrumb","itemListElement":[{"@type":"ListItem","position":1,"name":"Inicio","item":"https:\/\/quehacerpolitico.mx\/"},{"@type":"ListItem","position":2,"name":"\u00bfQui\u00e9n es Laura Itzel Castillo, pr\u00f3xima presidenta del Senado? Esta es su trayectoria"}]},{"@type":"WebSite","@id":"https:\/\/quehacerpolitico.mx\/#website","url":"https:\/\/quehacerpolitico.mx\/","name":"","description":"","potentialAction":[{"@type":"SearchAction","target":{"@type":"EntryPoint","urlTemplate":"https:\/\/quehacerpolitico.mx\/?s={search_term_string}"},"query-input":{"@type":"PropertyValueSpecification","valueRequired":true,"valueName":"search_term_string"}}],"inLanguage":"es"},{"@type":"Person","@id":"https:\/\/quehacerpolitico.mx\/#\/schema\/person\/496d8ad2d1d3f8036101dca7ee39e585","name":"Redacci\u00f3n QP","image":{"@type":"ImageObject","inLanguage":"es","@id":"https:\/\/secure.gravatar.com\/avatar\/c7164ed6fdec453195284ad24a5ae5b6e1eed2b848477fa2a4787ba9adf39a41?s=96&d=mm&r=g","url":"https:\/\/secure.gravatar.com\/avatar\/c7164ed6fdec453195284ad24a5ae5b6e1eed2b848477fa2a4787ba9adf39a41?s=96&d=mm&r=g","contentUrl":"https:\/\/secure.gravatar.com\/avatar\/c7164ed6fdec453195284ad24a5ae5b6e1eed2b848477fa2a4787ba9adf39a41?s=96&d=mm&r=g","caption":"Redacci\u00f3n QP"},"url":"https:\/\/quehacerpolitico.mx\/?author=2"}]}},"featured_image_urls":{"full":["https:\/\/quehacerpolitico.mx\/wp-content\/uploads\/2025\/08\/IMG_3097.jpeg",678,452,false],"thumbnail":["https:\/\/quehacerpolitico.mx\/wp-content\/uploads\/2025\/08\/IMG_3097-150x150.jpeg",150,150,true],"medium":["https:\/\/quehacerpolitico.mx\/wp-content\/uploads\/2025\/08\/IMG_3097-300x200.jpeg",300,200,true],"medium_large":["https:\/\/quehacerpolitico.mx\/wp-content\/uploads\/2025\/08\/IMG_3097.jpeg",640,427,false],"large":["https:\/\/quehacerpolitico.mx\/wp-content\/uploads\/2025\/08\/IMG_3097.jpeg",640,427,false],"1536x1536":["https:\/\/quehacerpolitico.mx\/wp-content\/uploads\/2025\/08\/IMG_3097.jpeg",678,452,false],"2048x2048":["https:\/\/quehacerpolitico.mx\/wp-content\/uploads\/2025\/08\/IMG_3097.jpeg",678,452,false],"covernews-featured":["https:\/\/quehacerpolitico.mx\/wp-content\/uploads\/2025\/08\/IMG_3097.jpeg",678,452,false],"covernews-medium":["https:\/\/quehacerpolitico.mx\/wp-content\/uploads\/2025\/08\/IMG_3097-540x340.jpeg",540,340,true]},"author_info":{"display_name":"Redacci\u00f3n QP","author_link":"https:\/\/quehacerpolitico.mx\/?author=2"},"category_info":"<a href=\"https:\/\/quehacerpolitico.mx\/?cat=280\" rel=\"category\">Nacionales<\/a> <a href=\"https:\/\/quehacerpolitico.mx\/?cat=2\" rel=\"category\">Noticias<\/a>","tag_info":"Noticias","comment_count":"0","_links":{"self":[{"href":"https:\/\/quehacerpolitico.mx\/index.php?rest_route=\/wp\/v2\/posts\/118698","targetHints":{"allow":["GET"]}}],"collection":[{"href":"https:\/\/quehacerpolitico.mx\/index.php?rest_route=\/wp\/v2\/posts"}],"about":[{"href":"https:\/\/quehacerpolitico.mx\/index.php?rest_route=\/wp\/v2\/types\/post"}],"author":[{"embeddable":true,"href":"https:\/\/quehacerpolitico.mx\/index.php?rest_route=\/wp\/v2\/users\/2"}],"replies":[{"embeddable":true,"href":"https:\/\/quehacerpolitico.mx\/index.php?rest_route=%2Fwp%2Fv2%2Fcomments&post=118698"}],"version-history":[{"count":1,"href":"https:\/\/quehacerpolitico.mx\/index.php?rest_route=\/wp\/v2\/posts\/118698\/revisions"}],"predecessor-version":[{"id":118700,"href":"https:\/\/quehacerpolitico.mx\/index.php?rest_route=\/wp\/v2\/posts\/118698\/revisions\/118700"}],"wp:featuredmedia":[{"embeddable":true,"href":"https:\/\/quehacerpolitico.mx\/index.php?rest_route=\/wp\/v2\/media\/118699"}],"wp:attachment":[{"href":"https:\/\/quehacerpolitico.mx\/index.php?rest_route=%2Fwp%2Fv2%2Fmedia&parent=118698"}],"wp:term":[{"taxonomy":"category","embeddable":true,"href":"https:\/\/quehacerpolitico.mx\/index.php?rest_route=%2Fwp%2Fv2%2Fcategories&post=118698"},{"taxonomy":"post_tag","embeddable":true,"href":"https:\/\/quehacerpolitico.mx\/index.php?rest_route=%2Fwp%2Fv2%2Ftags&post=118698"}],"curies":[{"name":"wp","href":"https:\/\/api.w.org\/{rel}","templated":true}]}}