{"id":118671,"date":"2025-08-27T11:46:17","date_gmt":"2025-08-27T17:46:17","guid":{"rendered":"https:\/\/quehacerpolitico.mx\/?p=118671"},"modified":"2025-08-27T11:46:19","modified_gmt":"2025-08-27T17:46:19","slug":"que-les-importa-mas-la-casa-de-norona-o-garcia-luna-sheinbaum-evade-hablar-de-los-bienes-del-presidente-del-senado","status":"publish","type":"post","link":"https:\/\/quehacerpolitico.mx\/?p=118671","title":{"rendered":"\u201c\u00bfQu\u00e9 les importa m\u00e1s, la casa de Noro\u00f1a o Garc\u00eda Luna?\u201d: Sheinbaum evade hablar de los bienes del presidente del Senado"},"content":{"rendered":"\n<p>Por Redacci\u00f3n QP<\/p>\n\n\n\n<p>La presidenta afirm\u00f3 esto despu\u00e9s de que la prensa le pregunt\u00f3 su opini\u00f3n luego de que el legislador dijera que no tiene la necesidad de ser austero<\/p>\n\n\n\n<p>La presidenta&nbsp;<strong>Claudia Sheinbaum<\/strong>evadi\u00f3 este mi\u00e9rcoles hablar de la casa de 12 millones de pesos del presidente de la Mesa Directiva del Senado,&nbsp;<strong>Gerardo Fern\u00e1ndez Noro\u00f1a.&nbsp;<\/strong><\/p>\n\n\n\n<p>En su conferencia matutina, la mandataria insisti\u00f3 en se\u00f1alar que Estados Unidos ha puesto al exsecretario de Seguridad,&nbsp;<strong>Genaro Garc\u00eda Luna<\/strong>, al mismo nivel que los narcotraficantes&nbsp;<strong>Ismael &#8220;El Mayo&#8221; Zamabda&nbsp;<\/strong>y&nbsp;<strong>Joaqu\u00edn &#8220;El Chapo&#8221; Guzm\u00e1n.&nbsp;<\/strong><\/p>\n\n\n\n<p>\u00bfQu\u00e9 les parece m\u00e1s importante, la casa de en Noro\u00f1a\u00a0en Tepoztl\u00e1n, que vive ah\u00ed desde hace no s\u00e9 cu\u00e1ntos a\u00f1os, o que el de la DEA haya dicho que<strong>\u00a0Garc\u00eda Luna<\/strong> est\u00e1 al mismo nivel que los otros dos capos? Pero hacen un esc\u00e1ndalo por lo de Noro\u00f1a&#8221;, dijo la mandataria.<\/p>\n\n\n\n<figure class=\"wp-block-embed is-type-rich is-provider-twitter wp-block-embed-twitter\"><div class=\"wp-block-embed__wrapper\">\n<blockquote class=\"twitter-tweet\" data-width=\"550\" data-dnt=\"true\"><p lang=\"es\" dir=\"ltr\">\u27a1\ufe0f Las maromas para no hablar de la incongruencia entre defender la austeridad y vivir como vive Noro\u00f1a:<br><br>Le preguntan por la casa de 12 mdp en Tepoztl\u00e1n&#8230;<br><br>&#8230;y Sheinbaum responde hablando de Garc\u00eda Luna. <a href=\"https:\/\/t.co\/FR6V7RHHQW\">pic.twitter.com\/FR6V7RHHQW<\/a><\/p>&mdash; Manuel Lopez San Martin (@MLopezSanMartin) <a href=\"https:\/\/twitter.com\/MLopezSanMartin\/status\/1960733799802716303?ref_src=twsrc%5Etfw\">August 27, 2025<\/a><\/blockquote><script async src=\"https:\/\/platform.twitter.com\/widgets.js\" charset=\"utf-8\"><\/script>\n<\/div><\/figure>\n\n\n\n<p>Sin embargo, la prensa le pregunt\u00f3 su opini\u00f3n sobre las declaraciones del legislador, quien afirm\u00f3 que no tiene obligaci\u00f3n de ser austero, pese a que es parte de un movimiento pol\u00edtico que ha impulsado este estilo de vida.&nbsp;<\/p>\n\n\n\n<p>Sheinbaum afirm\u00f3 que el caso de&nbsp;<strong>Fern\u00e1ndez Noro\u00f1a<\/strong>&nbsp;ha sido tema de conversaci\u00f3n en los medios &#8220;para no hablar del otro \u2014Garc\u00eda Luna\u2014&#8221;.&nbsp;<\/p>\n\n\n\n<p>Adem\u00e1s, se\u00f1al\u00f3 que el senador morenista ha compartido im\u00e1genes de su residencia desde las cuentas de sus redes sociales.&nbsp;<\/p>\n\n\n\n<p>\u201c<strong>Yo no tengo ninguna obligaci\u00f3n personal de ser&nbsp;austero<\/strong>. Yo era franciscano porque como hijo del pueblo est\u00e1bamos bien fregados de ingreso econ\u00f3mico. Y \u00e9ramos franciscanos, no porque quisi\u00e9ramos, sino porque esa era nuestra condici\u00f3n, \u00e9ramos pobres&#8221;, dijo Fern\u00e1ndez Noro\u00f1a este martes.&nbsp;<\/p>\n","protected":false},"excerpt":{"rendered":"<p>Por Redacci\u00f3n QP La presidenta afirm\u00f3 esto despu\u00e9s de que la prensa le pregunt\u00f3 su&#8230;<\/p>\n","protected":false},"author":2,"featured_media":118672,"comment_status":"open","ping_status":"open","sticky":false,"template":"","format":"standard","meta":{"_monsterinsights_skip_tracking":false,"_monsterinsights_sitenote_active":false,"_monsterinsights_sitenote_note":"","_monsterinsights_sitenote_category":0,"footnotes":""},"categories":[280,2],"tags":[],"class_list":["post-118671","post","type-post","status-publish","format-standard","has-post-thumbnail","hentry","category-nacionales","category-noticias"],"yoast_head":"<!-- This site is optimized with the Yoast SEO plugin v27.3 - https:\/\/yoast.com\/product\/yoast-seo-wordpress\/ -->\n<title>\u201c\u00bfQu\u00e9 les importa m\u00e1s, la casa de Noro\u00f1a o Garc\u00eda Luna?\u201d: Sheinbaum evade hablar de los bienes del presidente del Senado -<\/title>\n<meta name=\"robots\" content=\"index, follow, max-snippet:-1, max-image-preview:large, max-video-preview:-1\" \/>\n<link rel=\"canonical\" href=\"https:\/\/quehacerpolitico.mx\/?p=118671\" \/>\n<meta property=\"og:locale\" content=\"es_MX\" \/>\n<meta property=\"og:type\" content=\"article\" \/>\n<meta property=\"og:title\" content=\"\u201c\u00bfQu\u00e9 les importa m\u00e1s, la casa de Noro\u00f1a o Garc\u00eda Luna?\u201d: Sheinbaum evade hablar de los bienes del presidente del Senado -\" \/>\n<meta property=\"og:description\" content=\"Por Redacci\u00f3n QP La presidenta afirm\u00f3 esto despu\u00e9s de que la prensa le pregunt\u00f3 su...\" \/>\n<meta property=\"og:url\" content=\"https:\/\/quehacerpolitico.mx\/?p=118671\" \/>\n<meta property=\"article:published_time\" content=\"2025-08-27T17:46:17+00:00\" \/>\n<meta property=\"article:modified_time\" content=\"2025-08-27T17:46:19+00:00\" \/>\n<meta property=\"og:image\" content=\"https:\/\/quehacerpolitico.mx\/wp-content\/uploads\/2025\/08\/IMG_3058.jpeg\" \/>\n\t<meta property=\"og:image:width\" content=\"1170\" \/>\n\t<meta property=\"og:image:height\" content=\"643\" \/>\n\t<meta property=\"og:image:type\" content=\"image\/jpeg\" \/>\n<meta name=\"author\" content=\"Redacci\u00f3n QP\" \/>\n<meta name=\"twitter:card\" content=\"summary_large_image\" \/>\n<meta name=\"twitter:label1\" content=\"Escrito por\" \/>\n\t<meta name=\"twitter:data1\" content=\"Redacci\u00f3n QP\" \/>\n\t<meta name=\"twitter:label2\" content=\"Tiempo de lectura\" \/>\n\t<meta name=\"twitter:data2\" content=\"2 minutos\" \/>\n<script type=\"application\/ld+json\" class=\"yoast-schema-graph\">{\"@context\":\"https:\\\/\\\/schema.org\",\"@graph\":[{\"@type\":\"Article\",\"@id\":\"https:\\\/\\\/quehacerpolitico.mx\\\/?p=118671#article\",\"isPartOf\":{\"@id\":\"https:\\\/\\\/quehacerpolitico.mx\\\/?p=118671\"},\"author\":{\"name\":\"Redacci\u00f3n QP\",\"@id\":\"https:\\\/\\\/quehacerpolitico.mx\\\/#\\\/schema\\\/person\\\/496d8ad2d1d3f8036101dca7ee39e585\"},\"headline\":\"\u201c\u00bfQu\u00e9 les importa m\u00e1s, la casa de Noro\u00f1a o Garc\u00eda Luna?\u201d: Sheinbaum evade hablar de los bienes del presidente del Senado\",\"datePublished\":\"2025-08-27T17:46:17+00:00\",\"dateModified\":\"2025-08-27T17:46:19+00:00\",\"mainEntityOfPage\":{\"@id\":\"https:\\\/\\\/quehacerpolitico.mx\\\/?p=118671\"},\"wordCount\":345,\"commentCount\":0,\"image\":{\"@id\":\"https:\\\/\\\/quehacerpolitico.mx\\\/?p=118671#primaryimage\"},\"thumbnailUrl\":\"https:\\\/\\\/quehacerpolitico.mx\\\/wp-content\\\/uploads\\\/2025\\\/08\\\/IMG_3058.jpeg\",\"articleSection\":[\"Nacionales\",\"Noticias\"],\"inLanguage\":\"es\",\"potentialAction\":[{\"@type\":\"CommentAction\",\"name\":\"Comment\",\"target\":[\"https:\\\/\\\/quehacerpolitico.mx\\\/?p=118671#respond\"]}]},{\"@type\":\"WebPage\",\"@id\":\"https:\\\/\\\/quehacerpolitico.mx\\\/?p=118671\",\"url\":\"https:\\\/\\\/quehacerpolitico.mx\\\/?p=118671\",\"name\":\"\u201c\u00bfQu\u00e9 les importa m\u00e1s, la casa de Noro\u00f1a o Garc\u00eda Luna?\u201d: Sheinbaum evade hablar de los bienes del presidente del Senado -\",\"isPartOf\":{\"@id\":\"https:\\\/\\\/quehacerpolitico.mx\\\/#website\"},\"primaryImageOfPage\":{\"@id\":\"https:\\\/\\\/quehacerpolitico.mx\\\/?p=118671#primaryimage\"},\"image\":{\"@id\":\"https:\\\/\\\/quehacerpolitico.mx\\\/?p=118671#primaryimage\"},\"thumbnailUrl\":\"https:\\\/\\\/quehacerpolitico.mx\\\/wp-content\\\/uploads\\\/2025\\\/08\\\/IMG_3058.jpeg\",\"datePublished\":\"2025-08-27T17:46:17+00:00\",\"dateModified\":\"2025-08-27T17:46:19+00:00\",\"author\":{\"@id\":\"https:\\\/\\\/quehacerpolitico.mx\\\/#\\\/schema\\\/person\\\/496d8ad2d1d3f8036101dca7ee39e585\"},\"breadcrumb\":{\"@id\":\"https:\\\/\\\/quehacerpolitico.mx\\\/?p=118671#breadcrumb\"},\"inLanguage\":\"es\",\"potentialAction\":[{\"@type\":\"ReadAction\",\"target\":[\"https:\\\/\\\/quehacerpolitico.mx\\\/?p=118671\"]}]},{\"@type\":\"ImageObject\",\"inLanguage\":\"es\",\"@id\":\"https:\\\/\\\/quehacerpolitico.mx\\\/?p=118671#primaryimage\",\"url\":\"https:\\\/\\\/quehacerpolitico.mx\\\/wp-content\\\/uploads\\\/2025\\\/08\\\/IMG_3058.jpeg\",\"contentUrl\":\"https:\\\/\\\/quehacerpolitico.mx\\\/wp-content\\\/uploads\\\/2025\\\/08\\\/IMG_3058.jpeg\",\"width\":1170,\"height\":643,\"caption\":\"Screenshot\"},{\"@type\":\"BreadcrumbList\",\"@id\":\"https:\\\/\\\/quehacerpolitico.mx\\\/?p=118671#breadcrumb\",\"itemListElement\":[{\"@type\":\"ListItem\",\"position\":1,\"name\":\"Inicio\",\"item\":\"https:\\\/\\\/quehacerpolitico.mx\\\/\"},{\"@type\":\"ListItem\",\"position\":2,\"name\":\"\u201c\u00bfQu\u00e9 les importa m\u00e1s, la casa de Noro\u00f1a o Garc\u00eda Luna?\u201d: Sheinbaum evade hablar de los bienes del presidente del Senado\"}]},{\"@type\":\"WebSite\",\"@id\":\"https:\\\/\\\/quehacerpolitico.mx\\\/#website\",\"url\":\"https:\\\/\\\/quehacerpolitico.mx\\\/\",\"name\":\"\",\"description\":\"\",\"potentialAction\":[{\"@type\":\"SearchAction\",\"target\":{\"@type\":\"EntryPoint\",\"urlTemplate\":\"https:\\\/\\\/quehacerpolitico.mx\\\/?s={search_term_string}\"},\"query-input\":{\"@type\":\"PropertyValueSpecification\",\"valueRequired\":true,\"valueName\":\"search_term_string\"}}],\"inLanguage\":\"es\"},{\"@type\":\"Person\",\"@id\":\"https:\\\/\\\/quehacerpolitico.mx\\\/#\\\/schema\\\/person\\\/496d8ad2d1d3f8036101dca7ee39e585\",\"name\":\"Redacci\u00f3n QP\",\"image\":{\"@type\":\"ImageObject\",\"inLanguage\":\"es\",\"@id\":\"https:\\\/\\\/secure.gravatar.com\\\/avatar\\\/c7164ed6fdec453195284ad24a5ae5b6e1eed2b848477fa2a4787ba9adf39a41?s=96&d=mm&r=g\",\"url\":\"https:\\\/\\\/secure.gravatar.com\\\/avatar\\\/c7164ed6fdec453195284ad24a5ae5b6e1eed2b848477fa2a4787ba9adf39a41?s=96&d=mm&r=g\",\"contentUrl\":\"https:\\\/\\\/secure.gravatar.com\\\/avatar\\\/c7164ed6fdec453195284ad24a5ae5b6e1eed2b848477fa2a4787ba9adf39a41?s=96&d=mm&r=g\",\"caption\":\"Redacci\u00f3n QP\"},\"url\":\"https:\\\/\\\/quehacerpolitico.mx\\\/?author=2\"}]}<\/script>\n<!-- \/ Yoast SEO plugin. -->","yoast_head_json":{"title":"\u201c\u00bfQu\u00e9 les importa m\u00e1s, la casa de Noro\u00f1a o Garc\u00eda Luna?\u201d: Sheinbaum evade hablar de los bienes del presidente del Senado -","robots":{"index":"index","follow":"follow","max-snippet":"max-snippet:-1","max-image-preview":"max-image-preview:large","max-video-preview":"max-video-preview:-1"},"canonical":"https:\/\/quehacerpolitico.mx\/?p=118671","og_locale":"es_MX","og_type":"article","og_title":"\u201c\u00bfQu\u00e9 les importa m\u00e1s, la casa de Noro\u00f1a o Garc\u00eda Luna?\u201d: Sheinbaum evade hablar de los bienes del presidente del Senado -","og_description":"Por Redacci\u00f3n QP La presidenta afirm\u00f3 esto despu\u00e9s de que la prensa le pregunt\u00f3 su...","og_url":"https:\/\/quehacerpolitico.mx\/?p=118671","article_published_time":"2025-08-27T17:46:17+00:00","article_modified_time":"2025-08-27T17:46:19+00:00","og_image":[{"width":1170,"height":643,"url":"https:\/\/quehacerpolitico.mx\/wp-content\/uploads\/2025\/08\/IMG_3058.jpeg","type":"image\/jpeg"}],"author":"Redacci\u00f3n QP","twitter_card":"summary_large_image","twitter_misc":{"Escrito por":"Redacci\u00f3n QP","Tiempo de lectura":"2 minutos"},"schema":{"@context":"https:\/\/schema.org","@graph":[{"@type":"Article","@id":"https:\/\/quehacerpolitico.mx\/?p=118671#article","isPartOf":{"@id":"https:\/\/quehacerpolitico.mx\/?p=118671"},"author":{"name":"Redacci\u00f3n QP","@id":"https:\/\/quehacerpolitico.mx\/#\/schema\/person\/496d8ad2d1d3f8036101dca7ee39e585"},"headline":"\u201c\u00bfQu\u00e9 les importa m\u00e1s, la casa de Noro\u00f1a o Garc\u00eda Luna?\u201d: Sheinbaum evade hablar de los bienes del presidente del Senado","datePublished":"2025-08-27T17:46:17+00:00","dateModified":"2025-08-27T17:46:19+00:00","mainEntityOfPage":{"@id":"https:\/\/quehacerpolitico.mx\/?p=118671"},"wordCount":345,"commentCount":0,"image":{"@id":"https:\/\/quehacerpolitico.mx\/?p=118671#primaryimage"},"thumbnailUrl":"https:\/\/quehacerpolitico.mx\/wp-content\/uploads\/2025\/08\/IMG_3058.jpeg","articleSection":["Nacionales","Noticias"],"inLanguage":"es","potentialAction":[{"@type":"CommentAction","name":"Comment","target":["https:\/\/quehacerpolitico.mx\/?p=118671#respond"]}]},{"@type":"WebPage","@id":"https:\/\/quehacerpolitico.mx\/?p=118671","url":"https:\/\/quehacerpolitico.mx\/?p=118671","name":"\u201c\u00bfQu\u00e9 les importa m\u00e1s, la casa de Noro\u00f1a o Garc\u00eda Luna?\u201d: Sheinbaum evade hablar de los bienes del presidente del Senado -","isPartOf":{"@id":"https:\/\/quehacerpolitico.mx\/#website"},"primaryImageOfPage":{"@id":"https:\/\/quehacerpolitico.mx\/?p=118671#primaryimage"},"image":{"@id":"https:\/\/quehacerpolitico.mx\/?p=118671#primaryimage"},"thumbnailUrl":"https:\/\/quehacerpolitico.mx\/wp-content\/uploads\/2025\/08\/IMG_3058.jpeg","datePublished":"2025-08-27T17:46:17+00:00","dateModified":"2025-08-27T17:46:19+00:00","author":{"@id":"https:\/\/quehacerpolitico.mx\/#\/schema\/person\/496d8ad2d1d3f8036101dca7ee39e585"},"breadcrumb":{"@id":"https:\/\/quehacerpolitico.mx\/?p=118671#breadcrumb"},"inLanguage":"es","potentialAction":[{"@type":"ReadAction","target":["https:\/\/quehacerpolitico.mx\/?p=118671"]}]},{"@type":"ImageObject","inLanguage":"es","@id":"https:\/\/quehacerpolitico.mx\/?p=118671#primaryimage","url":"https:\/\/quehacerpolitico.mx\/wp-content\/uploads\/2025\/08\/IMG_3058.jpeg","contentUrl":"https:\/\/quehacerpolitico.mx\/wp-content\/uploads\/2025\/08\/IMG_3058.jpeg","width":1170,"height":643,"caption":"Screenshot"},{"@type":"BreadcrumbList","@id":"https:\/\/quehacerpolitico.mx\/?p=118671#breadcrumb","itemListElement":[{"@type":"ListItem","position":1,"name":"Inicio","item":"https:\/\/quehacerpolitico.mx\/"},{"@type":"ListItem","position":2,"name":"\u201c\u00bfQu\u00e9 les importa m\u00e1s, la casa de Noro\u00f1a o Garc\u00eda Luna?\u201d: Sheinbaum evade hablar de los bienes del presidente del Senado"}]},{"@type":"WebSite","@id":"https:\/\/quehacerpolitico.mx\/#website","url":"https:\/\/quehacerpolitico.mx\/","name":"","description":"","potentialAction":[{"@type":"SearchAction","target":{"@type":"EntryPoint","urlTemplate":"https:\/\/quehacerpolitico.mx\/?s={search_term_string}"},"query-input":{"@type":"PropertyValueSpecification","valueRequired":true,"valueName":"search_term_string"}}],"inLanguage":"es"},{"@type":"Person","@id":"https:\/\/quehacerpolitico.mx\/#\/schema\/person\/496d8ad2d1d3f8036101dca7ee39e585","name":"Redacci\u00f3n QP","image":{"@type":"ImageObject","inLanguage":"es","@id":"https:\/\/secure.gravatar.com\/avatar\/c7164ed6fdec453195284ad24a5ae5b6e1eed2b848477fa2a4787ba9adf39a41?s=96&d=mm&r=g","url":"https:\/\/secure.gravatar.com\/avatar\/c7164ed6fdec453195284ad24a5ae5b6e1eed2b848477fa2a4787ba9adf39a41?s=96&d=mm&r=g","contentUrl":"https:\/\/secure.gravatar.com\/avatar\/c7164ed6fdec453195284ad24a5ae5b6e1eed2b848477fa2a4787ba9adf39a41?s=96&d=mm&r=g","caption":"Redacci\u00f3n QP"},"url":"https:\/\/quehacerpolitico.mx\/?author=2"}]}},"featured_image_urls":{"full":["https:\/\/quehacerpolitico.mx\/wp-content\/uploads\/2025\/08\/IMG_3058.jpeg",1170,643,false],"thumbnail":["https:\/\/quehacerpolitico.mx\/wp-content\/uploads\/2025\/08\/IMG_3058-150x150.jpeg",150,150,true],"medium":["https:\/\/quehacerpolitico.mx\/wp-content\/uploads\/2025\/08\/IMG_3058-300x165.jpeg",300,165,true],"medium_large":["https:\/\/quehacerpolitico.mx\/wp-content\/uploads\/2025\/08\/IMG_3058-768x422.jpeg",640,352,true],"large":["https:\/\/quehacerpolitico.mx\/wp-content\/uploads\/2025\/08\/IMG_3058-1024x563.jpeg",640,352,true],"1536x1536":["https:\/\/quehacerpolitico.mx\/wp-content\/uploads\/2025\/08\/IMG_3058.jpeg",1170,643,false],"2048x2048":["https:\/\/quehacerpolitico.mx\/wp-content\/uploads\/2025\/08\/IMG_3058.jpeg",1170,643,false],"covernews-featured":["https:\/\/quehacerpolitico.mx\/wp-content\/uploads\/2025\/08\/IMG_3058-1024x563.jpeg",1024,563,true],"covernews-medium":["https:\/\/quehacerpolitico.mx\/wp-content\/uploads\/2025\/08\/IMG_3058-540x340.jpeg",540,340,true]},"author_info":{"display_name":"Redacci\u00f3n QP","author_link":"https:\/\/quehacerpolitico.mx\/?author=2"},"category_info":"<a href=\"https:\/\/quehacerpolitico.mx\/?cat=280\" rel=\"category\">Nacionales<\/a> <a href=\"https:\/\/quehacerpolitico.mx\/?cat=2\" rel=\"category\">Noticias<\/a>","tag_info":"Noticias","comment_count":"0","_links":{"self":[{"href":"https:\/\/quehacerpolitico.mx\/index.php?rest_route=\/wp\/v2\/posts\/118671","targetHints":{"allow":["GET"]}}],"collection":[{"href":"https:\/\/quehacerpolitico.mx\/index.php?rest_route=\/wp\/v2\/posts"}],"about":[{"href":"https:\/\/quehacerpolitico.mx\/index.php?rest_route=\/wp\/v2\/types\/post"}],"author":[{"embeddable":true,"href":"https:\/\/quehacerpolitico.mx\/index.php?rest_route=\/wp\/v2\/users\/2"}],"replies":[{"embeddable":true,"href":"https:\/\/quehacerpolitico.mx\/index.php?rest_route=%2Fwp%2Fv2%2Fcomments&post=118671"}],"version-history":[{"count":1,"href":"https:\/\/quehacerpolitico.mx\/index.php?rest_route=\/wp\/v2\/posts\/118671\/revisions"}],"predecessor-version":[{"id":118673,"href":"https:\/\/quehacerpolitico.mx\/index.php?rest_route=\/wp\/v2\/posts\/118671\/revisions\/118673"}],"wp:featuredmedia":[{"embeddable":true,"href":"https:\/\/quehacerpolitico.mx\/index.php?rest_route=\/wp\/v2\/media\/118672"}],"wp:attachment":[{"href":"https:\/\/quehacerpolitico.mx\/index.php?rest_route=%2Fwp%2Fv2%2Fmedia&parent=118671"}],"wp:term":[{"taxonomy":"category","embeddable":true,"href":"https:\/\/quehacerpolitico.mx\/index.php?rest_route=%2Fwp%2Fv2%2Fcategories&post=118671"},{"taxonomy":"post_tag","embeddable":true,"href":"https:\/\/quehacerpolitico.mx\/index.php?rest_route=%2Fwp%2Fv2%2Ftags&post=118671"}],"curies":[{"name":"wp","href":"https:\/\/api.w.org\/{rel}","templated":true}]}}