{"id":118659,"date":"2025-08-26T08:36:11","date_gmt":"2025-08-26T14:36:11","guid":{"rendered":"https:\/\/quehacerpolitico.mx\/?p=118659"},"modified":"2025-08-26T08:36:14","modified_gmt":"2025-08-26T14:36:14","slug":"el-quehacer-politico-a-traves-jose-alberto-prado-angeles-el-mayo-hablo-que-no-cunda-el-panico","status":"publish","type":"post","link":"https:\/\/quehacerpolitico.mx\/?p=118659","title":{"rendered":"El Quehacer Pol\u00edtico a trav\u00e9s\/\/\/Jose Alberto Prado Angeles\/\/\/El Mayo habl\u00f3 \u00a1Que no cunda el p\u00e1nico!"},"content":{"rendered":"\n<p>Jos\u00e9 Alberto Prado Angeles<\/p>\n\n\n\n<p>Director General y Editor<\/p>\n\n\n\n<p>\u201cDurante 50 a\u00f1os he dirigido una gran red criminal\u2026 Desde el principio y hasta el momento de mi captura he pagado sobornos a polic\u00edas, militares y pol\u00edticos en M\u00e9xico\u201d, dijo \u201cEl Mayo\u201d Zambada en la audiencia ante el juez Brian Cogan en la Corte en Nueva York, declar\u00e1ndose culpable y recibiendo una condena de cadena perpetua. Esa declaraci\u00f3n -que ya se esperaba- debi\u00f3 haber ca\u00eddo como \u2018balde de agua fr\u00eda\u2019 en muchos mexicanos -en diferentes sectores de nuestra sociedad- que han \u2018colaborado\u2019, que han sido c\u00f3mplices del \u2018jefe de jefes\u2019 del narcotr\u00e1fico y que por casi medio siglo control\u00f3 el tr\u00e1fico de drogas. Dicho en otras palabras, \u00a1A temblar se ha dicho!<\/p>\n\n\n\n<p>Sin embargo, al concluir la audiencia, Frank P\u00e9rez, abogado del \u201cMayo\u201d, asegur\u00f3 que su cliente no har\u00e1 m\u00e1s declaraciones de lo que confes\u00f3 en Corte, se\u00f1alando que \u201cLa informaci\u00f3n de \u201cEl Mayo\u201d Zambada se queda con \u201cEl Mayo\u201d Zambada\u201d, dando la impresi\u00f3n que el inculpado no aportar\u00e1 m\u00e1s detalles. Pero la afirmaci\u00f3n de que \u201csoborn\u00f3 a polic\u00edas, militares y pol\u00edticos en M\u00e9xico\u201d, ya provoc\u00f3 una sacudida y dej\u00f3 \u201calborotado el gallinero\u201d.<\/p>\n\n\n\n<p>Aqu\u00ed lo importante ser\u00e1 saber qu\u00e9 tipo de acuerdos fue a los que lleg\u00f3 \u201cEl Mayo\u201d con la Fiscal\u00eda y hasta donde lograra convencer de su culpabilidad -tal y como se lo pidi\u00f3 el juez en la audiencia- aportando detallada informaci\u00f3n -con fechas y nombres-, y que para nuestro entorno pudiera ser el asunto m\u00e1s interesante para conocer \u2018con pelos y se\u00f1as\u2019 quienes fueron los \u2018colaboradores\u2019 para desarrollar tan fruct\u00edfero negocio.<\/p>\n\n\n\n<p>La presidenta Claudia Sheinbaum, quien se encuentra en \u2018tinieblas\u2019 porque hasta la fecha no le han informado desde Washington c\u00f3mo fue que lleg\u00f3 \u2018El Mayo\u2019 -25 de julio de 2024- al aeropuerto rural de Do\u00f1a Ana en Nuevo M\u00e9xico, tras aterrizar en un avioneta acompa\u00f1ada por Joaqu\u00edn Guzm\u00e1n L\u00f3pez, hijo de \u2018El Chapo\u2019 Guzm\u00e1n, dijo estar despreocupada e insisti\u00f3 ayer en su conferencia ma\u00f1anera que \u201cLo que vaya a declarar -\u2018El Mayo\u2019- y si lo plantea la Fiscal\u00eda de Estados Unidos, cualquier tema que tuviera que ver con M\u00e9xico, pues tiene que pasar por pruebas\u201d.<\/p>\n\n\n\n<p>Habr\u00e1 que hacerle notar a la Presidenta que el asunto no es como lo piensa y menos tomando en cuenta el personaje del que pudieran venir las acusaciones. Con pruebas -que dif\u00edcilmente se van a proporcionar- que ser\u00e1n solo verbales -por obvias razones-, el gobierno mexicano deber\u00e1 tener la responsabilidad de hacer sus propias indagatorias y llegar hasta las \u00faltimas consecuencias, a menos que se quiera seguir -aunque sin el inculpado presente- como sucedi\u00f3 con el General Cienfuegos y est\u00e1 pasando con Julio C\u00e9sar Ch\u00e1vez Jr.<\/p>\n\n\n\n<p>Por lo pronto -con lo declarado ayer en Nueva York-, \u00a1A temblar se ha dicho!<\/p>\n\n\n\n<p>As\u00ed el Quehacer Pol\u00edtico Desde 1980, 45 a\u00f1os inquiriendo en la pol\u00edtica de M\u00e9xico, cuestionando, exponiendo, revelando y razonando.Es cuanto.<\/p>\n","protected":false},"excerpt":{"rendered":"<p>Jos\u00e9 Alberto Prado Angeles Director General y Editor \u201cDurante 50 a\u00f1os he dirigido una gran&#8230;<\/p>\n","protected":false},"author":2,"featured_media":118660,"comment_status":"open","ping_status":"open","sticky":false,"template":"","format":"standard","meta":{"_monsterinsights_skip_tracking":false,"_monsterinsights_sitenote_active":false,"_monsterinsights_sitenote_note":"","_monsterinsights_sitenote_category":0,"footnotes":""},"categories":[1,280,2],"tags":[],"class_list":["post-118659","post","type-post","status-publish","format-standard","has-post-thumbnail","hentry","category-sin-categoria","category-nacionales","category-noticias"],"yoast_head":"<!-- This site is optimized with the Yoast SEO plugin v27.3 - https:\/\/yoast.com\/product\/yoast-seo-wordpress\/ -->\n<title>El Quehacer Pol\u00edtico a trav\u00e9s\/\/\/Jose Alberto Prado Angeles\/\/\/El Mayo habl\u00f3 \u00a1Que no cunda el p\u00e1nico! -<\/title>\n<meta name=\"robots\" content=\"index, follow, max-snippet:-1, max-image-preview:large, max-video-preview:-1\" \/>\n<link rel=\"canonical\" href=\"https:\/\/quehacerpolitico.mx\/?p=118659\" \/>\n<meta property=\"og:locale\" content=\"es_MX\" \/>\n<meta property=\"og:type\" content=\"article\" \/>\n<meta property=\"og:title\" content=\"El Quehacer Pol\u00edtico a trav\u00e9s\/\/\/Jose Alberto Prado Angeles\/\/\/El Mayo habl\u00f3 \u00a1Que no cunda el p\u00e1nico! -\" \/>\n<meta property=\"og:description\" content=\"Jos\u00e9 Alberto Prado Angeles Director General y Editor \u201cDurante 50 a\u00f1os he dirigido una gran...\" \/>\n<meta property=\"og:url\" content=\"https:\/\/quehacerpolitico.mx\/?p=118659\" \/>\n<meta property=\"article:published_time\" content=\"2025-08-26T14:36:11+00:00\" \/>\n<meta property=\"article:modified_time\" content=\"2025-08-26T14:36:14+00:00\" \/>\n<meta property=\"og:image\" content=\"https:\/\/quehacerpolitico.mx\/wp-content\/uploads\/2025\/08\/fb07bd44-0f95-41a8-8353-f61c55b6d960-16.jpeg\" \/>\n\t<meta property=\"og:image:width\" content=\"963\" \/>\n\t<meta property=\"og:image:height\" content=\"493\" \/>\n\t<meta property=\"og:image:type\" content=\"image\/jpeg\" \/>\n<meta name=\"author\" content=\"Redacci\u00f3n QP\" \/>\n<meta name=\"twitter:card\" content=\"summary_large_image\" \/>\n<meta name=\"twitter:label1\" content=\"Escrito por\" \/>\n\t<meta name=\"twitter:data1\" content=\"Redacci\u00f3n QP\" \/>\n\t<meta name=\"twitter:label2\" content=\"Tiempo de lectura\" \/>\n\t<meta name=\"twitter:data2\" content=\"3 minutos\" \/>\n<script type=\"application\/ld+json\" class=\"yoast-schema-graph\">{\"@context\":\"https:\\\/\\\/schema.org\",\"@graph\":[{\"@type\":\"Article\",\"@id\":\"https:\\\/\\\/quehacerpolitico.mx\\\/?p=118659#article\",\"isPartOf\":{\"@id\":\"https:\\\/\\\/quehacerpolitico.mx\\\/?p=118659\"},\"author\":{\"name\":\"Redacci\u00f3n QP\",\"@id\":\"https:\\\/\\\/quehacerpolitico.mx\\\/#\\\/schema\\\/person\\\/496d8ad2d1d3f8036101dca7ee39e585\"},\"headline\":\"El Quehacer Pol\u00edtico a trav\u00e9s\\\/\\\/\\\/Jose Alberto Prado Angeles\\\/\\\/\\\/El Mayo habl\u00f3 \u00a1Que no cunda el p\u00e1nico!\",\"datePublished\":\"2025-08-26T14:36:11+00:00\",\"dateModified\":\"2025-08-26T14:36:14+00:00\",\"mainEntityOfPage\":{\"@id\":\"https:\\\/\\\/quehacerpolitico.mx\\\/?p=118659\"},\"wordCount\":543,\"commentCount\":0,\"image\":{\"@id\":\"https:\\\/\\\/quehacerpolitico.mx\\\/?p=118659#primaryimage\"},\"thumbnailUrl\":\"https:\\\/\\\/quehacerpolitico.mx\\\/wp-content\\\/uploads\\\/2025\\\/08\\\/fb07bd44-0f95-41a8-8353-f61c55b6d960-16.jpeg\",\"articleSection\":[\"Internacionales\",\"Nacionales\",\"Noticias\"],\"inLanguage\":\"es\",\"potentialAction\":[{\"@type\":\"CommentAction\",\"name\":\"Comment\",\"target\":[\"https:\\\/\\\/quehacerpolitico.mx\\\/?p=118659#respond\"]}]},{\"@type\":\"WebPage\",\"@id\":\"https:\\\/\\\/quehacerpolitico.mx\\\/?p=118659\",\"url\":\"https:\\\/\\\/quehacerpolitico.mx\\\/?p=118659\",\"name\":\"El Quehacer Pol\u00edtico a trav\u00e9s\\\/\\\/\\\/Jose Alberto Prado Angeles\\\/\\\/\\\/El Mayo habl\u00f3 \u00a1Que no cunda el p\u00e1nico! -\",\"isPartOf\":{\"@id\":\"https:\\\/\\\/quehacerpolitico.mx\\\/#website\"},\"primaryImageOfPage\":{\"@id\":\"https:\\\/\\\/quehacerpolitico.mx\\\/?p=118659#primaryimage\"},\"image\":{\"@id\":\"https:\\\/\\\/quehacerpolitico.mx\\\/?p=118659#primaryimage\"},\"thumbnailUrl\":\"https:\\\/\\\/quehacerpolitico.mx\\\/wp-content\\\/uploads\\\/2025\\\/08\\\/fb07bd44-0f95-41a8-8353-f61c55b6d960-16.jpeg\",\"datePublished\":\"2025-08-26T14:36:11+00:00\",\"dateModified\":\"2025-08-26T14:36:14+00:00\",\"author\":{\"@id\":\"https:\\\/\\\/quehacerpolitico.mx\\\/#\\\/schema\\\/person\\\/496d8ad2d1d3f8036101dca7ee39e585\"},\"breadcrumb\":{\"@id\":\"https:\\\/\\\/quehacerpolitico.mx\\\/?p=118659#breadcrumb\"},\"inLanguage\":\"es\",\"potentialAction\":[{\"@type\":\"ReadAction\",\"target\":[\"https:\\\/\\\/quehacerpolitico.mx\\\/?p=118659\"]}]},{\"@type\":\"ImageObject\",\"inLanguage\":\"es\",\"@id\":\"https:\\\/\\\/quehacerpolitico.mx\\\/?p=118659#primaryimage\",\"url\":\"https:\\\/\\\/quehacerpolitico.mx\\\/wp-content\\\/uploads\\\/2025\\\/08\\\/fb07bd44-0f95-41a8-8353-f61c55b6d960-16.jpeg\",\"contentUrl\":\"https:\\\/\\\/quehacerpolitico.mx\\\/wp-content\\\/uploads\\\/2025\\\/08\\\/fb07bd44-0f95-41a8-8353-f61c55b6d960-16.jpeg\",\"width\":963,\"height\":493},{\"@type\":\"BreadcrumbList\",\"@id\":\"https:\\\/\\\/quehacerpolitico.mx\\\/?p=118659#breadcrumb\",\"itemListElement\":[{\"@type\":\"ListItem\",\"position\":1,\"name\":\"Inicio\",\"item\":\"https:\\\/\\\/quehacerpolitico.mx\\\/\"},{\"@type\":\"ListItem\",\"position\":2,\"name\":\"El Quehacer Pol\u00edtico a trav\u00e9s\\\/\\\/\\\/Jose Alberto Prado Angeles\\\/\\\/\\\/El Mayo habl\u00f3 \u00a1Que no cunda el p\u00e1nico!\"}]},{\"@type\":\"WebSite\",\"@id\":\"https:\\\/\\\/quehacerpolitico.mx\\\/#website\",\"url\":\"https:\\\/\\\/quehacerpolitico.mx\\\/\",\"name\":\"\",\"description\":\"\",\"potentialAction\":[{\"@type\":\"SearchAction\",\"target\":{\"@type\":\"EntryPoint\",\"urlTemplate\":\"https:\\\/\\\/quehacerpolitico.mx\\\/?s={search_term_string}\"},\"query-input\":{\"@type\":\"PropertyValueSpecification\",\"valueRequired\":true,\"valueName\":\"search_term_string\"}}],\"inLanguage\":\"es\"},{\"@type\":\"Person\",\"@id\":\"https:\\\/\\\/quehacerpolitico.mx\\\/#\\\/schema\\\/person\\\/496d8ad2d1d3f8036101dca7ee39e585\",\"name\":\"Redacci\u00f3n QP\",\"image\":{\"@type\":\"ImageObject\",\"inLanguage\":\"es\",\"@id\":\"https:\\\/\\\/secure.gravatar.com\\\/avatar\\\/c7164ed6fdec453195284ad24a5ae5b6e1eed2b848477fa2a4787ba9adf39a41?s=96&d=mm&r=g\",\"url\":\"https:\\\/\\\/secure.gravatar.com\\\/avatar\\\/c7164ed6fdec453195284ad24a5ae5b6e1eed2b848477fa2a4787ba9adf39a41?s=96&d=mm&r=g\",\"contentUrl\":\"https:\\\/\\\/secure.gravatar.com\\\/avatar\\\/c7164ed6fdec453195284ad24a5ae5b6e1eed2b848477fa2a4787ba9adf39a41?s=96&d=mm&r=g\",\"caption\":\"Redacci\u00f3n QP\"},\"url\":\"https:\\\/\\\/quehacerpolitico.mx\\\/?author=2\"}]}<\/script>\n<!-- \/ Yoast SEO plugin. -->","yoast_head_json":{"title":"El Quehacer Pol\u00edtico a trav\u00e9s\/\/\/Jose Alberto Prado Angeles\/\/\/El Mayo habl\u00f3 \u00a1Que no cunda el p\u00e1nico! -","robots":{"index":"index","follow":"follow","max-snippet":"max-snippet:-1","max-image-preview":"max-image-preview:large","max-video-preview":"max-video-preview:-1"},"canonical":"https:\/\/quehacerpolitico.mx\/?p=118659","og_locale":"es_MX","og_type":"article","og_title":"El Quehacer Pol\u00edtico a trav\u00e9s\/\/\/Jose Alberto Prado Angeles\/\/\/El Mayo habl\u00f3 \u00a1Que no cunda el p\u00e1nico! -","og_description":"Jos\u00e9 Alberto Prado Angeles Director General y Editor \u201cDurante 50 a\u00f1os he dirigido una gran...","og_url":"https:\/\/quehacerpolitico.mx\/?p=118659","article_published_time":"2025-08-26T14:36:11+00:00","article_modified_time":"2025-08-26T14:36:14+00:00","og_image":[{"width":963,"height":493,"url":"https:\/\/quehacerpolitico.mx\/wp-content\/uploads\/2025\/08\/fb07bd44-0f95-41a8-8353-f61c55b6d960-16.jpeg","type":"image\/jpeg"}],"author":"Redacci\u00f3n QP","twitter_card":"summary_large_image","twitter_misc":{"Escrito por":"Redacci\u00f3n QP","Tiempo de lectura":"3 minutos"},"schema":{"@context":"https:\/\/schema.org","@graph":[{"@type":"Article","@id":"https:\/\/quehacerpolitico.mx\/?p=118659#article","isPartOf":{"@id":"https:\/\/quehacerpolitico.mx\/?p=118659"},"author":{"name":"Redacci\u00f3n QP","@id":"https:\/\/quehacerpolitico.mx\/#\/schema\/person\/496d8ad2d1d3f8036101dca7ee39e585"},"headline":"El Quehacer Pol\u00edtico a trav\u00e9s\/\/\/Jose Alberto Prado Angeles\/\/\/El Mayo habl\u00f3 \u00a1Que no cunda el p\u00e1nico!","datePublished":"2025-08-26T14:36:11+00:00","dateModified":"2025-08-26T14:36:14+00:00","mainEntityOfPage":{"@id":"https:\/\/quehacerpolitico.mx\/?p=118659"},"wordCount":543,"commentCount":0,"image":{"@id":"https:\/\/quehacerpolitico.mx\/?p=118659#primaryimage"},"thumbnailUrl":"https:\/\/quehacerpolitico.mx\/wp-content\/uploads\/2025\/08\/fb07bd44-0f95-41a8-8353-f61c55b6d960-16.jpeg","articleSection":["Internacionales","Nacionales","Noticias"],"inLanguage":"es","potentialAction":[{"@type":"CommentAction","name":"Comment","target":["https:\/\/quehacerpolitico.mx\/?p=118659#respond"]}]},{"@type":"WebPage","@id":"https:\/\/quehacerpolitico.mx\/?p=118659","url":"https:\/\/quehacerpolitico.mx\/?p=118659","name":"El Quehacer Pol\u00edtico a trav\u00e9s\/\/\/Jose Alberto Prado Angeles\/\/\/El Mayo habl\u00f3 \u00a1Que no cunda el p\u00e1nico! -","isPartOf":{"@id":"https:\/\/quehacerpolitico.mx\/#website"},"primaryImageOfPage":{"@id":"https:\/\/quehacerpolitico.mx\/?p=118659#primaryimage"},"image":{"@id":"https:\/\/quehacerpolitico.mx\/?p=118659#primaryimage"},"thumbnailUrl":"https:\/\/quehacerpolitico.mx\/wp-content\/uploads\/2025\/08\/fb07bd44-0f95-41a8-8353-f61c55b6d960-16.jpeg","datePublished":"2025-08-26T14:36:11+00:00","dateModified":"2025-08-26T14:36:14+00:00","author":{"@id":"https:\/\/quehacerpolitico.mx\/#\/schema\/person\/496d8ad2d1d3f8036101dca7ee39e585"},"breadcrumb":{"@id":"https:\/\/quehacerpolitico.mx\/?p=118659#breadcrumb"},"inLanguage":"es","potentialAction":[{"@type":"ReadAction","target":["https:\/\/quehacerpolitico.mx\/?p=118659"]}]},{"@type":"ImageObject","inLanguage":"es","@id":"https:\/\/quehacerpolitico.mx\/?p=118659#primaryimage","url":"https:\/\/quehacerpolitico.mx\/wp-content\/uploads\/2025\/08\/fb07bd44-0f95-41a8-8353-f61c55b6d960-16.jpeg","contentUrl":"https:\/\/quehacerpolitico.mx\/wp-content\/uploads\/2025\/08\/fb07bd44-0f95-41a8-8353-f61c55b6d960-16.jpeg","width":963,"height":493},{"@type":"BreadcrumbList","@id":"https:\/\/quehacerpolitico.mx\/?p=118659#breadcrumb","itemListElement":[{"@type":"ListItem","position":1,"name":"Inicio","item":"https:\/\/quehacerpolitico.mx\/"},{"@type":"ListItem","position":2,"name":"El Quehacer Pol\u00edtico a trav\u00e9s\/\/\/Jose Alberto Prado Angeles\/\/\/El Mayo habl\u00f3 \u00a1Que no cunda el p\u00e1nico!"}]},{"@type":"WebSite","@id":"https:\/\/quehacerpolitico.mx\/#website","url":"https:\/\/quehacerpolitico.mx\/","name":"","description":"","potentialAction":[{"@type":"SearchAction","target":{"@type":"EntryPoint","urlTemplate":"https:\/\/quehacerpolitico.mx\/?s={search_term_string}"},"query-input":{"@type":"PropertyValueSpecification","valueRequired":true,"valueName":"search_term_string"}}],"inLanguage":"es"},{"@type":"Person","@id":"https:\/\/quehacerpolitico.mx\/#\/schema\/person\/496d8ad2d1d3f8036101dca7ee39e585","name":"Redacci\u00f3n QP","image":{"@type":"ImageObject","inLanguage":"es","@id":"https:\/\/secure.gravatar.com\/avatar\/c7164ed6fdec453195284ad24a5ae5b6e1eed2b848477fa2a4787ba9adf39a41?s=96&d=mm&r=g","url":"https:\/\/secure.gravatar.com\/avatar\/c7164ed6fdec453195284ad24a5ae5b6e1eed2b848477fa2a4787ba9adf39a41?s=96&d=mm&r=g","contentUrl":"https:\/\/secure.gravatar.com\/avatar\/c7164ed6fdec453195284ad24a5ae5b6e1eed2b848477fa2a4787ba9adf39a41?s=96&d=mm&r=g","caption":"Redacci\u00f3n QP"},"url":"https:\/\/quehacerpolitico.mx\/?author=2"}]}},"featured_image_urls":{"full":["https:\/\/quehacerpolitico.mx\/wp-content\/uploads\/2025\/08\/fb07bd44-0f95-41a8-8353-f61c55b6d960-16.jpeg",963,493,false],"thumbnail":["https:\/\/quehacerpolitico.mx\/wp-content\/uploads\/2025\/08\/fb07bd44-0f95-41a8-8353-f61c55b6d960-16-150x150.jpeg",150,150,true],"medium":["https:\/\/quehacerpolitico.mx\/wp-content\/uploads\/2025\/08\/fb07bd44-0f95-41a8-8353-f61c55b6d960-16-300x154.jpeg",300,154,true],"medium_large":["https:\/\/quehacerpolitico.mx\/wp-content\/uploads\/2025\/08\/fb07bd44-0f95-41a8-8353-f61c55b6d960-16-768x393.jpeg",640,328,true],"large":["https:\/\/quehacerpolitico.mx\/wp-content\/uploads\/2025\/08\/fb07bd44-0f95-41a8-8353-f61c55b6d960-16.jpeg",640,328,false],"1536x1536":["https:\/\/quehacerpolitico.mx\/wp-content\/uploads\/2025\/08\/fb07bd44-0f95-41a8-8353-f61c55b6d960-16.jpeg",963,493,false],"2048x2048":["https:\/\/quehacerpolitico.mx\/wp-content\/uploads\/2025\/08\/fb07bd44-0f95-41a8-8353-f61c55b6d960-16.jpeg",963,493,false],"covernews-featured":["https:\/\/quehacerpolitico.mx\/wp-content\/uploads\/2025\/08\/fb07bd44-0f95-41a8-8353-f61c55b6d960-16.jpeg",963,493,false],"covernews-medium":["https:\/\/quehacerpolitico.mx\/wp-content\/uploads\/2025\/08\/fb07bd44-0f95-41a8-8353-f61c55b6d960-16-540x340.jpeg",540,340,true]},"author_info":{"display_name":"Redacci\u00f3n QP","author_link":"https:\/\/quehacerpolitico.mx\/?author=2"},"category_info":"<a href=\"https:\/\/quehacerpolitico.mx\/?cat=1\" rel=\"category\">Internacionales<\/a> <a href=\"https:\/\/quehacerpolitico.mx\/?cat=280\" rel=\"category\">Nacionales<\/a> <a href=\"https:\/\/quehacerpolitico.mx\/?cat=2\" rel=\"category\">Noticias<\/a>","tag_info":"Noticias","comment_count":"0","_links":{"self":[{"href":"https:\/\/quehacerpolitico.mx\/index.php?rest_route=\/wp\/v2\/posts\/118659","targetHints":{"allow":["GET"]}}],"collection":[{"href":"https:\/\/quehacerpolitico.mx\/index.php?rest_route=\/wp\/v2\/posts"}],"about":[{"href":"https:\/\/quehacerpolitico.mx\/index.php?rest_route=\/wp\/v2\/types\/post"}],"author":[{"embeddable":true,"href":"https:\/\/quehacerpolitico.mx\/index.php?rest_route=\/wp\/v2\/users\/2"}],"replies":[{"embeddable":true,"href":"https:\/\/quehacerpolitico.mx\/index.php?rest_route=%2Fwp%2Fv2%2Fcomments&post=118659"}],"version-history":[{"count":1,"href":"https:\/\/quehacerpolitico.mx\/index.php?rest_route=\/wp\/v2\/posts\/118659\/revisions"}],"predecessor-version":[{"id":118661,"href":"https:\/\/quehacerpolitico.mx\/index.php?rest_route=\/wp\/v2\/posts\/118659\/revisions\/118661"}],"wp:featuredmedia":[{"embeddable":true,"href":"https:\/\/quehacerpolitico.mx\/index.php?rest_route=\/wp\/v2\/media\/118660"}],"wp:attachment":[{"href":"https:\/\/quehacerpolitico.mx\/index.php?rest_route=%2Fwp%2Fv2%2Fmedia&parent=118659"}],"wp:term":[{"taxonomy":"category","embeddable":true,"href":"https:\/\/quehacerpolitico.mx\/index.php?rest_route=%2Fwp%2Fv2%2Fcategories&post=118659"},{"taxonomy":"post_tag","embeddable":true,"href":"https:\/\/quehacerpolitico.mx\/index.php?rest_route=%2Fwp%2Fv2%2Ftags&post=118659"}],"curies":[{"name":"wp","href":"https:\/\/api.w.org\/{rel}","templated":true}]}}