{"id":118656,"date":"2025-08-25T09:59:40","date_gmt":"2025-08-25T15:59:40","guid":{"rendered":"https:\/\/quehacerpolitico.mx\/?p=118656"},"modified":"2025-08-25T09:59:42","modified_gmt":"2025-08-25T15:59:42","slug":"fue-lo-que-decidio-el-juez-sheinbaum-evade-abordar-la-libertad-condicional-de-julio-cesar-chavez-jr","status":"publish","type":"post","link":"https:\/\/quehacerpolitico.mx\/?p=118656","title":{"rendered":"\u201cFue lo que decidi\u00f3 el juez\u201d: Sheinbaum evade abordar la libertad condicional de Julio C\u00e9sar Ch\u00e1vez Jr."},"content":{"rendered":"\n<p>Por Redacci\u00f3n QP<\/p>\n\n\n\n<p>El p\u00fagil sali\u00f3 de un penal en Sonora y continuar\u00e1 su proceso luego de que fue deportado desde EU la semana pasada<\/p>\n\n\n\n<p>La presidenta&nbsp;<strong>Claudia Sheinbaum<\/strong>evadi\u00f3 este lunes hablar de la salida de prisi\u00f3n de&nbsp;<strong>Julio C\u00e9sar Ch\u00e1vez Jr.<\/strong>&nbsp;luego de que un juez le concedi\u00f3 continuar con su proceso en libertad tras estar preso en un penal en Sonora.&nbsp;<\/p>\n\n\n\n<p>La mandataria se limit\u00f3 a dar un breve comentario y no comparti\u00f3 su opini\u00f3n sobre esta determinaci\u00f3n despu\u00e9s de que el p\u00fagil fuera&nbsp;<strong>deportado desde Estados Unidos&nbsp;<\/strong>la semana pasada porque M\u00e9xico se\u00f1al\u00f3 que hay un caso en su contra.&nbsp;<\/p>\n\n\n\n<p>\u201c<strong>Fue lo que decidi\u00f3 el juez,<\/strong>\u00a0ya, hasta ah\u00ed\u201d, dijo ante una primera pregunta de la prensa.<\/p>\n\n\n\n<figure class=\"wp-block-embed is-type-rich is-provider-twitter wp-block-embed-twitter\"><div class=\"wp-block-embed__wrapper\">\n<blockquote class=\"twitter-tweet\" data-width=\"550\" data-dnt=\"true\"><p lang=\"es\" dir=\"ltr\">\ud83d\udd34\u201cFue lo que decidi\u00f3 el juez\u2026 hasta ah\u00ed\u201d, reacciona la presidenta Claudia Sheinbaum a la vinculaci\u00f3n a proceso de Julio C\u00e9sar Ch\u00e1vez Jr. tras ser cuestionada por la libertad condicional del exboxeador. <a href=\"https:\/\/t.co\/4FlAMJHZGO\">pic.twitter.com\/4FlAMJHZGO<\/a><\/p>&mdash; Azucena Uresti (@azucenau) <a href=\"https:\/\/twitter.com\/azucenau\/status\/1959985456680140810?ref_src=twsrc%5Etfw\">August 25, 2025<\/a><\/blockquote><script async src=\"https:\/\/platform.twitter.com\/widgets.js\" charset=\"utf-8\"><\/script>\n<\/div><\/figure>\n\n\n\n<p>Sin embargo, una reportera volvi\u00f3 a preguntar por segunda ocasi\u00f3n sobre el tema y la mandataria de nuevo evit\u00f3 pronunciarse si su gobierno impugnar\u00e1 este cambio en la medida.&nbsp;<\/p>\n\n\n\n<p>&#8220;Le corresponde a la Fiscal\u00eda General de la Rep\u00fablica, es&nbsp;quien&nbsp;<strong>debe contestar<\/strong>esto que est\u00e1s planteando&#8221;, a\u00f1adi\u00f3.&nbsp;<\/p>\n\n\n\n<p><strong>Ch\u00e1vez Jr.<\/strong>&nbsp;abandon\u00f3 el penal&nbsp;horas despu\u00e9s de que un juez&nbsp;de la ciudad de Hermosillo, capital del estado, vincul\u00f3 a proceso al boxeador&nbsp;y acord\u00f3 que enfrente su juicio en libertad condicional por su presunta responsabilidad en el delito de delincuencia organizado para la introducci\u00f3n clandestina de armas a M\u00e9xico.&nbsp;<\/p>\n\n\n\n<p>El proceso contra el p\u00fagil es parte de una investigaci\u00f3n m\u00e1s amplia que la Fiscal\u00eda General de la Rep\u00fablica (FGR) inici\u00f3 en 2019 contra el&nbsp;<strong>C\u00e1rtel de Sinaloa&nbsp;<\/strong>por delincuencia organizada, tr\u00e1fico de personas, tr\u00e1fico de armas y narcotr\u00e1fico, luego de que Estados Unidos present\u00f3 una denuncia.<\/p>\n\n\n\n<p><em>Con informaci\u00f3n de AP<\/em><\/p>\n","protected":false},"excerpt":{"rendered":"<p>Por Redacci\u00f3n QP El p\u00fagil sali\u00f3 de un penal en Sonora y continuar\u00e1 su proceso&#8230;<\/p>\n","protected":false},"author":2,"featured_media":118657,"comment_status":"open","ping_status":"open","sticky":false,"template":"","format":"standard","meta":{"_monsterinsights_skip_tracking":false,"_monsterinsights_sitenote_active":false,"_monsterinsights_sitenote_note":"","_monsterinsights_sitenote_category":0,"footnotes":""},"categories":[280,2],"tags":[],"class_list":["post-118656","post","type-post","status-publish","format-standard","has-post-thumbnail","hentry","category-nacionales","category-noticias"],"yoast_head":"<!-- This site is optimized with the Yoast SEO plugin v27.3 - https:\/\/yoast.com\/product\/yoast-seo-wordpress\/ -->\n<title>\u201cFue lo que decidi\u00f3 el juez\u201d: Sheinbaum evade abordar la libertad condicional de Julio C\u00e9sar Ch\u00e1vez Jr. -<\/title>\n<meta name=\"robots\" content=\"index, follow, max-snippet:-1, max-image-preview:large, max-video-preview:-1\" \/>\n<link rel=\"canonical\" href=\"https:\/\/quehacerpolitico.mx\/?p=118656\" \/>\n<meta property=\"og:locale\" content=\"es_MX\" \/>\n<meta property=\"og:type\" content=\"article\" \/>\n<meta property=\"og:title\" content=\"\u201cFue lo que decidi\u00f3 el juez\u201d: Sheinbaum evade abordar la libertad condicional de Julio C\u00e9sar Ch\u00e1vez Jr. -\" \/>\n<meta property=\"og:description\" content=\"Por Redacci\u00f3n QP El p\u00fagil sali\u00f3 de un penal en Sonora y continuar\u00e1 su proceso...\" \/>\n<meta property=\"og:url\" content=\"https:\/\/quehacerpolitico.mx\/?p=118656\" \/>\n<meta property=\"article:published_time\" content=\"2025-08-25T15:59:40+00:00\" \/>\n<meta property=\"article:modified_time\" content=\"2025-08-25T15:59:42+00:00\" \/>\n<meta property=\"og:image\" content=\"https:\/\/quehacerpolitico.mx\/wp-content\/uploads\/2025\/08\/IMG_3023.jpeg\" \/>\n\t<meta property=\"og:image:width\" content=\"1170\" \/>\n\t<meta property=\"og:image:height\" content=\"635\" \/>\n\t<meta property=\"og:image:type\" content=\"image\/jpeg\" \/>\n<meta name=\"author\" content=\"Redacci\u00f3n QP\" \/>\n<meta name=\"twitter:card\" content=\"summary_large_image\" \/>\n<meta name=\"twitter:label1\" content=\"Escrito por\" \/>\n\t<meta name=\"twitter:data1\" content=\"Redacci\u00f3n QP\" \/>\n\t<meta name=\"twitter:label2\" content=\"Tiempo de lectura\" \/>\n\t<meta name=\"twitter:data2\" content=\"2 minutos\" \/>\n<script type=\"application\/ld+json\" class=\"yoast-schema-graph\">{\"@context\":\"https:\\\/\\\/schema.org\",\"@graph\":[{\"@type\":\"Article\",\"@id\":\"https:\\\/\\\/quehacerpolitico.mx\\\/?p=118656#article\",\"isPartOf\":{\"@id\":\"https:\\\/\\\/quehacerpolitico.mx\\\/?p=118656\"},\"author\":{\"name\":\"Redacci\u00f3n QP\",\"@id\":\"https:\\\/\\\/quehacerpolitico.mx\\\/#\\\/schema\\\/person\\\/496d8ad2d1d3f8036101dca7ee39e585\"},\"headline\":\"\u201cFue lo que decidi\u00f3 el juez\u201d: Sheinbaum evade abordar la libertad condicional de Julio C\u00e9sar Ch\u00e1vez Jr.\",\"datePublished\":\"2025-08-25T15:59:40+00:00\",\"dateModified\":\"2025-08-25T15:59:42+00:00\",\"mainEntityOfPage\":{\"@id\":\"https:\\\/\\\/quehacerpolitico.mx\\\/?p=118656\"},\"wordCount\":340,\"commentCount\":0,\"image\":{\"@id\":\"https:\\\/\\\/quehacerpolitico.mx\\\/?p=118656#primaryimage\"},\"thumbnailUrl\":\"https:\\\/\\\/quehacerpolitico.mx\\\/wp-content\\\/uploads\\\/2025\\\/08\\\/IMG_3023.jpeg\",\"articleSection\":[\"Nacionales\",\"Noticias\"],\"inLanguage\":\"es\",\"potentialAction\":[{\"@type\":\"CommentAction\",\"name\":\"Comment\",\"target\":[\"https:\\\/\\\/quehacerpolitico.mx\\\/?p=118656#respond\"]}]},{\"@type\":\"WebPage\",\"@id\":\"https:\\\/\\\/quehacerpolitico.mx\\\/?p=118656\",\"url\":\"https:\\\/\\\/quehacerpolitico.mx\\\/?p=118656\",\"name\":\"\u201cFue lo que decidi\u00f3 el juez\u201d: Sheinbaum evade abordar la libertad condicional de Julio C\u00e9sar Ch\u00e1vez Jr. -\",\"isPartOf\":{\"@id\":\"https:\\\/\\\/quehacerpolitico.mx\\\/#website\"},\"primaryImageOfPage\":{\"@id\":\"https:\\\/\\\/quehacerpolitico.mx\\\/?p=118656#primaryimage\"},\"image\":{\"@id\":\"https:\\\/\\\/quehacerpolitico.mx\\\/?p=118656#primaryimage\"},\"thumbnailUrl\":\"https:\\\/\\\/quehacerpolitico.mx\\\/wp-content\\\/uploads\\\/2025\\\/08\\\/IMG_3023.jpeg\",\"datePublished\":\"2025-08-25T15:59:40+00:00\",\"dateModified\":\"2025-08-25T15:59:42+00:00\",\"author\":{\"@id\":\"https:\\\/\\\/quehacerpolitico.mx\\\/#\\\/schema\\\/person\\\/496d8ad2d1d3f8036101dca7ee39e585\"},\"breadcrumb\":{\"@id\":\"https:\\\/\\\/quehacerpolitico.mx\\\/?p=118656#breadcrumb\"},\"inLanguage\":\"es\",\"potentialAction\":[{\"@type\":\"ReadAction\",\"target\":[\"https:\\\/\\\/quehacerpolitico.mx\\\/?p=118656\"]}]},{\"@type\":\"ImageObject\",\"inLanguage\":\"es\",\"@id\":\"https:\\\/\\\/quehacerpolitico.mx\\\/?p=118656#primaryimage\",\"url\":\"https:\\\/\\\/quehacerpolitico.mx\\\/wp-content\\\/uploads\\\/2025\\\/08\\\/IMG_3023.jpeg\",\"contentUrl\":\"https:\\\/\\\/quehacerpolitico.mx\\\/wp-content\\\/uploads\\\/2025\\\/08\\\/IMG_3023.jpeg\",\"width\":1170,\"height\":635,\"caption\":\"Screenshot\"},{\"@type\":\"BreadcrumbList\",\"@id\":\"https:\\\/\\\/quehacerpolitico.mx\\\/?p=118656#breadcrumb\",\"itemListElement\":[{\"@type\":\"ListItem\",\"position\":1,\"name\":\"Inicio\",\"item\":\"https:\\\/\\\/quehacerpolitico.mx\\\/\"},{\"@type\":\"ListItem\",\"position\":2,\"name\":\"\u201cFue lo que decidi\u00f3 el juez\u201d: Sheinbaum evade abordar la libertad condicional de Julio C\u00e9sar Ch\u00e1vez Jr.\"}]},{\"@type\":\"WebSite\",\"@id\":\"https:\\\/\\\/quehacerpolitico.mx\\\/#website\",\"url\":\"https:\\\/\\\/quehacerpolitico.mx\\\/\",\"name\":\"\",\"description\":\"\",\"potentialAction\":[{\"@type\":\"SearchAction\",\"target\":{\"@type\":\"EntryPoint\",\"urlTemplate\":\"https:\\\/\\\/quehacerpolitico.mx\\\/?s={search_term_string}\"},\"query-input\":{\"@type\":\"PropertyValueSpecification\",\"valueRequired\":true,\"valueName\":\"search_term_string\"}}],\"inLanguage\":\"es\"},{\"@type\":\"Person\",\"@id\":\"https:\\\/\\\/quehacerpolitico.mx\\\/#\\\/schema\\\/person\\\/496d8ad2d1d3f8036101dca7ee39e585\",\"name\":\"Redacci\u00f3n QP\",\"image\":{\"@type\":\"ImageObject\",\"inLanguage\":\"es\",\"@id\":\"https:\\\/\\\/secure.gravatar.com\\\/avatar\\\/c7164ed6fdec453195284ad24a5ae5b6e1eed2b848477fa2a4787ba9adf39a41?s=96&d=mm&r=g\",\"url\":\"https:\\\/\\\/secure.gravatar.com\\\/avatar\\\/c7164ed6fdec453195284ad24a5ae5b6e1eed2b848477fa2a4787ba9adf39a41?s=96&d=mm&r=g\",\"contentUrl\":\"https:\\\/\\\/secure.gravatar.com\\\/avatar\\\/c7164ed6fdec453195284ad24a5ae5b6e1eed2b848477fa2a4787ba9adf39a41?s=96&d=mm&r=g\",\"caption\":\"Redacci\u00f3n QP\"},\"url\":\"https:\\\/\\\/quehacerpolitico.mx\\\/?author=2\"}]}<\/script>\n<!-- \/ Yoast SEO plugin. -->","yoast_head_json":{"title":"\u201cFue lo que decidi\u00f3 el juez\u201d: Sheinbaum evade abordar la libertad condicional de Julio C\u00e9sar Ch\u00e1vez Jr. -","robots":{"index":"index","follow":"follow","max-snippet":"max-snippet:-1","max-image-preview":"max-image-preview:large","max-video-preview":"max-video-preview:-1"},"canonical":"https:\/\/quehacerpolitico.mx\/?p=118656","og_locale":"es_MX","og_type":"article","og_title":"\u201cFue lo que decidi\u00f3 el juez\u201d: Sheinbaum evade abordar la libertad condicional de Julio C\u00e9sar Ch\u00e1vez Jr. -","og_description":"Por Redacci\u00f3n QP El p\u00fagil sali\u00f3 de un penal en Sonora y continuar\u00e1 su proceso...","og_url":"https:\/\/quehacerpolitico.mx\/?p=118656","article_published_time":"2025-08-25T15:59:40+00:00","article_modified_time":"2025-08-25T15:59:42+00:00","og_image":[{"width":1170,"height":635,"url":"https:\/\/quehacerpolitico.mx\/wp-content\/uploads\/2025\/08\/IMG_3023.jpeg","type":"image\/jpeg"}],"author":"Redacci\u00f3n QP","twitter_card":"summary_large_image","twitter_misc":{"Escrito por":"Redacci\u00f3n QP","Tiempo de lectura":"2 minutos"},"schema":{"@context":"https:\/\/schema.org","@graph":[{"@type":"Article","@id":"https:\/\/quehacerpolitico.mx\/?p=118656#article","isPartOf":{"@id":"https:\/\/quehacerpolitico.mx\/?p=118656"},"author":{"name":"Redacci\u00f3n QP","@id":"https:\/\/quehacerpolitico.mx\/#\/schema\/person\/496d8ad2d1d3f8036101dca7ee39e585"},"headline":"\u201cFue lo que decidi\u00f3 el juez\u201d: Sheinbaum evade abordar la libertad condicional de Julio C\u00e9sar Ch\u00e1vez Jr.","datePublished":"2025-08-25T15:59:40+00:00","dateModified":"2025-08-25T15:59:42+00:00","mainEntityOfPage":{"@id":"https:\/\/quehacerpolitico.mx\/?p=118656"},"wordCount":340,"commentCount":0,"image":{"@id":"https:\/\/quehacerpolitico.mx\/?p=118656#primaryimage"},"thumbnailUrl":"https:\/\/quehacerpolitico.mx\/wp-content\/uploads\/2025\/08\/IMG_3023.jpeg","articleSection":["Nacionales","Noticias"],"inLanguage":"es","potentialAction":[{"@type":"CommentAction","name":"Comment","target":["https:\/\/quehacerpolitico.mx\/?p=118656#respond"]}]},{"@type":"WebPage","@id":"https:\/\/quehacerpolitico.mx\/?p=118656","url":"https:\/\/quehacerpolitico.mx\/?p=118656","name":"\u201cFue lo que decidi\u00f3 el juez\u201d: Sheinbaum evade abordar la libertad condicional de Julio C\u00e9sar Ch\u00e1vez Jr. -","isPartOf":{"@id":"https:\/\/quehacerpolitico.mx\/#website"},"primaryImageOfPage":{"@id":"https:\/\/quehacerpolitico.mx\/?p=118656#primaryimage"},"image":{"@id":"https:\/\/quehacerpolitico.mx\/?p=118656#primaryimage"},"thumbnailUrl":"https:\/\/quehacerpolitico.mx\/wp-content\/uploads\/2025\/08\/IMG_3023.jpeg","datePublished":"2025-08-25T15:59:40+00:00","dateModified":"2025-08-25T15:59:42+00:00","author":{"@id":"https:\/\/quehacerpolitico.mx\/#\/schema\/person\/496d8ad2d1d3f8036101dca7ee39e585"},"breadcrumb":{"@id":"https:\/\/quehacerpolitico.mx\/?p=118656#breadcrumb"},"inLanguage":"es","potentialAction":[{"@type":"ReadAction","target":["https:\/\/quehacerpolitico.mx\/?p=118656"]}]},{"@type":"ImageObject","inLanguage":"es","@id":"https:\/\/quehacerpolitico.mx\/?p=118656#primaryimage","url":"https:\/\/quehacerpolitico.mx\/wp-content\/uploads\/2025\/08\/IMG_3023.jpeg","contentUrl":"https:\/\/quehacerpolitico.mx\/wp-content\/uploads\/2025\/08\/IMG_3023.jpeg","width":1170,"height":635,"caption":"Screenshot"},{"@type":"BreadcrumbList","@id":"https:\/\/quehacerpolitico.mx\/?p=118656#breadcrumb","itemListElement":[{"@type":"ListItem","position":1,"name":"Inicio","item":"https:\/\/quehacerpolitico.mx\/"},{"@type":"ListItem","position":2,"name":"\u201cFue lo que decidi\u00f3 el juez\u201d: Sheinbaum evade abordar la libertad condicional de Julio C\u00e9sar Ch\u00e1vez Jr."}]},{"@type":"WebSite","@id":"https:\/\/quehacerpolitico.mx\/#website","url":"https:\/\/quehacerpolitico.mx\/","name":"","description":"","potentialAction":[{"@type":"SearchAction","target":{"@type":"EntryPoint","urlTemplate":"https:\/\/quehacerpolitico.mx\/?s={search_term_string}"},"query-input":{"@type":"PropertyValueSpecification","valueRequired":true,"valueName":"search_term_string"}}],"inLanguage":"es"},{"@type":"Person","@id":"https:\/\/quehacerpolitico.mx\/#\/schema\/person\/496d8ad2d1d3f8036101dca7ee39e585","name":"Redacci\u00f3n QP","image":{"@type":"ImageObject","inLanguage":"es","@id":"https:\/\/secure.gravatar.com\/avatar\/c7164ed6fdec453195284ad24a5ae5b6e1eed2b848477fa2a4787ba9adf39a41?s=96&d=mm&r=g","url":"https:\/\/secure.gravatar.com\/avatar\/c7164ed6fdec453195284ad24a5ae5b6e1eed2b848477fa2a4787ba9adf39a41?s=96&d=mm&r=g","contentUrl":"https:\/\/secure.gravatar.com\/avatar\/c7164ed6fdec453195284ad24a5ae5b6e1eed2b848477fa2a4787ba9adf39a41?s=96&d=mm&r=g","caption":"Redacci\u00f3n QP"},"url":"https:\/\/quehacerpolitico.mx\/?author=2"}]}},"featured_image_urls":{"full":["https:\/\/quehacerpolitico.mx\/wp-content\/uploads\/2025\/08\/IMG_3023.jpeg",1170,635,false],"thumbnail":["https:\/\/quehacerpolitico.mx\/wp-content\/uploads\/2025\/08\/IMG_3023-150x150.jpeg",150,150,true],"medium":["https:\/\/quehacerpolitico.mx\/wp-content\/uploads\/2025\/08\/IMG_3023-300x163.jpeg",300,163,true],"medium_large":["https:\/\/quehacerpolitico.mx\/wp-content\/uploads\/2025\/08\/IMG_3023-768x417.jpeg",640,348,true],"large":["https:\/\/quehacerpolitico.mx\/wp-content\/uploads\/2025\/08\/IMG_3023-1024x556.jpeg",640,348,true],"1536x1536":["https:\/\/quehacerpolitico.mx\/wp-content\/uploads\/2025\/08\/IMG_3023.jpeg",1170,635,false],"2048x2048":["https:\/\/quehacerpolitico.mx\/wp-content\/uploads\/2025\/08\/IMG_3023.jpeg",1170,635,false],"covernews-featured":["https:\/\/quehacerpolitico.mx\/wp-content\/uploads\/2025\/08\/IMG_3023-1024x556.jpeg",1024,556,true],"covernews-medium":["https:\/\/quehacerpolitico.mx\/wp-content\/uploads\/2025\/08\/IMG_3023-540x340.jpeg",540,340,true]},"author_info":{"display_name":"Redacci\u00f3n QP","author_link":"https:\/\/quehacerpolitico.mx\/?author=2"},"category_info":"<a href=\"https:\/\/quehacerpolitico.mx\/?cat=280\" rel=\"category\">Nacionales<\/a> <a href=\"https:\/\/quehacerpolitico.mx\/?cat=2\" rel=\"category\">Noticias<\/a>","tag_info":"Noticias","comment_count":"0","_links":{"self":[{"href":"https:\/\/quehacerpolitico.mx\/index.php?rest_route=\/wp\/v2\/posts\/118656","targetHints":{"allow":["GET"]}}],"collection":[{"href":"https:\/\/quehacerpolitico.mx\/index.php?rest_route=\/wp\/v2\/posts"}],"about":[{"href":"https:\/\/quehacerpolitico.mx\/index.php?rest_route=\/wp\/v2\/types\/post"}],"author":[{"embeddable":true,"href":"https:\/\/quehacerpolitico.mx\/index.php?rest_route=\/wp\/v2\/users\/2"}],"replies":[{"embeddable":true,"href":"https:\/\/quehacerpolitico.mx\/index.php?rest_route=%2Fwp%2Fv2%2Fcomments&post=118656"}],"version-history":[{"count":1,"href":"https:\/\/quehacerpolitico.mx\/index.php?rest_route=\/wp\/v2\/posts\/118656\/revisions"}],"predecessor-version":[{"id":118658,"href":"https:\/\/quehacerpolitico.mx\/index.php?rest_route=\/wp\/v2\/posts\/118656\/revisions\/118658"}],"wp:featuredmedia":[{"embeddable":true,"href":"https:\/\/quehacerpolitico.mx\/index.php?rest_route=\/wp\/v2\/media\/118657"}],"wp:attachment":[{"href":"https:\/\/quehacerpolitico.mx\/index.php?rest_route=%2Fwp%2Fv2%2Fmedia&parent=118656"}],"wp:term":[{"taxonomy":"category","embeddable":true,"href":"https:\/\/quehacerpolitico.mx\/index.php?rest_route=%2Fwp%2Fv2%2Fcategories&post=118656"},{"taxonomy":"post_tag","embeddable":true,"href":"https:\/\/quehacerpolitico.mx\/index.php?rest_route=%2Fwp%2Fv2%2Ftags&post=118656"}],"curies":[{"name":"wp","href":"https:\/\/api.w.org\/{rel}","templated":true}]}}