{"id":118647,"date":"2025-08-22T08:10:05","date_gmt":"2025-08-22T14:10:05","guid":{"rendered":"https:\/\/quehacerpolitico.mx\/?p=118647"},"modified":"2025-08-22T08:10:07","modified_gmt":"2025-08-22T14:10:07","slug":"el-quehacer-politico-a-traves-jose-alberto-prado-angeles-operativo-proyecto-portero-una-verdad-a-medias","status":"publish","type":"post","link":"https:\/\/quehacerpolitico.mx\/?p=118647","title":{"rendered":"El Quehacer Pol\u00edtico a trav\u00e9s\/\/\/Jose Alberto Prado Angeles\/\/\/Operativo \u201cProyecto Portero\u201d una verdad a medias"},"content":{"rendered":"\n<p>Jos\u00e9 Alberto Prado Angeles<\/p>\n\n\n\n<p>Director General y Editor<\/p>\n\n\n\n<p>Con \u201cbombo y platillo\u201d el lunes pasado la Administraci\u00f3n para el Control de Drogas (DEA) antidrogas de Estados Unidos (DEA) anunci\u00f3 -mediante un comunicado- el lanzamiento de una \u201ciniciativa binacional\u201d con M\u00e9xico para desmantelar a los \u201cguardianes\u201d de los c\u00e1rteles que controlan y agilizan las operaciones del narcotr\u00e1fico en la frontera. Sin embargo, la presidenta de M\u00e9xico, Claudia Sheinbaum, desminti\u00f3 en su conferencia matutina -al d\u00eda siguiente- que nuestro pa\u00eds est\u00e9 cooperando en alg\u00fan operativo de esta naturaleza, al se\u00f1alar que \u201cNo hay ning\u00fan acuerdo con la DEA\u201d. Entonces, alguien miente.<\/p>\n\n\n\n<p>Y la mandataria mexicana fue muy clara -al insistir sobre el tema el mi\u00e9rcoles- al decir, \u201cNo s\u00e9 cu\u00e1l sea su intenci\u00f3n, la verdad, decir que un operativo especial en la frontera, cuando no lo hay. Entonces, pues en todo caso ellos -la DEA- tendr\u00edan que decir por qu\u00e9, cu\u00e1l es su intenci\u00f3n\u201d.<\/p>\n\n\n\n<p>Terry Cole, director de la DEA, ayer jueves retomo el tema en una entrevista con la cadena de Fox News y pr\u00e1cticamente ratific\u00f3 los \u201cacuerdos\u201d entre ambos pa\u00edses en la lucha en contra de los grupos delincuenciales en la frontera, al decir que \u201cDebido a los esfuerzos del presidente -Trump- con M\u00e9xico, estamos viendo una disposici\u00f3n sin precedentes de ese pa\u00eds a cooperar con Estados Unidos y nuestro personal\u201d. Alguien miente.<\/p>\n\n\n\n<p>En la misma entrevista el director de la DEA fue abordado sobre los posibles planes de \u201cbombardear\u201d en territorio mexicano a los c\u00e1rteles del narcotr\u00e1fico, a lo que Terry Cole simplemente dijo que \u201capoyar\u00e1 la decisi\u00f3n\u201d y de esa manera \u201ccumpliremos nuestra misi\u00f3n\u201d. Precisamente sobre este tema, el domingo pasado la analista Mar\u00eda Anastasia O\u2019Grady public\u00f3 un art\u00edculo en el Wall Street Journal, titulado \u201cDon\u2019t Bomb M\u00e9xico, Mr. President -No bombarde\u00e9 M\u00e9xico, se\u00f1or presidente-\u201d, donde se\u00f1ala que \u201cHay mejores caminos para combatir a los c\u00e1rteles de la droga y Claudia Sheinbaum puede ayudar\u201d, donde agrega adem\u00e1s que \u201cuna eventual intervenci\u00f3n militar de Estados Unidos ser\u00eda contraproducente y no resolver\u00eda el tr\u00e1fico de drogas\u201d. La articulista se refiere a que una operaci\u00f3n de esa naturaleza debilitar\u00eda a Omar Garc\u00eda, secretario de Seguridad y Protecci\u00f3n Ciudadana, adem\u00e1s de fortalecer a los sectores m\u00e1s corruptos del partido gobernante, Morena\u201d.<\/p>\n\n\n\n<p>As\u00ed que, con el tema de los supuestos \u201cacuerdos\u201d bilaterales para desmantelar a los narcotraficantes en la frontera, alguien miente, y de las intenciones de \u201cinvadir\u201d para bombardear a los delincuentes en M\u00e9xico, el presidente Trump no tiene un apoyo incondicional como se pudiera pensar.<\/p>\n\n\n\n<p>As\u00ed el Quehacer Pol\u00edtico Desde 1980, 45 a\u00f1os inquiriendo en la pol\u00edtica de M\u00e9xico, cuestionando, exponiendo, revelando y razonando.Es cuanto.<\/p>\n","protected":false},"excerpt":{"rendered":"<p>Jos\u00e9 Alberto Prado Angeles Director General y Editor Con \u201cbombo y platillo\u201d el lunes pasado&#8230;<\/p>\n","protected":false},"author":2,"featured_media":118648,"comment_status":"open","ping_status":"open","sticky":false,"template":"","format":"standard","meta":{"_monsterinsights_skip_tracking":false,"_monsterinsights_sitenote_active":false,"_monsterinsights_sitenote_note":"","_monsterinsights_sitenote_category":0,"footnotes":""},"categories":[280,2],"tags":[],"class_list":["post-118647","post","type-post","status-publish","format-standard","has-post-thumbnail","hentry","category-nacionales","category-noticias"],"yoast_head":"<!-- This site is optimized with the Yoast SEO plugin v27.3 - https:\/\/yoast.com\/product\/yoast-seo-wordpress\/ -->\n<title>El Quehacer Pol\u00edtico a trav\u00e9s\/\/\/Jose Alberto Prado Angeles\/\/\/Operativo \u201cProyecto Portero\u201d una verdad a medias -<\/title>\n<meta name=\"robots\" content=\"index, follow, max-snippet:-1, max-image-preview:large, max-video-preview:-1\" \/>\n<link rel=\"canonical\" href=\"https:\/\/quehacerpolitico.mx\/?p=118647\" \/>\n<meta property=\"og:locale\" content=\"es_MX\" \/>\n<meta property=\"og:type\" content=\"article\" \/>\n<meta property=\"og:title\" content=\"El Quehacer Pol\u00edtico a trav\u00e9s\/\/\/Jose Alberto Prado Angeles\/\/\/Operativo \u201cProyecto Portero\u201d una verdad a medias -\" \/>\n<meta property=\"og:description\" content=\"Jos\u00e9 Alberto Prado Angeles Director General y Editor Con \u201cbombo y platillo\u201d el lunes pasado...\" \/>\n<meta property=\"og:url\" content=\"https:\/\/quehacerpolitico.mx\/?p=118647\" \/>\n<meta property=\"article:published_time\" content=\"2025-08-22T14:10:05+00:00\" \/>\n<meta property=\"article:modified_time\" content=\"2025-08-22T14:10:07+00:00\" \/>\n<meta property=\"og:image\" content=\"https:\/\/quehacerpolitico.mx\/wp-content\/uploads\/2025\/08\/FDBB943B-4274-47E5-88C9-CF8829DC7E5C.jpeg\" \/>\n\t<meta property=\"og:image:width\" content=\"1218\" \/>\n\t<meta property=\"og:image:height\" content=\"640\" \/>\n\t<meta property=\"og:image:type\" content=\"image\/jpeg\" \/>\n<meta name=\"author\" content=\"Redacci\u00f3n QP\" \/>\n<meta name=\"twitter:card\" content=\"summary_large_image\" \/>\n<meta name=\"twitter:label1\" content=\"Escrito por\" \/>\n\t<meta name=\"twitter:data1\" content=\"Redacci\u00f3n QP\" \/>\n\t<meta name=\"twitter:label2\" content=\"Tiempo de lectura\" \/>\n\t<meta name=\"twitter:data2\" content=\"2 minutos\" \/>\n<script type=\"application\/ld+json\" class=\"yoast-schema-graph\">{\"@context\":\"https:\\\/\\\/schema.org\",\"@graph\":[{\"@type\":\"Article\",\"@id\":\"https:\\\/\\\/quehacerpolitico.mx\\\/?p=118647#article\",\"isPartOf\":{\"@id\":\"https:\\\/\\\/quehacerpolitico.mx\\\/?p=118647\"},\"author\":{\"name\":\"Redacci\u00f3n QP\",\"@id\":\"https:\\\/\\\/quehacerpolitico.mx\\\/#\\\/schema\\\/person\\\/496d8ad2d1d3f8036101dca7ee39e585\"},\"headline\":\"El Quehacer Pol\u00edtico a trav\u00e9s\\\/\\\/\\\/Jose Alberto Prado Angeles\\\/\\\/\\\/Operativo \u201cProyecto Portero\u201d una verdad a medias\",\"datePublished\":\"2025-08-22T14:10:05+00:00\",\"dateModified\":\"2025-08-22T14:10:07+00:00\",\"mainEntityOfPage\":{\"@id\":\"https:\\\/\\\/quehacerpolitico.mx\\\/?p=118647\"},\"wordCount\":501,\"commentCount\":0,\"image\":{\"@id\":\"https:\\\/\\\/quehacerpolitico.mx\\\/?p=118647#primaryimage\"},\"thumbnailUrl\":\"https:\\\/\\\/quehacerpolitico.mx\\\/wp-content\\\/uploads\\\/2025\\\/08\\\/FDBB943B-4274-47E5-88C9-CF8829DC7E5C.jpeg\",\"articleSection\":[\"Nacionales\",\"Noticias\"],\"inLanguage\":\"es\",\"potentialAction\":[{\"@type\":\"CommentAction\",\"name\":\"Comment\",\"target\":[\"https:\\\/\\\/quehacerpolitico.mx\\\/?p=118647#respond\"]}]},{\"@type\":\"WebPage\",\"@id\":\"https:\\\/\\\/quehacerpolitico.mx\\\/?p=118647\",\"url\":\"https:\\\/\\\/quehacerpolitico.mx\\\/?p=118647\",\"name\":\"El Quehacer Pol\u00edtico a trav\u00e9s\\\/\\\/\\\/Jose Alberto Prado Angeles\\\/\\\/\\\/Operativo \u201cProyecto Portero\u201d una verdad a medias -\",\"isPartOf\":{\"@id\":\"https:\\\/\\\/quehacerpolitico.mx\\\/#website\"},\"primaryImageOfPage\":{\"@id\":\"https:\\\/\\\/quehacerpolitico.mx\\\/?p=118647#primaryimage\"},\"image\":{\"@id\":\"https:\\\/\\\/quehacerpolitico.mx\\\/?p=118647#primaryimage\"},\"thumbnailUrl\":\"https:\\\/\\\/quehacerpolitico.mx\\\/wp-content\\\/uploads\\\/2025\\\/08\\\/FDBB943B-4274-47E5-88C9-CF8829DC7E5C.jpeg\",\"datePublished\":\"2025-08-22T14:10:05+00:00\",\"dateModified\":\"2025-08-22T14:10:07+00:00\",\"author\":{\"@id\":\"https:\\\/\\\/quehacerpolitico.mx\\\/#\\\/schema\\\/person\\\/496d8ad2d1d3f8036101dca7ee39e585\"},\"breadcrumb\":{\"@id\":\"https:\\\/\\\/quehacerpolitico.mx\\\/?p=118647#breadcrumb\"},\"inLanguage\":\"es\",\"potentialAction\":[{\"@type\":\"ReadAction\",\"target\":[\"https:\\\/\\\/quehacerpolitico.mx\\\/?p=118647\"]}]},{\"@type\":\"ImageObject\",\"inLanguage\":\"es\",\"@id\":\"https:\\\/\\\/quehacerpolitico.mx\\\/?p=118647#primaryimage\",\"url\":\"https:\\\/\\\/quehacerpolitico.mx\\\/wp-content\\\/uploads\\\/2025\\\/08\\\/FDBB943B-4274-47E5-88C9-CF8829DC7E5C.jpeg\",\"contentUrl\":\"https:\\\/\\\/quehacerpolitico.mx\\\/wp-content\\\/uploads\\\/2025\\\/08\\\/FDBB943B-4274-47E5-88C9-CF8829DC7E5C.jpeg\",\"width\":1218,\"height\":640},{\"@type\":\"BreadcrumbList\",\"@id\":\"https:\\\/\\\/quehacerpolitico.mx\\\/?p=118647#breadcrumb\",\"itemListElement\":[{\"@type\":\"ListItem\",\"position\":1,\"name\":\"Inicio\",\"item\":\"https:\\\/\\\/quehacerpolitico.mx\\\/\"},{\"@type\":\"ListItem\",\"position\":2,\"name\":\"El Quehacer Pol\u00edtico a trav\u00e9s\\\/\\\/\\\/Jose Alberto Prado Angeles\\\/\\\/\\\/Operativo \u201cProyecto Portero\u201d una verdad a medias\"}]},{\"@type\":\"WebSite\",\"@id\":\"https:\\\/\\\/quehacerpolitico.mx\\\/#website\",\"url\":\"https:\\\/\\\/quehacerpolitico.mx\\\/\",\"name\":\"\",\"description\":\"\",\"potentialAction\":[{\"@type\":\"SearchAction\",\"target\":{\"@type\":\"EntryPoint\",\"urlTemplate\":\"https:\\\/\\\/quehacerpolitico.mx\\\/?s={search_term_string}\"},\"query-input\":{\"@type\":\"PropertyValueSpecification\",\"valueRequired\":true,\"valueName\":\"search_term_string\"}}],\"inLanguage\":\"es\"},{\"@type\":\"Person\",\"@id\":\"https:\\\/\\\/quehacerpolitico.mx\\\/#\\\/schema\\\/person\\\/496d8ad2d1d3f8036101dca7ee39e585\",\"name\":\"Redacci\u00f3n QP\",\"image\":{\"@type\":\"ImageObject\",\"inLanguage\":\"es\",\"@id\":\"https:\\\/\\\/secure.gravatar.com\\\/avatar\\\/c7164ed6fdec453195284ad24a5ae5b6e1eed2b848477fa2a4787ba9adf39a41?s=96&d=mm&r=g\",\"url\":\"https:\\\/\\\/secure.gravatar.com\\\/avatar\\\/c7164ed6fdec453195284ad24a5ae5b6e1eed2b848477fa2a4787ba9adf39a41?s=96&d=mm&r=g\",\"contentUrl\":\"https:\\\/\\\/secure.gravatar.com\\\/avatar\\\/c7164ed6fdec453195284ad24a5ae5b6e1eed2b848477fa2a4787ba9adf39a41?s=96&d=mm&r=g\",\"caption\":\"Redacci\u00f3n QP\"},\"url\":\"https:\\\/\\\/quehacerpolitico.mx\\\/?author=2\"}]}<\/script>\n<!-- \/ Yoast SEO plugin. -->","yoast_head_json":{"title":"El Quehacer Pol\u00edtico a trav\u00e9s\/\/\/Jose Alberto Prado Angeles\/\/\/Operativo \u201cProyecto Portero\u201d una verdad a medias -","robots":{"index":"index","follow":"follow","max-snippet":"max-snippet:-1","max-image-preview":"max-image-preview:large","max-video-preview":"max-video-preview:-1"},"canonical":"https:\/\/quehacerpolitico.mx\/?p=118647","og_locale":"es_MX","og_type":"article","og_title":"El Quehacer Pol\u00edtico a trav\u00e9s\/\/\/Jose Alberto Prado Angeles\/\/\/Operativo \u201cProyecto Portero\u201d una verdad a medias -","og_description":"Jos\u00e9 Alberto Prado Angeles Director General y Editor Con \u201cbombo y platillo\u201d el lunes pasado...","og_url":"https:\/\/quehacerpolitico.mx\/?p=118647","article_published_time":"2025-08-22T14:10:05+00:00","article_modified_time":"2025-08-22T14:10:07+00:00","og_image":[{"width":1218,"height":640,"url":"https:\/\/quehacerpolitico.mx\/wp-content\/uploads\/2025\/08\/FDBB943B-4274-47E5-88C9-CF8829DC7E5C.jpeg","type":"image\/jpeg"}],"author":"Redacci\u00f3n QP","twitter_card":"summary_large_image","twitter_misc":{"Escrito por":"Redacci\u00f3n QP","Tiempo de lectura":"2 minutos"},"schema":{"@context":"https:\/\/schema.org","@graph":[{"@type":"Article","@id":"https:\/\/quehacerpolitico.mx\/?p=118647#article","isPartOf":{"@id":"https:\/\/quehacerpolitico.mx\/?p=118647"},"author":{"name":"Redacci\u00f3n QP","@id":"https:\/\/quehacerpolitico.mx\/#\/schema\/person\/496d8ad2d1d3f8036101dca7ee39e585"},"headline":"El Quehacer Pol\u00edtico a trav\u00e9s\/\/\/Jose Alberto Prado Angeles\/\/\/Operativo \u201cProyecto Portero\u201d una verdad a medias","datePublished":"2025-08-22T14:10:05+00:00","dateModified":"2025-08-22T14:10:07+00:00","mainEntityOfPage":{"@id":"https:\/\/quehacerpolitico.mx\/?p=118647"},"wordCount":501,"commentCount":0,"image":{"@id":"https:\/\/quehacerpolitico.mx\/?p=118647#primaryimage"},"thumbnailUrl":"https:\/\/quehacerpolitico.mx\/wp-content\/uploads\/2025\/08\/FDBB943B-4274-47E5-88C9-CF8829DC7E5C.jpeg","articleSection":["Nacionales","Noticias"],"inLanguage":"es","potentialAction":[{"@type":"CommentAction","name":"Comment","target":["https:\/\/quehacerpolitico.mx\/?p=118647#respond"]}]},{"@type":"WebPage","@id":"https:\/\/quehacerpolitico.mx\/?p=118647","url":"https:\/\/quehacerpolitico.mx\/?p=118647","name":"El Quehacer Pol\u00edtico a trav\u00e9s\/\/\/Jose Alberto Prado Angeles\/\/\/Operativo \u201cProyecto Portero\u201d una verdad a medias -","isPartOf":{"@id":"https:\/\/quehacerpolitico.mx\/#website"},"primaryImageOfPage":{"@id":"https:\/\/quehacerpolitico.mx\/?p=118647#primaryimage"},"image":{"@id":"https:\/\/quehacerpolitico.mx\/?p=118647#primaryimage"},"thumbnailUrl":"https:\/\/quehacerpolitico.mx\/wp-content\/uploads\/2025\/08\/FDBB943B-4274-47E5-88C9-CF8829DC7E5C.jpeg","datePublished":"2025-08-22T14:10:05+00:00","dateModified":"2025-08-22T14:10:07+00:00","author":{"@id":"https:\/\/quehacerpolitico.mx\/#\/schema\/person\/496d8ad2d1d3f8036101dca7ee39e585"},"breadcrumb":{"@id":"https:\/\/quehacerpolitico.mx\/?p=118647#breadcrumb"},"inLanguage":"es","potentialAction":[{"@type":"ReadAction","target":["https:\/\/quehacerpolitico.mx\/?p=118647"]}]},{"@type":"ImageObject","inLanguage":"es","@id":"https:\/\/quehacerpolitico.mx\/?p=118647#primaryimage","url":"https:\/\/quehacerpolitico.mx\/wp-content\/uploads\/2025\/08\/FDBB943B-4274-47E5-88C9-CF8829DC7E5C.jpeg","contentUrl":"https:\/\/quehacerpolitico.mx\/wp-content\/uploads\/2025\/08\/FDBB943B-4274-47E5-88C9-CF8829DC7E5C.jpeg","width":1218,"height":640},{"@type":"BreadcrumbList","@id":"https:\/\/quehacerpolitico.mx\/?p=118647#breadcrumb","itemListElement":[{"@type":"ListItem","position":1,"name":"Inicio","item":"https:\/\/quehacerpolitico.mx\/"},{"@type":"ListItem","position":2,"name":"El Quehacer Pol\u00edtico a trav\u00e9s\/\/\/Jose Alberto Prado Angeles\/\/\/Operativo \u201cProyecto Portero\u201d una verdad a medias"}]},{"@type":"WebSite","@id":"https:\/\/quehacerpolitico.mx\/#website","url":"https:\/\/quehacerpolitico.mx\/","name":"","description":"","potentialAction":[{"@type":"SearchAction","target":{"@type":"EntryPoint","urlTemplate":"https:\/\/quehacerpolitico.mx\/?s={search_term_string}"},"query-input":{"@type":"PropertyValueSpecification","valueRequired":true,"valueName":"search_term_string"}}],"inLanguage":"es"},{"@type":"Person","@id":"https:\/\/quehacerpolitico.mx\/#\/schema\/person\/496d8ad2d1d3f8036101dca7ee39e585","name":"Redacci\u00f3n QP","image":{"@type":"ImageObject","inLanguage":"es","@id":"https:\/\/secure.gravatar.com\/avatar\/c7164ed6fdec453195284ad24a5ae5b6e1eed2b848477fa2a4787ba9adf39a41?s=96&d=mm&r=g","url":"https:\/\/secure.gravatar.com\/avatar\/c7164ed6fdec453195284ad24a5ae5b6e1eed2b848477fa2a4787ba9adf39a41?s=96&d=mm&r=g","contentUrl":"https:\/\/secure.gravatar.com\/avatar\/c7164ed6fdec453195284ad24a5ae5b6e1eed2b848477fa2a4787ba9adf39a41?s=96&d=mm&r=g","caption":"Redacci\u00f3n QP"},"url":"https:\/\/quehacerpolitico.mx\/?author=2"}]}},"featured_image_urls":{"full":["https:\/\/quehacerpolitico.mx\/wp-content\/uploads\/2025\/08\/FDBB943B-4274-47E5-88C9-CF8829DC7E5C.jpeg",1218,640,false],"thumbnail":["https:\/\/quehacerpolitico.mx\/wp-content\/uploads\/2025\/08\/FDBB943B-4274-47E5-88C9-CF8829DC7E5C-150x150.jpeg",150,150,true],"medium":["https:\/\/quehacerpolitico.mx\/wp-content\/uploads\/2025\/08\/FDBB943B-4274-47E5-88C9-CF8829DC7E5C-300x158.jpeg",300,158,true],"medium_large":["https:\/\/quehacerpolitico.mx\/wp-content\/uploads\/2025\/08\/FDBB943B-4274-47E5-88C9-CF8829DC7E5C-768x404.jpeg",640,337,true],"large":["https:\/\/quehacerpolitico.mx\/wp-content\/uploads\/2025\/08\/FDBB943B-4274-47E5-88C9-CF8829DC7E5C-1024x538.jpeg",640,336,true],"1536x1536":["https:\/\/quehacerpolitico.mx\/wp-content\/uploads\/2025\/08\/FDBB943B-4274-47E5-88C9-CF8829DC7E5C.jpeg",1218,640,false],"2048x2048":["https:\/\/quehacerpolitico.mx\/wp-content\/uploads\/2025\/08\/FDBB943B-4274-47E5-88C9-CF8829DC7E5C.jpeg",1218,640,false],"covernews-featured":["https:\/\/quehacerpolitico.mx\/wp-content\/uploads\/2025\/08\/FDBB943B-4274-47E5-88C9-CF8829DC7E5C-1024x538.jpeg",1024,538,true],"covernews-medium":["https:\/\/quehacerpolitico.mx\/wp-content\/uploads\/2025\/08\/FDBB943B-4274-47E5-88C9-CF8829DC7E5C-540x340.jpeg",540,340,true]},"author_info":{"display_name":"Redacci\u00f3n QP","author_link":"https:\/\/quehacerpolitico.mx\/?author=2"},"category_info":"<a href=\"https:\/\/quehacerpolitico.mx\/?cat=280\" rel=\"category\">Nacionales<\/a> <a href=\"https:\/\/quehacerpolitico.mx\/?cat=2\" rel=\"category\">Noticias<\/a>","tag_info":"Noticias","comment_count":"0","_links":{"self":[{"href":"https:\/\/quehacerpolitico.mx\/index.php?rest_route=\/wp\/v2\/posts\/118647","targetHints":{"allow":["GET"]}}],"collection":[{"href":"https:\/\/quehacerpolitico.mx\/index.php?rest_route=\/wp\/v2\/posts"}],"about":[{"href":"https:\/\/quehacerpolitico.mx\/index.php?rest_route=\/wp\/v2\/types\/post"}],"author":[{"embeddable":true,"href":"https:\/\/quehacerpolitico.mx\/index.php?rest_route=\/wp\/v2\/users\/2"}],"replies":[{"embeddable":true,"href":"https:\/\/quehacerpolitico.mx\/index.php?rest_route=%2Fwp%2Fv2%2Fcomments&post=118647"}],"version-history":[{"count":1,"href":"https:\/\/quehacerpolitico.mx\/index.php?rest_route=\/wp\/v2\/posts\/118647\/revisions"}],"predecessor-version":[{"id":118649,"href":"https:\/\/quehacerpolitico.mx\/index.php?rest_route=\/wp\/v2\/posts\/118647\/revisions\/118649"}],"wp:featuredmedia":[{"embeddable":true,"href":"https:\/\/quehacerpolitico.mx\/index.php?rest_route=\/wp\/v2\/media\/118648"}],"wp:attachment":[{"href":"https:\/\/quehacerpolitico.mx\/index.php?rest_route=%2Fwp%2Fv2%2Fmedia&parent=118647"}],"wp:term":[{"taxonomy":"category","embeddable":true,"href":"https:\/\/quehacerpolitico.mx\/index.php?rest_route=%2Fwp%2Fv2%2Fcategories&post=118647"},{"taxonomy":"post_tag","embeddable":true,"href":"https:\/\/quehacerpolitico.mx\/index.php?rest_route=%2Fwp%2Fv2%2Ftags&post=118647"}],"curies":[{"name":"wp","href":"https:\/\/api.w.org\/{rel}","templated":true}]}}