{"id":118629,"date":"2025-08-20T19:22:35","date_gmt":"2025-08-21T01:22:35","guid":{"rendered":"https:\/\/quehacerpolitico.mx\/?p=118629"},"modified":"2025-08-20T19:22:37","modified_gmt":"2025-08-21T01:22:37","slug":"buenos-aires-y-cdmx-a-traves-de-13-cuentos-de-marina-porcelli","status":"publish","type":"post","link":"https:\/\/quehacerpolitico.mx\/?p=118629","title":{"rendered":"Buenos Aires y CDMX a trav\u00e9s de 13 cuentos de Marina Porcelli"},"content":{"rendered":"\n<p>Por Redacci\u00f3n QP<\/p>\n\n\n\n<p>El nuevo libro de la escritora argentina, el cual lleva por t\u00edtulo \u201cCiudad en dos\u201d, explora&nbsp;temas como la violencia, el miedo, las relaciones interpersonales y la sexualidad<\/p>\n\n\n\n<p>Marina Porcelli (Argentina, 1978) considera que la escritura narrativa puede consolidarse desde la creaci\u00f3n de cuentos y no apuntar -siempre- a la elaboraci\u00f3n de novelas. Por esa exploraci\u00f3n del cuento,&nbsp;<strong>la escritora publica \u201cCiudad en dos\u201d (Universidad Aut\u00f3noma de Nuevo Le\u00f3n, 2025), una recopilaci\u00f3n de 13 cuentos de realismo que exploran temas como la violencia, el miedo, las relaciones interpersonales y la sexualidad, entre otros<\/strong>.<\/p>\n\n\n\n<p>\u201cCiudad en dos\u201d desdobla dos escenarios en las experiencias de&nbsp;Porcelli, Ciudad de M\u00e9xico y Buenos Aires, ambas ciudades hermanadas por hechos hist\u00f3ricos y que se hacen presentes en los cuentos del libro.<\/p>\n\n\n\n<p>\u201cResido en los dos lugares, casi de manera insana, nunca pienso mi vida fuera de M\u00e9xico, yo soy quien soy por todo lo que M\u00e9xico me dio, tengo hoy 47 a\u00f1os, pero llegu\u00e9 a la CDMX a los 30, entonces es imposible no pensar en las conversaciones y di\u00e1logos con los autores mexicanos\u201d, se\u00f1ala Porcelli en entrevista.<\/p>\n\n\n\n<p>Algunos de los cuentos que integran la obra, como \u201cLa cacer\u00eda\u201d y \u201cTiempo de noche\u201d, tienen como protagonista a la capital mexicana, en donde se desarrollan historias melanc\u00f3licas, desenfrenadas y sexuales.<\/p>\n\n\n\n<p>\u201cEse mapa de la ciudad, que ten\u00eda que ver con el deseo, y concretamente con el deseo sexual era mi idea cuando encar\u00e9 \u2018La cacer\u00eda\u2019; en \u2018Tiempo de noche\u2019 quise escribir sobre el duelo de la separaci\u00f3n que no se acaba nunca, el hartazgo de la pareja que no se puede separar nunca y quedan atrapados en una coordenada de tiempo\u201d, detalla la escritora, quien ha obtenido diversos premios de ensayo y narrativa.<\/p>\n\n\n\n<p>Acerca de los elementos de Buenos Aires que se hacen presentes en los cuentos, Porcelli explica que son un poco m\u00e1s \u00edntimos, ya que, al final, lo vivido en CDMX lo observa desde \u201cel extra\u00f1amiento\u201d. A\u00f1ade que algo que hace diferentes a las ciudades y que est\u00e1 presente en los cuentos es el tema de la luz y la noche, ya que en Buenos Aires se acostumbra a realizar actividades m\u00e1s por la tarde y noche, al contrario de la CDMX, que inicia actividades desde temprano.<\/p>\n\n\n\n<p><strong>Porcelli reflexiona sobre el g\u00e9nero del cuento, y apunta que el libro es una invitaci\u00f3n a pensar historias, as\u00ed como a ver la relaci\u00f3n entre las dos ciudades.<\/strong>&nbsp;\u201cHay algo hermanado para m\u00ed entre lo argentino y lo mexicano a pesar al margen de las diferencias, para m\u00ed es importante eso\u201d, se\u00f1ala.&nbsp;El libro se presentar\u00e1 en 2026 en M\u00e9xico, en la FIL Miner\u00eda.<\/p>\n","protected":false},"excerpt":{"rendered":"<p>Por Redacci\u00f3n QP El nuevo libro de la escritora argentina, el cual lleva por t\u00edtulo&#8230;<\/p>\n","protected":false},"author":2,"featured_media":118630,"comment_status":"open","ping_status":"open","sticky":false,"template":"","format":"standard","meta":{"_monsterinsights_skip_tracking":false,"_monsterinsights_sitenote_active":false,"_monsterinsights_sitenote_note":"","_monsterinsights_sitenote_category":0,"footnotes":""},"categories":[58],"tags":[],"class_list":["post-118629","post","type-post","status-publish","format-standard","has-post-thumbnail","hentry","category-cultura"],"yoast_head":"<!-- This site is optimized with the Yoast SEO plugin v27.3 - https:\/\/yoast.com\/product\/yoast-seo-wordpress\/ -->\n<title>Buenos Aires y CDMX a trav\u00e9s de 13 cuentos de Marina Porcelli -<\/title>\n<meta name=\"robots\" content=\"index, follow, max-snippet:-1, max-image-preview:large, max-video-preview:-1\" \/>\n<link rel=\"canonical\" href=\"https:\/\/quehacerpolitico.mx\/?p=118629\" \/>\n<meta property=\"og:locale\" content=\"es_MX\" \/>\n<meta property=\"og:type\" content=\"article\" \/>\n<meta property=\"og:title\" content=\"Buenos Aires y CDMX a trav\u00e9s de 13 cuentos de Marina Porcelli -\" \/>\n<meta property=\"og:description\" content=\"Por Redacci\u00f3n QP El nuevo libro de la escritora argentina, el cual lleva por t\u00edtulo...\" \/>\n<meta property=\"og:url\" content=\"https:\/\/quehacerpolitico.mx\/?p=118629\" \/>\n<meta property=\"article:published_time\" content=\"2025-08-21T01:22:35+00:00\" \/>\n<meta property=\"article:modified_time\" content=\"2025-08-21T01:22:37+00:00\" \/>\n<meta property=\"og:image\" content=\"https:\/\/quehacerpolitico.mx\/wp-content\/uploads\/2025\/08\/IMG_2942.jpeg\" \/>\n\t<meta property=\"og:image:width\" content=\"739\" \/>\n\t<meta property=\"og:image:height\" content=\"415\" \/>\n\t<meta property=\"og:image:type\" content=\"image\/jpeg\" \/>\n<meta name=\"author\" content=\"Redacci\u00f3n QP\" \/>\n<meta name=\"twitter:card\" content=\"summary_large_image\" \/>\n<meta name=\"twitter:label1\" content=\"Escrito por\" \/>\n\t<meta name=\"twitter:data1\" content=\"Redacci\u00f3n QP\" \/>\n\t<meta name=\"twitter:label2\" content=\"Tiempo de lectura\" \/>\n\t<meta name=\"twitter:data2\" content=\"2 minutos\" \/>\n<script type=\"application\/ld+json\" class=\"yoast-schema-graph\">{\"@context\":\"https:\\\/\\\/schema.org\",\"@graph\":[{\"@type\":\"Article\",\"@id\":\"https:\\\/\\\/quehacerpolitico.mx\\\/?p=118629#article\",\"isPartOf\":{\"@id\":\"https:\\\/\\\/quehacerpolitico.mx\\\/?p=118629\"},\"author\":{\"name\":\"Redacci\u00f3n QP\",\"@id\":\"https:\\\/\\\/quehacerpolitico.mx\\\/#\\\/schema\\\/person\\\/496d8ad2d1d3f8036101dca7ee39e585\"},\"headline\":\"Buenos Aires y CDMX a trav\u00e9s de 13 cuentos de Marina Porcelli\",\"datePublished\":\"2025-08-21T01:22:35+00:00\",\"dateModified\":\"2025-08-21T01:22:37+00:00\",\"mainEntityOfPage\":{\"@id\":\"https:\\\/\\\/quehacerpolitico.mx\\\/?p=118629\"},\"wordCount\":481,\"commentCount\":0,\"image\":{\"@id\":\"https:\\\/\\\/quehacerpolitico.mx\\\/?p=118629#primaryimage\"},\"thumbnailUrl\":\"https:\\\/\\\/quehacerpolitico.mx\\\/wp-content\\\/uploads\\\/2025\\\/08\\\/IMG_2942.jpeg\",\"articleSection\":[\"Cultura y Entretenimiento\"],\"inLanguage\":\"es\",\"potentialAction\":[{\"@type\":\"CommentAction\",\"name\":\"Comment\",\"target\":[\"https:\\\/\\\/quehacerpolitico.mx\\\/?p=118629#respond\"]}]},{\"@type\":\"WebPage\",\"@id\":\"https:\\\/\\\/quehacerpolitico.mx\\\/?p=118629\",\"url\":\"https:\\\/\\\/quehacerpolitico.mx\\\/?p=118629\",\"name\":\"Buenos Aires y CDMX a trav\u00e9s de 13 cuentos de Marina Porcelli -\",\"isPartOf\":{\"@id\":\"https:\\\/\\\/quehacerpolitico.mx\\\/#website\"},\"primaryImageOfPage\":{\"@id\":\"https:\\\/\\\/quehacerpolitico.mx\\\/?p=118629#primaryimage\"},\"image\":{\"@id\":\"https:\\\/\\\/quehacerpolitico.mx\\\/?p=118629#primaryimage\"},\"thumbnailUrl\":\"https:\\\/\\\/quehacerpolitico.mx\\\/wp-content\\\/uploads\\\/2025\\\/08\\\/IMG_2942.jpeg\",\"datePublished\":\"2025-08-21T01:22:35+00:00\",\"dateModified\":\"2025-08-21T01:22:37+00:00\",\"author\":{\"@id\":\"https:\\\/\\\/quehacerpolitico.mx\\\/#\\\/schema\\\/person\\\/496d8ad2d1d3f8036101dca7ee39e585\"},\"breadcrumb\":{\"@id\":\"https:\\\/\\\/quehacerpolitico.mx\\\/?p=118629#breadcrumb\"},\"inLanguage\":\"es\",\"potentialAction\":[{\"@type\":\"ReadAction\",\"target\":[\"https:\\\/\\\/quehacerpolitico.mx\\\/?p=118629\"]}]},{\"@type\":\"ImageObject\",\"inLanguage\":\"es\",\"@id\":\"https:\\\/\\\/quehacerpolitico.mx\\\/?p=118629#primaryimage\",\"url\":\"https:\\\/\\\/quehacerpolitico.mx\\\/wp-content\\\/uploads\\\/2025\\\/08\\\/IMG_2942.jpeg\",\"contentUrl\":\"https:\\\/\\\/quehacerpolitico.mx\\\/wp-content\\\/uploads\\\/2025\\\/08\\\/IMG_2942.jpeg\",\"width\":739,\"height\":415},{\"@type\":\"BreadcrumbList\",\"@id\":\"https:\\\/\\\/quehacerpolitico.mx\\\/?p=118629#breadcrumb\",\"itemListElement\":[{\"@type\":\"ListItem\",\"position\":1,\"name\":\"Inicio\",\"item\":\"https:\\\/\\\/quehacerpolitico.mx\\\/\"},{\"@type\":\"ListItem\",\"position\":2,\"name\":\"Buenos Aires y CDMX a trav\u00e9s de 13 cuentos de Marina Porcelli\"}]},{\"@type\":\"WebSite\",\"@id\":\"https:\\\/\\\/quehacerpolitico.mx\\\/#website\",\"url\":\"https:\\\/\\\/quehacerpolitico.mx\\\/\",\"name\":\"\",\"description\":\"\",\"potentialAction\":[{\"@type\":\"SearchAction\",\"target\":{\"@type\":\"EntryPoint\",\"urlTemplate\":\"https:\\\/\\\/quehacerpolitico.mx\\\/?s={search_term_string}\"},\"query-input\":{\"@type\":\"PropertyValueSpecification\",\"valueRequired\":true,\"valueName\":\"search_term_string\"}}],\"inLanguage\":\"es\"},{\"@type\":\"Person\",\"@id\":\"https:\\\/\\\/quehacerpolitico.mx\\\/#\\\/schema\\\/person\\\/496d8ad2d1d3f8036101dca7ee39e585\",\"name\":\"Redacci\u00f3n QP\",\"image\":{\"@type\":\"ImageObject\",\"inLanguage\":\"es\",\"@id\":\"https:\\\/\\\/secure.gravatar.com\\\/avatar\\\/c7164ed6fdec453195284ad24a5ae5b6e1eed2b848477fa2a4787ba9adf39a41?s=96&d=mm&r=g\",\"url\":\"https:\\\/\\\/secure.gravatar.com\\\/avatar\\\/c7164ed6fdec453195284ad24a5ae5b6e1eed2b848477fa2a4787ba9adf39a41?s=96&d=mm&r=g\",\"contentUrl\":\"https:\\\/\\\/secure.gravatar.com\\\/avatar\\\/c7164ed6fdec453195284ad24a5ae5b6e1eed2b848477fa2a4787ba9adf39a41?s=96&d=mm&r=g\",\"caption\":\"Redacci\u00f3n QP\"},\"url\":\"https:\\\/\\\/quehacerpolitico.mx\\\/?author=2\"}]}<\/script>\n<!-- \/ Yoast SEO plugin. -->","yoast_head_json":{"title":"Buenos Aires y CDMX a trav\u00e9s de 13 cuentos de Marina Porcelli -","robots":{"index":"index","follow":"follow","max-snippet":"max-snippet:-1","max-image-preview":"max-image-preview:large","max-video-preview":"max-video-preview:-1"},"canonical":"https:\/\/quehacerpolitico.mx\/?p=118629","og_locale":"es_MX","og_type":"article","og_title":"Buenos Aires y CDMX a trav\u00e9s de 13 cuentos de Marina Porcelli -","og_description":"Por Redacci\u00f3n QP El nuevo libro de la escritora argentina, el cual lleva por t\u00edtulo...","og_url":"https:\/\/quehacerpolitico.mx\/?p=118629","article_published_time":"2025-08-21T01:22:35+00:00","article_modified_time":"2025-08-21T01:22:37+00:00","og_image":[{"width":739,"height":415,"url":"https:\/\/quehacerpolitico.mx\/wp-content\/uploads\/2025\/08\/IMG_2942.jpeg","type":"image\/jpeg"}],"author":"Redacci\u00f3n QP","twitter_card":"summary_large_image","twitter_misc":{"Escrito por":"Redacci\u00f3n QP","Tiempo de lectura":"2 minutos"},"schema":{"@context":"https:\/\/schema.org","@graph":[{"@type":"Article","@id":"https:\/\/quehacerpolitico.mx\/?p=118629#article","isPartOf":{"@id":"https:\/\/quehacerpolitico.mx\/?p=118629"},"author":{"name":"Redacci\u00f3n QP","@id":"https:\/\/quehacerpolitico.mx\/#\/schema\/person\/496d8ad2d1d3f8036101dca7ee39e585"},"headline":"Buenos Aires y CDMX a trav\u00e9s de 13 cuentos de Marina Porcelli","datePublished":"2025-08-21T01:22:35+00:00","dateModified":"2025-08-21T01:22:37+00:00","mainEntityOfPage":{"@id":"https:\/\/quehacerpolitico.mx\/?p=118629"},"wordCount":481,"commentCount":0,"image":{"@id":"https:\/\/quehacerpolitico.mx\/?p=118629#primaryimage"},"thumbnailUrl":"https:\/\/quehacerpolitico.mx\/wp-content\/uploads\/2025\/08\/IMG_2942.jpeg","articleSection":["Cultura y Entretenimiento"],"inLanguage":"es","potentialAction":[{"@type":"CommentAction","name":"Comment","target":["https:\/\/quehacerpolitico.mx\/?p=118629#respond"]}]},{"@type":"WebPage","@id":"https:\/\/quehacerpolitico.mx\/?p=118629","url":"https:\/\/quehacerpolitico.mx\/?p=118629","name":"Buenos Aires y CDMX a trav\u00e9s de 13 cuentos de Marina Porcelli -","isPartOf":{"@id":"https:\/\/quehacerpolitico.mx\/#website"},"primaryImageOfPage":{"@id":"https:\/\/quehacerpolitico.mx\/?p=118629#primaryimage"},"image":{"@id":"https:\/\/quehacerpolitico.mx\/?p=118629#primaryimage"},"thumbnailUrl":"https:\/\/quehacerpolitico.mx\/wp-content\/uploads\/2025\/08\/IMG_2942.jpeg","datePublished":"2025-08-21T01:22:35+00:00","dateModified":"2025-08-21T01:22:37+00:00","author":{"@id":"https:\/\/quehacerpolitico.mx\/#\/schema\/person\/496d8ad2d1d3f8036101dca7ee39e585"},"breadcrumb":{"@id":"https:\/\/quehacerpolitico.mx\/?p=118629#breadcrumb"},"inLanguage":"es","potentialAction":[{"@type":"ReadAction","target":["https:\/\/quehacerpolitico.mx\/?p=118629"]}]},{"@type":"ImageObject","inLanguage":"es","@id":"https:\/\/quehacerpolitico.mx\/?p=118629#primaryimage","url":"https:\/\/quehacerpolitico.mx\/wp-content\/uploads\/2025\/08\/IMG_2942.jpeg","contentUrl":"https:\/\/quehacerpolitico.mx\/wp-content\/uploads\/2025\/08\/IMG_2942.jpeg","width":739,"height":415},{"@type":"BreadcrumbList","@id":"https:\/\/quehacerpolitico.mx\/?p=118629#breadcrumb","itemListElement":[{"@type":"ListItem","position":1,"name":"Inicio","item":"https:\/\/quehacerpolitico.mx\/"},{"@type":"ListItem","position":2,"name":"Buenos Aires y CDMX a trav\u00e9s de 13 cuentos de Marina Porcelli"}]},{"@type":"WebSite","@id":"https:\/\/quehacerpolitico.mx\/#website","url":"https:\/\/quehacerpolitico.mx\/","name":"","description":"","potentialAction":[{"@type":"SearchAction","target":{"@type":"EntryPoint","urlTemplate":"https:\/\/quehacerpolitico.mx\/?s={search_term_string}"},"query-input":{"@type":"PropertyValueSpecification","valueRequired":true,"valueName":"search_term_string"}}],"inLanguage":"es"},{"@type":"Person","@id":"https:\/\/quehacerpolitico.mx\/#\/schema\/person\/496d8ad2d1d3f8036101dca7ee39e585","name":"Redacci\u00f3n QP","image":{"@type":"ImageObject","inLanguage":"es","@id":"https:\/\/secure.gravatar.com\/avatar\/c7164ed6fdec453195284ad24a5ae5b6e1eed2b848477fa2a4787ba9adf39a41?s=96&d=mm&r=g","url":"https:\/\/secure.gravatar.com\/avatar\/c7164ed6fdec453195284ad24a5ae5b6e1eed2b848477fa2a4787ba9adf39a41?s=96&d=mm&r=g","contentUrl":"https:\/\/secure.gravatar.com\/avatar\/c7164ed6fdec453195284ad24a5ae5b6e1eed2b848477fa2a4787ba9adf39a41?s=96&d=mm&r=g","caption":"Redacci\u00f3n QP"},"url":"https:\/\/quehacerpolitico.mx\/?author=2"}]}},"featured_image_urls":{"full":["https:\/\/quehacerpolitico.mx\/wp-content\/uploads\/2025\/08\/IMG_2942.jpeg",739,415,false],"thumbnail":["https:\/\/quehacerpolitico.mx\/wp-content\/uploads\/2025\/08\/IMG_2942-150x150.jpeg",150,150,true],"medium":["https:\/\/quehacerpolitico.mx\/wp-content\/uploads\/2025\/08\/IMG_2942-300x168.jpeg",300,168,true],"medium_large":["https:\/\/quehacerpolitico.mx\/wp-content\/uploads\/2025\/08\/IMG_2942.jpeg",640,359,false],"large":["https:\/\/quehacerpolitico.mx\/wp-content\/uploads\/2025\/08\/IMG_2942.jpeg",640,359,false],"1536x1536":["https:\/\/quehacerpolitico.mx\/wp-content\/uploads\/2025\/08\/IMG_2942.jpeg",739,415,false],"2048x2048":["https:\/\/quehacerpolitico.mx\/wp-content\/uploads\/2025\/08\/IMG_2942.jpeg",739,415,false],"covernews-featured":["https:\/\/quehacerpolitico.mx\/wp-content\/uploads\/2025\/08\/IMG_2942.jpeg",739,415,false],"covernews-medium":["https:\/\/quehacerpolitico.mx\/wp-content\/uploads\/2025\/08\/IMG_2942-540x340.jpeg",540,340,true]},"author_info":{"display_name":"Redacci\u00f3n QP","author_link":"https:\/\/quehacerpolitico.mx\/?author=2"},"category_info":"<a href=\"https:\/\/quehacerpolitico.mx\/?cat=58\" rel=\"category\">Cultura y Entretenimiento<\/a>","tag_info":"Cultura y Entretenimiento","comment_count":"0","_links":{"self":[{"href":"https:\/\/quehacerpolitico.mx\/index.php?rest_route=\/wp\/v2\/posts\/118629","targetHints":{"allow":["GET"]}}],"collection":[{"href":"https:\/\/quehacerpolitico.mx\/index.php?rest_route=\/wp\/v2\/posts"}],"about":[{"href":"https:\/\/quehacerpolitico.mx\/index.php?rest_route=\/wp\/v2\/types\/post"}],"author":[{"embeddable":true,"href":"https:\/\/quehacerpolitico.mx\/index.php?rest_route=\/wp\/v2\/users\/2"}],"replies":[{"embeddable":true,"href":"https:\/\/quehacerpolitico.mx\/index.php?rest_route=%2Fwp%2Fv2%2Fcomments&post=118629"}],"version-history":[{"count":1,"href":"https:\/\/quehacerpolitico.mx\/index.php?rest_route=\/wp\/v2\/posts\/118629\/revisions"}],"predecessor-version":[{"id":118631,"href":"https:\/\/quehacerpolitico.mx\/index.php?rest_route=\/wp\/v2\/posts\/118629\/revisions\/118631"}],"wp:featuredmedia":[{"embeddable":true,"href":"https:\/\/quehacerpolitico.mx\/index.php?rest_route=\/wp\/v2\/media\/118630"}],"wp:attachment":[{"href":"https:\/\/quehacerpolitico.mx\/index.php?rest_route=%2Fwp%2Fv2%2Fmedia&parent=118629"}],"wp:term":[{"taxonomy":"category","embeddable":true,"href":"https:\/\/quehacerpolitico.mx\/index.php?rest_route=%2Fwp%2Fv2%2Fcategories&post=118629"},{"taxonomy":"post_tag","embeddable":true,"href":"https:\/\/quehacerpolitico.mx\/index.php?rest_route=%2Fwp%2Fv2%2Ftags&post=118629"}],"curies":[{"name":"wp","href":"https:\/\/api.w.org\/{rel}","templated":true}]}}