{"id":118626,"date":"2025-08-20T18:57:41","date_gmt":"2025-08-21T00:57:41","guid":{"rendered":"https:\/\/quehacerpolitico.mx\/?p=118626"},"modified":"2025-08-20T18:57:44","modified_gmt":"2025-08-21T00:57:44","slug":"sabes-donde-denunciar-a-un-franelero-que-abusa-en-la-cdmx","status":"publish","type":"post","link":"https:\/\/quehacerpolitico.mx\/?p=118626","title":{"rendered":"Sabes donde denunciar a un franelero que abusa en la CDMX"},"content":{"rendered":"\n<p>Por Redacci\u00f3n QP<\/p>\n\n\n\n<p>Se contemplan multas econ\u00f3micas, arrestos administrativos e incluso canalizaci\u00f3n al Ministerio P\u00fablico si hay violencia o amenazas de por medio<\/p>\n\n\n\n<p>En la Ciudad de M\u00e9xico, apartar lugares en la v\u00eda p\u00fablica con cubetas, cajas u otros objetos dejar\u00e1 de ser una pr\u00e1ctica impune. Con la entrada en vigor de nuevas reformas legales, las personas conocidas como \u201cfraneleros\u201d o \u201cviene-viene\u201d&nbsp;<strong>enfrentar\u00e1n consecuencias m\u00e1s severas si intentan adue\u00f1arse de las calles para obtener beneficios personales.<\/strong><\/p>\n\n\n\n<h2 class=\"wp-block-heading\">\u00bfQu\u00e9 establece la nueva reforma?<\/h2>\n\n\n\n<p><mark>El 15 de agosto de 2025 se aprob\u00f3 una modificaci\u00f3n a la Ley de Cultura C\u00edvica,&nbsp;<\/mark>cuyo objetivo es frenar de manera contundente a quienes lucran con el espacio p\u00fablico. Esta actualizaci\u00f3n contempla&nbsp;<strong>multas econ\u00f3micas, arrestos administrativos e incluso canalizaci\u00f3n al Ministerio P\u00fablico si hay violencia o amenazas de por medio.<\/strong><\/p>\n\n\n\n<p>Entre las conductas sancionadas se encuentran:<\/p>\n\n\n\n<ul class=\"wp-block-list\">\n<li>Colocar objetos para reservar espacios en la v\u00eda p\u00fablica.<\/li>\n\n\n\n<li>Cobrar por estacionar, lavar o \u201cvigilar\u201d veh\u00edculos en la calle.<\/li>\n\n\n\n<li>Intimidar o exigir dinero a los conductores.<\/li>\n<\/ul>\n\n\n\n<h2 class=\"wp-block-heading\">Las sanciones en detalle<\/h2>\n\n\n\n<p>Quienes insistan en apropiarse ilegalmente del espacio p\u00fablico podr\u00e1n enfrentar:<\/p>\n\n\n\n<ul class=\"wp-block-list\">\n<li>Arresto inconmutable de 25 a 36 horas, seg\u00fan la gravedad del caso.<\/li>\n\n\n\n<li>Multas que oscilan entre\u00a0<strong>mil 200 y 4 mil 525 pesos.<\/strong><\/li>\n\n\n\n<li>En situaciones que involucren agresiones f\u00edsicas o amenazas, el caso ser\u00e1 turnado directamente a la Fiscal\u00eda de la CDMX.<\/li>\n<\/ul>\n\n\n\n<p>Las autoridades capitalinas fueron contundentes al declarar:<\/p>\n\n\n\n<h2 class=\"wp-block-heading\">\u00bfC\u00f3mo denunciar a un franelero?<\/h2>\n\n\n\n<p>Ante este tipo de situaciones, la ciudadan\u00eda puede presentar denuncias de forma accesible a trav\u00e9s de diferentes canales oficiales:<\/p>\n\n\n\n<h2 class=\"wp-block-heading\">1.- Locatel<\/h2>\n\n\n\n<p>L\u00ednea directa 24 horas al d\u00eda:&nbsp;<a href=\"tel:55 56 58 11 11\">55 56 58 11 11<\/a>.<br>Tambi\u00e9n puedes contactarlos por redes sociales.<\/p>\n\n\n\n<h2 class=\"wp-block-heading\">2.- Elementos policiales en la zona<\/h2>\n\n\n\n<p>Si observas una patrulla cerca, puedes acercarte y reportar el hecho.<br>Los agentes pueden actuar de inmediato si el acto est\u00e1 ocurriendo en el momento.<\/p>\n\n\n\n<h2 class=\"wp-block-heading\">3.- Botones de emergencia del C5<\/h2>\n\n\n\n<p>Ubicados en postes de seguridad en distintas partes de la ciudad.<br>\u00dasalos si percibes riesgo o si la situaci\u00f3n se vuelve hostil.<\/p>\n\n\n\n<h2 class=\"wp-block-heading\">4.- CESAC de tu alcald\u00eda<\/h2>\n\n\n\n<p>Asiste personalmente de lunes a viernes, de 9:00 a 14:00 horas.<br>Lleva tus datos y la direcci\u00f3n exacta del incidente.<\/p>\n\n\n\n<h2 class=\"wp-block-heading\">Recomendaciones al momento de reportar<\/h2>\n\n\n\n<ul class=\"wp-block-list\">\n<li>Toma fotograf\u00edas o videos del hecho si es seguro hacerlo.<\/li>\n\n\n\n<li>Anota las placas de veh\u00edculos involucrados o describe los objetos utilizados para bloquear espacios.<\/li>\n\n\n\n<li>No accedas a pagos indebidos. Recuerda que nadie tiene derecho a rentar un lugar en la v\u00eda p\u00fablica.<\/li>\n\n\n\n<li>Si recibes amenazas, solicita que el caso se turne directamente a la Fiscal\u00eda General de Justicia de la CDMX (FGJ CDMX).<\/li>\n<\/ul>\n\n\n\n<h2 class=\"wp-block-heading\">\u00bfCu\u00e1ndo comienzan a aplicarse las sanciones?<\/h2>\n\n\n\n<p>Aunque la reforma fue publicada el 15 de agosto de 2025, las sanciones comenzar\u00e1n a aplicarse 30 d\u00edas despu\u00e9s de su publicaci\u00f3n oficial en la Gaceta de la Ciudad de M\u00e9xico. La fecha exacta ser\u00e1 confirmada pr\u00f3ximamente por las autoridades locales.<\/p>\n","protected":false},"excerpt":{"rendered":"<p>Por Redacci\u00f3n QP Se contemplan multas econ\u00f3micas, arrestos administrativos e incluso canalizaci\u00f3n al Ministerio P\u00fablico&#8230;<\/p>\n","protected":false},"author":2,"featured_media":118627,"comment_status":"open","ping_status":"open","sticky":false,"template":"","format":"standard","meta":{"_monsterinsights_skip_tracking":false,"_monsterinsights_sitenote_active":false,"_monsterinsights_sitenote_note":"","_monsterinsights_sitenote_category":0,"footnotes":""},"categories":[55],"tags":[],"class_list":["post-118626","post","type-post","status-publish","format-standard","has-post-thumbnail","hentry","category-cdmx"],"yoast_head":"<!-- This site is optimized with the Yoast SEO plugin v27.3 - https:\/\/yoast.com\/product\/yoast-seo-wordpress\/ -->\n<title>Sabes donde denunciar a un franelero que abusa en la CDMX -<\/title>\n<meta name=\"robots\" content=\"index, follow, max-snippet:-1, max-image-preview:large, max-video-preview:-1\" \/>\n<link rel=\"canonical\" href=\"https:\/\/quehacerpolitico.mx\/?p=118626\" \/>\n<meta property=\"og:locale\" content=\"es_MX\" \/>\n<meta property=\"og:type\" content=\"article\" \/>\n<meta property=\"og:title\" content=\"Sabes donde denunciar a un franelero que abusa en la CDMX -\" \/>\n<meta property=\"og:description\" content=\"Por Redacci\u00f3n QP Se contemplan multas econ\u00f3micas, arrestos administrativos e incluso canalizaci\u00f3n al Ministerio P\u00fablico...\" \/>\n<meta property=\"og:url\" content=\"https:\/\/quehacerpolitico.mx\/?p=118626\" \/>\n<meta property=\"article:published_time\" content=\"2025-08-21T00:57:41+00:00\" \/>\n<meta property=\"article:modified_time\" content=\"2025-08-21T00:57:44+00:00\" \/>\n<meta property=\"og:image\" content=\"https:\/\/quehacerpolitico.mx\/wp-content\/uploads\/2025\/08\/IMG_2941.jpeg\" \/>\n\t<meta property=\"og:image:width\" content=\"480\" \/>\n\t<meta property=\"og:image:height\" content=\"269\" \/>\n\t<meta property=\"og:image:type\" content=\"image\/jpeg\" \/>\n<meta name=\"author\" content=\"Redacci\u00f3n QP\" \/>\n<meta name=\"twitter:card\" content=\"summary_large_image\" \/>\n<meta name=\"twitter:label1\" content=\"Escrito por\" \/>\n\t<meta name=\"twitter:data1\" content=\"Redacci\u00f3n QP\" \/>\n\t<meta name=\"twitter:label2\" content=\"Tiempo de lectura\" \/>\n\t<meta name=\"twitter:data2\" content=\"3 minutos\" \/>\n<script type=\"application\/ld+json\" class=\"yoast-schema-graph\">{\"@context\":\"https:\\\/\\\/schema.org\",\"@graph\":[{\"@type\":\"Article\",\"@id\":\"https:\\\/\\\/quehacerpolitico.mx\\\/?p=118626#article\",\"isPartOf\":{\"@id\":\"https:\\\/\\\/quehacerpolitico.mx\\\/?p=118626\"},\"author\":{\"name\":\"Redacci\u00f3n QP\",\"@id\":\"https:\\\/\\\/quehacerpolitico.mx\\\/#\\\/schema\\\/person\\\/496d8ad2d1d3f8036101dca7ee39e585\"},\"headline\":\"Sabes donde denunciar a un franelero que abusa en la CDMX\",\"datePublished\":\"2025-08-21T00:57:41+00:00\",\"dateModified\":\"2025-08-21T00:57:44+00:00\",\"mainEntityOfPage\":{\"@id\":\"https:\\\/\\\/quehacerpolitico.mx\\\/?p=118626\"},\"wordCount\":513,\"commentCount\":0,\"image\":{\"@id\":\"https:\\\/\\\/quehacerpolitico.mx\\\/?p=118626#primaryimage\"},\"thumbnailUrl\":\"https:\\\/\\\/quehacerpolitico.mx\\\/wp-content\\\/uploads\\\/2025\\\/08\\\/IMG_2941.jpeg\",\"articleSection\":[\"CDMX\"],\"inLanguage\":\"es\",\"potentialAction\":[{\"@type\":\"CommentAction\",\"name\":\"Comment\",\"target\":[\"https:\\\/\\\/quehacerpolitico.mx\\\/?p=118626#respond\"]}]},{\"@type\":\"WebPage\",\"@id\":\"https:\\\/\\\/quehacerpolitico.mx\\\/?p=118626\",\"url\":\"https:\\\/\\\/quehacerpolitico.mx\\\/?p=118626\",\"name\":\"Sabes donde denunciar a un franelero que abusa en la CDMX -\",\"isPartOf\":{\"@id\":\"https:\\\/\\\/quehacerpolitico.mx\\\/#website\"},\"primaryImageOfPage\":{\"@id\":\"https:\\\/\\\/quehacerpolitico.mx\\\/?p=118626#primaryimage\"},\"image\":{\"@id\":\"https:\\\/\\\/quehacerpolitico.mx\\\/?p=118626#primaryimage\"},\"thumbnailUrl\":\"https:\\\/\\\/quehacerpolitico.mx\\\/wp-content\\\/uploads\\\/2025\\\/08\\\/IMG_2941.jpeg\",\"datePublished\":\"2025-08-21T00:57:41+00:00\",\"dateModified\":\"2025-08-21T00:57:44+00:00\",\"author\":{\"@id\":\"https:\\\/\\\/quehacerpolitico.mx\\\/#\\\/schema\\\/person\\\/496d8ad2d1d3f8036101dca7ee39e585\"},\"breadcrumb\":{\"@id\":\"https:\\\/\\\/quehacerpolitico.mx\\\/?p=118626#breadcrumb\"},\"inLanguage\":\"es\",\"potentialAction\":[{\"@type\":\"ReadAction\",\"target\":[\"https:\\\/\\\/quehacerpolitico.mx\\\/?p=118626\"]}]},{\"@type\":\"ImageObject\",\"inLanguage\":\"es\",\"@id\":\"https:\\\/\\\/quehacerpolitico.mx\\\/?p=118626#primaryimage\",\"url\":\"https:\\\/\\\/quehacerpolitico.mx\\\/wp-content\\\/uploads\\\/2025\\\/08\\\/IMG_2941.jpeg\",\"contentUrl\":\"https:\\\/\\\/quehacerpolitico.mx\\\/wp-content\\\/uploads\\\/2025\\\/08\\\/IMG_2941.jpeg\",\"width\":480,\"height\":269},{\"@type\":\"BreadcrumbList\",\"@id\":\"https:\\\/\\\/quehacerpolitico.mx\\\/?p=118626#breadcrumb\",\"itemListElement\":[{\"@type\":\"ListItem\",\"position\":1,\"name\":\"Inicio\",\"item\":\"https:\\\/\\\/quehacerpolitico.mx\\\/\"},{\"@type\":\"ListItem\",\"position\":2,\"name\":\"Sabes donde denunciar a un franelero que abusa en la CDMX\"}]},{\"@type\":\"WebSite\",\"@id\":\"https:\\\/\\\/quehacerpolitico.mx\\\/#website\",\"url\":\"https:\\\/\\\/quehacerpolitico.mx\\\/\",\"name\":\"\",\"description\":\"\",\"potentialAction\":[{\"@type\":\"SearchAction\",\"target\":{\"@type\":\"EntryPoint\",\"urlTemplate\":\"https:\\\/\\\/quehacerpolitico.mx\\\/?s={search_term_string}\"},\"query-input\":{\"@type\":\"PropertyValueSpecification\",\"valueRequired\":true,\"valueName\":\"search_term_string\"}}],\"inLanguage\":\"es\"},{\"@type\":\"Person\",\"@id\":\"https:\\\/\\\/quehacerpolitico.mx\\\/#\\\/schema\\\/person\\\/496d8ad2d1d3f8036101dca7ee39e585\",\"name\":\"Redacci\u00f3n QP\",\"image\":{\"@type\":\"ImageObject\",\"inLanguage\":\"es\",\"@id\":\"https:\\\/\\\/secure.gravatar.com\\\/avatar\\\/c7164ed6fdec453195284ad24a5ae5b6e1eed2b848477fa2a4787ba9adf39a41?s=96&d=mm&r=g\",\"url\":\"https:\\\/\\\/secure.gravatar.com\\\/avatar\\\/c7164ed6fdec453195284ad24a5ae5b6e1eed2b848477fa2a4787ba9adf39a41?s=96&d=mm&r=g\",\"contentUrl\":\"https:\\\/\\\/secure.gravatar.com\\\/avatar\\\/c7164ed6fdec453195284ad24a5ae5b6e1eed2b848477fa2a4787ba9adf39a41?s=96&d=mm&r=g\",\"caption\":\"Redacci\u00f3n QP\"},\"url\":\"https:\\\/\\\/quehacerpolitico.mx\\\/?author=2\"}]}<\/script>\n<!-- \/ Yoast SEO plugin. -->","yoast_head_json":{"title":"Sabes donde denunciar a un franelero que abusa en la CDMX -","robots":{"index":"index","follow":"follow","max-snippet":"max-snippet:-1","max-image-preview":"max-image-preview:large","max-video-preview":"max-video-preview:-1"},"canonical":"https:\/\/quehacerpolitico.mx\/?p=118626","og_locale":"es_MX","og_type":"article","og_title":"Sabes donde denunciar a un franelero que abusa en la CDMX -","og_description":"Por Redacci\u00f3n QP Se contemplan multas econ\u00f3micas, arrestos administrativos e incluso canalizaci\u00f3n al Ministerio P\u00fablico...","og_url":"https:\/\/quehacerpolitico.mx\/?p=118626","article_published_time":"2025-08-21T00:57:41+00:00","article_modified_time":"2025-08-21T00:57:44+00:00","og_image":[{"width":480,"height":269,"url":"https:\/\/quehacerpolitico.mx\/wp-content\/uploads\/2025\/08\/IMG_2941.jpeg","type":"image\/jpeg"}],"author":"Redacci\u00f3n QP","twitter_card":"summary_large_image","twitter_misc":{"Escrito por":"Redacci\u00f3n QP","Tiempo de lectura":"3 minutos"},"schema":{"@context":"https:\/\/schema.org","@graph":[{"@type":"Article","@id":"https:\/\/quehacerpolitico.mx\/?p=118626#article","isPartOf":{"@id":"https:\/\/quehacerpolitico.mx\/?p=118626"},"author":{"name":"Redacci\u00f3n QP","@id":"https:\/\/quehacerpolitico.mx\/#\/schema\/person\/496d8ad2d1d3f8036101dca7ee39e585"},"headline":"Sabes donde denunciar a un franelero que abusa en la CDMX","datePublished":"2025-08-21T00:57:41+00:00","dateModified":"2025-08-21T00:57:44+00:00","mainEntityOfPage":{"@id":"https:\/\/quehacerpolitico.mx\/?p=118626"},"wordCount":513,"commentCount":0,"image":{"@id":"https:\/\/quehacerpolitico.mx\/?p=118626#primaryimage"},"thumbnailUrl":"https:\/\/quehacerpolitico.mx\/wp-content\/uploads\/2025\/08\/IMG_2941.jpeg","articleSection":["CDMX"],"inLanguage":"es","potentialAction":[{"@type":"CommentAction","name":"Comment","target":["https:\/\/quehacerpolitico.mx\/?p=118626#respond"]}]},{"@type":"WebPage","@id":"https:\/\/quehacerpolitico.mx\/?p=118626","url":"https:\/\/quehacerpolitico.mx\/?p=118626","name":"Sabes donde denunciar a un franelero que abusa en la CDMX -","isPartOf":{"@id":"https:\/\/quehacerpolitico.mx\/#website"},"primaryImageOfPage":{"@id":"https:\/\/quehacerpolitico.mx\/?p=118626#primaryimage"},"image":{"@id":"https:\/\/quehacerpolitico.mx\/?p=118626#primaryimage"},"thumbnailUrl":"https:\/\/quehacerpolitico.mx\/wp-content\/uploads\/2025\/08\/IMG_2941.jpeg","datePublished":"2025-08-21T00:57:41+00:00","dateModified":"2025-08-21T00:57:44+00:00","author":{"@id":"https:\/\/quehacerpolitico.mx\/#\/schema\/person\/496d8ad2d1d3f8036101dca7ee39e585"},"breadcrumb":{"@id":"https:\/\/quehacerpolitico.mx\/?p=118626#breadcrumb"},"inLanguage":"es","potentialAction":[{"@type":"ReadAction","target":["https:\/\/quehacerpolitico.mx\/?p=118626"]}]},{"@type":"ImageObject","inLanguage":"es","@id":"https:\/\/quehacerpolitico.mx\/?p=118626#primaryimage","url":"https:\/\/quehacerpolitico.mx\/wp-content\/uploads\/2025\/08\/IMG_2941.jpeg","contentUrl":"https:\/\/quehacerpolitico.mx\/wp-content\/uploads\/2025\/08\/IMG_2941.jpeg","width":480,"height":269},{"@type":"BreadcrumbList","@id":"https:\/\/quehacerpolitico.mx\/?p=118626#breadcrumb","itemListElement":[{"@type":"ListItem","position":1,"name":"Inicio","item":"https:\/\/quehacerpolitico.mx\/"},{"@type":"ListItem","position":2,"name":"Sabes donde denunciar a un franelero que abusa en la CDMX"}]},{"@type":"WebSite","@id":"https:\/\/quehacerpolitico.mx\/#website","url":"https:\/\/quehacerpolitico.mx\/","name":"","description":"","potentialAction":[{"@type":"SearchAction","target":{"@type":"EntryPoint","urlTemplate":"https:\/\/quehacerpolitico.mx\/?s={search_term_string}"},"query-input":{"@type":"PropertyValueSpecification","valueRequired":true,"valueName":"search_term_string"}}],"inLanguage":"es"},{"@type":"Person","@id":"https:\/\/quehacerpolitico.mx\/#\/schema\/person\/496d8ad2d1d3f8036101dca7ee39e585","name":"Redacci\u00f3n QP","image":{"@type":"ImageObject","inLanguage":"es","@id":"https:\/\/secure.gravatar.com\/avatar\/c7164ed6fdec453195284ad24a5ae5b6e1eed2b848477fa2a4787ba9adf39a41?s=96&d=mm&r=g","url":"https:\/\/secure.gravatar.com\/avatar\/c7164ed6fdec453195284ad24a5ae5b6e1eed2b848477fa2a4787ba9adf39a41?s=96&d=mm&r=g","contentUrl":"https:\/\/secure.gravatar.com\/avatar\/c7164ed6fdec453195284ad24a5ae5b6e1eed2b848477fa2a4787ba9adf39a41?s=96&d=mm&r=g","caption":"Redacci\u00f3n QP"},"url":"https:\/\/quehacerpolitico.mx\/?author=2"}]}},"featured_image_urls":{"full":["https:\/\/quehacerpolitico.mx\/wp-content\/uploads\/2025\/08\/IMG_2941.jpeg",480,269,false],"thumbnail":["https:\/\/quehacerpolitico.mx\/wp-content\/uploads\/2025\/08\/IMG_2941-150x150.jpeg",150,150,true],"medium":["https:\/\/quehacerpolitico.mx\/wp-content\/uploads\/2025\/08\/IMG_2941-300x168.jpeg",300,168,true],"medium_large":["https:\/\/quehacerpolitico.mx\/wp-content\/uploads\/2025\/08\/IMG_2941.jpeg",480,269,false],"large":["https:\/\/quehacerpolitico.mx\/wp-content\/uploads\/2025\/08\/IMG_2941.jpeg",480,269,false],"1536x1536":["https:\/\/quehacerpolitico.mx\/wp-content\/uploads\/2025\/08\/IMG_2941.jpeg",480,269,false],"2048x2048":["https:\/\/quehacerpolitico.mx\/wp-content\/uploads\/2025\/08\/IMG_2941.jpeg",480,269,false],"covernews-featured":["https:\/\/quehacerpolitico.mx\/wp-content\/uploads\/2025\/08\/IMG_2941.jpeg",480,269,false],"covernews-medium":["https:\/\/quehacerpolitico.mx\/wp-content\/uploads\/2025\/08\/IMG_2941.jpeg",480,269,false]},"author_info":{"display_name":"Redacci\u00f3n QP","author_link":"https:\/\/quehacerpolitico.mx\/?author=2"},"category_info":"<a href=\"https:\/\/quehacerpolitico.mx\/?cat=55\" rel=\"category\">CDMX<\/a>","tag_info":"CDMX","comment_count":"0","_links":{"self":[{"href":"https:\/\/quehacerpolitico.mx\/index.php?rest_route=\/wp\/v2\/posts\/118626","targetHints":{"allow":["GET"]}}],"collection":[{"href":"https:\/\/quehacerpolitico.mx\/index.php?rest_route=\/wp\/v2\/posts"}],"about":[{"href":"https:\/\/quehacerpolitico.mx\/index.php?rest_route=\/wp\/v2\/types\/post"}],"author":[{"embeddable":true,"href":"https:\/\/quehacerpolitico.mx\/index.php?rest_route=\/wp\/v2\/users\/2"}],"replies":[{"embeddable":true,"href":"https:\/\/quehacerpolitico.mx\/index.php?rest_route=%2Fwp%2Fv2%2Fcomments&post=118626"}],"version-history":[{"count":1,"href":"https:\/\/quehacerpolitico.mx\/index.php?rest_route=\/wp\/v2\/posts\/118626\/revisions"}],"predecessor-version":[{"id":118628,"href":"https:\/\/quehacerpolitico.mx\/index.php?rest_route=\/wp\/v2\/posts\/118626\/revisions\/118628"}],"wp:featuredmedia":[{"embeddable":true,"href":"https:\/\/quehacerpolitico.mx\/index.php?rest_route=\/wp\/v2\/media\/118627"}],"wp:attachment":[{"href":"https:\/\/quehacerpolitico.mx\/index.php?rest_route=%2Fwp%2Fv2%2Fmedia&parent=118626"}],"wp:term":[{"taxonomy":"category","embeddable":true,"href":"https:\/\/quehacerpolitico.mx\/index.php?rest_route=%2Fwp%2Fv2%2Fcategories&post=118626"},{"taxonomy":"post_tag","embeddable":true,"href":"https:\/\/quehacerpolitico.mx\/index.php?rest_route=%2Fwp%2Fv2%2Ftags&post=118626"}],"curies":[{"name":"wp","href":"https:\/\/api.w.org\/{rel}","templated":true}]}}