{"id":118623,"date":"2025-08-20T18:42:43","date_gmt":"2025-08-21T00:42:43","guid":{"rendered":"https:\/\/quehacerpolitico.mx\/?p=118623"},"modified":"2025-08-20T18:42:46","modified_gmt":"2025-08-21T00:42:46","slug":"lamentable-atleta-se-resbala-en-la-pista-mojada-al-intentar-un-salto-de-longitud-se-estrella-con-las-vallas-y-termina-ultimo-en-los-panamericanos-junior","status":"publish","type":"post","link":"https:\/\/quehacerpolitico.mx\/?p=118623","title":{"rendered":"\u00a1Lamentable! Atleta se resbala en la pista mojada al intentar un salto de longitud, se estrella con las vallas y termina \u00faltimo en los Panamericanos Junior"},"content":{"rendered":"\n<p>Por Redacci\u00f3n QP<\/p>\n\n\n\n<p>Elisha Williams, representante de Granada, resbal\u00f3 a causa de la lluvia y se golpe\u00f3 de fea manera contra las vallas que miden la distancia.<\/p>\n\n\n\n<p><strong>Elisha Williams<\/strong>, atleta de Granada, sufri\u00f3 un&nbsp;<strong>desafortunado incidente<\/strong>cuando compet\u00eda en la&nbsp;<strong>prueba de salto de longitud de los Juegos Panamericanos Junior de Asunci\u00f3n<\/strong>, al&nbsp;<strong>patinarse con la pista mojada<\/strong>&nbsp;y m\u00e1s all\u00e1 de fallar su intento, termin\u00f3&nbsp;<strong>golpe\u00e1ndose contra las vallas que miden la distancia<\/strong>.<\/p>\n\n\n\n<p>La&nbsp;<strong>lluvia<\/strong>&nbsp;fue el factor que&nbsp;<strong>perjudic\u00f3 a Williams, de 19 a\u00f1os<\/strong>, quien result\u00f3 con un&nbsp;<strong>fuerte golpe<\/strong>&nbsp;tras el accidente y no registr\u00f3 marca en la competencia, por lo que termin\u00f3 en \u00faltimo lugar.<\/p>\n\n\n\n<p>En un video difundido en redes sociales se observa el\u00a0<strong>salto de Elisha<\/strong>, quien<strong> patina justo en el instante del \u00faltimo impulso<\/strong>, sale volando pero descompuesto y cae con sus manos tras\u00a0<strong>chocar con los carteles met\u00e1licos<\/strong>.<\/p>\n\n\n\n<p>Tras recibir&nbsp;<strong>asistencia m\u00e9dica<\/strong>&nbsp;en la parte baja de su pierna izquierda, se observa a varios atletas de su delegaci\u00f3n preocupados por el competidor. No se report\u00f3 que sufriera alguna lesi\u00f3n grave.<\/p>\n\n\n\n<p>A pesar de que las condiciones eran las mismas para todos los competidores, los otros 11 lograron completar la prueba que gan\u00f3 el cubano Aniel Molina G\u00f3mez con un salto de 7.95 metros.&nbsp;<\/p>\n\n\n\n<p>Williams lleg\u00f3 a Asunci\u00f3n con la&nbsp;<strong>mejor marca del a\u00f1o<\/strong>, con 7.70 metros, que consigu\u00f3 en el NJCAA Indoor Championships, por lo que era uno de los favoritos, pero lamentablemente sufri\u00f3 el percance.<\/p>\n\n\n\n<figure class=\"wp-block-embed is-type-rich is-provider-twitter wp-block-embed-twitter\"><div class=\"wp-block-embed__wrapper\">\n<blockquote class=\"twitter-tweet\" data-width=\"550\" data-dnt=\"true\"><p lang=\"es\" dir=\"ltr\">LAS CONDICIONES CLIM\u00c1TICAS EMPIZAN A SER FACTOR <br><br>Williams Elisha de Granada tiene caida en salto de longitud debido a un resbal\u00f3n por el como qued\u00f3 el terreno de la competencia tras la lluvia <br><br>\ud83d\udd34En Vivo<br>\ud83d\udcfa 316 <a href=\"https:\/\/twitter.com\/Megacable?ref_src=twsrc%5Etfw\">@Megacable<\/a> <a href=\"https:\/\/twitter.com\/hashtag\/JuegosPanamericanosJunior?src=hash&amp;ref_src=twsrc%5Etfw\">#JuegosPanamericanosJunior<\/a> <a href=\"https:\/\/twitter.com\/hashtag\/ASU2025?src=hash&amp;ref_src=twsrc%5Etfw\">#ASU2025<\/a> <a href=\"https:\/\/twitter.com\/hashtag\/TVCDeportes?src=hash&amp;ref_src=twsrc%5Etfw\">#TVCDeportes<\/a> <a href=\"https:\/\/t.co\/yl6hVLoLPM\">pic.twitter.com\/yl6hVLoLPM<\/a><\/p>&mdash; TVC Deportes (@TVCDeportes) <a href=\"https:\/\/twitter.com\/TVCDeportes\/status\/1957935602864697802?ref_src=twsrc%5Etfw\">August 19, 2025<\/a><\/blockquote><script async src=\"https:\/\/platform.twitter.com\/widgets.js\" charset=\"utf-8\"><\/script>\n<\/div><\/figure>\n","protected":false},"excerpt":{"rendered":"<p>Por Redacci\u00f3n QP Elisha Williams, representante de Granada, resbal\u00f3 a causa de la lluvia y&#8230;<\/p>\n","protected":false},"author":2,"featured_media":118624,"comment_status":"open","ping_status":"open","sticky":false,"template":"","format":"standard","meta":{"_monsterinsights_skip_tracking":false,"_monsterinsights_sitenote_active":false,"_monsterinsights_sitenote_note":"","_monsterinsights_sitenote_category":0,"footnotes":""},"categories":[54],"tags":[],"class_list":["post-118623","post","type-post","status-publish","format-standard","has-post-thumbnail","hentry","category-deportes"],"yoast_head":"<!-- This site is optimized with the Yoast SEO plugin v27.3 - https:\/\/yoast.com\/product\/yoast-seo-wordpress\/ -->\n<title>\u00a1Lamentable! Atleta se resbala en la pista mojada al intentar un salto de longitud, se estrella con las vallas y termina \u00faltimo en los Panamericanos Junior -<\/title>\n<meta name=\"robots\" content=\"index, follow, max-snippet:-1, max-image-preview:large, max-video-preview:-1\" \/>\n<link rel=\"canonical\" href=\"https:\/\/quehacerpolitico.mx\/?p=118623\" \/>\n<meta property=\"og:locale\" content=\"es_MX\" \/>\n<meta property=\"og:type\" content=\"article\" \/>\n<meta property=\"og:title\" content=\"\u00a1Lamentable! Atleta se resbala en la pista mojada al intentar un salto de longitud, se estrella con las vallas y termina \u00faltimo en los Panamericanos Junior -\" \/>\n<meta property=\"og:description\" content=\"Por Redacci\u00f3n QP Elisha Williams, representante de Granada, resbal\u00f3 a causa de la lluvia y...\" \/>\n<meta property=\"og:url\" content=\"https:\/\/quehacerpolitico.mx\/?p=118623\" \/>\n<meta property=\"article:published_time\" content=\"2025-08-21T00:42:43+00:00\" \/>\n<meta property=\"article:modified_time\" content=\"2025-08-21T00:42:46+00:00\" \/>\n<meta property=\"og:image\" content=\"https:\/\/quehacerpolitico.mx\/wp-content\/uploads\/2025\/08\/IMG_2939.jpeg\" \/>\n\t<meta property=\"og:image:width\" content=\"1170\" \/>\n\t<meta property=\"og:image:height\" content=\"639\" \/>\n\t<meta property=\"og:image:type\" content=\"image\/jpeg\" \/>\n<meta name=\"author\" content=\"Redacci\u00f3n QP\" \/>\n<meta name=\"twitter:card\" content=\"summary_large_image\" \/>\n<meta name=\"twitter:label1\" content=\"Escrito por\" \/>\n\t<meta name=\"twitter:data1\" content=\"Redacci\u00f3n QP\" \/>\n\t<meta name=\"twitter:label2\" content=\"Tiempo de lectura\" \/>\n\t<meta name=\"twitter:data2\" content=\"1 minuto\" \/>\n<script type=\"application\/ld+json\" class=\"yoast-schema-graph\">{\"@context\":\"https:\\\/\\\/schema.org\",\"@graph\":[{\"@type\":\"Article\",\"@id\":\"https:\\\/\\\/quehacerpolitico.mx\\\/?p=118623#article\",\"isPartOf\":{\"@id\":\"https:\\\/\\\/quehacerpolitico.mx\\\/?p=118623\"},\"author\":{\"name\":\"Redacci\u00f3n QP\",\"@id\":\"https:\\\/\\\/quehacerpolitico.mx\\\/#\\\/schema\\\/person\\\/496d8ad2d1d3f8036101dca7ee39e585\"},\"headline\":\"\u00a1Lamentable! Atleta se resbala en la pista mojada al intentar un salto de longitud, se estrella con las vallas y termina \u00faltimo en los Panamericanos Junior\",\"datePublished\":\"2025-08-21T00:42:43+00:00\",\"dateModified\":\"2025-08-21T00:42:46+00:00\",\"mainEntityOfPage\":{\"@id\":\"https:\\\/\\\/quehacerpolitico.mx\\\/?p=118623\"},\"wordCount\":298,\"commentCount\":0,\"image\":{\"@id\":\"https:\\\/\\\/quehacerpolitico.mx\\\/?p=118623#primaryimage\"},\"thumbnailUrl\":\"https:\\\/\\\/quehacerpolitico.mx\\\/wp-content\\\/uploads\\\/2025\\\/08\\\/IMG_2939.jpeg\",\"articleSection\":[\"Deportes\"],\"inLanguage\":\"es\",\"potentialAction\":[{\"@type\":\"CommentAction\",\"name\":\"Comment\",\"target\":[\"https:\\\/\\\/quehacerpolitico.mx\\\/?p=118623#respond\"]}]},{\"@type\":\"WebPage\",\"@id\":\"https:\\\/\\\/quehacerpolitico.mx\\\/?p=118623\",\"url\":\"https:\\\/\\\/quehacerpolitico.mx\\\/?p=118623\",\"name\":\"\u00a1Lamentable! Atleta se resbala en la pista mojada al intentar un salto de longitud, se estrella con las vallas y termina \u00faltimo en los Panamericanos Junior -\",\"isPartOf\":{\"@id\":\"https:\\\/\\\/quehacerpolitico.mx\\\/#website\"},\"primaryImageOfPage\":{\"@id\":\"https:\\\/\\\/quehacerpolitico.mx\\\/?p=118623#primaryimage\"},\"image\":{\"@id\":\"https:\\\/\\\/quehacerpolitico.mx\\\/?p=118623#primaryimage\"},\"thumbnailUrl\":\"https:\\\/\\\/quehacerpolitico.mx\\\/wp-content\\\/uploads\\\/2025\\\/08\\\/IMG_2939.jpeg\",\"datePublished\":\"2025-08-21T00:42:43+00:00\",\"dateModified\":\"2025-08-21T00:42:46+00:00\",\"author\":{\"@id\":\"https:\\\/\\\/quehacerpolitico.mx\\\/#\\\/schema\\\/person\\\/496d8ad2d1d3f8036101dca7ee39e585\"},\"breadcrumb\":{\"@id\":\"https:\\\/\\\/quehacerpolitico.mx\\\/?p=118623#breadcrumb\"},\"inLanguage\":\"es\",\"potentialAction\":[{\"@type\":\"ReadAction\",\"target\":[\"https:\\\/\\\/quehacerpolitico.mx\\\/?p=118623\"]}]},{\"@type\":\"ImageObject\",\"inLanguage\":\"es\",\"@id\":\"https:\\\/\\\/quehacerpolitico.mx\\\/?p=118623#primaryimage\",\"url\":\"https:\\\/\\\/quehacerpolitico.mx\\\/wp-content\\\/uploads\\\/2025\\\/08\\\/IMG_2939.jpeg\",\"contentUrl\":\"https:\\\/\\\/quehacerpolitico.mx\\\/wp-content\\\/uploads\\\/2025\\\/08\\\/IMG_2939.jpeg\",\"width\":1170,\"height\":639,\"caption\":\"Screenshot\"},{\"@type\":\"BreadcrumbList\",\"@id\":\"https:\\\/\\\/quehacerpolitico.mx\\\/?p=118623#breadcrumb\",\"itemListElement\":[{\"@type\":\"ListItem\",\"position\":1,\"name\":\"Inicio\",\"item\":\"https:\\\/\\\/quehacerpolitico.mx\\\/\"},{\"@type\":\"ListItem\",\"position\":2,\"name\":\"\u00a1Lamentable! Atleta se resbala en la pista mojada al intentar un salto de longitud, se estrella con las vallas y termina \u00faltimo en los Panamericanos Junior\"}]},{\"@type\":\"WebSite\",\"@id\":\"https:\\\/\\\/quehacerpolitico.mx\\\/#website\",\"url\":\"https:\\\/\\\/quehacerpolitico.mx\\\/\",\"name\":\"\",\"description\":\"\",\"potentialAction\":[{\"@type\":\"SearchAction\",\"target\":{\"@type\":\"EntryPoint\",\"urlTemplate\":\"https:\\\/\\\/quehacerpolitico.mx\\\/?s={search_term_string}\"},\"query-input\":{\"@type\":\"PropertyValueSpecification\",\"valueRequired\":true,\"valueName\":\"search_term_string\"}}],\"inLanguage\":\"es\"},{\"@type\":\"Person\",\"@id\":\"https:\\\/\\\/quehacerpolitico.mx\\\/#\\\/schema\\\/person\\\/496d8ad2d1d3f8036101dca7ee39e585\",\"name\":\"Redacci\u00f3n QP\",\"image\":{\"@type\":\"ImageObject\",\"inLanguage\":\"es\",\"@id\":\"https:\\\/\\\/secure.gravatar.com\\\/avatar\\\/c7164ed6fdec453195284ad24a5ae5b6e1eed2b848477fa2a4787ba9adf39a41?s=96&d=mm&r=g\",\"url\":\"https:\\\/\\\/secure.gravatar.com\\\/avatar\\\/c7164ed6fdec453195284ad24a5ae5b6e1eed2b848477fa2a4787ba9adf39a41?s=96&d=mm&r=g\",\"contentUrl\":\"https:\\\/\\\/secure.gravatar.com\\\/avatar\\\/c7164ed6fdec453195284ad24a5ae5b6e1eed2b848477fa2a4787ba9adf39a41?s=96&d=mm&r=g\",\"caption\":\"Redacci\u00f3n QP\"},\"url\":\"https:\\\/\\\/quehacerpolitico.mx\\\/?author=2\"}]}<\/script>\n<!-- \/ Yoast SEO plugin. -->","yoast_head_json":{"title":"\u00a1Lamentable! Atleta se resbala en la pista mojada al intentar un salto de longitud, se estrella con las vallas y termina \u00faltimo en los Panamericanos Junior -","robots":{"index":"index","follow":"follow","max-snippet":"max-snippet:-1","max-image-preview":"max-image-preview:large","max-video-preview":"max-video-preview:-1"},"canonical":"https:\/\/quehacerpolitico.mx\/?p=118623","og_locale":"es_MX","og_type":"article","og_title":"\u00a1Lamentable! Atleta se resbala en la pista mojada al intentar un salto de longitud, se estrella con las vallas y termina \u00faltimo en los Panamericanos Junior -","og_description":"Por Redacci\u00f3n QP Elisha Williams, representante de Granada, resbal\u00f3 a causa de la lluvia y...","og_url":"https:\/\/quehacerpolitico.mx\/?p=118623","article_published_time":"2025-08-21T00:42:43+00:00","article_modified_time":"2025-08-21T00:42:46+00:00","og_image":[{"width":1170,"height":639,"url":"https:\/\/quehacerpolitico.mx\/wp-content\/uploads\/2025\/08\/IMG_2939.jpeg","type":"image\/jpeg"}],"author":"Redacci\u00f3n QP","twitter_card":"summary_large_image","twitter_misc":{"Escrito por":"Redacci\u00f3n QP","Tiempo de lectura":"1 minuto"},"schema":{"@context":"https:\/\/schema.org","@graph":[{"@type":"Article","@id":"https:\/\/quehacerpolitico.mx\/?p=118623#article","isPartOf":{"@id":"https:\/\/quehacerpolitico.mx\/?p=118623"},"author":{"name":"Redacci\u00f3n QP","@id":"https:\/\/quehacerpolitico.mx\/#\/schema\/person\/496d8ad2d1d3f8036101dca7ee39e585"},"headline":"\u00a1Lamentable! Atleta se resbala en la pista mojada al intentar un salto de longitud, se estrella con las vallas y termina \u00faltimo en los Panamericanos Junior","datePublished":"2025-08-21T00:42:43+00:00","dateModified":"2025-08-21T00:42:46+00:00","mainEntityOfPage":{"@id":"https:\/\/quehacerpolitico.mx\/?p=118623"},"wordCount":298,"commentCount":0,"image":{"@id":"https:\/\/quehacerpolitico.mx\/?p=118623#primaryimage"},"thumbnailUrl":"https:\/\/quehacerpolitico.mx\/wp-content\/uploads\/2025\/08\/IMG_2939.jpeg","articleSection":["Deportes"],"inLanguage":"es","potentialAction":[{"@type":"CommentAction","name":"Comment","target":["https:\/\/quehacerpolitico.mx\/?p=118623#respond"]}]},{"@type":"WebPage","@id":"https:\/\/quehacerpolitico.mx\/?p=118623","url":"https:\/\/quehacerpolitico.mx\/?p=118623","name":"\u00a1Lamentable! Atleta se resbala en la pista mojada al intentar un salto de longitud, se estrella con las vallas y termina \u00faltimo en los Panamericanos Junior -","isPartOf":{"@id":"https:\/\/quehacerpolitico.mx\/#website"},"primaryImageOfPage":{"@id":"https:\/\/quehacerpolitico.mx\/?p=118623#primaryimage"},"image":{"@id":"https:\/\/quehacerpolitico.mx\/?p=118623#primaryimage"},"thumbnailUrl":"https:\/\/quehacerpolitico.mx\/wp-content\/uploads\/2025\/08\/IMG_2939.jpeg","datePublished":"2025-08-21T00:42:43+00:00","dateModified":"2025-08-21T00:42:46+00:00","author":{"@id":"https:\/\/quehacerpolitico.mx\/#\/schema\/person\/496d8ad2d1d3f8036101dca7ee39e585"},"breadcrumb":{"@id":"https:\/\/quehacerpolitico.mx\/?p=118623#breadcrumb"},"inLanguage":"es","potentialAction":[{"@type":"ReadAction","target":["https:\/\/quehacerpolitico.mx\/?p=118623"]}]},{"@type":"ImageObject","inLanguage":"es","@id":"https:\/\/quehacerpolitico.mx\/?p=118623#primaryimage","url":"https:\/\/quehacerpolitico.mx\/wp-content\/uploads\/2025\/08\/IMG_2939.jpeg","contentUrl":"https:\/\/quehacerpolitico.mx\/wp-content\/uploads\/2025\/08\/IMG_2939.jpeg","width":1170,"height":639,"caption":"Screenshot"},{"@type":"BreadcrumbList","@id":"https:\/\/quehacerpolitico.mx\/?p=118623#breadcrumb","itemListElement":[{"@type":"ListItem","position":1,"name":"Inicio","item":"https:\/\/quehacerpolitico.mx\/"},{"@type":"ListItem","position":2,"name":"\u00a1Lamentable! Atleta se resbala en la pista mojada al intentar un salto de longitud, se estrella con las vallas y termina \u00faltimo en los Panamericanos Junior"}]},{"@type":"WebSite","@id":"https:\/\/quehacerpolitico.mx\/#website","url":"https:\/\/quehacerpolitico.mx\/","name":"","description":"","potentialAction":[{"@type":"SearchAction","target":{"@type":"EntryPoint","urlTemplate":"https:\/\/quehacerpolitico.mx\/?s={search_term_string}"},"query-input":{"@type":"PropertyValueSpecification","valueRequired":true,"valueName":"search_term_string"}}],"inLanguage":"es"},{"@type":"Person","@id":"https:\/\/quehacerpolitico.mx\/#\/schema\/person\/496d8ad2d1d3f8036101dca7ee39e585","name":"Redacci\u00f3n QP","image":{"@type":"ImageObject","inLanguage":"es","@id":"https:\/\/secure.gravatar.com\/avatar\/c7164ed6fdec453195284ad24a5ae5b6e1eed2b848477fa2a4787ba9adf39a41?s=96&d=mm&r=g","url":"https:\/\/secure.gravatar.com\/avatar\/c7164ed6fdec453195284ad24a5ae5b6e1eed2b848477fa2a4787ba9adf39a41?s=96&d=mm&r=g","contentUrl":"https:\/\/secure.gravatar.com\/avatar\/c7164ed6fdec453195284ad24a5ae5b6e1eed2b848477fa2a4787ba9adf39a41?s=96&d=mm&r=g","caption":"Redacci\u00f3n QP"},"url":"https:\/\/quehacerpolitico.mx\/?author=2"}]}},"featured_image_urls":{"full":["https:\/\/quehacerpolitico.mx\/wp-content\/uploads\/2025\/08\/IMG_2939.jpeg",1170,639,false],"thumbnail":["https:\/\/quehacerpolitico.mx\/wp-content\/uploads\/2025\/08\/IMG_2939-150x150.jpeg",150,150,true],"medium":["https:\/\/quehacerpolitico.mx\/wp-content\/uploads\/2025\/08\/IMG_2939-300x164.jpeg",300,164,true],"medium_large":["https:\/\/quehacerpolitico.mx\/wp-content\/uploads\/2025\/08\/IMG_2939-768x419.jpeg",640,349,true],"large":["https:\/\/quehacerpolitico.mx\/wp-content\/uploads\/2025\/08\/IMG_2939-1024x559.jpeg",640,349,true],"1536x1536":["https:\/\/quehacerpolitico.mx\/wp-content\/uploads\/2025\/08\/IMG_2939.jpeg",1170,639,false],"2048x2048":["https:\/\/quehacerpolitico.mx\/wp-content\/uploads\/2025\/08\/IMG_2939.jpeg",1170,639,false],"covernews-featured":["https:\/\/quehacerpolitico.mx\/wp-content\/uploads\/2025\/08\/IMG_2939-1024x559.jpeg",1024,559,true],"covernews-medium":["https:\/\/quehacerpolitico.mx\/wp-content\/uploads\/2025\/08\/IMG_2939-540x340.jpeg",540,340,true]},"author_info":{"display_name":"Redacci\u00f3n QP","author_link":"https:\/\/quehacerpolitico.mx\/?author=2"},"category_info":"<a href=\"https:\/\/quehacerpolitico.mx\/?cat=54\" rel=\"category\">Deportes<\/a>","tag_info":"Deportes","comment_count":"0","_links":{"self":[{"href":"https:\/\/quehacerpolitico.mx\/index.php?rest_route=\/wp\/v2\/posts\/118623","targetHints":{"allow":["GET"]}}],"collection":[{"href":"https:\/\/quehacerpolitico.mx\/index.php?rest_route=\/wp\/v2\/posts"}],"about":[{"href":"https:\/\/quehacerpolitico.mx\/index.php?rest_route=\/wp\/v2\/types\/post"}],"author":[{"embeddable":true,"href":"https:\/\/quehacerpolitico.mx\/index.php?rest_route=\/wp\/v2\/users\/2"}],"replies":[{"embeddable":true,"href":"https:\/\/quehacerpolitico.mx\/index.php?rest_route=%2Fwp%2Fv2%2Fcomments&post=118623"}],"version-history":[{"count":1,"href":"https:\/\/quehacerpolitico.mx\/index.php?rest_route=\/wp\/v2\/posts\/118623\/revisions"}],"predecessor-version":[{"id":118625,"href":"https:\/\/quehacerpolitico.mx\/index.php?rest_route=\/wp\/v2\/posts\/118623\/revisions\/118625"}],"wp:featuredmedia":[{"embeddable":true,"href":"https:\/\/quehacerpolitico.mx\/index.php?rest_route=\/wp\/v2\/media\/118624"}],"wp:attachment":[{"href":"https:\/\/quehacerpolitico.mx\/index.php?rest_route=%2Fwp%2Fv2%2Fmedia&parent=118623"}],"wp:term":[{"taxonomy":"category","embeddable":true,"href":"https:\/\/quehacerpolitico.mx\/index.php?rest_route=%2Fwp%2Fv2%2Fcategories&post=118623"},{"taxonomy":"post_tag","embeddable":true,"href":"https:\/\/quehacerpolitico.mx\/index.php?rest_route=%2Fwp%2Fv2%2Ftags&post=118623"}],"curies":[{"name":"wp","href":"https:\/\/api.w.org\/{rel}","templated":true}]}}