{"id":118609,"date":"2025-08-20T15:10:16","date_gmt":"2025-08-20T21:10:16","guid":{"rendered":"https:\/\/quehacerpolitico.mx\/?p=118609"},"modified":"2025-08-20T15:10:17","modified_gmt":"2025-08-20T21:10:17","slug":"abren-investigacion-por-el-fallecimiento-de-joven-en-la-cdmx-tras-el-disparo-de-un-policia-en-la-alcaldia-venustiano-carranza","status":"publish","type":"post","link":"https:\/\/quehacerpolitico.mx\/?p=118609","title":{"rendered":"Abren investigaci\u00f3n por el fallecimiento de joven en la CDMX tras el disparo de un polic\u00eda en la alcald\u00eda Venustiano Carranza"},"content":{"rendered":"\n<p>Por Redacci\u00f3n QP<\/p>\n\n\n\n<p>Las autoridades se\u00f1alaron que el elemento de seguridad fue trasladado ante el Ministerio P\u00fablico y los familiares del ciudadano son orientados para rendir su testimonio<\/p>\n\n\n\n<p>El titular de la Secretar\u00eda de Seguridad de la Ciudad de M\u00e9xico&nbsp;(SSC),&nbsp;Pablo V\u00e1zquez Camacho, anunci\u00f3 una investigaci\u00f3n por el disparo que realiz\u00f3 un polic\u00eda capitalino contra un ciudadano, que falleci\u00f3 a causa de esta agresi\u00f3n.&nbsp;<\/p>\n\n\n\n<p>A trav\u00e9s de su cuenta de X, el secretario se\u00f1al\u00f3 que la Direcci\u00f3n General de Asuntos Internos se coordina&nbsp;con la fiscal\u00eda de la ciudad para integrar la<strong>carpeta de investigaci\u00f3n<\/strong>&nbsp;del hecho.<\/p>\n\n\n\n<p>&#8220;El polic\u00eda que efectu\u00f3 el disparo fue puesto a disposici\u00f3n del Ministerio P\u00fablico para deslindar responsabilidades, mientras que los familiares y acompa\u00f1antes fueron orientados para rendir su testimonio y dar seguimiento a las indagatorias&#8221;, escribi\u00f3.<\/p>\n\n\n\n<figure class=\"wp-block-embed is-type-rich is-provider-twitter wp-block-embed-twitter\"><div class=\"wp-block-embed__wrapper\">\n<blockquote class=\"twitter-tweet\" data-width=\"550\" data-dnt=\"true\"><p lang=\"es\" dir=\"ltr\">La Direcci\u00f3n General de Asuntos Internos de esta Secretar\u00eda mantiene estrecha coordinaci\u00f3n y colaboraci\u00f3n con la <a href=\"https:\/\/twitter.com\/FiscaliaCDMX?ref_src=twsrc%5Etfw\">@FiscaliaCDMX<\/a> para integrar la carpeta de investigaci\u00f3n por los lamentables hechos ocurridos esta tarde en la avenida Fray Servando Teresa de Mier en <a href=\"https:\/\/twitter.com\/A_VCarranza?ref_src=twsrc%5Etfw\">@A_VCarranza<\/a>.<br><br>El\u2026<\/p>&mdash; Pablo V\u00e1zquez Camacho (@PabloVazC) <a href=\"https:\/\/twitter.com\/PabloVazC\/status\/1958029062938538018?ref_src=twsrc%5Etfw\">August 20, 2025<\/a><\/blockquote><script async src=\"https:\/\/platform.twitter.com\/widgets.js\" charset=\"utf-8\"><\/script>\n<\/div><\/figure>\n\n\n\n<p>Las autoridades indicaron que a&nbsp;trav\u00e9s de una&nbsp;<strong>denuncia ciudadana<\/strong>&nbsp;tuvieron&nbsp;el conocimiento que&nbsp;tras un altercado en la v\u00eda p\u00fablica, un agente&nbsp;<strong>efectu\u00f3 un disparo<\/strong>&nbsp;contra un ciudadano&nbsp;en la alcald\u00eda&nbsp;<strong>Venustiano Carranza<\/strong>.<\/p>\n\n\n\n<p>La supuesta ri\u00f1a se habr\u00eda desatado&nbsp;despu\u00e9s de que los tripulantes de una motocicleta, quienes eran sujetos de un control preventivo, cerca de avenida Fray Servando Teresa de Mier, se tornaron agresivos y agredieron a los oficiales de la SSC.<\/p>\n\n\n\n<figure class=\"wp-block-embed is-type-video is-provider-youtube wp-block-embed-youtube wp-embed-aspect-16-9 wp-has-aspect-ratio\"><div class=\"wp-block-embed__wrapper\">\n<iframe loading=\"lazy\" title=\"Joven motociclista muere tras disparo de polic\u00eda de la SSC\" width=\"640\" height=\"360\" src=\"https:\/\/www.youtube.com\/embed\/CJin4ho0CFg?feature=oembed\" frameborder=\"0\" allow=\"accelerometer; autoplay; clipboard-write; encrypted-media; gyroscope; picture-in-picture; web-share\" referrerpolicy=\"strict-origin-when-cross-origin\" allowfullscreen><\/iframe>\n<\/div><\/figure>\n\n\n\n<p>El<strong>&nbsp;joven de 21 a\u00f1os<\/strong>&nbsp;de edad result\u00f3 lesionado por impacto de bala en la cabeza, por lo que se traslad\u00f3 a un hospital para su atenci\u00f3n m\u00e9dica, pero m\u00e1s tarde las autoridades confirmaron su fallecimiento.&nbsp;<\/p>\n\n\n\n<p>Finalmente, la dependencia&nbsp;se\u00f1al\u00f3 que el&nbsp;oficial que realiz\u00f3&nbsp;el disparo fue detenido y puesto a disposici\u00f3n de un agente del Ministerio P\u00fablico, quien determinar\u00e1&nbsp;su situaci\u00f3n jur\u00eddica.<\/p>\n","protected":false},"excerpt":{"rendered":"<p>Por Redacci\u00f3n QP Las autoridades se\u00f1alaron que el elemento de seguridad fue trasladado ante el&#8230;<\/p>\n","protected":false},"author":2,"featured_media":118610,"comment_status":"open","ping_status":"open","sticky":false,"template":"","format":"standard","meta":{"_monsterinsights_skip_tracking":false,"_monsterinsights_sitenote_active":false,"_monsterinsights_sitenote_note":"","_monsterinsights_sitenote_category":0,"footnotes":""},"categories":[55],"tags":[],"class_list":["post-118609","post","type-post","status-publish","format-standard","has-post-thumbnail","hentry","category-cdmx"],"yoast_head":"<!-- This site is optimized with the Yoast SEO plugin v27.3 - https:\/\/yoast.com\/product\/yoast-seo-wordpress\/ -->\n<title>Abren investigaci\u00f3n por el fallecimiento de joven en la CDMX tras el disparo de un polic\u00eda en la alcald\u00eda Venustiano Carranza -<\/title>\n<meta name=\"robots\" content=\"index, follow, max-snippet:-1, max-image-preview:large, max-video-preview:-1\" \/>\n<link rel=\"canonical\" href=\"https:\/\/quehacerpolitico.mx\/?p=118609\" \/>\n<meta property=\"og:locale\" content=\"es_MX\" \/>\n<meta property=\"og:type\" content=\"article\" \/>\n<meta property=\"og:title\" content=\"Abren investigaci\u00f3n por el fallecimiento de joven en la CDMX tras el disparo de un polic\u00eda en la alcald\u00eda Venustiano Carranza -\" \/>\n<meta property=\"og:description\" content=\"Por Redacci\u00f3n QP Las autoridades se\u00f1alaron que el elemento de seguridad fue trasladado ante el...\" \/>\n<meta property=\"og:url\" content=\"https:\/\/quehacerpolitico.mx\/?p=118609\" \/>\n<meta property=\"article:published_time\" content=\"2025-08-20T21:10:16+00:00\" \/>\n<meta property=\"article:modified_time\" content=\"2025-08-20T21:10:17+00:00\" \/>\n<meta property=\"og:image\" content=\"https:\/\/quehacerpolitico.mx\/wp-content\/uploads\/2025\/08\/IMG_2922.jpeg\" \/>\n\t<meta property=\"og:image:width\" content=\"345\" \/>\n\t<meta property=\"og:image:height\" content=\"194\" \/>\n\t<meta property=\"og:image:type\" content=\"image\/jpeg\" \/>\n<meta name=\"author\" content=\"Redacci\u00f3n QP\" \/>\n<meta name=\"twitter:card\" content=\"summary_large_image\" \/>\n<meta name=\"twitter:label1\" content=\"Escrito por\" \/>\n\t<meta name=\"twitter:data1\" content=\"Redacci\u00f3n QP\" \/>\n\t<meta name=\"twitter:label2\" content=\"Tiempo de lectura\" \/>\n\t<meta name=\"twitter:data2\" content=\"2 minutos\" \/>\n<script type=\"application\/ld+json\" class=\"yoast-schema-graph\">{\"@context\":\"https:\\\/\\\/schema.org\",\"@graph\":[{\"@type\":\"Article\",\"@id\":\"https:\\\/\\\/quehacerpolitico.mx\\\/?p=118609#article\",\"isPartOf\":{\"@id\":\"https:\\\/\\\/quehacerpolitico.mx\\\/?p=118609\"},\"author\":{\"name\":\"Redacci\u00f3n QP\",\"@id\":\"https:\\\/\\\/quehacerpolitico.mx\\\/#\\\/schema\\\/person\\\/496d8ad2d1d3f8036101dca7ee39e585\"},\"headline\":\"Abren investigaci\u00f3n por el fallecimiento de joven en la CDMX tras el disparo de un polic\u00eda en la alcald\u00eda Venustiano Carranza\",\"datePublished\":\"2025-08-20T21:10:16+00:00\",\"dateModified\":\"2025-08-20T21:10:17+00:00\",\"mainEntityOfPage\":{\"@id\":\"https:\\\/\\\/quehacerpolitico.mx\\\/?p=118609\"},\"wordCount\":365,\"commentCount\":0,\"image\":{\"@id\":\"https:\\\/\\\/quehacerpolitico.mx\\\/?p=118609#primaryimage\"},\"thumbnailUrl\":\"https:\\\/\\\/quehacerpolitico.mx\\\/wp-content\\\/uploads\\\/2025\\\/08\\\/IMG_2922.jpeg\",\"articleSection\":[\"CDMX\"],\"inLanguage\":\"es\",\"potentialAction\":[{\"@type\":\"CommentAction\",\"name\":\"Comment\",\"target\":[\"https:\\\/\\\/quehacerpolitico.mx\\\/?p=118609#respond\"]}]},{\"@type\":\"WebPage\",\"@id\":\"https:\\\/\\\/quehacerpolitico.mx\\\/?p=118609\",\"url\":\"https:\\\/\\\/quehacerpolitico.mx\\\/?p=118609\",\"name\":\"Abren investigaci\u00f3n por el fallecimiento de joven en la CDMX tras el disparo de un polic\u00eda en la alcald\u00eda Venustiano Carranza -\",\"isPartOf\":{\"@id\":\"https:\\\/\\\/quehacerpolitico.mx\\\/#website\"},\"primaryImageOfPage\":{\"@id\":\"https:\\\/\\\/quehacerpolitico.mx\\\/?p=118609#primaryimage\"},\"image\":{\"@id\":\"https:\\\/\\\/quehacerpolitico.mx\\\/?p=118609#primaryimage\"},\"thumbnailUrl\":\"https:\\\/\\\/quehacerpolitico.mx\\\/wp-content\\\/uploads\\\/2025\\\/08\\\/IMG_2922.jpeg\",\"datePublished\":\"2025-08-20T21:10:16+00:00\",\"dateModified\":\"2025-08-20T21:10:17+00:00\",\"author\":{\"@id\":\"https:\\\/\\\/quehacerpolitico.mx\\\/#\\\/schema\\\/person\\\/496d8ad2d1d3f8036101dca7ee39e585\"},\"breadcrumb\":{\"@id\":\"https:\\\/\\\/quehacerpolitico.mx\\\/?p=118609#breadcrumb\"},\"inLanguage\":\"es\",\"potentialAction\":[{\"@type\":\"ReadAction\",\"target\":[\"https:\\\/\\\/quehacerpolitico.mx\\\/?p=118609\"]}]},{\"@type\":\"ImageObject\",\"inLanguage\":\"es\",\"@id\":\"https:\\\/\\\/quehacerpolitico.mx\\\/?p=118609#primaryimage\",\"url\":\"https:\\\/\\\/quehacerpolitico.mx\\\/wp-content\\\/uploads\\\/2025\\\/08\\\/IMG_2922.jpeg\",\"contentUrl\":\"https:\\\/\\\/quehacerpolitico.mx\\\/wp-content\\\/uploads\\\/2025\\\/08\\\/IMG_2922.jpeg\",\"width\":345,\"height\":194},{\"@type\":\"BreadcrumbList\",\"@id\":\"https:\\\/\\\/quehacerpolitico.mx\\\/?p=118609#breadcrumb\",\"itemListElement\":[{\"@type\":\"ListItem\",\"position\":1,\"name\":\"Inicio\",\"item\":\"https:\\\/\\\/quehacerpolitico.mx\\\/\"},{\"@type\":\"ListItem\",\"position\":2,\"name\":\"Abren investigaci\u00f3n por el fallecimiento de joven en la CDMX tras el disparo de un polic\u00eda en la alcald\u00eda Venustiano Carranza\"}]},{\"@type\":\"WebSite\",\"@id\":\"https:\\\/\\\/quehacerpolitico.mx\\\/#website\",\"url\":\"https:\\\/\\\/quehacerpolitico.mx\\\/\",\"name\":\"\",\"description\":\"\",\"potentialAction\":[{\"@type\":\"SearchAction\",\"target\":{\"@type\":\"EntryPoint\",\"urlTemplate\":\"https:\\\/\\\/quehacerpolitico.mx\\\/?s={search_term_string}\"},\"query-input\":{\"@type\":\"PropertyValueSpecification\",\"valueRequired\":true,\"valueName\":\"search_term_string\"}}],\"inLanguage\":\"es\"},{\"@type\":\"Person\",\"@id\":\"https:\\\/\\\/quehacerpolitico.mx\\\/#\\\/schema\\\/person\\\/496d8ad2d1d3f8036101dca7ee39e585\",\"name\":\"Redacci\u00f3n QP\",\"image\":{\"@type\":\"ImageObject\",\"inLanguage\":\"es\",\"@id\":\"https:\\\/\\\/secure.gravatar.com\\\/avatar\\\/c7164ed6fdec453195284ad24a5ae5b6e1eed2b848477fa2a4787ba9adf39a41?s=96&d=mm&r=g\",\"url\":\"https:\\\/\\\/secure.gravatar.com\\\/avatar\\\/c7164ed6fdec453195284ad24a5ae5b6e1eed2b848477fa2a4787ba9adf39a41?s=96&d=mm&r=g\",\"contentUrl\":\"https:\\\/\\\/secure.gravatar.com\\\/avatar\\\/c7164ed6fdec453195284ad24a5ae5b6e1eed2b848477fa2a4787ba9adf39a41?s=96&d=mm&r=g\",\"caption\":\"Redacci\u00f3n QP\"},\"url\":\"https:\\\/\\\/quehacerpolitico.mx\\\/?author=2\"}]}<\/script>\n<!-- \/ Yoast SEO plugin. -->","yoast_head_json":{"title":"Abren investigaci\u00f3n por el fallecimiento de joven en la CDMX tras el disparo de un polic\u00eda en la alcald\u00eda Venustiano Carranza -","robots":{"index":"index","follow":"follow","max-snippet":"max-snippet:-1","max-image-preview":"max-image-preview:large","max-video-preview":"max-video-preview:-1"},"canonical":"https:\/\/quehacerpolitico.mx\/?p=118609","og_locale":"es_MX","og_type":"article","og_title":"Abren investigaci\u00f3n por el fallecimiento de joven en la CDMX tras el disparo de un polic\u00eda en la alcald\u00eda Venustiano Carranza -","og_description":"Por Redacci\u00f3n QP Las autoridades se\u00f1alaron que el elemento de seguridad fue trasladado ante el...","og_url":"https:\/\/quehacerpolitico.mx\/?p=118609","article_published_time":"2025-08-20T21:10:16+00:00","article_modified_time":"2025-08-20T21:10:17+00:00","og_image":[{"width":345,"height":194,"url":"https:\/\/quehacerpolitico.mx\/wp-content\/uploads\/2025\/08\/IMG_2922.jpeg","type":"image\/jpeg"}],"author":"Redacci\u00f3n QP","twitter_card":"summary_large_image","twitter_misc":{"Escrito por":"Redacci\u00f3n QP","Tiempo de lectura":"2 minutos"},"schema":{"@context":"https:\/\/schema.org","@graph":[{"@type":"Article","@id":"https:\/\/quehacerpolitico.mx\/?p=118609#article","isPartOf":{"@id":"https:\/\/quehacerpolitico.mx\/?p=118609"},"author":{"name":"Redacci\u00f3n QP","@id":"https:\/\/quehacerpolitico.mx\/#\/schema\/person\/496d8ad2d1d3f8036101dca7ee39e585"},"headline":"Abren investigaci\u00f3n por el fallecimiento de joven en la CDMX tras el disparo de un polic\u00eda en la alcald\u00eda Venustiano Carranza","datePublished":"2025-08-20T21:10:16+00:00","dateModified":"2025-08-20T21:10:17+00:00","mainEntityOfPage":{"@id":"https:\/\/quehacerpolitico.mx\/?p=118609"},"wordCount":365,"commentCount":0,"image":{"@id":"https:\/\/quehacerpolitico.mx\/?p=118609#primaryimage"},"thumbnailUrl":"https:\/\/quehacerpolitico.mx\/wp-content\/uploads\/2025\/08\/IMG_2922.jpeg","articleSection":["CDMX"],"inLanguage":"es","potentialAction":[{"@type":"CommentAction","name":"Comment","target":["https:\/\/quehacerpolitico.mx\/?p=118609#respond"]}]},{"@type":"WebPage","@id":"https:\/\/quehacerpolitico.mx\/?p=118609","url":"https:\/\/quehacerpolitico.mx\/?p=118609","name":"Abren investigaci\u00f3n por el fallecimiento de joven en la CDMX tras el disparo de un polic\u00eda en la alcald\u00eda Venustiano Carranza -","isPartOf":{"@id":"https:\/\/quehacerpolitico.mx\/#website"},"primaryImageOfPage":{"@id":"https:\/\/quehacerpolitico.mx\/?p=118609#primaryimage"},"image":{"@id":"https:\/\/quehacerpolitico.mx\/?p=118609#primaryimage"},"thumbnailUrl":"https:\/\/quehacerpolitico.mx\/wp-content\/uploads\/2025\/08\/IMG_2922.jpeg","datePublished":"2025-08-20T21:10:16+00:00","dateModified":"2025-08-20T21:10:17+00:00","author":{"@id":"https:\/\/quehacerpolitico.mx\/#\/schema\/person\/496d8ad2d1d3f8036101dca7ee39e585"},"breadcrumb":{"@id":"https:\/\/quehacerpolitico.mx\/?p=118609#breadcrumb"},"inLanguage":"es","potentialAction":[{"@type":"ReadAction","target":["https:\/\/quehacerpolitico.mx\/?p=118609"]}]},{"@type":"ImageObject","inLanguage":"es","@id":"https:\/\/quehacerpolitico.mx\/?p=118609#primaryimage","url":"https:\/\/quehacerpolitico.mx\/wp-content\/uploads\/2025\/08\/IMG_2922.jpeg","contentUrl":"https:\/\/quehacerpolitico.mx\/wp-content\/uploads\/2025\/08\/IMG_2922.jpeg","width":345,"height":194},{"@type":"BreadcrumbList","@id":"https:\/\/quehacerpolitico.mx\/?p=118609#breadcrumb","itemListElement":[{"@type":"ListItem","position":1,"name":"Inicio","item":"https:\/\/quehacerpolitico.mx\/"},{"@type":"ListItem","position":2,"name":"Abren investigaci\u00f3n por el fallecimiento de joven en la CDMX tras el disparo de un polic\u00eda en la alcald\u00eda Venustiano Carranza"}]},{"@type":"WebSite","@id":"https:\/\/quehacerpolitico.mx\/#website","url":"https:\/\/quehacerpolitico.mx\/","name":"","description":"","potentialAction":[{"@type":"SearchAction","target":{"@type":"EntryPoint","urlTemplate":"https:\/\/quehacerpolitico.mx\/?s={search_term_string}"},"query-input":{"@type":"PropertyValueSpecification","valueRequired":true,"valueName":"search_term_string"}}],"inLanguage":"es"},{"@type":"Person","@id":"https:\/\/quehacerpolitico.mx\/#\/schema\/person\/496d8ad2d1d3f8036101dca7ee39e585","name":"Redacci\u00f3n QP","image":{"@type":"ImageObject","inLanguage":"es","@id":"https:\/\/secure.gravatar.com\/avatar\/c7164ed6fdec453195284ad24a5ae5b6e1eed2b848477fa2a4787ba9adf39a41?s=96&d=mm&r=g","url":"https:\/\/secure.gravatar.com\/avatar\/c7164ed6fdec453195284ad24a5ae5b6e1eed2b848477fa2a4787ba9adf39a41?s=96&d=mm&r=g","contentUrl":"https:\/\/secure.gravatar.com\/avatar\/c7164ed6fdec453195284ad24a5ae5b6e1eed2b848477fa2a4787ba9adf39a41?s=96&d=mm&r=g","caption":"Redacci\u00f3n QP"},"url":"https:\/\/quehacerpolitico.mx\/?author=2"}]}},"featured_image_urls":{"full":["https:\/\/quehacerpolitico.mx\/wp-content\/uploads\/2025\/08\/IMG_2922.jpeg",345,194,false],"thumbnail":["https:\/\/quehacerpolitico.mx\/wp-content\/uploads\/2025\/08\/IMG_2922-150x150.jpeg",150,150,true],"medium":["https:\/\/quehacerpolitico.mx\/wp-content\/uploads\/2025\/08\/IMG_2922-300x169.jpeg",300,169,true],"medium_large":["https:\/\/quehacerpolitico.mx\/wp-content\/uploads\/2025\/08\/IMG_2922.jpeg",345,194,false],"large":["https:\/\/quehacerpolitico.mx\/wp-content\/uploads\/2025\/08\/IMG_2922.jpeg",345,194,false],"1536x1536":["https:\/\/quehacerpolitico.mx\/wp-content\/uploads\/2025\/08\/IMG_2922.jpeg",345,194,false],"2048x2048":["https:\/\/quehacerpolitico.mx\/wp-content\/uploads\/2025\/08\/IMG_2922.jpeg",345,194,false],"covernews-featured":["https:\/\/quehacerpolitico.mx\/wp-content\/uploads\/2025\/08\/IMG_2922.jpeg",345,194,false],"covernews-medium":["https:\/\/quehacerpolitico.mx\/wp-content\/uploads\/2025\/08\/IMG_2922.jpeg",345,194,false]},"author_info":{"display_name":"Redacci\u00f3n QP","author_link":"https:\/\/quehacerpolitico.mx\/?author=2"},"category_info":"<a href=\"https:\/\/quehacerpolitico.mx\/?cat=55\" rel=\"category\">CDMX<\/a>","tag_info":"CDMX","comment_count":"0","_links":{"self":[{"href":"https:\/\/quehacerpolitico.mx\/index.php?rest_route=\/wp\/v2\/posts\/118609","targetHints":{"allow":["GET"]}}],"collection":[{"href":"https:\/\/quehacerpolitico.mx\/index.php?rest_route=\/wp\/v2\/posts"}],"about":[{"href":"https:\/\/quehacerpolitico.mx\/index.php?rest_route=\/wp\/v2\/types\/post"}],"author":[{"embeddable":true,"href":"https:\/\/quehacerpolitico.mx\/index.php?rest_route=\/wp\/v2\/users\/2"}],"replies":[{"embeddable":true,"href":"https:\/\/quehacerpolitico.mx\/index.php?rest_route=%2Fwp%2Fv2%2Fcomments&post=118609"}],"version-history":[{"count":1,"href":"https:\/\/quehacerpolitico.mx\/index.php?rest_route=\/wp\/v2\/posts\/118609\/revisions"}],"predecessor-version":[{"id":118611,"href":"https:\/\/quehacerpolitico.mx\/index.php?rest_route=\/wp\/v2\/posts\/118609\/revisions\/118611"}],"wp:featuredmedia":[{"embeddable":true,"href":"https:\/\/quehacerpolitico.mx\/index.php?rest_route=\/wp\/v2\/media\/118610"}],"wp:attachment":[{"href":"https:\/\/quehacerpolitico.mx\/index.php?rest_route=%2Fwp%2Fv2%2Fmedia&parent=118609"}],"wp:term":[{"taxonomy":"category","embeddable":true,"href":"https:\/\/quehacerpolitico.mx\/index.php?rest_route=%2Fwp%2Fv2%2Fcategories&post=118609"},{"taxonomy":"post_tag","embeddable":true,"href":"https:\/\/quehacerpolitico.mx\/index.php?rest_route=%2Fwp%2Fv2%2Ftags&post=118609"}],"curies":[{"name":"wp","href":"https:\/\/api.w.org\/{rel}","templated":true}]}}