{"id":118385,"date":"2025-08-07T20:46:38","date_gmt":"2025-08-08T02:46:38","guid":{"rendered":"https:\/\/quehacerpolitico.mx\/?p=118385"},"modified":"2025-08-07T20:46:39","modified_gmt":"2025-08-08T02:46:39","slug":"no-somos-iguales-somos-muy-distintos-insiste-luisa-maria-alcalde-pide-a-los-dirigentes-de-morena-no-mostrar-sus-recursos-economicos","status":"publish","type":"post","link":"https:\/\/quehacerpolitico.mx\/?p=118385","title":{"rendered":"No somos iguales (\u2026) somos muy distintos, insiste Luisa Mar\u00eda Alcalde pide a los dirigentes de Morena no mostrar sus recursos econ\u00f3micos"},"content":{"rendered":"\n<p>Por Redacci\u00f3n QP<\/p>\n\n\n\n<p>La dirigente del partido afirm\u00f3 que los viajes y portar ropa cara es un incentivo a una campa\u00f1a \u201csistem\u00e1tica\u201d de \u201cla derecha que quiere debilitar a nuestro movimiento\u201d<\/p>\n\n\n\n<p>La presidenta nacional de Morena,<strong>&nbsp;Luisa Mar\u00eda Alcalde,<\/strong>&nbsp;pidi\u00f3 a los dirigentes de morena que puedan pagarse viajes ostentosos y ropa \u201cmuy cara\u201d&nbsp;<strong>dejar de hacerlo<\/strong>&nbsp;porque incentivan una campa\u00f1a \u201csistem\u00e1tica\u201d de \u201cla derecha que quiere debilitar a nuestro movimiento\u201d.<\/p>\n\n\n\n<p>\u201cS\u00ed es importante por todo el ambiente que se genera y la campa\u00f1a que se quiere generar, pues que nosotros siempre reforcemos la idea de que nuestros dirigentes tienen, aunque se tengan los recursos de ponerse, por ejemplo, ropa muy cara, pues, yo tengo los recursos para comprarme un abrigo de piel. Puede ser, pero no hacerlo porque somos dirigentes de un movimiento que tiene que&nbsp;<strong>poner el ejemplo de la justa median\u00eda<\/strong>\u201d, dijo.<\/p>\n\n\n\n<p>En conferencia de prensa en Cuernavaca, Morelos, la dirigente morenista tras ser cuestionada sobre la carta en la que Andy&nbsp;L\u00f3pez Beltr\u00e1n, secretario de organizaci\u00f3n, defendi\u00f3 su derecho de viajar a Jap\u00f3n tras \u201cextenuantes jornadas de trabajo\u201d, insisti\u00f3 en que&nbsp;<strong>no viol\u00f3 ning\u00fan estatuto del partido.<\/strong><\/p>\n\n\n\n<p>\u201cNo, viajar a Europa no es un delito ni es un acto de corrupci\u00f3n. Viajar a Jap\u00f3n no es un delito ni es un acto de corrupci\u00f3n. Entonces es distinto porque<strong>&nbsp;se viaja con recursos propios<\/strong>\u201d, advirti\u00f3.<\/p>\n\n\n\n<figure class=\"wp-block-embed is-type-rich is-provider-twitter wp-block-embed-twitter\"><div class=\"wp-block-embed__wrapper\">\n<blockquote class=\"twitter-tweet\" data-width=\"550\" data-dnt=\"true\"><p lang=\"es\" dir=\"ltr\">&quot;No somo iguales (&#8230;) somos muy distintos&quot;, insiste Luisa Mar\u00eda Alcalde.<br><br>Cada d\u00eda suben de dificultad las maromas para defender lo indefendible&#8230;<br><br>Son los viajes, el derroche, los lujos&#8230; la hipocres\u00eda <a href=\"https:\/\/t.co\/jAyE5fsrTI\">pic.twitter.com\/jAyE5fsrTI<\/a><\/p>&mdash; Manuel Lopez San Martin (@MLopezSanMartin) <a href=\"https:\/\/twitter.com\/MLopezSanMartin\/status\/1953517496402948211?ref_src=twsrc%5Etfw\">August 7, 2025<\/a><\/blockquote><script async src=\"https:\/\/platform.twitter.com\/widgets.js\" charset=\"utf-8\"><\/script>\n<\/div><\/figure>\n\n\n\n<p>Fueron varias las preguntas de los reporteros que insistieron en que fijara una postura sobre los viajes de los dirigentes morenistas, por lo que la presidenta de Morena se vio en la necesidad de hacer un llamado general.<\/p>\n\n\n\n<p>\u201cA todos como dirigentes y tambi\u00e9n como representantes populares nos toca siempre poner el ejemplo en nuestra vida p\u00fablica y tambi\u00e9n en nuestra vida privada porque&nbsp;<strong>elegimos esta actividad.<\/strong>&nbsp;A lo mejor con otra actividad, pues no, pero en esta actividad eligi\u00e9ndola, entonces<strong>&nbsp;yo tengo que poner el ejemplo<\/strong>\u201d, dijo<\/p>\n\n\n\n<p>En la rueda de prensa, en la que el maestro de ceremonias ordenaba a los reporteros ponerse de pie para formular sus preguntas, Alcalde Luj\u00e1n, defendi\u00f3 el derecho a viajar de los morenistas.&nbsp;<\/p>\n\n\n\n<p>\u201c\u00bfEso significa que no pueda viajar? A ver, no, pues entonces ya nadie de Morena, ya no puede ir a conocer un d\u00eda, cualquier lado. No. No significa eso. \u00a1Pues entonces ya es el colmo!, \u00bfno?\u201d, pregunt\u00f3.&nbsp;<\/p>\n\n\n\n<p>En su respuesta, que tropez\u00f3 con algunas palabras, la dirigente morenista se pregunt\u00f3 si \u201cal rato los morenistas van a ser criticados por&nbsp;<strong>viajar a Puerto Vallarta<\/strong>\u201d&nbsp;<\/p>\n\n\n\n<p>\u201cEntonces, no significa que no se pueda viajar. Se significa<strong>&nbsp;evitar los lujos,<\/strong>significa gobernar con el ejemplo y tener claridad que el poder es humildad. Eso.\u201d, concluy\u00f3.&nbsp;<\/p>\n\n\n\n<h2 class=\"wp-block-heading\">Morena aclara que no abraza a los delincuentes<\/h2>\n\n\n\n<p>En la misma conferencia,&nbsp;<strong>Luisa Mar\u00eda Alcalde<\/strong>, fue cuestionada sobre que Morelos se ubica entre los&nbsp;<strong>primeros lugares a nivel nacional de violencia.<\/strong><\/p>\n\n\n\n<p>\u201cEl estado de Morelos se est\u00e1 sufriendo una situaci\u00f3n de violencia grave, \u00bfc\u00f3mo exhortar a los gobiernos para que dejen de dar abrazos y ataquen estos balazos?\u201d, pregunt\u00f3 un reportero.&nbsp;<\/p>\n\n\n\n<p>A lo que respondi\u00f3: \u201cEsto percepci\u00f3n de qu\u00e9 abrazos no balazos es abrazar a los delincuentes es equivocada, porque no es lo que plantea la cuarta transformaci\u00f3n. Esta idea significa<strong>atender las causas&nbsp;<\/strong>que generan la violencia. Es darles oportunidades a los j\u00f3venes, es sacar a la gente de la pobreza (\u2026) que se vean en la necesidad de formarse en las filas del crimen.\u201d&nbsp;<\/p>\n\n\n\n<p>Adem\u00e1s, de acusar al informador de plantear mal su pregunta y record\u00f3 que fue el gobierno del expresidente<strong>&nbsp;Felipe Calder\u00f3n<\/strong>&nbsp;de generar la violencia.&nbsp;<\/p>\n\n\n\n<p>\u201cNada m\u00e1s que el problema naci\u00f3 desde hace algunos sexenios por una absurda guerra contra el narco y por tener v\u00ednculos acreditados\u201d, asegur\u00f3.&nbsp;<\/p>\n\n\n\n<p>Durante el fin de semana del 2 al 4 de agosto de 2025, la prensa del estado de Morelos destac\u00f3 una nueva ola de violencia que dej\u00f3 un saldo de 12 personas asesinadas, entre ellas una mujer. Los homicidios se distribuyeron en diversos municipios, incluyendo Tlaltizap\u00e1n, Totolapan, Tlayacapan, Xochitepec, Cuernavaca, Cuautla, Jiutepec y Tepoztl\u00e1n.&nbsp;<\/p>\n\n\n\n<p>Adem\u00e1s, se registr\u00f3 el robo de seis veh\u00edculos y un caso grave de violencia de g\u00e9nero en Tetecala.&nbsp;<\/p>\n\n\n\n<h2 class=\"wp-block-heading\">Predica con el ejemplo de &#8220;evitar los lujos&#8221;<\/h2>\n\n\n\n<p>La conferencia de prensa de la dirigente nacional de Morena, para anunciar la creaci\u00f3n de los&nbsp;<strong>Comit\u00e9s Seccionales de Defensa de la Transformaci\u00f3n&nbsp;<\/strong>(CSDT) en Morelos primero estuvo prevista en realizarse en \u201cCasanueva by Las Ma\u00f1anitas, Sal\u00f3n de las Flores\u201d, ubicado el centro de Cuernavaca considerado por la comunidad como uno de los<strong>hoteles m\u00e1s lujosos del municipio<\/strong>porque se han hospedado jefes de Estado y artistas.&nbsp;<\/p>\n\n\n\n<p>Pero la invitaci\u00f3n que circul\u00f3 entre los reporteros de la fuente pol\u00edtica fue cambiada por otra para realizarse en otro de menor ostentosidad.<\/p>\n","protected":false},"excerpt":{"rendered":"<p>Por Redacci\u00f3n QP La dirigente del partido afirm\u00f3 que los viajes y portar ropa cara&#8230;<\/p>\n","protected":false},"author":2,"featured_media":118386,"comment_status":"open","ping_status":"open","sticky":false,"template":"","format":"standard","meta":{"_monsterinsights_skip_tracking":false,"_monsterinsights_sitenote_active":false,"_monsterinsights_sitenote_note":"","_monsterinsights_sitenote_category":0,"footnotes":""},"categories":[280,2],"tags":[],"class_list":["post-118385","post","type-post","status-publish","format-standard","has-post-thumbnail","hentry","category-nacionales","category-noticias"],"yoast_head":"<!-- This site is optimized with the Yoast SEO plugin v27.3 - https:\/\/yoast.com\/product\/yoast-seo-wordpress\/ -->\n<title>No somos iguales (\u2026) somos muy distintos, insiste Luisa Mar\u00eda Alcalde pide a los dirigentes de Morena no mostrar sus recursos econ\u00f3micos -<\/title>\n<meta name=\"robots\" content=\"index, follow, max-snippet:-1, max-image-preview:large, max-video-preview:-1\" \/>\n<link rel=\"canonical\" href=\"https:\/\/quehacerpolitico.mx\/?p=118385\" \/>\n<meta property=\"og:locale\" content=\"es_MX\" \/>\n<meta property=\"og:type\" content=\"article\" \/>\n<meta property=\"og:title\" content=\"No somos iguales (\u2026) somos muy distintos, insiste Luisa Mar\u00eda Alcalde pide a los dirigentes de Morena no mostrar sus recursos econ\u00f3micos -\" \/>\n<meta property=\"og:description\" content=\"Por Redacci\u00f3n QP La dirigente del partido afirm\u00f3 que los viajes y portar ropa cara...\" \/>\n<meta property=\"og:url\" content=\"https:\/\/quehacerpolitico.mx\/?p=118385\" \/>\n<meta property=\"article:published_time\" content=\"2025-08-08T02:46:38+00:00\" \/>\n<meta property=\"article:modified_time\" content=\"2025-08-08T02:46:39+00:00\" \/>\n<meta property=\"og:image\" content=\"https:\/\/quehacerpolitico.mx\/wp-content\/uploads\/2025\/08\/IMG_2544.jpeg\" \/>\n\t<meta property=\"og:image:width\" content=\"1170\" \/>\n\t<meta property=\"og:image:height\" content=\"651\" \/>\n\t<meta property=\"og:image:type\" content=\"image\/jpeg\" \/>\n<meta name=\"author\" content=\"Redacci\u00f3n QP\" \/>\n<meta name=\"twitter:card\" content=\"summary_large_image\" \/>\n<meta name=\"twitter:label1\" content=\"Escrito por\" \/>\n\t<meta name=\"twitter:data1\" content=\"Redacci\u00f3n QP\" \/>\n\t<meta name=\"twitter:label2\" content=\"Tiempo de lectura\" \/>\n\t<meta name=\"twitter:data2\" content=\"4 minutos\" \/>\n<script type=\"application\/ld+json\" class=\"yoast-schema-graph\">{\"@context\":\"https:\\\/\\\/schema.org\",\"@graph\":[{\"@type\":\"Article\",\"@id\":\"https:\\\/\\\/quehacerpolitico.mx\\\/?p=118385#article\",\"isPartOf\":{\"@id\":\"https:\\\/\\\/quehacerpolitico.mx\\\/?p=118385\"},\"author\":{\"name\":\"Redacci\u00f3n QP\",\"@id\":\"https:\\\/\\\/quehacerpolitico.mx\\\/#\\\/schema\\\/person\\\/496d8ad2d1d3f8036101dca7ee39e585\"},\"headline\":\"No somos iguales (\u2026) somos muy distintos, insiste Luisa Mar\u00eda Alcalde pide a los dirigentes de Morena no mostrar sus recursos econ\u00f3micos\",\"datePublished\":\"2025-08-08T02:46:38+00:00\",\"dateModified\":\"2025-08-08T02:46:39+00:00\",\"mainEntityOfPage\":{\"@id\":\"https:\\\/\\\/quehacerpolitico.mx\\\/?p=118385\"},\"wordCount\":881,\"commentCount\":0,\"image\":{\"@id\":\"https:\\\/\\\/quehacerpolitico.mx\\\/?p=118385#primaryimage\"},\"thumbnailUrl\":\"https:\\\/\\\/quehacerpolitico.mx\\\/wp-content\\\/uploads\\\/2025\\\/08\\\/IMG_2544.jpeg\",\"articleSection\":[\"Nacionales\",\"Noticias\"],\"inLanguage\":\"es\",\"potentialAction\":[{\"@type\":\"CommentAction\",\"name\":\"Comment\",\"target\":[\"https:\\\/\\\/quehacerpolitico.mx\\\/?p=118385#respond\"]}]},{\"@type\":\"WebPage\",\"@id\":\"https:\\\/\\\/quehacerpolitico.mx\\\/?p=118385\",\"url\":\"https:\\\/\\\/quehacerpolitico.mx\\\/?p=118385\",\"name\":\"No somos iguales (\u2026) somos muy distintos, insiste Luisa Mar\u00eda Alcalde pide a los dirigentes de Morena no mostrar sus recursos econ\u00f3micos -\",\"isPartOf\":{\"@id\":\"https:\\\/\\\/quehacerpolitico.mx\\\/#website\"},\"primaryImageOfPage\":{\"@id\":\"https:\\\/\\\/quehacerpolitico.mx\\\/?p=118385#primaryimage\"},\"image\":{\"@id\":\"https:\\\/\\\/quehacerpolitico.mx\\\/?p=118385#primaryimage\"},\"thumbnailUrl\":\"https:\\\/\\\/quehacerpolitico.mx\\\/wp-content\\\/uploads\\\/2025\\\/08\\\/IMG_2544.jpeg\",\"datePublished\":\"2025-08-08T02:46:38+00:00\",\"dateModified\":\"2025-08-08T02:46:39+00:00\",\"author\":{\"@id\":\"https:\\\/\\\/quehacerpolitico.mx\\\/#\\\/schema\\\/person\\\/496d8ad2d1d3f8036101dca7ee39e585\"},\"breadcrumb\":{\"@id\":\"https:\\\/\\\/quehacerpolitico.mx\\\/?p=118385#breadcrumb\"},\"inLanguage\":\"es\",\"potentialAction\":[{\"@type\":\"ReadAction\",\"target\":[\"https:\\\/\\\/quehacerpolitico.mx\\\/?p=118385\"]}]},{\"@type\":\"ImageObject\",\"inLanguage\":\"es\",\"@id\":\"https:\\\/\\\/quehacerpolitico.mx\\\/?p=118385#primaryimage\",\"url\":\"https:\\\/\\\/quehacerpolitico.mx\\\/wp-content\\\/uploads\\\/2025\\\/08\\\/IMG_2544.jpeg\",\"contentUrl\":\"https:\\\/\\\/quehacerpolitico.mx\\\/wp-content\\\/uploads\\\/2025\\\/08\\\/IMG_2544.jpeg\",\"width\":1170,\"height\":651,\"caption\":\"Screenshot\"},{\"@type\":\"BreadcrumbList\",\"@id\":\"https:\\\/\\\/quehacerpolitico.mx\\\/?p=118385#breadcrumb\",\"itemListElement\":[{\"@type\":\"ListItem\",\"position\":1,\"name\":\"Inicio\",\"item\":\"https:\\\/\\\/quehacerpolitico.mx\\\/\"},{\"@type\":\"ListItem\",\"position\":2,\"name\":\"No somos iguales (\u2026) somos muy distintos, insiste Luisa Mar\u00eda Alcalde pide a los dirigentes de Morena no mostrar sus recursos econ\u00f3micos\"}]},{\"@type\":\"WebSite\",\"@id\":\"https:\\\/\\\/quehacerpolitico.mx\\\/#website\",\"url\":\"https:\\\/\\\/quehacerpolitico.mx\\\/\",\"name\":\"\",\"description\":\"\",\"potentialAction\":[{\"@type\":\"SearchAction\",\"target\":{\"@type\":\"EntryPoint\",\"urlTemplate\":\"https:\\\/\\\/quehacerpolitico.mx\\\/?s={search_term_string}\"},\"query-input\":{\"@type\":\"PropertyValueSpecification\",\"valueRequired\":true,\"valueName\":\"search_term_string\"}}],\"inLanguage\":\"es\"},{\"@type\":\"Person\",\"@id\":\"https:\\\/\\\/quehacerpolitico.mx\\\/#\\\/schema\\\/person\\\/496d8ad2d1d3f8036101dca7ee39e585\",\"name\":\"Redacci\u00f3n QP\",\"image\":{\"@type\":\"ImageObject\",\"inLanguage\":\"es\",\"@id\":\"https:\\\/\\\/secure.gravatar.com\\\/avatar\\\/c7164ed6fdec453195284ad24a5ae5b6e1eed2b848477fa2a4787ba9adf39a41?s=96&d=mm&r=g\",\"url\":\"https:\\\/\\\/secure.gravatar.com\\\/avatar\\\/c7164ed6fdec453195284ad24a5ae5b6e1eed2b848477fa2a4787ba9adf39a41?s=96&d=mm&r=g\",\"contentUrl\":\"https:\\\/\\\/secure.gravatar.com\\\/avatar\\\/c7164ed6fdec453195284ad24a5ae5b6e1eed2b848477fa2a4787ba9adf39a41?s=96&d=mm&r=g\",\"caption\":\"Redacci\u00f3n QP\"},\"url\":\"https:\\\/\\\/quehacerpolitico.mx\\\/?author=2\"}]}<\/script>\n<!-- \/ Yoast SEO plugin. -->","yoast_head_json":{"title":"No somos iguales (\u2026) somos muy distintos, insiste Luisa Mar\u00eda Alcalde pide a los dirigentes de Morena no mostrar sus recursos econ\u00f3micos -","robots":{"index":"index","follow":"follow","max-snippet":"max-snippet:-1","max-image-preview":"max-image-preview:large","max-video-preview":"max-video-preview:-1"},"canonical":"https:\/\/quehacerpolitico.mx\/?p=118385","og_locale":"es_MX","og_type":"article","og_title":"No somos iguales (\u2026) somos muy distintos, insiste Luisa Mar\u00eda Alcalde pide a los dirigentes de Morena no mostrar sus recursos econ\u00f3micos -","og_description":"Por Redacci\u00f3n QP La dirigente del partido afirm\u00f3 que los viajes y portar ropa cara...","og_url":"https:\/\/quehacerpolitico.mx\/?p=118385","article_published_time":"2025-08-08T02:46:38+00:00","article_modified_time":"2025-08-08T02:46:39+00:00","og_image":[{"width":1170,"height":651,"url":"https:\/\/quehacerpolitico.mx\/wp-content\/uploads\/2025\/08\/IMG_2544.jpeg","type":"image\/jpeg"}],"author":"Redacci\u00f3n QP","twitter_card":"summary_large_image","twitter_misc":{"Escrito por":"Redacci\u00f3n QP","Tiempo de lectura":"4 minutos"},"schema":{"@context":"https:\/\/schema.org","@graph":[{"@type":"Article","@id":"https:\/\/quehacerpolitico.mx\/?p=118385#article","isPartOf":{"@id":"https:\/\/quehacerpolitico.mx\/?p=118385"},"author":{"name":"Redacci\u00f3n QP","@id":"https:\/\/quehacerpolitico.mx\/#\/schema\/person\/496d8ad2d1d3f8036101dca7ee39e585"},"headline":"No somos iguales (\u2026) somos muy distintos, insiste Luisa Mar\u00eda Alcalde pide a los dirigentes de Morena no mostrar sus recursos econ\u00f3micos","datePublished":"2025-08-08T02:46:38+00:00","dateModified":"2025-08-08T02:46:39+00:00","mainEntityOfPage":{"@id":"https:\/\/quehacerpolitico.mx\/?p=118385"},"wordCount":881,"commentCount":0,"image":{"@id":"https:\/\/quehacerpolitico.mx\/?p=118385#primaryimage"},"thumbnailUrl":"https:\/\/quehacerpolitico.mx\/wp-content\/uploads\/2025\/08\/IMG_2544.jpeg","articleSection":["Nacionales","Noticias"],"inLanguage":"es","potentialAction":[{"@type":"CommentAction","name":"Comment","target":["https:\/\/quehacerpolitico.mx\/?p=118385#respond"]}]},{"@type":"WebPage","@id":"https:\/\/quehacerpolitico.mx\/?p=118385","url":"https:\/\/quehacerpolitico.mx\/?p=118385","name":"No somos iguales (\u2026) somos muy distintos, insiste Luisa Mar\u00eda Alcalde pide a los dirigentes de Morena no mostrar sus recursos econ\u00f3micos -","isPartOf":{"@id":"https:\/\/quehacerpolitico.mx\/#website"},"primaryImageOfPage":{"@id":"https:\/\/quehacerpolitico.mx\/?p=118385#primaryimage"},"image":{"@id":"https:\/\/quehacerpolitico.mx\/?p=118385#primaryimage"},"thumbnailUrl":"https:\/\/quehacerpolitico.mx\/wp-content\/uploads\/2025\/08\/IMG_2544.jpeg","datePublished":"2025-08-08T02:46:38+00:00","dateModified":"2025-08-08T02:46:39+00:00","author":{"@id":"https:\/\/quehacerpolitico.mx\/#\/schema\/person\/496d8ad2d1d3f8036101dca7ee39e585"},"breadcrumb":{"@id":"https:\/\/quehacerpolitico.mx\/?p=118385#breadcrumb"},"inLanguage":"es","potentialAction":[{"@type":"ReadAction","target":["https:\/\/quehacerpolitico.mx\/?p=118385"]}]},{"@type":"ImageObject","inLanguage":"es","@id":"https:\/\/quehacerpolitico.mx\/?p=118385#primaryimage","url":"https:\/\/quehacerpolitico.mx\/wp-content\/uploads\/2025\/08\/IMG_2544.jpeg","contentUrl":"https:\/\/quehacerpolitico.mx\/wp-content\/uploads\/2025\/08\/IMG_2544.jpeg","width":1170,"height":651,"caption":"Screenshot"},{"@type":"BreadcrumbList","@id":"https:\/\/quehacerpolitico.mx\/?p=118385#breadcrumb","itemListElement":[{"@type":"ListItem","position":1,"name":"Inicio","item":"https:\/\/quehacerpolitico.mx\/"},{"@type":"ListItem","position":2,"name":"No somos iguales (\u2026) somos muy distintos, insiste Luisa Mar\u00eda Alcalde pide a los dirigentes de Morena no mostrar sus recursos econ\u00f3micos"}]},{"@type":"WebSite","@id":"https:\/\/quehacerpolitico.mx\/#website","url":"https:\/\/quehacerpolitico.mx\/","name":"","description":"","potentialAction":[{"@type":"SearchAction","target":{"@type":"EntryPoint","urlTemplate":"https:\/\/quehacerpolitico.mx\/?s={search_term_string}"},"query-input":{"@type":"PropertyValueSpecification","valueRequired":true,"valueName":"search_term_string"}}],"inLanguage":"es"},{"@type":"Person","@id":"https:\/\/quehacerpolitico.mx\/#\/schema\/person\/496d8ad2d1d3f8036101dca7ee39e585","name":"Redacci\u00f3n QP","image":{"@type":"ImageObject","inLanguage":"es","@id":"https:\/\/secure.gravatar.com\/avatar\/c7164ed6fdec453195284ad24a5ae5b6e1eed2b848477fa2a4787ba9adf39a41?s=96&d=mm&r=g","url":"https:\/\/secure.gravatar.com\/avatar\/c7164ed6fdec453195284ad24a5ae5b6e1eed2b848477fa2a4787ba9adf39a41?s=96&d=mm&r=g","contentUrl":"https:\/\/secure.gravatar.com\/avatar\/c7164ed6fdec453195284ad24a5ae5b6e1eed2b848477fa2a4787ba9adf39a41?s=96&d=mm&r=g","caption":"Redacci\u00f3n QP"},"url":"https:\/\/quehacerpolitico.mx\/?author=2"}]}},"featured_image_urls":{"full":["https:\/\/quehacerpolitico.mx\/wp-content\/uploads\/2025\/08\/IMG_2544.jpeg",1170,651,false],"thumbnail":["https:\/\/quehacerpolitico.mx\/wp-content\/uploads\/2025\/08\/IMG_2544-150x150.jpeg",150,150,true],"medium":["https:\/\/quehacerpolitico.mx\/wp-content\/uploads\/2025\/08\/IMG_2544-300x167.jpeg",300,167,true],"medium_large":["https:\/\/quehacerpolitico.mx\/wp-content\/uploads\/2025\/08\/IMG_2544-768x427.jpeg",640,356,true],"large":["https:\/\/quehacerpolitico.mx\/wp-content\/uploads\/2025\/08\/IMG_2544-1024x570.jpeg",640,356,true],"1536x1536":["https:\/\/quehacerpolitico.mx\/wp-content\/uploads\/2025\/08\/IMG_2544.jpeg",1170,651,false],"2048x2048":["https:\/\/quehacerpolitico.mx\/wp-content\/uploads\/2025\/08\/IMG_2544.jpeg",1170,651,false],"covernews-featured":["https:\/\/quehacerpolitico.mx\/wp-content\/uploads\/2025\/08\/IMG_2544-1024x570.jpeg",1024,570,true],"covernews-medium":["https:\/\/quehacerpolitico.mx\/wp-content\/uploads\/2025\/08\/IMG_2544-540x340.jpeg",540,340,true]},"author_info":{"display_name":"Redacci\u00f3n QP","author_link":"https:\/\/quehacerpolitico.mx\/?author=2"},"category_info":"<a href=\"https:\/\/quehacerpolitico.mx\/?cat=280\" rel=\"category\">Nacionales<\/a> <a href=\"https:\/\/quehacerpolitico.mx\/?cat=2\" rel=\"category\">Noticias<\/a>","tag_info":"Noticias","comment_count":"0","_links":{"self":[{"href":"https:\/\/quehacerpolitico.mx\/index.php?rest_route=\/wp\/v2\/posts\/118385","targetHints":{"allow":["GET"]}}],"collection":[{"href":"https:\/\/quehacerpolitico.mx\/index.php?rest_route=\/wp\/v2\/posts"}],"about":[{"href":"https:\/\/quehacerpolitico.mx\/index.php?rest_route=\/wp\/v2\/types\/post"}],"author":[{"embeddable":true,"href":"https:\/\/quehacerpolitico.mx\/index.php?rest_route=\/wp\/v2\/users\/2"}],"replies":[{"embeddable":true,"href":"https:\/\/quehacerpolitico.mx\/index.php?rest_route=%2Fwp%2Fv2%2Fcomments&post=118385"}],"version-history":[{"count":1,"href":"https:\/\/quehacerpolitico.mx\/index.php?rest_route=\/wp\/v2\/posts\/118385\/revisions"}],"predecessor-version":[{"id":118387,"href":"https:\/\/quehacerpolitico.mx\/index.php?rest_route=\/wp\/v2\/posts\/118385\/revisions\/118387"}],"wp:featuredmedia":[{"embeddable":true,"href":"https:\/\/quehacerpolitico.mx\/index.php?rest_route=\/wp\/v2\/media\/118386"}],"wp:attachment":[{"href":"https:\/\/quehacerpolitico.mx\/index.php?rest_route=%2Fwp%2Fv2%2Fmedia&parent=118385"}],"wp:term":[{"taxonomy":"category","embeddable":true,"href":"https:\/\/quehacerpolitico.mx\/index.php?rest_route=%2Fwp%2Fv2%2Fcategories&post=118385"},{"taxonomy":"post_tag","embeddable":true,"href":"https:\/\/quehacerpolitico.mx\/index.php?rest_route=%2Fwp%2Fv2%2Ftags&post=118385"}],"curies":[{"name":"wp","href":"https:\/\/api.w.org\/{rel}","templated":true}]}}