{"id":118373,"date":"2025-08-07T18:51:20","date_gmt":"2025-08-08T00:51:20","guid":{"rendered":"https:\/\/quehacerpolitico.mx\/?p=118373"},"modified":"2025-08-07T18:51:23","modified_gmt":"2025-08-08T00:51:23","slug":"peso-mexicano-cierra-estable-tras-decision-de-banxico-sobre-recorte-a-tasa-de-interes","status":"publish","type":"post","link":"https:\/\/quehacerpolitico.mx\/?p=118373","title":{"rendered":"Peso mexicano cierra estable tras decisi\u00f3n de Banxico sobre recorte a tasa de inter\u00e9s"},"content":{"rendered":"\n<p>Por Redacci\u00f3n QP<\/p>\n\n\n\n<p>La reducci\u00f3n de un cuarto de punto porcentual llev\u00f3 el costo de los cr\u00e9ditos a su menor nivel en tres a\u00f1os, en una decisi\u00f3n dividida de la junta de gobierno<\/p>\n\n\n\n<p>El&nbsp;<strong>peso<\/strong>&nbsp;cerr\u00f3 estable este jueves, borrando sus p\u00e9rdidas iniciales, despu\u00e9s de que el&nbsp;<strong>Banco de M\u00e9xico<\/strong>(<strong>Banxico<\/strong>)&nbsp;moder\u00f3 la magnitud de sus recortes a la tasa clave de inter\u00e9s, como esperaba el mercado.<\/p>\n\n\n\n<p>La reducci\u00f3n de un cuarto de punto porcentual llev\u00f3 el costo de los cr\u00e9ditos a su menor nivel en tres a\u00f1os, en una decisi\u00f3n dividida de la junta de gobierno, que dijo, adem\u00e1s, que hacia adelante valorar\u00e1 la implementaci\u00f3n de recortes adicionales.<\/p>\n\n\n\n<p>La moneda&nbsp;cerr\u00f3 en 18.6050 por d\u00f3lar, casi sin cambios frente a las 18.6060 unidades del precio de referencia de LSEG del mi\u00e9rcoles.<\/p>\n\n\n\n<p>&#8220;Era una decisi\u00f3n ampliamente descontada, no hubo sorpresas en el comunicado&#8221;, dijo a&nbsp;<em>Reuters<\/em>&nbsp;Janneth Quiroz, directora de an\u00e1lisis econ\u00f3mico de Monex Grupo Financiero.<\/p>\n\n\n\n<p>&#8220;Lo que estamos esperando es que contin\u00faen en las reuniones que restan de este a\u00f1o anunci\u00e1ndose recortes de 25 puntos base&#8221;, agreg\u00f3.<\/p>\n\n\n\n<p>Datos publicados m\u00e1s temprano en el d\u00eda mostraron que la&nbsp;inflaci\u00f3n general&nbsp;de M\u00e9xico desaceler\u00f3 en julio a su nivel m\u00e1s bajo desde finales de 2020, aunque la tasa subyacente se mantuvo por encima de la meta oficial.<\/p>\n\n\n\n<p>El referencial \u00edndice accionario S&amp;P\/BMV IPC&nbsp;.MXX&nbsp;subi\u00f3 un 1.94% a 58,260.88 puntos, en su tercera jornada de ganancias.<\/p>\n\n\n\n<p>Los t\u00edtulos de la minorista Wal-Mart de Mexico&nbsp;WALMEX.MX&nbsp;encabezaron las alzas, con un 6.29% m\u00e1s a 57.27 pesos, seguidos por los de la minera Industrias Pe\u00f1oles&nbsp;PEOLES.MX, que sumaron un 5.25% a 577.13 pesos.&nbsp;<\/p>\n\n\n\n<p>En el mercado secundario de deuda, el rendimiento del bono a 10 a\u00f1os&nbsp;MX10YT=RR&nbsp;descendi\u00f3 cuatro puntos base a un 9.05%, igual que la tasa a 20 a\u00f1os&nbsp;MX20YT=RR&nbsp;que termin\u00f3 la sesi\u00f3n en un 9.70%<\/p>\n\n\n\n<p>Con informaci\u00f3n de Reuters<\/p>\n","protected":false},"excerpt":{"rendered":"<p>Por Redacci\u00f3n QP La reducci\u00f3n de un cuarto de punto porcentual llev\u00f3 el costo de&#8230;<\/p>\n","protected":false},"author":2,"featured_media":118374,"comment_status":"open","ping_status":"open","sticky":false,"template":"","format":"standard","meta":{"_monsterinsights_skip_tracking":false,"_monsterinsights_sitenote_active":false,"_monsterinsights_sitenote_note":"","_monsterinsights_sitenote_category":0,"footnotes":""},"categories":[56],"tags":[],"class_list":["post-118373","post","type-post","status-publish","format-standard","has-post-thumbnail","hentry","category-economia"],"yoast_head":"<!-- This site is optimized with the Yoast SEO plugin v27.3 - https:\/\/yoast.com\/product\/yoast-seo-wordpress\/ -->\n<title>Peso mexicano cierra estable tras decisi\u00f3n de Banxico sobre recorte a tasa de inter\u00e9s -<\/title>\n<meta name=\"robots\" content=\"index, follow, max-snippet:-1, max-image-preview:large, max-video-preview:-1\" \/>\n<link rel=\"canonical\" href=\"https:\/\/quehacerpolitico.mx\/?p=118373\" \/>\n<meta property=\"og:locale\" content=\"es_MX\" \/>\n<meta property=\"og:type\" content=\"article\" \/>\n<meta property=\"og:title\" content=\"Peso mexicano cierra estable tras decisi\u00f3n de Banxico sobre recorte a tasa de inter\u00e9s -\" \/>\n<meta property=\"og:description\" content=\"Por Redacci\u00f3n QP La reducci\u00f3n de un cuarto de punto porcentual llev\u00f3 el costo de...\" \/>\n<meta property=\"og:url\" content=\"https:\/\/quehacerpolitico.mx\/?p=118373\" \/>\n<meta property=\"article:published_time\" content=\"2025-08-08T00:51:20+00:00\" \/>\n<meta property=\"article:modified_time\" content=\"2025-08-08T00:51:23+00:00\" \/>\n<meta property=\"og:image\" content=\"https:\/\/quehacerpolitico.mx\/wp-content\/uploads\/2025\/08\/IMG_2537.jpeg\" \/>\n\t<meta property=\"og:image:width\" content=\"715\" \/>\n\t<meta property=\"og:image:height\" content=\"429\" \/>\n\t<meta property=\"og:image:type\" content=\"image\/jpeg\" \/>\n<meta name=\"author\" content=\"Redacci\u00f3n QP\" \/>\n<meta name=\"twitter:card\" content=\"summary_large_image\" \/>\n<meta name=\"twitter:label1\" content=\"Escrito por\" \/>\n\t<meta name=\"twitter:data1\" content=\"Redacci\u00f3n QP\" \/>\n\t<meta name=\"twitter:label2\" content=\"Tiempo de lectura\" \/>\n\t<meta name=\"twitter:data2\" content=\"2 minutos\" \/>\n<script type=\"application\/ld+json\" class=\"yoast-schema-graph\">{\"@context\":\"https:\\\/\\\/schema.org\",\"@graph\":[{\"@type\":\"Article\",\"@id\":\"https:\\\/\\\/quehacerpolitico.mx\\\/?p=118373#article\",\"isPartOf\":{\"@id\":\"https:\\\/\\\/quehacerpolitico.mx\\\/?p=118373\"},\"author\":{\"name\":\"Redacci\u00f3n QP\",\"@id\":\"https:\\\/\\\/quehacerpolitico.mx\\\/#\\\/schema\\\/person\\\/496d8ad2d1d3f8036101dca7ee39e585\"},\"headline\":\"Peso mexicano cierra estable tras decisi\u00f3n de Banxico sobre recorte a tasa de inter\u00e9s\",\"datePublished\":\"2025-08-08T00:51:20+00:00\",\"dateModified\":\"2025-08-08T00:51:23+00:00\",\"mainEntityOfPage\":{\"@id\":\"https:\\\/\\\/quehacerpolitico.mx\\\/?p=118373\"},\"wordCount\":375,\"commentCount\":0,\"image\":{\"@id\":\"https:\\\/\\\/quehacerpolitico.mx\\\/?p=118373#primaryimage\"},\"thumbnailUrl\":\"https:\\\/\\\/quehacerpolitico.mx\\\/wp-content\\\/uploads\\\/2025\\\/08\\\/IMG_2537.jpeg\",\"articleSection\":[\"Econom\u00eda\"],\"inLanguage\":\"es\",\"potentialAction\":[{\"@type\":\"CommentAction\",\"name\":\"Comment\",\"target\":[\"https:\\\/\\\/quehacerpolitico.mx\\\/?p=118373#respond\"]}]},{\"@type\":\"WebPage\",\"@id\":\"https:\\\/\\\/quehacerpolitico.mx\\\/?p=118373\",\"url\":\"https:\\\/\\\/quehacerpolitico.mx\\\/?p=118373\",\"name\":\"Peso mexicano cierra estable tras decisi\u00f3n de Banxico sobre recorte a tasa de inter\u00e9s -\",\"isPartOf\":{\"@id\":\"https:\\\/\\\/quehacerpolitico.mx\\\/#website\"},\"primaryImageOfPage\":{\"@id\":\"https:\\\/\\\/quehacerpolitico.mx\\\/?p=118373#primaryimage\"},\"image\":{\"@id\":\"https:\\\/\\\/quehacerpolitico.mx\\\/?p=118373#primaryimage\"},\"thumbnailUrl\":\"https:\\\/\\\/quehacerpolitico.mx\\\/wp-content\\\/uploads\\\/2025\\\/08\\\/IMG_2537.jpeg\",\"datePublished\":\"2025-08-08T00:51:20+00:00\",\"dateModified\":\"2025-08-08T00:51:23+00:00\",\"author\":{\"@id\":\"https:\\\/\\\/quehacerpolitico.mx\\\/#\\\/schema\\\/person\\\/496d8ad2d1d3f8036101dca7ee39e585\"},\"breadcrumb\":{\"@id\":\"https:\\\/\\\/quehacerpolitico.mx\\\/?p=118373#breadcrumb\"},\"inLanguage\":\"es\",\"potentialAction\":[{\"@type\":\"ReadAction\",\"target\":[\"https:\\\/\\\/quehacerpolitico.mx\\\/?p=118373\"]}]},{\"@type\":\"ImageObject\",\"inLanguage\":\"es\",\"@id\":\"https:\\\/\\\/quehacerpolitico.mx\\\/?p=118373#primaryimage\",\"url\":\"https:\\\/\\\/quehacerpolitico.mx\\\/wp-content\\\/uploads\\\/2025\\\/08\\\/IMG_2537.jpeg\",\"contentUrl\":\"https:\\\/\\\/quehacerpolitico.mx\\\/wp-content\\\/uploads\\\/2025\\\/08\\\/IMG_2537.jpeg\",\"width\":715,\"height\":429},{\"@type\":\"BreadcrumbList\",\"@id\":\"https:\\\/\\\/quehacerpolitico.mx\\\/?p=118373#breadcrumb\",\"itemListElement\":[{\"@type\":\"ListItem\",\"position\":1,\"name\":\"Inicio\",\"item\":\"https:\\\/\\\/quehacerpolitico.mx\\\/\"},{\"@type\":\"ListItem\",\"position\":2,\"name\":\"Peso mexicano cierra estable tras decisi\u00f3n de Banxico sobre recorte a tasa de inter\u00e9s\"}]},{\"@type\":\"WebSite\",\"@id\":\"https:\\\/\\\/quehacerpolitico.mx\\\/#website\",\"url\":\"https:\\\/\\\/quehacerpolitico.mx\\\/\",\"name\":\"\",\"description\":\"\",\"potentialAction\":[{\"@type\":\"SearchAction\",\"target\":{\"@type\":\"EntryPoint\",\"urlTemplate\":\"https:\\\/\\\/quehacerpolitico.mx\\\/?s={search_term_string}\"},\"query-input\":{\"@type\":\"PropertyValueSpecification\",\"valueRequired\":true,\"valueName\":\"search_term_string\"}}],\"inLanguage\":\"es\"},{\"@type\":\"Person\",\"@id\":\"https:\\\/\\\/quehacerpolitico.mx\\\/#\\\/schema\\\/person\\\/496d8ad2d1d3f8036101dca7ee39e585\",\"name\":\"Redacci\u00f3n QP\",\"image\":{\"@type\":\"ImageObject\",\"inLanguage\":\"es\",\"@id\":\"https:\\\/\\\/secure.gravatar.com\\\/avatar\\\/c7164ed6fdec453195284ad24a5ae5b6e1eed2b848477fa2a4787ba9adf39a41?s=96&d=mm&r=g\",\"url\":\"https:\\\/\\\/secure.gravatar.com\\\/avatar\\\/c7164ed6fdec453195284ad24a5ae5b6e1eed2b848477fa2a4787ba9adf39a41?s=96&d=mm&r=g\",\"contentUrl\":\"https:\\\/\\\/secure.gravatar.com\\\/avatar\\\/c7164ed6fdec453195284ad24a5ae5b6e1eed2b848477fa2a4787ba9adf39a41?s=96&d=mm&r=g\",\"caption\":\"Redacci\u00f3n QP\"},\"url\":\"https:\\\/\\\/quehacerpolitico.mx\\\/?author=2\"}]}<\/script>\n<!-- \/ Yoast SEO plugin. -->","yoast_head_json":{"title":"Peso mexicano cierra estable tras decisi\u00f3n de Banxico sobre recorte a tasa de inter\u00e9s -","robots":{"index":"index","follow":"follow","max-snippet":"max-snippet:-1","max-image-preview":"max-image-preview:large","max-video-preview":"max-video-preview:-1"},"canonical":"https:\/\/quehacerpolitico.mx\/?p=118373","og_locale":"es_MX","og_type":"article","og_title":"Peso mexicano cierra estable tras decisi\u00f3n de Banxico sobre recorte a tasa de inter\u00e9s -","og_description":"Por Redacci\u00f3n QP La reducci\u00f3n de un cuarto de punto porcentual llev\u00f3 el costo de...","og_url":"https:\/\/quehacerpolitico.mx\/?p=118373","article_published_time":"2025-08-08T00:51:20+00:00","article_modified_time":"2025-08-08T00:51:23+00:00","og_image":[{"width":715,"height":429,"url":"https:\/\/quehacerpolitico.mx\/wp-content\/uploads\/2025\/08\/IMG_2537.jpeg","type":"image\/jpeg"}],"author":"Redacci\u00f3n QP","twitter_card":"summary_large_image","twitter_misc":{"Escrito por":"Redacci\u00f3n QP","Tiempo de lectura":"2 minutos"},"schema":{"@context":"https:\/\/schema.org","@graph":[{"@type":"Article","@id":"https:\/\/quehacerpolitico.mx\/?p=118373#article","isPartOf":{"@id":"https:\/\/quehacerpolitico.mx\/?p=118373"},"author":{"name":"Redacci\u00f3n QP","@id":"https:\/\/quehacerpolitico.mx\/#\/schema\/person\/496d8ad2d1d3f8036101dca7ee39e585"},"headline":"Peso mexicano cierra estable tras decisi\u00f3n de Banxico sobre recorte a tasa de inter\u00e9s","datePublished":"2025-08-08T00:51:20+00:00","dateModified":"2025-08-08T00:51:23+00:00","mainEntityOfPage":{"@id":"https:\/\/quehacerpolitico.mx\/?p=118373"},"wordCount":375,"commentCount":0,"image":{"@id":"https:\/\/quehacerpolitico.mx\/?p=118373#primaryimage"},"thumbnailUrl":"https:\/\/quehacerpolitico.mx\/wp-content\/uploads\/2025\/08\/IMG_2537.jpeg","articleSection":["Econom\u00eda"],"inLanguage":"es","potentialAction":[{"@type":"CommentAction","name":"Comment","target":["https:\/\/quehacerpolitico.mx\/?p=118373#respond"]}]},{"@type":"WebPage","@id":"https:\/\/quehacerpolitico.mx\/?p=118373","url":"https:\/\/quehacerpolitico.mx\/?p=118373","name":"Peso mexicano cierra estable tras decisi\u00f3n de Banxico sobre recorte a tasa de inter\u00e9s -","isPartOf":{"@id":"https:\/\/quehacerpolitico.mx\/#website"},"primaryImageOfPage":{"@id":"https:\/\/quehacerpolitico.mx\/?p=118373#primaryimage"},"image":{"@id":"https:\/\/quehacerpolitico.mx\/?p=118373#primaryimage"},"thumbnailUrl":"https:\/\/quehacerpolitico.mx\/wp-content\/uploads\/2025\/08\/IMG_2537.jpeg","datePublished":"2025-08-08T00:51:20+00:00","dateModified":"2025-08-08T00:51:23+00:00","author":{"@id":"https:\/\/quehacerpolitico.mx\/#\/schema\/person\/496d8ad2d1d3f8036101dca7ee39e585"},"breadcrumb":{"@id":"https:\/\/quehacerpolitico.mx\/?p=118373#breadcrumb"},"inLanguage":"es","potentialAction":[{"@type":"ReadAction","target":["https:\/\/quehacerpolitico.mx\/?p=118373"]}]},{"@type":"ImageObject","inLanguage":"es","@id":"https:\/\/quehacerpolitico.mx\/?p=118373#primaryimage","url":"https:\/\/quehacerpolitico.mx\/wp-content\/uploads\/2025\/08\/IMG_2537.jpeg","contentUrl":"https:\/\/quehacerpolitico.mx\/wp-content\/uploads\/2025\/08\/IMG_2537.jpeg","width":715,"height":429},{"@type":"BreadcrumbList","@id":"https:\/\/quehacerpolitico.mx\/?p=118373#breadcrumb","itemListElement":[{"@type":"ListItem","position":1,"name":"Inicio","item":"https:\/\/quehacerpolitico.mx\/"},{"@type":"ListItem","position":2,"name":"Peso mexicano cierra estable tras decisi\u00f3n de Banxico sobre recorte a tasa de inter\u00e9s"}]},{"@type":"WebSite","@id":"https:\/\/quehacerpolitico.mx\/#website","url":"https:\/\/quehacerpolitico.mx\/","name":"","description":"","potentialAction":[{"@type":"SearchAction","target":{"@type":"EntryPoint","urlTemplate":"https:\/\/quehacerpolitico.mx\/?s={search_term_string}"},"query-input":{"@type":"PropertyValueSpecification","valueRequired":true,"valueName":"search_term_string"}}],"inLanguage":"es"},{"@type":"Person","@id":"https:\/\/quehacerpolitico.mx\/#\/schema\/person\/496d8ad2d1d3f8036101dca7ee39e585","name":"Redacci\u00f3n QP","image":{"@type":"ImageObject","inLanguage":"es","@id":"https:\/\/secure.gravatar.com\/avatar\/c7164ed6fdec453195284ad24a5ae5b6e1eed2b848477fa2a4787ba9adf39a41?s=96&d=mm&r=g","url":"https:\/\/secure.gravatar.com\/avatar\/c7164ed6fdec453195284ad24a5ae5b6e1eed2b848477fa2a4787ba9adf39a41?s=96&d=mm&r=g","contentUrl":"https:\/\/secure.gravatar.com\/avatar\/c7164ed6fdec453195284ad24a5ae5b6e1eed2b848477fa2a4787ba9adf39a41?s=96&d=mm&r=g","caption":"Redacci\u00f3n QP"},"url":"https:\/\/quehacerpolitico.mx\/?author=2"}]}},"featured_image_urls":{"full":["https:\/\/quehacerpolitico.mx\/wp-content\/uploads\/2025\/08\/IMG_2537.jpeg",715,429,false],"thumbnail":["https:\/\/quehacerpolitico.mx\/wp-content\/uploads\/2025\/08\/IMG_2537-150x150.jpeg",150,150,true],"medium":["https:\/\/quehacerpolitico.mx\/wp-content\/uploads\/2025\/08\/IMG_2537-300x180.jpeg",300,180,true],"medium_large":["https:\/\/quehacerpolitico.mx\/wp-content\/uploads\/2025\/08\/IMG_2537.jpeg",640,384,false],"large":["https:\/\/quehacerpolitico.mx\/wp-content\/uploads\/2025\/08\/IMG_2537.jpeg",640,384,false],"1536x1536":["https:\/\/quehacerpolitico.mx\/wp-content\/uploads\/2025\/08\/IMG_2537.jpeg",715,429,false],"2048x2048":["https:\/\/quehacerpolitico.mx\/wp-content\/uploads\/2025\/08\/IMG_2537.jpeg",715,429,false],"covernews-featured":["https:\/\/quehacerpolitico.mx\/wp-content\/uploads\/2025\/08\/IMG_2537.jpeg",715,429,false],"covernews-medium":["https:\/\/quehacerpolitico.mx\/wp-content\/uploads\/2025\/08\/IMG_2537-540x340.jpeg",540,340,true]},"author_info":{"display_name":"Redacci\u00f3n QP","author_link":"https:\/\/quehacerpolitico.mx\/?author=2"},"category_info":"<a href=\"https:\/\/quehacerpolitico.mx\/?cat=56\" rel=\"category\">Econom\u00eda<\/a>","tag_info":"Econom\u00eda","comment_count":"0","_links":{"self":[{"href":"https:\/\/quehacerpolitico.mx\/index.php?rest_route=\/wp\/v2\/posts\/118373","targetHints":{"allow":["GET"]}}],"collection":[{"href":"https:\/\/quehacerpolitico.mx\/index.php?rest_route=\/wp\/v2\/posts"}],"about":[{"href":"https:\/\/quehacerpolitico.mx\/index.php?rest_route=\/wp\/v2\/types\/post"}],"author":[{"embeddable":true,"href":"https:\/\/quehacerpolitico.mx\/index.php?rest_route=\/wp\/v2\/users\/2"}],"replies":[{"embeddable":true,"href":"https:\/\/quehacerpolitico.mx\/index.php?rest_route=%2Fwp%2Fv2%2Fcomments&post=118373"}],"version-history":[{"count":1,"href":"https:\/\/quehacerpolitico.mx\/index.php?rest_route=\/wp\/v2\/posts\/118373\/revisions"}],"predecessor-version":[{"id":118375,"href":"https:\/\/quehacerpolitico.mx\/index.php?rest_route=\/wp\/v2\/posts\/118373\/revisions\/118375"}],"wp:featuredmedia":[{"embeddable":true,"href":"https:\/\/quehacerpolitico.mx\/index.php?rest_route=\/wp\/v2\/media\/118374"}],"wp:attachment":[{"href":"https:\/\/quehacerpolitico.mx\/index.php?rest_route=%2Fwp%2Fv2%2Fmedia&parent=118373"}],"wp:term":[{"taxonomy":"category","embeddable":true,"href":"https:\/\/quehacerpolitico.mx\/index.php?rest_route=%2Fwp%2Fv2%2Fcategories&post=118373"},{"taxonomy":"post_tag","embeddable":true,"href":"https:\/\/quehacerpolitico.mx\/index.php?rest_route=%2Fwp%2Fv2%2Ftags&post=118373"}],"curies":[{"name":"wp","href":"https:\/\/api.w.org\/{rel}","templated":true}]}}