{"id":118364,"date":"2025-08-07T13:26:36","date_gmt":"2025-08-07T19:26:36","guid":{"rendered":"https:\/\/quehacerpolitico.mx\/?p=118364"},"modified":"2025-08-07T13:26:38","modified_gmt":"2025-08-07T19:26:38","slug":"sheinbaum-anuncia-inversion-de-cuatro-farmaceuticas-en-mexico-por-12-mil-millones-de-pesos","status":"publish","type":"post","link":"https:\/\/quehacerpolitico.mx\/?p=118364","title":{"rendered":"Sheinbaum anuncia inversi\u00f3n de cuatro farmac\u00e9uticas en M\u00e9xico por 12 mil millones de pesos"},"content":{"rendered":"\n<p>Por Redacci\u00f3n QP<\/p>\n\n\n\n<p>Los cuatro proyectos est\u00e1n encabezados por tres empresas transnacionales y una mexicana:&nbsp;Boehringer Ingelheim,&nbsp;Carnot,&nbsp;Bayer y&nbsp;AstraZeneca<\/p>\n\n\n\n<p>El gobierno de&nbsp;<strong>Claudia Sheinbaum<\/strong>inform\u00f3 este jueves que la inversi\u00f3n de cuatro farmac\u00e9uticas&nbsp;por&nbsp;12 mil millones de pesos para ampliar sus plantas y producci\u00f3n en M\u00e9xico.&nbsp;<\/p>\n\n\n\n<p>El secretario de Salud,\u00a0David Kershenobich,\u00a0explic\u00f3 que los proyectos son de tres empresas transnacionales y una mexicana:\u00a0<strong>Boehringer Ingelheim,\u00a0Carnot,\u00a0Bayer y\u00a0AstraZeneca.<\/strong><\/p>\n\n\n\n<figure class=\"wp-block-embed is-type-video is-provider-youtube wp-block-embed-youtube wp-embed-aspect-16-9 wp-has-aspect-ratio\"><div class=\"wp-block-embed__wrapper\">\n<iframe loading=\"lazy\" title=\"Bayer y AstraZeneca invierten en M\u00e9xico para reformar la salud\" width=\"640\" height=\"360\" src=\"https:\/\/www.youtube.com\/embed\/lNXhKAYxaqg?feature=oembed\" frameborder=\"0\" allow=\"accelerometer; autoplay; clipboard-write; encrypted-media; gyroscope; picture-in-picture; web-share\" referrerpolicy=\"strict-origin-when-cross-origin\" allowfullscreen><\/iframe>\n<\/div><\/figure>\n\n\n\n<p>&#8220;Todas estas empresas ya tienen una presencia importante en el pa\u00eds y las inversiones que nos presentan hoy est\u00e1n enfocadas en expandir su capacidad y tecnol\u00f3gica y exportar&#8221;, se\u00f1al\u00f3 el funcionario.<\/p>\n\n\n\n<p>Augusto Muench, director de\u00a0<strong>Boehringer<\/strong>\u00a0Ingelheim, indic\u00f3 que la compa\u00f1\u00eda destinar\u00e1<strong>\u00a03 mil 500 millones de pesos<\/strong>\u00a0para convertir a su planta en Xochimilco en la &#8220;m\u00e1s grande del mundo, con la manufactura de\u00a05 mil\u00a0millones de tabletas de medicamentos.<\/p>\n\n\n\n<figure class=\"wp-block-embed is-type-video is-provider-youtube wp-block-embed-youtube wp-embed-aspect-16-9 wp-has-aspect-ratio\"><div class=\"wp-block-embed__wrapper\">\n<iframe loading=\"lazy\" title=\"Industria farmac\u00e9utica anuncia m\u00e1s de 12 mil millones de inversi\u00f3n en M\u00e9xico\" width=\"640\" height=\"360\" src=\"https:\/\/www.youtube.com\/embed\/9b5hRK_JLvg?feature=oembed\" frameborder=\"0\" allow=\"accelerometer; autoplay; clipboard-write; encrypted-media; gyroscope; picture-in-picture; web-share\" referrerpolicy=\"strict-origin-when-cross-origin\" allowfullscreen><\/iframe>\n<\/div><\/figure>\n\n\n\n<p>Por su parte,&nbsp;Edmundo Jim\u00e9nez Luna, director de&nbsp;<strong>Laboratorios Carnot,&nbsp;<\/strong>se\u00f1al\u00f3 que se invertir\u00e1n<strong>&nbsp;3 mil 500 millones de pesos&nbsp;<\/strong>en los pr\u00f3ximos cinco a\u00f1os en una nueva planta en Hidalgo, con lo que se espera generar 600 empleos directos.&nbsp;<\/p>\n\n\n\n<p>Manuel Bravo, director de&nbsp;<strong>Bayer<\/strong>, indic\u00f3 que la farmac\u00e9utica usar\u00e1&nbsp;<strong>3 mil millones de pesos&nbsp;<\/strong>en los pr\u00f3ximos cinco a\u00f1os para&nbsp;expandir su capacidad de producci\u00f3n de&nbsp;ingredientes activos en la planta de Orizaba, Veracruz.&nbsp;<\/p>\n\n\n\n<p>Por \u00faltimo,&nbsp;Julio Ordaz, director de<strong>AstraZeneca,&nbsp;<\/strong>se\u00f1al\u00f3 que la empresa utilizar\u00e1&nbsp;<strong>2 mil millones de pesos<\/strong>&nbsp;en los pr\u00f3ximos dos a\u00f1os para la investigaci\u00f3n cl\u00ednica y la expansi\u00f3n de su&nbsp;centro de innovaci\u00f3n y tecnolog\u00eda.&nbsp;<\/p>\n","protected":false},"excerpt":{"rendered":"<p>Por Redacci\u00f3n QP Los cuatro proyectos est\u00e1n encabezados por tres empresas transnacionales y una mexicana:&nbsp;Boehringer&#8230;<\/p>\n","protected":false},"author":2,"featured_media":118365,"comment_status":"open","ping_status":"open","sticky":false,"template":"","format":"standard","meta":{"_monsterinsights_skip_tracking":false,"_monsterinsights_sitenote_active":false,"_monsterinsights_sitenote_note":"","_monsterinsights_sitenote_category":0,"footnotes":""},"categories":[280,2],"tags":[],"class_list":["post-118364","post","type-post","status-publish","format-standard","has-post-thumbnail","hentry","category-nacionales","category-noticias"],"yoast_head":"<!-- This site is optimized with the Yoast SEO plugin v27.3 - https:\/\/yoast.com\/product\/yoast-seo-wordpress\/ -->\n<title>Sheinbaum anuncia inversi\u00f3n de cuatro farmac\u00e9uticas en M\u00e9xico por 12 mil millones de pesos -<\/title>\n<meta name=\"robots\" content=\"index, follow, max-snippet:-1, max-image-preview:large, max-video-preview:-1\" \/>\n<link rel=\"canonical\" href=\"https:\/\/quehacerpolitico.mx\/?p=118364\" \/>\n<meta property=\"og:locale\" content=\"es_MX\" \/>\n<meta property=\"og:type\" content=\"article\" \/>\n<meta property=\"og:title\" content=\"Sheinbaum anuncia inversi\u00f3n de cuatro farmac\u00e9uticas en M\u00e9xico por 12 mil millones de pesos -\" \/>\n<meta property=\"og:description\" content=\"Por Redacci\u00f3n QP Los cuatro proyectos est\u00e1n encabezados por tres empresas transnacionales y una mexicana:&nbsp;Boehringer...\" \/>\n<meta property=\"og:url\" content=\"https:\/\/quehacerpolitico.mx\/?p=118364\" \/>\n<meta property=\"article:published_time\" content=\"2025-08-07T19:26:36+00:00\" \/>\n<meta property=\"article:modified_time\" content=\"2025-08-07T19:26:38+00:00\" \/>\n<meta property=\"og:image\" content=\"https:\/\/quehacerpolitico.mx\/wp-content\/uploads\/2025\/08\/IMG_2520.jpeg\" \/>\n\t<meta property=\"og:image:width\" content=\"1280\" \/>\n\t<meta property=\"og:image:height\" content=\"853\" \/>\n\t<meta property=\"og:image:type\" content=\"image\/jpeg\" \/>\n<meta name=\"author\" content=\"Redacci\u00f3n QP\" \/>\n<meta name=\"twitter:card\" content=\"summary_large_image\" \/>\n<meta name=\"twitter:label1\" content=\"Escrito por\" \/>\n\t<meta name=\"twitter:data1\" content=\"Redacci\u00f3n QP\" \/>\n\t<meta name=\"twitter:label2\" content=\"Tiempo de lectura\" \/>\n\t<meta name=\"twitter:data2\" content=\"2 minutos\" \/>\n<script type=\"application\/ld+json\" class=\"yoast-schema-graph\">{\"@context\":\"https:\\\/\\\/schema.org\",\"@graph\":[{\"@type\":\"Article\",\"@id\":\"https:\\\/\\\/quehacerpolitico.mx\\\/?p=118364#article\",\"isPartOf\":{\"@id\":\"https:\\\/\\\/quehacerpolitico.mx\\\/?p=118364\"},\"author\":{\"name\":\"Redacci\u00f3n QP\",\"@id\":\"https:\\\/\\\/quehacerpolitico.mx\\\/#\\\/schema\\\/person\\\/496d8ad2d1d3f8036101dca7ee39e585\"},\"headline\":\"Sheinbaum anuncia inversi\u00f3n de cuatro farmac\u00e9uticas en M\u00e9xico por 12 mil millones de pesos\",\"datePublished\":\"2025-08-07T19:26:36+00:00\",\"dateModified\":\"2025-08-07T19:26:38+00:00\",\"mainEntityOfPage\":{\"@id\":\"https:\\\/\\\/quehacerpolitico.mx\\\/?p=118364\"},\"wordCount\":335,\"commentCount\":0,\"image\":{\"@id\":\"https:\\\/\\\/quehacerpolitico.mx\\\/?p=118364#primaryimage\"},\"thumbnailUrl\":\"https:\\\/\\\/quehacerpolitico.mx\\\/wp-content\\\/uploads\\\/2025\\\/08\\\/IMG_2520.jpeg\",\"articleSection\":[\"Nacionales\",\"Noticias\"],\"inLanguage\":\"es\",\"potentialAction\":[{\"@type\":\"CommentAction\",\"name\":\"Comment\",\"target\":[\"https:\\\/\\\/quehacerpolitico.mx\\\/?p=118364#respond\"]}]},{\"@type\":\"WebPage\",\"@id\":\"https:\\\/\\\/quehacerpolitico.mx\\\/?p=118364\",\"url\":\"https:\\\/\\\/quehacerpolitico.mx\\\/?p=118364\",\"name\":\"Sheinbaum anuncia inversi\u00f3n de cuatro farmac\u00e9uticas en M\u00e9xico por 12 mil millones de pesos -\",\"isPartOf\":{\"@id\":\"https:\\\/\\\/quehacerpolitico.mx\\\/#website\"},\"primaryImageOfPage\":{\"@id\":\"https:\\\/\\\/quehacerpolitico.mx\\\/?p=118364#primaryimage\"},\"image\":{\"@id\":\"https:\\\/\\\/quehacerpolitico.mx\\\/?p=118364#primaryimage\"},\"thumbnailUrl\":\"https:\\\/\\\/quehacerpolitico.mx\\\/wp-content\\\/uploads\\\/2025\\\/08\\\/IMG_2520.jpeg\",\"datePublished\":\"2025-08-07T19:26:36+00:00\",\"dateModified\":\"2025-08-07T19:26:38+00:00\",\"author\":{\"@id\":\"https:\\\/\\\/quehacerpolitico.mx\\\/#\\\/schema\\\/person\\\/496d8ad2d1d3f8036101dca7ee39e585\"},\"breadcrumb\":{\"@id\":\"https:\\\/\\\/quehacerpolitico.mx\\\/?p=118364#breadcrumb\"},\"inLanguage\":\"es\",\"potentialAction\":[{\"@type\":\"ReadAction\",\"target\":[\"https:\\\/\\\/quehacerpolitico.mx\\\/?p=118364\"]}]},{\"@type\":\"ImageObject\",\"inLanguage\":\"es\",\"@id\":\"https:\\\/\\\/quehacerpolitico.mx\\\/?p=118364#primaryimage\",\"url\":\"https:\\\/\\\/quehacerpolitico.mx\\\/wp-content\\\/uploads\\\/2025\\\/08\\\/IMG_2520.jpeg\",\"contentUrl\":\"https:\\\/\\\/quehacerpolitico.mx\\\/wp-content\\\/uploads\\\/2025\\\/08\\\/IMG_2520.jpeg\",\"width\":1280,\"height\":853},{\"@type\":\"BreadcrumbList\",\"@id\":\"https:\\\/\\\/quehacerpolitico.mx\\\/?p=118364#breadcrumb\",\"itemListElement\":[{\"@type\":\"ListItem\",\"position\":1,\"name\":\"Inicio\",\"item\":\"https:\\\/\\\/quehacerpolitico.mx\\\/\"},{\"@type\":\"ListItem\",\"position\":2,\"name\":\"Sheinbaum anuncia inversi\u00f3n de cuatro farmac\u00e9uticas en M\u00e9xico por 12 mil millones de pesos\"}]},{\"@type\":\"WebSite\",\"@id\":\"https:\\\/\\\/quehacerpolitico.mx\\\/#website\",\"url\":\"https:\\\/\\\/quehacerpolitico.mx\\\/\",\"name\":\"\",\"description\":\"\",\"potentialAction\":[{\"@type\":\"SearchAction\",\"target\":{\"@type\":\"EntryPoint\",\"urlTemplate\":\"https:\\\/\\\/quehacerpolitico.mx\\\/?s={search_term_string}\"},\"query-input\":{\"@type\":\"PropertyValueSpecification\",\"valueRequired\":true,\"valueName\":\"search_term_string\"}}],\"inLanguage\":\"es\"},{\"@type\":\"Person\",\"@id\":\"https:\\\/\\\/quehacerpolitico.mx\\\/#\\\/schema\\\/person\\\/496d8ad2d1d3f8036101dca7ee39e585\",\"name\":\"Redacci\u00f3n QP\",\"image\":{\"@type\":\"ImageObject\",\"inLanguage\":\"es\",\"@id\":\"https:\\\/\\\/secure.gravatar.com\\\/avatar\\\/c7164ed6fdec453195284ad24a5ae5b6e1eed2b848477fa2a4787ba9adf39a41?s=96&d=mm&r=g\",\"url\":\"https:\\\/\\\/secure.gravatar.com\\\/avatar\\\/c7164ed6fdec453195284ad24a5ae5b6e1eed2b848477fa2a4787ba9adf39a41?s=96&d=mm&r=g\",\"contentUrl\":\"https:\\\/\\\/secure.gravatar.com\\\/avatar\\\/c7164ed6fdec453195284ad24a5ae5b6e1eed2b848477fa2a4787ba9adf39a41?s=96&d=mm&r=g\",\"caption\":\"Redacci\u00f3n QP\"},\"url\":\"https:\\\/\\\/quehacerpolitico.mx\\\/?author=2\"}]}<\/script>\n<!-- \/ Yoast SEO plugin. -->","yoast_head_json":{"title":"Sheinbaum anuncia inversi\u00f3n de cuatro farmac\u00e9uticas en M\u00e9xico por 12 mil millones de pesos -","robots":{"index":"index","follow":"follow","max-snippet":"max-snippet:-1","max-image-preview":"max-image-preview:large","max-video-preview":"max-video-preview:-1"},"canonical":"https:\/\/quehacerpolitico.mx\/?p=118364","og_locale":"es_MX","og_type":"article","og_title":"Sheinbaum anuncia inversi\u00f3n de cuatro farmac\u00e9uticas en M\u00e9xico por 12 mil millones de pesos -","og_description":"Por Redacci\u00f3n QP Los cuatro proyectos est\u00e1n encabezados por tres empresas transnacionales y una mexicana:&nbsp;Boehringer...","og_url":"https:\/\/quehacerpolitico.mx\/?p=118364","article_published_time":"2025-08-07T19:26:36+00:00","article_modified_time":"2025-08-07T19:26:38+00:00","og_image":[{"width":1280,"height":853,"url":"https:\/\/quehacerpolitico.mx\/wp-content\/uploads\/2025\/08\/IMG_2520.jpeg","type":"image\/jpeg"}],"author":"Redacci\u00f3n QP","twitter_card":"summary_large_image","twitter_misc":{"Escrito por":"Redacci\u00f3n QP","Tiempo de lectura":"2 minutos"},"schema":{"@context":"https:\/\/schema.org","@graph":[{"@type":"Article","@id":"https:\/\/quehacerpolitico.mx\/?p=118364#article","isPartOf":{"@id":"https:\/\/quehacerpolitico.mx\/?p=118364"},"author":{"name":"Redacci\u00f3n QP","@id":"https:\/\/quehacerpolitico.mx\/#\/schema\/person\/496d8ad2d1d3f8036101dca7ee39e585"},"headline":"Sheinbaum anuncia inversi\u00f3n de cuatro farmac\u00e9uticas en M\u00e9xico por 12 mil millones de pesos","datePublished":"2025-08-07T19:26:36+00:00","dateModified":"2025-08-07T19:26:38+00:00","mainEntityOfPage":{"@id":"https:\/\/quehacerpolitico.mx\/?p=118364"},"wordCount":335,"commentCount":0,"image":{"@id":"https:\/\/quehacerpolitico.mx\/?p=118364#primaryimage"},"thumbnailUrl":"https:\/\/quehacerpolitico.mx\/wp-content\/uploads\/2025\/08\/IMG_2520.jpeg","articleSection":["Nacionales","Noticias"],"inLanguage":"es","potentialAction":[{"@type":"CommentAction","name":"Comment","target":["https:\/\/quehacerpolitico.mx\/?p=118364#respond"]}]},{"@type":"WebPage","@id":"https:\/\/quehacerpolitico.mx\/?p=118364","url":"https:\/\/quehacerpolitico.mx\/?p=118364","name":"Sheinbaum anuncia inversi\u00f3n de cuatro farmac\u00e9uticas en M\u00e9xico por 12 mil millones de pesos -","isPartOf":{"@id":"https:\/\/quehacerpolitico.mx\/#website"},"primaryImageOfPage":{"@id":"https:\/\/quehacerpolitico.mx\/?p=118364#primaryimage"},"image":{"@id":"https:\/\/quehacerpolitico.mx\/?p=118364#primaryimage"},"thumbnailUrl":"https:\/\/quehacerpolitico.mx\/wp-content\/uploads\/2025\/08\/IMG_2520.jpeg","datePublished":"2025-08-07T19:26:36+00:00","dateModified":"2025-08-07T19:26:38+00:00","author":{"@id":"https:\/\/quehacerpolitico.mx\/#\/schema\/person\/496d8ad2d1d3f8036101dca7ee39e585"},"breadcrumb":{"@id":"https:\/\/quehacerpolitico.mx\/?p=118364#breadcrumb"},"inLanguage":"es","potentialAction":[{"@type":"ReadAction","target":["https:\/\/quehacerpolitico.mx\/?p=118364"]}]},{"@type":"ImageObject","inLanguage":"es","@id":"https:\/\/quehacerpolitico.mx\/?p=118364#primaryimage","url":"https:\/\/quehacerpolitico.mx\/wp-content\/uploads\/2025\/08\/IMG_2520.jpeg","contentUrl":"https:\/\/quehacerpolitico.mx\/wp-content\/uploads\/2025\/08\/IMG_2520.jpeg","width":1280,"height":853},{"@type":"BreadcrumbList","@id":"https:\/\/quehacerpolitico.mx\/?p=118364#breadcrumb","itemListElement":[{"@type":"ListItem","position":1,"name":"Inicio","item":"https:\/\/quehacerpolitico.mx\/"},{"@type":"ListItem","position":2,"name":"Sheinbaum anuncia inversi\u00f3n de cuatro farmac\u00e9uticas en M\u00e9xico por 12 mil millones de pesos"}]},{"@type":"WebSite","@id":"https:\/\/quehacerpolitico.mx\/#website","url":"https:\/\/quehacerpolitico.mx\/","name":"","description":"","potentialAction":[{"@type":"SearchAction","target":{"@type":"EntryPoint","urlTemplate":"https:\/\/quehacerpolitico.mx\/?s={search_term_string}"},"query-input":{"@type":"PropertyValueSpecification","valueRequired":true,"valueName":"search_term_string"}}],"inLanguage":"es"},{"@type":"Person","@id":"https:\/\/quehacerpolitico.mx\/#\/schema\/person\/496d8ad2d1d3f8036101dca7ee39e585","name":"Redacci\u00f3n QP","image":{"@type":"ImageObject","inLanguage":"es","@id":"https:\/\/secure.gravatar.com\/avatar\/c7164ed6fdec453195284ad24a5ae5b6e1eed2b848477fa2a4787ba9adf39a41?s=96&d=mm&r=g","url":"https:\/\/secure.gravatar.com\/avatar\/c7164ed6fdec453195284ad24a5ae5b6e1eed2b848477fa2a4787ba9adf39a41?s=96&d=mm&r=g","contentUrl":"https:\/\/secure.gravatar.com\/avatar\/c7164ed6fdec453195284ad24a5ae5b6e1eed2b848477fa2a4787ba9adf39a41?s=96&d=mm&r=g","caption":"Redacci\u00f3n QP"},"url":"https:\/\/quehacerpolitico.mx\/?author=2"}]}},"featured_image_urls":{"full":["https:\/\/quehacerpolitico.mx\/wp-content\/uploads\/2025\/08\/IMG_2520.jpeg",1280,853,false],"thumbnail":["https:\/\/quehacerpolitico.mx\/wp-content\/uploads\/2025\/08\/IMG_2520-150x150.jpeg",150,150,true],"medium":["https:\/\/quehacerpolitico.mx\/wp-content\/uploads\/2025\/08\/IMG_2520-300x200.jpeg",300,200,true],"medium_large":["https:\/\/quehacerpolitico.mx\/wp-content\/uploads\/2025\/08\/IMG_2520-768x512.jpeg",640,427,true],"large":["https:\/\/quehacerpolitico.mx\/wp-content\/uploads\/2025\/08\/IMG_2520-1024x682.jpeg",640,426,true],"1536x1536":["https:\/\/quehacerpolitico.mx\/wp-content\/uploads\/2025\/08\/IMG_2520.jpeg",1280,853,false],"2048x2048":["https:\/\/quehacerpolitico.mx\/wp-content\/uploads\/2025\/08\/IMG_2520.jpeg",1280,853,false],"covernews-featured":["https:\/\/quehacerpolitico.mx\/wp-content\/uploads\/2025\/08\/IMG_2520-1024x682.jpeg",1024,682,true],"covernews-medium":["https:\/\/quehacerpolitico.mx\/wp-content\/uploads\/2025\/08\/IMG_2520-540x340.jpeg",540,340,true]},"author_info":{"display_name":"Redacci\u00f3n QP","author_link":"https:\/\/quehacerpolitico.mx\/?author=2"},"category_info":"<a href=\"https:\/\/quehacerpolitico.mx\/?cat=280\" rel=\"category\">Nacionales<\/a> <a href=\"https:\/\/quehacerpolitico.mx\/?cat=2\" rel=\"category\">Noticias<\/a>","tag_info":"Noticias","comment_count":"0","_links":{"self":[{"href":"https:\/\/quehacerpolitico.mx\/index.php?rest_route=\/wp\/v2\/posts\/118364","targetHints":{"allow":["GET"]}}],"collection":[{"href":"https:\/\/quehacerpolitico.mx\/index.php?rest_route=\/wp\/v2\/posts"}],"about":[{"href":"https:\/\/quehacerpolitico.mx\/index.php?rest_route=\/wp\/v2\/types\/post"}],"author":[{"embeddable":true,"href":"https:\/\/quehacerpolitico.mx\/index.php?rest_route=\/wp\/v2\/users\/2"}],"replies":[{"embeddable":true,"href":"https:\/\/quehacerpolitico.mx\/index.php?rest_route=%2Fwp%2Fv2%2Fcomments&post=118364"}],"version-history":[{"count":1,"href":"https:\/\/quehacerpolitico.mx\/index.php?rest_route=\/wp\/v2\/posts\/118364\/revisions"}],"predecessor-version":[{"id":118366,"href":"https:\/\/quehacerpolitico.mx\/index.php?rest_route=\/wp\/v2\/posts\/118364\/revisions\/118366"}],"wp:featuredmedia":[{"embeddable":true,"href":"https:\/\/quehacerpolitico.mx\/index.php?rest_route=\/wp\/v2\/media\/118365"}],"wp:attachment":[{"href":"https:\/\/quehacerpolitico.mx\/index.php?rest_route=%2Fwp%2Fv2%2Fmedia&parent=118364"}],"wp:term":[{"taxonomy":"category","embeddable":true,"href":"https:\/\/quehacerpolitico.mx\/index.php?rest_route=%2Fwp%2Fv2%2Fcategories&post=118364"},{"taxonomy":"post_tag","embeddable":true,"href":"https:\/\/quehacerpolitico.mx\/index.php?rest_route=%2Fwp%2Fv2%2Ftags&post=118364"}],"curies":[{"name":"wp","href":"https:\/\/api.w.org\/{rel}","templated":true}]}}