{"id":11835,"date":"2018-12-15T18:35:32","date_gmt":"2018-12-15T18:35:32","guid":{"rendered":"http:\/\/quehacerpolitico.mx\/enfrentamientos-por-la-sierra-de-chichihualco-en-guerrero-dejan-27-muertos-y-mas-de-mil-desplazados\/"},"modified":"2018-12-15T18:35:32","modified_gmt":"2018-12-15T18:35:32","slug":"enfrentamientos-por-la-sierra-de-chichihualco-en-guerrero-dejan-27-muertos-y-mas-de-mil-desplazados","status":"publish","type":"post","link":"https:\/\/quehacerpolitico.mx\/?p=11835","title":{"rendered":"Enfrentamientos por la sierra de Chichihualco, en Guerrero, dejan 27 muertos y m\u00e1s de mil desplazados"},"content":{"rendered":"<h1>Enfrentamientos por la sierra de Chichihualco, en Guerrero, dejan 27 muertos y m\u00e1s de mil desplazados<\/h1>\n<p>Por Redacci\u00f3n QP<\/p>\n<p>En <strong>seis meses<\/strong> de enfrentamientos continuos en las comunidades del corredor de <strong>Xochipala<\/strong> a <strong>Corralitos<\/strong>, municipios de<strong> Eduardo Neri<\/strong>\u00a0y <strong>Leonardo Bravo<\/strong>\u00a0se han contabilizado <strong>27 asesinatos<\/strong>, 12 personas heridas, unas 50 casas y 40 veh\u00edculos rafagueados o incinerados, as\u00ed como centenares de personas desplazadas, la mayor\u00eda ni\u00f1os y mujeres.<\/p>\n<p>De acuerdo con un recuento period\u00edstico de<em> El Sur<\/em> la <strong>violencia<\/strong> se recrudeci\u00f3 a partir del 9 de junio, cuando los dos grupos que se pelean en la zona se enfrentaron en <strong>Corralitos,<\/strong>municipio de <strong>Leonardo Bravo<\/strong>.<\/p>\n<p>Desde entonces la violencia, que ha dejado secuelas tr\u00e1gicas, no cesa a\u00fan con la <strong>presencia de militares<\/strong> y polic\u00edas estatales, quienes han sido acusados por los pobladores de omisos en casi todos los episodios violentos.<\/p>\n<blockquote>\n<p>El 9 de junio pasado el enfrentamiento entre civiles armados en <strong>Corralitos<\/strong>, que se encuentra en los l\u00edmites de los municipios de <strong>Leonardo Bravo<\/strong> y <strong>Heliodoro Castillo<\/strong>,\u00a0a unos 10 minutos de Filo de Caballos, dej\u00f3 a tres personas muertas en una <strong>balacera<\/strong> que dur\u00f3 m\u00e1s de dos horas, contaron los vecinos. Entre las v\u00edctimas est\u00e1 el Comisario municipal, Antonio Cruz.<\/p>\n<\/blockquote>\n<p>El <strong>tiroteo<\/strong> dej\u00f3, adem\u00e1s, tres viviendas y dos veh\u00edculos incendiados. Tambi\u00e9n dos casas de dos niveles fueron tiroteadas, en una de ellas, que recibi\u00f3 m\u00e1s de mil disparos, fueron encontrados dos hombres armados muertos, mientras que el cuerpo del Comisario municipal fue hallado afuera, en la calle.<\/p>\n<p>Esa vez los vecinos contaron que desde las 5:00 horas alertaron a las autoridades que un grupo armado estaba rodeando la comunidad y a las 6 comenzaron los disparos a las casas y a los pobladores, desde los cerros insistieron en pedir auxilio.<\/p>\n<p>Dijeron que llamaron al 911, directamente a la 35 Zona Militar con sede en Chilpancingo y a la Secretar\u00eda de Seguridad P\u00fablica del estado sin que nadie llegara a proteger a la <strong>poblaci\u00f3n<\/strong>durante la refriega.<\/p>\n<p>Los <strong>militares<\/strong> y polic\u00edas estatales llegaron despu\u00e9s del mediod\u00eda cuando el enfrentamiento hab\u00eda terminado. Los <strong>soldados<\/strong> y polic\u00edas detuvieron a cuatro hombres, a los que seg\u00fan la versi\u00f3n oficial les decomisaron dos fusiles AR-15 y otros dos AK-47, pero vecinos de Filo de Caballos les cerraron el paso y obligaron a liberarlos cuando pasaban por ese pueblo.<\/p>\n<p>Dos d\u00edas despu\u00e9s, el 11 de junio en El Ranchito, un caser\u00edo ubicado entre <strong>Corralitos<\/strong>y <strong>Filo de Caballos<\/strong>, ocurri\u00f3 otro <strong>enfrentamiento<\/strong>. All\u00ed,\u00a0despu\u00e9s del tiroteo, militares y polic\u00edas encontraron dos patrullas del Ej\u00e9rcito clonadas y a un hombre asesinado a balazos dentro de una de ellas.<\/p>\n<p>Tras estos dos <strong>enfrentamientos<\/strong>, el 22 de junio el coordinador de la <strong>Polic\u00eda Comunitaria<\/strong> de Heliodoro Castillo, Humberto Moreno Catal\u00e1n emplaz\u00f3 en una conferencia de prensa desde Tlacotepec al Gobernador H\u00e9ctor Astudillo Flores a que brindara garant\u00edas de seguridad en el corredor de Xochipala a Filo de Caballos (municipio de Leonardo Bravo).<\/p>\n<p>Denunci\u00f3 que en ese tramo se estaban cometiendo asesinatos, secuestros, asaltos, robos y extorsiones de un grupo delictivo asentado en ese pueblo.<\/p>\n<blockquote>\n<p>Moreno Catal\u00e1n declar\u00f3 que debido a la violencia ten\u00eda m\u00e1s de dos meses que no pod\u00edan pasar hacia <strong>Tlacotepec<\/strong> las Urvan del transporte p\u00fablico, las pipas de gasolina, los camiones de gas dom\u00e9stico y las camionetas que surten los productos b\u00e1sicos a esa cabecera municipal y a los pueblos vecinos.<\/p>\n<\/blockquote>\n<p>El coordinador declar\u00f3 que estaban dispuestos a coordinarse con los tres \u00f3rdenes de gobierno para lograr seguridad en ese corredor. Incluso dijo que tambi\u00e9n se coordinar\u00edan con la reci\u00e9n creada Polic\u00eda Ciudadana de Leonardo Bravo y Eduardo Neri si \u00e9stos se deslindaban del grupo delictivo que operaba en la zona.<\/p>\n<p>Moreno Catal\u00e1n advirti\u00f3 que si las autoridades no pacificaban esa ruta, 5 mil <strong>polic\u00edas comunitarios<\/strong> de Heliodoro Castillo, San Miguel Totolapan, Teloloapan y Apaxtla entrar\u00edan a hacerse cargo de la seguridad, y entraron.<\/p>\n<p>El primer aviso ocurri\u00f3 el 5 de septiembre. Ese d\u00eda <strong>polic\u00edas comunitarios<\/strong> y otros civiles armados de Heliodoro Castillo entraron a las 7 de la ma\u00f1ana a la comunidad de La Laguna, municipio de Eduardo Neri.<\/p>\n<p>En el ataque mataron a un polic\u00eda estatal acreditable de la Secretar\u00eda de Seguridad P\u00fablica Estatal (SSP), e hirieron a cuatro m\u00e1s, dos de la Polic\u00eda Acreditable y otros dos de la Polic\u00eda Estatal Rural.<\/p>\n<p>Los disparos se registraron en la base de la Polic\u00eda Estatal Rural en el centro del pueblo, mientras que en la calle principal 6 veh\u00edculos particulares y dos patrullas de la Polic\u00eda Ciudadana y una de la Polic\u00eda Estatal Rural fueron rafagueadas.<\/p>\n<p>Los integrantes del mismo grupo atacante incendiaron casi simult\u00e1neamente cinco veh\u00edculos, entre ellos una combi del servicio de transporte de la ruta Chilpancingo-Filo de Caballos y cuatro carros compactos particulares, en la carretera entre Casa Verde y Xochipala subiendo a la sierra, a unos 25 kil\u00f3metros de La Laguna.<\/p>\n<p>El Ej\u00e9rcito y la Polic\u00eda Estatal llegaron esa vez a las 11 de la ma\u00f1ana, cuatro horas despu\u00e9s de que comenz\u00f3 el ataque, aun cuando los vecinos comenzaron a pedir auxilio desde que comenzaron los balazos en La Laguna.<\/p>\n<p>Pobladores de <strong>Filo de Caballos<\/strong> denunciaron que otra c\u00e9lula del mismo grupo armado proveniente de Tlacotepec, a las 3 de la tarde dispar\u00f3 desde los cerros contra las viviendas de Carrizal, Puentecillas y El Ranchito, y que a esa hora a\u00fan no hab\u00eda llegado el Ej\u00e9rcito ni la Polic\u00eda Estatal a esos pueblos, aun cuando desde la ma\u00f1ana supieron del ataque en La Laguna y comenzaron a pedir ayuda temiendo que tambi\u00e9n sus pueblos fueran atacados.<\/p>\n<p class=\"p1\"><strong><span class=\"s1\">CIENTOS DE DESPLAZADOS<\/span><\/strong><\/p>\n<p>La batalla m\u00e1s cruenta ocurri\u00f3 el 11 de noviembre en <strong>Filo de Caballos<\/strong>, cuando 3 mil comunitarios del <strong>Frente Unido de Polic\u00edas Comunitarias del Estado de Guerrero (FUPCEG)<\/strong> provenientes de Heliodoro Castillo, Teloloapan, Apaxtla, Cocula y Eduardo Neri tomaron el pueblo.<\/p>\n<p>Durante la irrupci\u00f3n que dur\u00f3 desde las 14:00 hasta las 18:00 horas se conoci\u00f3 un saldo de siete muertos, seg\u00fan la versi\u00f3n de la coordinaci\u00f3n del mismo Frente, y un n\u00famero indeterminado de heridos, cinco de ellos del bando de la <strong>Polic\u00eda Comunitaria<\/strong>. Tambi\u00e9n se reportaron 30 veh\u00edculos y 20 casas tiroteadas, una m\u00e1s fue incendiada.<\/p>\n<blockquote>\n<p>A ra\u00edz de este enfrentamiento entre unos 3 mil <strong>comunitarios<\/strong> contra unos 100 civiles armados, que seg\u00fan la coordinaci\u00f3n del Frente de Polic\u00edas Comunitarias eran integrantes del grupo delictivo que se manten\u00eda en el pueblo, hubo m\u00e1s de mil 500 desplazados de este y otros ocho pueblos ubicados en el corredor de <strong>Xochipala<\/strong> a <strong>Filo de Caballos<\/strong>, seg\u00fan representantes de \u00e9stos.<\/p>\n<\/blockquote>\n<p>La mayor\u00eda de las personas\u00a0<strong>desplazadas<\/strong>\u00a0son mujeres y ni\u00f1os que se fueron a refugiar al auditorio municipal de Chichihualco.<\/p>\n<p>A pesar de la magnitud del enfrentamiento, no hubo la intervenci\u00f3n oportuna del Ej\u00e9rcito ni de la Polic\u00eda Estatal para evitar el encontronazo y v\u00edctimas civiles, aun cuando las fuerzas militares y estatales se encontraban en la zona.<\/p>\n<p>Seg\u00fan los testimonios de vecinos, estos pidieron el apoyo insistentemente a los militares y polic\u00edas estatales que estaban destacamentados en Campo de Aviaci\u00f3n, a menos de 10 minutos de <strong>Filo de Caballos<\/strong>, pero \u00e9stos entraron al pueblo cuando los comunitarios que llegaron de Tlacotepec se hab\u00edan apoderado de \u00e9l.<\/p>\n<p>A partir de entonces <strong>Filo de Caballos<\/strong> se encuentra ocupado por <strong>polic\u00edas comunitarios<\/strong>, as\u00ed como por militares y polic\u00edas estatales, como si fueran del mismo bando, o como si su presencia ya no los inhibiera porque a pesar de las fuerzas desplegadas all\u00ed siguen ocurriendo balaceras y enfrentamientos.<\/p>\n<p>El 19 de noviembre <strong>civiles armados<\/strong>provenientes de Chichihualco atacaron un ret\u00e9n de la Polic\u00eda Comunitaria de <strong>Heliodoro Castillo<\/strong>, entre las comunidades de Filo de Caballos y Carrizal de Bravo que dej\u00f3 ocho comunitarios heridos.<\/p>\n<p>Ese d\u00eda hubo tambi\u00e9n una balacera en <strong>Los Morros<\/strong> en donde los civiles armados, al parecer del mismo grupo atacante, atravesaron \u00e1rboles y un cami\u00f3n de la Coca Cola para evitar el paso.<\/p>\n<p>El 23 de noviembre otra vez los civiles armados de <strong>Chichihualco<\/strong> intentaron entrar a <strong>Filo de Caballos<\/strong> para desalojar a los <strong>polic\u00edas comunitarios<\/strong>. Esa vez no se reportaron muertos ni heridos.<\/p>\n<p>Ese d\u00eda pobladores de Los Morros y Campo de Aviaci\u00f3n informaron v\u00eda telef\u00f3nica que entre 20:30 y 21:00 horas escucharon detonaciones en esos pueblos.<\/p>\n<p>El 28 de noviembre otro episodio violento entre los <strong>grupos rivales<\/strong> habr\u00eda dejado 13 muertos cerca de <strong>Izotepec.<\/strong> El grupo que se adjudic\u00f3 los muertos los presumi\u00f3 en redes sociales con im\u00e1genes de la masacre y asegur\u00f3 que uno de los asesinados era \u201cEl Chaca\u201d, presunto jefe de sicarios de <strong>Izotepec,<\/strong> as\u00ed como cinco de sus sicarios.<\/p>\n<p>El jueves 29 de noviembre fueron ejecutados cerca de <strong>Puentecillas<\/strong> un menor de 16 a\u00f1os de edad y un adulto de 36 que hab\u00edan desaparecidos de Carrizal y de La Escalera, respectivamente, un d\u00eda anterior.<\/p>\n<p>De estos dos \u00faltimos casos la <strong>Polic\u00eda Comunitaria<\/strong> se deslind\u00f3. El vocero del Frente Unido de Polic\u00edas Comunitarias, Salvador Alan\u00eds, asegur\u00f3 el martes pasado que estas ejecuciones son el resultado del enfrentamiento que libran Juan Castillo, alias \u201cEl Teniente\u201d, con Juan Guevara, alias \u201cEl Jaleaco\u201d.<\/p>\n<p>\u201cTenemos entendido que \u2018El Teniente\u2019 fue desplazado de Izotepec y por esa raz\u00f3n tiene ese problema de a\u00f1os con \u2018El Jaleaco\u2019, y aprovechando la entrada del Frente de <strong>Polic\u00edas Comunitarias<\/strong> a<strong> Filo de Caballos<\/strong> el mi\u00e9rcoles, la gente de Izotepec vino a querer recuperar Filo de Caballos y la gente del <strong>Frente de Polic\u00edas Comunitarias<\/strong> los repeli\u00f3 y a su regreso, camino a Carrizal, los intercept\u00f3 la gente de \u2018El Teniente\u2019 y mat\u00f3 a algunos de ellos\u201d, cont\u00f3.<\/p>\n<p>La guerra por el control de ese co<strong>rredor de Xochipala a Filo de Caballos<\/strong> sigue y el n\u00famero de <strong>muertos<\/strong> y heridos oficialmente es incuantificable, porque no son s\u00f3lo los que reconoce la autoridad y los bandos que se enfrentan. Pobladores aseguran que algunos <strong>enfrentamientos<\/strong> han dejado m\u00e1s muertos de los que se informa a los medios de comunicaci\u00f3n.<\/p>\n<p>El director del Centro de Derechos Humanos Jos\u00e9 Mar\u00eda Morelos y Pav\u00f3n (Centro Morelos), Manuel Olivares Hern\u00e1ndez, opin\u00f3 que los da\u00f1os m\u00e1s graves que est\u00e1 dejando esta <strong>guerra<\/strong>son el <strong>desplazamiento de cientos de personas<\/strong>de esos pueblos, y las secuelas sicol\u00f3gicas en la gente que se queda en los pueblos \u201cpor las escenas de terror que est\u00e1n viviendo\u201d.<\/p>\n<p>Los grupos confrontados en este territorio son por un lado, Isaac Navarrete, alias \u201cEl Se\u00f1or de la I\u201d, supuesto l\u00edder del C\u00e1rtel del Sur que est\u00e1 en la zona de <strong>Chichihualco;<\/strong>\u00a0y por el otro Juan Castillo G\u00f3mez, alias \u201cEl Teniente\u201d, y On\u00e9simo Marquina, alias \u201cEl Necho\u201d, ubicados en la zona de <strong>Heliodoro Castillo<\/strong>, aunque la<strong>Polic\u00eda Comunitaria<\/strong> se ha deslindado de \u201cEl Teniente\u201d.<\/p>\n","protected":false},"excerpt":{"rendered":"<p>Enfrentamientos por la sierra de Chichihualco, en Guerrero, dejan 27 muertos y m\u00e1s de mil desplazados<br \/>\nPor Redacci\u00f3n QP<\/p>\n","protected":false},"author":2,"featured_media":11834,"comment_status":"open","ping_status":"open","sticky":false,"template":"","format":"standard","meta":{"_monsterinsights_skip_tracking":false,"_monsterinsights_sitenote_active":false,"_monsterinsights_sitenote_note":"","_monsterinsights_sitenote_category":0,"footnotes":""},"categories":[2],"tags":[],"class_list":["post-11835","post","type-post","status-publish","format-standard","has-post-thumbnail","hentry","category-noticias"],"yoast_head":"<!-- This site is optimized with the Yoast SEO plugin v27.3 - https:\/\/yoast.com\/product\/yoast-seo-wordpress\/ -->\n<title>Enfrentamientos por la sierra de Chichihualco, en Guerrero, dejan 27 muertos y m\u00e1s de mil desplazados -<\/title>\n<meta name=\"robots\" content=\"index, follow, max-snippet:-1, max-image-preview:large, max-video-preview:-1\" \/>\n<link rel=\"canonical\" href=\"https:\/\/quehacerpolitico.mx\/?p=11835\" \/>\n<meta property=\"og:locale\" content=\"es_MX\" \/>\n<meta property=\"og:type\" content=\"article\" \/>\n<meta property=\"og:title\" content=\"Enfrentamientos por la sierra de Chichihualco, en Guerrero, dejan 27 muertos y m\u00e1s de mil desplazados -\" \/>\n<meta property=\"og:description\" content=\"Enfrentamientos por la sierra de Chichihualco, en Guerrero, dejan 27 muertos y m\u00e1s de mil desplazados Por Redacci\u00f3n QP\" \/>\n<meta property=\"og:url\" content=\"https:\/\/quehacerpolitico.mx\/?p=11835\" \/>\n<meta property=\"article:published_time\" content=\"2018-12-15T18:35:32+00:00\" \/>\n<meta name=\"author\" content=\"Redacci\u00f3n QP\" \/>\n<meta name=\"twitter:card\" content=\"summary_large_image\" \/>\n<meta name=\"twitter:label1\" content=\"Escrito por\" \/>\n\t<meta name=\"twitter:data1\" content=\"Redacci\u00f3n QP\" \/>\n\t<meta name=\"twitter:label2\" content=\"Tiempo de lectura\" \/>\n\t<meta name=\"twitter:data2\" content=\"9 minutos\" \/>\n<script type=\"application\/ld+json\" class=\"yoast-schema-graph\">{\"@context\":\"https:\\\/\\\/schema.org\",\"@graph\":[{\"@type\":\"Article\",\"@id\":\"https:\\\/\\\/quehacerpolitico.mx\\\/?p=11835#article\",\"isPartOf\":{\"@id\":\"https:\\\/\\\/quehacerpolitico.mx\\\/?p=11835\"},\"author\":{\"name\":\"Redacci\u00f3n QP\",\"@id\":\"https:\\\/\\\/quehacerpolitico.mx\\\/#\\\/schema\\\/person\\\/496d8ad2d1d3f8036101dca7ee39e585\"},\"headline\":\"Enfrentamientos por la sierra de Chichihualco, en Guerrero, dejan 27 muertos y m\u00e1s de mil desplazados\",\"datePublished\":\"2018-12-15T18:35:32+00:00\",\"mainEntityOfPage\":{\"@id\":\"https:\\\/\\\/quehacerpolitico.mx\\\/?p=11835\"},\"wordCount\":1869,\"commentCount\":0,\"image\":{\"@id\":\"https:\\\/\\\/quehacerpolitico.mx\\\/?p=11835#primaryimage\"},\"thumbnailUrl\":\"\",\"articleSection\":[\"Noticias\"],\"inLanguage\":\"es\",\"potentialAction\":[{\"@type\":\"CommentAction\",\"name\":\"Comment\",\"target\":[\"https:\\\/\\\/quehacerpolitico.mx\\\/?p=11835#respond\"]}]},{\"@type\":\"WebPage\",\"@id\":\"https:\\\/\\\/quehacerpolitico.mx\\\/?p=11835\",\"url\":\"https:\\\/\\\/quehacerpolitico.mx\\\/?p=11835\",\"name\":\"Enfrentamientos por la sierra de Chichihualco, en Guerrero, dejan 27 muertos y m\u00e1s de mil desplazados -\",\"isPartOf\":{\"@id\":\"https:\\\/\\\/quehacerpolitico.mx\\\/#website\"},\"primaryImageOfPage\":{\"@id\":\"https:\\\/\\\/quehacerpolitico.mx\\\/?p=11835#primaryimage\"},\"image\":{\"@id\":\"https:\\\/\\\/quehacerpolitico.mx\\\/?p=11835#primaryimage\"},\"thumbnailUrl\":\"\",\"datePublished\":\"2018-12-15T18:35:32+00:00\",\"author\":{\"@id\":\"https:\\\/\\\/quehacerpolitico.mx\\\/#\\\/schema\\\/person\\\/496d8ad2d1d3f8036101dca7ee39e585\"},\"breadcrumb\":{\"@id\":\"https:\\\/\\\/quehacerpolitico.mx\\\/?p=11835#breadcrumb\"},\"inLanguage\":\"es\",\"potentialAction\":[{\"@type\":\"ReadAction\",\"target\":[\"https:\\\/\\\/quehacerpolitico.mx\\\/?p=11835\"]}]},{\"@type\":\"ImageObject\",\"inLanguage\":\"es\",\"@id\":\"https:\\\/\\\/quehacerpolitico.mx\\\/?p=11835#primaryimage\",\"url\":\"\",\"contentUrl\":\"\"},{\"@type\":\"BreadcrumbList\",\"@id\":\"https:\\\/\\\/quehacerpolitico.mx\\\/?p=11835#breadcrumb\",\"itemListElement\":[{\"@type\":\"ListItem\",\"position\":1,\"name\":\"Inicio\",\"item\":\"https:\\\/\\\/quehacerpolitico.mx\\\/\"},{\"@type\":\"ListItem\",\"position\":2,\"name\":\"Enfrentamientos por la sierra de Chichihualco, en Guerrero, dejan 27 muertos y m\u00e1s de mil desplazados\"}]},{\"@type\":\"WebSite\",\"@id\":\"https:\\\/\\\/quehacerpolitico.mx\\\/#website\",\"url\":\"https:\\\/\\\/quehacerpolitico.mx\\\/\",\"name\":\"\",\"description\":\"\",\"potentialAction\":[{\"@type\":\"SearchAction\",\"target\":{\"@type\":\"EntryPoint\",\"urlTemplate\":\"https:\\\/\\\/quehacerpolitico.mx\\\/?s={search_term_string}\"},\"query-input\":{\"@type\":\"PropertyValueSpecification\",\"valueRequired\":true,\"valueName\":\"search_term_string\"}}],\"inLanguage\":\"es\"},{\"@type\":\"Person\",\"@id\":\"https:\\\/\\\/quehacerpolitico.mx\\\/#\\\/schema\\\/person\\\/496d8ad2d1d3f8036101dca7ee39e585\",\"name\":\"Redacci\u00f3n QP\",\"image\":{\"@type\":\"ImageObject\",\"inLanguage\":\"es\",\"@id\":\"https:\\\/\\\/secure.gravatar.com\\\/avatar\\\/c7164ed6fdec453195284ad24a5ae5b6e1eed2b848477fa2a4787ba9adf39a41?s=96&d=mm&r=g\",\"url\":\"https:\\\/\\\/secure.gravatar.com\\\/avatar\\\/c7164ed6fdec453195284ad24a5ae5b6e1eed2b848477fa2a4787ba9adf39a41?s=96&d=mm&r=g\",\"contentUrl\":\"https:\\\/\\\/secure.gravatar.com\\\/avatar\\\/c7164ed6fdec453195284ad24a5ae5b6e1eed2b848477fa2a4787ba9adf39a41?s=96&d=mm&r=g\",\"caption\":\"Redacci\u00f3n QP\"},\"url\":\"https:\\\/\\\/quehacerpolitico.mx\\\/?author=2\"}]}<\/script>\n<!-- \/ Yoast SEO plugin. -->","yoast_head_json":{"title":"Enfrentamientos por la sierra de Chichihualco, en Guerrero, dejan 27 muertos y m\u00e1s de mil desplazados -","robots":{"index":"index","follow":"follow","max-snippet":"max-snippet:-1","max-image-preview":"max-image-preview:large","max-video-preview":"max-video-preview:-1"},"canonical":"https:\/\/quehacerpolitico.mx\/?p=11835","og_locale":"es_MX","og_type":"article","og_title":"Enfrentamientos por la sierra de Chichihualco, en Guerrero, dejan 27 muertos y m\u00e1s de mil desplazados -","og_description":"Enfrentamientos por la sierra de Chichihualco, en Guerrero, dejan 27 muertos y m\u00e1s de mil desplazados Por Redacci\u00f3n QP","og_url":"https:\/\/quehacerpolitico.mx\/?p=11835","article_published_time":"2018-12-15T18:35:32+00:00","author":"Redacci\u00f3n QP","twitter_card":"summary_large_image","twitter_misc":{"Escrito por":"Redacci\u00f3n QP","Tiempo de lectura":"9 minutos"},"schema":{"@context":"https:\/\/schema.org","@graph":[{"@type":"Article","@id":"https:\/\/quehacerpolitico.mx\/?p=11835#article","isPartOf":{"@id":"https:\/\/quehacerpolitico.mx\/?p=11835"},"author":{"name":"Redacci\u00f3n QP","@id":"https:\/\/quehacerpolitico.mx\/#\/schema\/person\/496d8ad2d1d3f8036101dca7ee39e585"},"headline":"Enfrentamientos por la sierra de Chichihualco, en Guerrero, dejan 27 muertos y m\u00e1s de mil desplazados","datePublished":"2018-12-15T18:35:32+00:00","mainEntityOfPage":{"@id":"https:\/\/quehacerpolitico.mx\/?p=11835"},"wordCount":1869,"commentCount":0,"image":{"@id":"https:\/\/quehacerpolitico.mx\/?p=11835#primaryimage"},"thumbnailUrl":"","articleSection":["Noticias"],"inLanguage":"es","potentialAction":[{"@type":"CommentAction","name":"Comment","target":["https:\/\/quehacerpolitico.mx\/?p=11835#respond"]}]},{"@type":"WebPage","@id":"https:\/\/quehacerpolitico.mx\/?p=11835","url":"https:\/\/quehacerpolitico.mx\/?p=11835","name":"Enfrentamientos por la sierra de Chichihualco, en Guerrero, dejan 27 muertos y m\u00e1s de mil desplazados -","isPartOf":{"@id":"https:\/\/quehacerpolitico.mx\/#website"},"primaryImageOfPage":{"@id":"https:\/\/quehacerpolitico.mx\/?p=11835#primaryimage"},"image":{"@id":"https:\/\/quehacerpolitico.mx\/?p=11835#primaryimage"},"thumbnailUrl":"","datePublished":"2018-12-15T18:35:32+00:00","author":{"@id":"https:\/\/quehacerpolitico.mx\/#\/schema\/person\/496d8ad2d1d3f8036101dca7ee39e585"},"breadcrumb":{"@id":"https:\/\/quehacerpolitico.mx\/?p=11835#breadcrumb"},"inLanguage":"es","potentialAction":[{"@type":"ReadAction","target":["https:\/\/quehacerpolitico.mx\/?p=11835"]}]},{"@type":"ImageObject","inLanguage":"es","@id":"https:\/\/quehacerpolitico.mx\/?p=11835#primaryimage","url":"","contentUrl":""},{"@type":"BreadcrumbList","@id":"https:\/\/quehacerpolitico.mx\/?p=11835#breadcrumb","itemListElement":[{"@type":"ListItem","position":1,"name":"Inicio","item":"https:\/\/quehacerpolitico.mx\/"},{"@type":"ListItem","position":2,"name":"Enfrentamientos por la sierra de Chichihualco, en Guerrero, dejan 27 muertos y m\u00e1s de mil desplazados"}]},{"@type":"WebSite","@id":"https:\/\/quehacerpolitico.mx\/#website","url":"https:\/\/quehacerpolitico.mx\/","name":"","description":"","potentialAction":[{"@type":"SearchAction","target":{"@type":"EntryPoint","urlTemplate":"https:\/\/quehacerpolitico.mx\/?s={search_term_string}"},"query-input":{"@type":"PropertyValueSpecification","valueRequired":true,"valueName":"search_term_string"}}],"inLanguage":"es"},{"@type":"Person","@id":"https:\/\/quehacerpolitico.mx\/#\/schema\/person\/496d8ad2d1d3f8036101dca7ee39e585","name":"Redacci\u00f3n QP","image":{"@type":"ImageObject","inLanguage":"es","@id":"https:\/\/secure.gravatar.com\/avatar\/c7164ed6fdec453195284ad24a5ae5b6e1eed2b848477fa2a4787ba9adf39a41?s=96&d=mm&r=g","url":"https:\/\/secure.gravatar.com\/avatar\/c7164ed6fdec453195284ad24a5ae5b6e1eed2b848477fa2a4787ba9adf39a41?s=96&d=mm&r=g","contentUrl":"https:\/\/secure.gravatar.com\/avatar\/c7164ed6fdec453195284ad24a5ae5b6e1eed2b848477fa2a4787ba9adf39a41?s=96&d=mm&r=g","caption":"Redacci\u00f3n QP"},"url":"https:\/\/quehacerpolitico.mx\/?author=2"}]}},"featured_image_urls":{"full":"","thumbnail":"","medium":"","medium_large":"","large":"","1536x1536":"","2048x2048":"","covernews-featured":"","covernews-medium":""},"author_info":{"display_name":"Redacci\u00f3n QP","author_link":"https:\/\/quehacerpolitico.mx\/?author=2"},"category_info":"<a href=\"https:\/\/quehacerpolitico.mx\/?cat=2\" rel=\"category\">Noticias<\/a>","tag_info":"Noticias","comment_count":"0","_links":{"self":[{"href":"https:\/\/quehacerpolitico.mx\/index.php?rest_route=\/wp\/v2\/posts\/11835","targetHints":{"allow":["GET"]}}],"collection":[{"href":"https:\/\/quehacerpolitico.mx\/index.php?rest_route=\/wp\/v2\/posts"}],"about":[{"href":"https:\/\/quehacerpolitico.mx\/index.php?rest_route=\/wp\/v2\/types\/post"}],"author":[{"embeddable":true,"href":"https:\/\/quehacerpolitico.mx\/index.php?rest_route=\/wp\/v2\/users\/2"}],"replies":[{"embeddable":true,"href":"https:\/\/quehacerpolitico.mx\/index.php?rest_route=%2Fwp%2Fv2%2Fcomments&post=11835"}],"version-history":[{"count":0,"href":"https:\/\/quehacerpolitico.mx\/index.php?rest_route=\/wp\/v2\/posts\/11835\/revisions"}],"wp:featuredmedia":[{"embeddable":true,"href":"https:\/\/quehacerpolitico.mx\/index.php?rest_route=\/"}],"wp:attachment":[{"href":"https:\/\/quehacerpolitico.mx\/index.php?rest_route=%2Fwp%2Fv2%2Fmedia&parent=11835"}],"wp:term":[{"taxonomy":"category","embeddable":true,"href":"https:\/\/quehacerpolitico.mx\/index.php?rest_route=%2Fwp%2Fv2%2Fcategories&post=11835"},{"taxonomy":"post_tag","embeddable":true,"href":"https:\/\/quehacerpolitico.mx\/index.php?rest_route=%2Fwp%2Fv2%2Ftags&post=11835"}],"curies":[{"name":"wp","href":"https:\/\/api.w.org\/{rel}","templated":true}]}}