{"id":118301,"date":"2025-08-05T13:39:45","date_gmt":"2025-08-05T19:39:45","guid":{"rendered":"https:\/\/quehacerpolitico.mx\/?p=118301"},"modified":"2025-08-05T13:39:48","modified_gmt":"2025-08-05T19:39:48","slug":"hugo-aguilar-visita-el-senado-lo-reciben-adan-augusto-lopez-y-fernandez-norona","status":"publish","type":"post","link":"https:\/\/quehacerpolitico.mx\/?p=118301","title":{"rendered":"Hugo Aguilar visita el Senado; lo reciben Ad\u00e1n Augusto L\u00f3pez y Fern\u00e1ndez Noro\u00f1a"},"content":{"rendered":"\n<p>Por Redacci\u00f3n QP<\/p>\n\n\n\n<p>La visita del ministro electo tiene el prop\u00f3sito de acordar la log\u00edstica y horarios para la toma de protesta de los nueve\u00a0ministros electos ante la C\u00e1mara Alta el pr\u00f3ximo 1 de septiembre<\/p>\n\n\n\n<p>El presidente electo de la Suprema Corte de Justicia de la Naci\u00f3n (SCJN),&nbsp;<strong>Hugo Aguilar Ortiz<\/strong>, lleg\u00f3 esta ma\u00f1ana al&nbsp;<strong>Senado de la Rep\u00fablica<\/strong>&nbsp;donde se reunir\u00e1 en privado con los presidentes de la Junta de Coordinaci\u00f3n Pol\u00edtica,&nbsp;<strong>Ad\u00e1n Augusto L\u00f3pez Hern\u00e1ndez,<\/strong>&nbsp;y del Senado,&nbsp;<strong>Gerardo Fern\u00e1ndez Noro\u00f1a<\/strong>, ambos de Morena.<\/p>\n\n\n\n<figure class=\"wp-block-embed is-type-rich is-provider-twitter wp-block-embed-twitter\"><div class=\"wp-block-embed__wrapper\">\n<blockquote class=\"twitter-tweet\" data-width=\"550\" data-dnt=\"true\"><p lang=\"es\" dir=\"ltr\">\ud83d\udc68\u200d\u2696\ufe0f Ministro electo, Hugo Aguilar, arriba en las oficinas de la Mesa Directiva del Senado para desayunar con Gerardo Fern\u00e1ndez Noro\u00f1a. <a href=\"https:\/\/t.co\/BSTXwIAhsb\">pic.twitter.com\/BSTXwIAhsb<\/a><\/p>&mdash; Azucena Uresti (@azucenau) <a href=\"https:\/\/twitter.com\/azucenau\/status\/1952763083941671241?ref_src=twsrc%5Etfw\">August 5, 2025<\/a><\/blockquote><script async src=\"https:\/\/platform.twitter.com\/widgets.js\" charset=\"utf-8\"><\/script>\n<\/div><\/figure>\n\n\n\n<p>A bordo de una camioneta de alta gama, Hugo Aguilar lleg\u00f3 poco antes de las 9:00 de la ma\u00f1ana de este martes, y fue recibido en el estacionamiento por L\u00f3pez Hern\u00e1ndez, Fern\u00e1ndez Noro\u00f1a, as\u00ed como el senador morenista&nbsp;<strong>Manuel<\/strong><strong>Huerta<\/strong>.<\/p>\n\n\n\n<p>A su llegada, Aguilar Ortiz evit\u00f3 hacer comentarios a los medios de comunicaci\u00f3n. A la reuni\u00f3n tambi\u00e9n acudir\u00e1 el vicecoordinador de Morena en el Senado,&nbsp;<strong>Ignacio<\/strong>&nbsp;<strong>Mier<\/strong>.<\/p>\n\n\n\n<p>De acuerdo con personal del Senado, la visita del ministro electo tiene el prop\u00f3sito de acordar la log\u00edstica y horarios para la toma de protesta de los nueve&nbsp;ministros electos ante la C\u00e1mara Alta el pr\u00f3ximo 1 de septiembre.<\/p>\n\n\n\n<figure class=\"wp-block-image size-large\"><img loading=\"lazy\" decoding=\"async\" width=\"617\" height=\"1024\" src=\"https:\/\/quehacerpolitico.mx\/wp-content\/uploads\/2025\/08\/IMG_2440-617x1024.jpeg\" alt=\"\" class=\"wp-image-118302\" srcset=\"https:\/\/quehacerpolitico.mx\/wp-content\/uploads\/2025\/08\/IMG_2440-617x1024.jpeg 617w, https:\/\/quehacerpolitico.mx\/wp-content\/uploads\/2025\/08\/IMG_2440-181x300.jpeg 181w, https:\/\/quehacerpolitico.mx\/wp-content\/uploads\/2025\/08\/IMG_2440.jpeg 720w\" sizes=\"auto, (max-width: 617px) 100vw, 617px\" \/><\/figure>\n\n\n\n<p>La nueva composici\u00f3n de la SCJN, a partir del 1 de septiembre, fijar\u00e1 un precedente hist\u00f3rico con la llegada por primera vez de nueve&nbsp;<strong>ministros electos<\/strong>, y el relevo de facto de los actuales ministros que a\u00fan no cumpl\u00edan su mandato constitucional, algo no visto desde la reforma de 1994.<\/p>\n\n\n\n<figure class=\"wp-block-embed is-type-rich is-provider-twitter wp-block-embed-twitter\"><div class=\"wp-block-embed__wrapper\">\n<blockquote class=\"twitter-tweet\" data-width=\"550\" data-dnt=\"true\"><p lang=\"es\" dir=\"ltr\">\ud83d\udd34Sheinbaum no ir\u00e1 al Congreso el 1 de septiembre, pero s\u00ed asistir\u00eda a la Corte<br><br>Tras declarar que no acudir\u00e1 al Congreso, pero s\u00ed a la Corte \u201csi la invitan\u201d, la presidenta Claudia Sheinbaum asistir\u00eda a la primera sesi\u00f3n con Hugo Aguilar, nuevo titular de la <a href=\"https:\/\/twitter.com\/SCJN?ref_src=twsrc%5Etfw\">@SCJN<\/a>.<br><br>Hoy, el\u2026 <a href=\"https:\/\/t.co\/friczujVRf\">pic.twitter.com\/friczujVRf<\/a><\/p>&mdash; Azucena Uresti (@azucenau) <a href=\"https:\/\/twitter.com\/azucenau\/status\/1952790522419884500?ref_src=twsrc%5Etfw\">August 5, 2025<\/a><\/blockquote><script async src=\"https:\/\/platform.twitter.com\/widgets.js\" charset=\"utf-8\"><\/script>\n<\/div><\/figure>\n\n\n\n<figure class=\"wp-block-embed is-type-rich is-provider-twitter wp-block-embed-twitter\"><div class=\"wp-block-embed__wrapper\">\n<blockquote class=\"twitter-tweet\" data-width=\"550\" data-dnt=\"true\"><p lang=\"es\" dir=\"ltr\">\ud83e\uddd1\u200d\u2696\ufe0fHugo Aguilar promete transici\u00f3n sin vac\u00edos en la SCJN<br><br>El pr\u00f3ximo presidente de la <a href=\"https:\/\/twitter.com\/SCJN?ref_src=twsrc%5Etfw\">@SCJN<\/a>, Hugo Aguilar, afirm\u00f3 que trabajan para evitar vac\u00edos de poder tras el relevo del 1 de septiembre.<br><br>El \u00d3rgano de Administraci\u00f3n Judicial deber\u00e1 estar listo ese mismo d\u00eda, aunque no precis\u00f3\u2026 <a href=\"https:\/\/t.co\/M617agxysA\">pic.twitter.com\/M617agxysA<\/a><\/p>&mdash; Azucena Uresti (@azucenau) <a href=\"https:\/\/twitter.com\/azucenau\/status\/1952783650614898811?ref_src=twsrc%5Etfw\">August 5, 2025<\/a><\/blockquote><script async src=\"https:\/\/platform.twitter.com\/widgets.js\" charset=\"utf-8\"><\/script>\n<\/div><\/figure>\n\n\n\n<p>La&nbsp;<strong>reforma<\/strong>&nbsp;<strong>judicial<\/strong>, aprobada por la mayor\u00eda de Morena y sus aliados, impuso en M\u00e9xico la elecci\u00f3n por primera vez de ministros, y la mitad de jueces y magistrados. La otra mitad ser\u00e1 elegida en las elecciones intermedias del 2027.<\/p>\n","protected":false},"excerpt":{"rendered":"<p>Por Redacci\u00f3n QP La visita del ministro electo tiene el prop\u00f3sito de acordar la log\u00edstica&#8230;<\/p>\n","protected":false},"author":2,"featured_media":118303,"comment_status":"open","ping_status":"open","sticky":false,"template":"","format":"standard","meta":{"_monsterinsights_skip_tracking":false,"_monsterinsights_sitenote_active":false,"_monsterinsights_sitenote_note":"","_monsterinsights_sitenote_category":0,"footnotes":""},"categories":[280,2],"tags":[],"class_list":["post-118301","post","type-post","status-publish","format-standard","has-post-thumbnail","hentry","category-nacionales","category-noticias"],"yoast_head":"<!-- This site is optimized with the Yoast SEO plugin v27.3 - https:\/\/yoast.com\/product\/yoast-seo-wordpress\/ -->\n<title>Hugo Aguilar visita el Senado; lo reciben Ad\u00e1n Augusto L\u00f3pez y Fern\u00e1ndez Noro\u00f1a -<\/title>\n<meta name=\"robots\" content=\"index, follow, max-snippet:-1, max-image-preview:large, max-video-preview:-1\" \/>\n<link rel=\"canonical\" href=\"https:\/\/quehacerpolitico.mx\/?p=118301\" \/>\n<meta property=\"og:locale\" content=\"es_MX\" \/>\n<meta property=\"og:type\" content=\"article\" \/>\n<meta property=\"og:title\" content=\"Hugo Aguilar visita el Senado; lo reciben Ad\u00e1n Augusto L\u00f3pez y Fern\u00e1ndez Noro\u00f1a -\" \/>\n<meta property=\"og:description\" content=\"Por Redacci\u00f3n QP La visita del ministro electo tiene el prop\u00f3sito de acordar la log\u00edstica...\" \/>\n<meta property=\"og:url\" content=\"https:\/\/quehacerpolitico.mx\/?p=118301\" \/>\n<meta property=\"article:published_time\" content=\"2025-08-05T19:39:45+00:00\" \/>\n<meta property=\"article:modified_time\" content=\"2025-08-05T19:39:48+00:00\" \/>\n<meta property=\"og:image\" content=\"https:\/\/quehacerpolitico.mx\/wp-content\/uploads\/2025\/08\/IMG_2446.jpeg\" \/>\n\t<meta property=\"og:image:width\" content=\"1541\" \/>\n\t<meta property=\"og:image:height\" content=\"1156\" \/>\n\t<meta property=\"og:image:type\" content=\"image\/jpeg\" \/>\n<meta name=\"author\" content=\"Redacci\u00f3n QP\" \/>\n<meta name=\"twitter:card\" content=\"summary_large_image\" \/>\n<meta name=\"twitter:label1\" content=\"Escrito por\" \/>\n\t<meta name=\"twitter:data1\" content=\"Redacci\u00f3n QP\" \/>\n\t<meta name=\"twitter:label2\" content=\"Tiempo de lectura\" \/>\n\t<meta name=\"twitter:data2\" content=\"2 minutos\" \/>\n<script type=\"application\/ld+json\" class=\"yoast-schema-graph\">{\"@context\":\"https:\\\/\\\/schema.org\",\"@graph\":[{\"@type\":\"Article\",\"@id\":\"https:\\\/\\\/quehacerpolitico.mx\\\/?p=118301#article\",\"isPartOf\":{\"@id\":\"https:\\\/\\\/quehacerpolitico.mx\\\/?p=118301\"},\"author\":{\"name\":\"Redacci\u00f3n QP\",\"@id\":\"https:\\\/\\\/quehacerpolitico.mx\\\/#\\\/schema\\\/person\\\/496d8ad2d1d3f8036101dca7ee39e585\"},\"headline\":\"Hugo Aguilar visita el Senado; lo reciben Ad\u00e1n Augusto L\u00f3pez y Fern\u00e1ndez Noro\u00f1a\",\"datePublished\":\"2025-08-05T19:39:45+00:00\",\"dateModified\":\"2025-08-05T19:39:48+00:00\",\"mainEntityOfPage\":{\"@id\":\"https:\\\/\\\/quehacerpolitico.mx\\\/?p=118301\"},\"wordCount\":359,\"commentCount\":0,\"image\":{\"@id\":\"https:\\\/\\\/quehacerpolitico.mx\\\/?p=118301#primaryimage\"},\"thumbnailUrl\":\"https:\\\/\\\/quehacerpolitico.mx\\\/wp-content\\\/uploads\\\/2025\\\/08\\\/IMG_2446.jpeg\",\"articleSection\":[\"Nacionales\",\"Noticias\"],\"inLanguage\":\"es\",\"potentialAction\":[{\"@type\":\"CommentAction\",\"name\":\"Comment\",\"target\":[\"https:\\\/\\\/quehacerpolitico.mx\\\/?p=118301#respond\"]}]},{\"@type\":\"WebPage\",\"@id\":\"https:\\\/\\\/quehacerpolitico.mx\\\/?p=118301\",\"url\":\"https:\\\/\\\/quehacerpolitico.mx\\\/?p=118301\",\"name\":\"Hugo Aguilar visita el Senado; lo reciben Ad\u00e1n Augusto L\u00f3pez y Fern\u00e1ndez Noro\u00f1a -\",\"isPartOf\":{\"@id\":\"https:\\\/\\\/quehacerpolitico.mx\\\/#website\"},\"primaryImageOfPage\":{\"@id\":\"https:\\\/\\\/quehacerpolitico.mx\\\/?p=118301#primaryimage\"},\"image\":{\"@id\":\"https:\\\/\\\/quehacerpolitico.mx\\\/?p=118301#primaryimage\"},\"thumbnailUrl\":\"https:\\\/\\\/quehacerpolitico.mx\\\/wp-content\\\/uploads\\\/2025\\\/08\\\/IMG_2446.jpeg\",\"datePublished\":\"2025-08-05T19:39:45+00:00\",\"dateModified\":\"2025-08-05T19:39:48+00:00\",\"author\":{\"@id\":\"https:\\\/\\\/quehacerpolitico.mx\\\/#\\\/schema\\\/person\\\/496d8ad2d1d3f8036101dca7ee39e585\"},\"breadcrumb\":{\"@id\":\"https:\\\/\\\/quehacerpolitico.mx\\\/?p=118301#breadcrumb\"},\"inLanguage\":\"es\",\"potentialAction\":[{\"@type\":\"ReadAction\",\"target\":[\"https:\\\/\\\/quehacerpolitico.mx\\\/?p=118301\"]}]},{\"@type\":\"ImageObject\",\"inLanguage\":\"es\",\"@id\":\"https:\\\/\\\/quehacerpolitico.mx\\\/?p=118301#primaryimage\",\"url\":\"https:\\\/\\\/quehacerpolitico.mx\\\/wp-content\\\/uploads\\\/2025\\\/08\\\/IMG_2446.jpeg\",\"contentUrl\":\"https:\\\/\\\/quehacerpolitico.mx\\\/wp-content\\\/uploads\\\/2025\\\/08\\\/IMG_2446.jpeg\",\"width\":1541,\"height\":1156},{\"@type\":\"BreadcrumbList\",\"@id\":\"https:\\\/\\\/quehacerpolitico.mx\\\/?p=118301#breadcrumb\",\"itemListElement\":[{\"@type\":\"ListItem\",\"position\":1,\"name\":\"Inicio\",\"item\":\"https:\\\/\\\/quehacerpolitico.mx\\\/\"},{\"@type\":\"ListItem\",\"position\":2,\"name\":\"Hugo Aguilar visita el Senado; lo reciben Ad\u00e1n Augusto L\u00f3pez y Fern\u00e1ndez Noro\u00f1a\"}]},{\"@type\":\"WebSite\",\"@id\":\"https:\\\/\\\/quehacerpolitico.mx\\\/#website\",\"url\":\"https:\\\/\\\/quehacerpolitico.mx\\\/\",\"name\":\"\",\"description\":\"\",\"potentialAction\":[{\"@type\":\"SearchAction\",\"target\":{\"@type\":\"EntryPoint\",\"urlTemplate\":\"https:\\\/\\\/quehacerpolitico.mx\\\/?s={search_term_string}\"},\"query-input\":{\"@type\":\"PropertyValueSpecification\",\"valueRequired\":true,\"valueName\":\"search_term_string\"}}],\"inLanguage\":\"es\"},{\"@type\":\"Person\",\"@id\":\"https:\\\/\\\/quehacerpolitico.mx\\\/#\\\/schema\\\/person\\\/496d8ad2d1d3f8036101dca7ee39e585\",\"name\":\"Redacci\u00f3n QP\",\"image\":{\"@type\":\"ImageObject\",\"inLanguage\":\"es\",\"@id\":\"https:\\\/\\\/secure.gravatar.com\\\/avatar\\\/c7164ed6fdec453195284ad24a5ae5b6e1eed2b848477fa2a4787ba9adf39a41?s=96&d=mm&r=g\",\"url\":\"https:\\\/\\\/secure.gravatar.com\\\/avatar\\\/c7164ed6fdec453195284ad24a5ae5b6e1eed2b848477fa2a4787ba9adf39a41?s=96&d=mm&r=g\",\"contentUrl\":\"https:\\\/\\\/secure.gravatar.com\\\/avatar\\\/c7164ed6fdec453195284ad24a5ae5b6e1eed2b848477fa2a4787ba9adf39a41?s=96&d=mm&r=g\",\"caption\":\"Redacci\u00f3n QP\"},\"url\":\"https:\\\/\\\/quehacerpolitico.mx\\\/?author=2\"}]}<\/script>\n<!-- \/ Yoast SEO plugin. -->","yoast_head_json":{"title":"Hugo Aguilar visita el Senado; lo reciben Ad\u00e1n Augusto L\u00f3pez y Fern\u00e1ndez Noro\u00f1a -","robots":{"index":"index","follow":"follow","max-snippet":"max-snippet:-1","max-image-preview":"max-image-preview:large","max-video-preview":"max-video-preview:-1"},"canonical":"https:\/\/quehacerpolitico.mx\/?p=118301","og_locale":"es_MX","og_type":"article","og_title":"Hugo Aguilar visita el Senado; lo reciben Ad\u00e1n Augusto L\u00f3pez y Fern\u00e1ndez Noro\u00f1a -","og_description":"Por Redacci\u00f3n QP La visita del ministro electo tiene el prop\u00f3sito de acordar la log\u00edstica...","og_url":"https:\/\/quehacerpolitico.mx\/?p=118301","article_published_time":"2025-08-05T19:39:45+00:00","article_modified_time":"2025-08-05T19:39:48+00:00","og_image":[{"width":1541,"height":1156,"url":"https:\/\/quehacerpolitico.mx\/wp-content\/uploads\/2025\/08\/IMG_2446.jpeg","type":"image\/jpeg"}],"author":"Redacci\u00f3n QP","twitter_card":"summary_large_image","twitter_misc":{"Escrito por":"Redacci\u00f3n QP","Tiempo de lectura":"2 minutos"},"schema":{"@context":"https:\/\/schema.org","@graph":[{"@type":"Article","@id":"https:\/\/quehacerpolitico.mx\/?p=118301#article","isPartOf":{"@id":"https:\/\/quehacerpolitico.mx\/?p=118301"},"author":{"name":"Redacci\u00f3n QP","@id":"https:\/\/quehacerpolitico.mx\/#\/schema\/person\/496d8ad2d1d3f8036101dca7ee39e585"},"headline":"Hugo Aguilar visita el Senado; lo reciben Ad\u00e1n Augusto L\u00f3pez y Fern\u00e1ndez Noro\u00f1a","datePublished":"2025-08-05T19:39:45+00:00","dateModified":"2025-08-05T19:39:48+00:00","mainEntityOfPage":{"@id":"https:\/\/quehacerpolitico.mx\/?p=118301"},"wordCount":359,"commentCount":0,"image":{"@id":"https:\/\/quehacerpolitico.mx\/?p=118301#primaryimage"},"thumbnailUrl":"https:\/\/quehacerpolitico.mx\/wp-content\/uploads\/2025\/08\/IMG_2446.jpeg","articleSection":["Nacionales","Noticias"],"inLanguage":"es","potentialAction":[{"@type":"CommentAction","name":"Comment","target":["https:\/\/quehacerpolitico.mx\/?p=118301#respond"]}]},{"@type":"WebPage","@id":"https:\/\/quehacerpolitico.mx\/?p=118301","url":"https:\/\/quehacerpolitico.mx\/?p=118301","name":"Hugo Aguilar visita el Senado; lo reciben Ad\u00e1n Augusto L\u00f3pez y Fern\u00e1ndez Noro\u00f1a -","isPartOf":{"@id":"https:\/\/quehacerpolitico.mx\/#website"},"primaryImageOfPage":{"@id":"https:\/\/quehacerpolitico.mx\/?p=118301#primaryimage"},"image":{"@id":"https:\/\/quehacerpolitico.mx\/?p=118301#primaryimage"},"thumbnailUrl":"https:\/\/quehacerpolitico.mx\/wp-content\/uploads\/2025\/08\/IMG_2446.jpeg","datePublished":"2025-08-05T19:39:45+00:00","dateModified":"2025-08-05T19:39:48+00:00","author":{"@id":"https:\/\/quehacerpolitico.mx\/#\/schema\/person\/496d8ad2d1d3f8036101dca7ee39e585"},"breadcrumb":{"@id":"https:\/\/quehacerpolitico.mx\/?p=118301#breadcrumb"},"inLanguage":"es","potentialAction":[{"@type":"ReadAction","target":["https:\/\/quehacerpolitico.mx\/?p=118301"]}]},{"@type":"ImageObject","inLanguage":"es","@id":"https:\/\/quehacerpolitico.mx\/?p=118301#primaryimage","url":"https:\/\/quehacerpolitico.mx\/wp-content\/uploads\/2025\/08\/IMG_2446.jpeg","contentUrl":"https:\/\/quehacerpolitico.mx\/wp-content\/uploads\/2025\/08\/IMG_2446.jpeg","width":1541,"height":1156},{"@type":"BreadcrumbList","@id":"https:\/\/quehacerpolitico.mx\/?p=118301#breadcrumb","itemListElement":[{"@type":"ListItem","position":1,"name":"Inicio","item":"https:\/\/quehacerpolitico.mx\/"},{"@type":"ListItem","position":2,"name":"Hugo Aguilar visita el Senado; lo reciben Ad\u00e1n Augusto L\u00f3pez y Fern\u00e1ndez Noro\u00f1a"}]},{"@type":"WebSite","@id":"https:\/\/quehacerpolitico.mx\/#website","url":"https:\/\/quehacerpolitico.mx\/","name":"","description":"","potentialAction":[{"@type":"SearchAction","target":{"@type":"EntryPoint","urlTemplate":"https:\/\/quehacerpolitico.mx\/?s={search_term_string}"},"query-input":{"@type":"PropertyValueSpecification","valueRequired":true,"valueName":"search_term_string"}}],"inLanguage":"es"},{"@type":"Person","@id":"https:\/\/quehacerpolitico.mx\/#\/schema\/person\/496d8ad2d1d3f8036101dca7ee39e585","name":"Redacci\u00f3n QP","image":{"@type":"ImageObject","inLanguage":"es","@id":"https:\/\/secure.gravatar.com\/avatar\/c7164ed6fdec453195284ad24a5ae5b6e1eed2b848477fa2a4787ba9adf39a41?s=96&d=mm&r=g","url":"https:\/\/secure.gravatar.com\/avatar\/c7164ed6fdec453195284ad24a5ae5b6e1eed2b848477fa2a4787ba9adf39a41?s=96&d=mm&r=g","contentUrl":"https:\/\/secure.gravatar.com\/avatar\/c7164ed6fdec453195284ad24a5ae5b6e1eed2b848477fa2a4787ba9adf39a41?s=96&d=mm&r=g","caption":"Redacci\u00f3n QP"},"url":"https:\/\/quehacerpolitico.mx\/?author=2"}]}},"featured_image_urls":{"full":["https:\/\/quehacerpolitico.mx\/wp-content\/uploads\/2025\/08\/IMG_2446.jpeg",1541,1156,false],"thumbnail":["https:\/\/quehacerpolitico.mx\/wp-content\/uploads\/2025\/08\/IMG_2446-150x150.jpeg",150,150,true],"medium":["https:\/\/quehacerpolitico.mx\/wp-content\/uploads\/2025\/08\/IMG_2446-300x225.jpeg",300,225,true],"medium_large":["https:\/\/quehacerpolitico.mx\/wp-content\/uploads\/2025\/08\/IMG_2446-768x576.jpeg",640,480,true],"large":["https:\/\/quehacerpolitico.mx\/wp-content\/uploads\/2025\/08\/IMG_2446-1024x768.jpeg",640,480,true],"1536x1536":["https:\/\/quehacerpolitico.mx\/wp-content\/uploads\/2025\/08\/IMG_2446-1536x1152.jpeg",1536,1152,true],"2048x2048":["https:\/\/quehacerpolitico.mx\/wp-content\/uploads\/2025\/08\/IMG_2446.jpeg",1541,1156,false],"covernews-featured":["https:\/\/quehacerpolitico.mx\/wp-content\/uploads\/2025\/08\/IMG_2446-1024x768.jpeg",1024,768,true],"covernews-medium":["https:\/\/quehacerpolitico.mx\/wp-content\/uploads\/2025\/08\/IMG_2446-540x340.jpeg",540,340,true]},"author_info":{"display_name":"Redacci\u00f3n QP","author_link":"https:\/\/quehacerpolitico.mx\/?author=2"},"category_info":"<a href=\"https:\/\/quehacerpolitico.mx\/?cat=280\" rel=\"category\">Nacionales<\/a> <a href=\"https:\/\/quehacerpolitico.mx\/?cat=2\" rel=\"category\">Noticias<\/a>","tag_info":"Noticias","comment_count":"0","_links":{"self":[{"href":"https:\/\/quehacerpolitico.mx\/index.php?rest_route=\/wp\/v2\/posts\/118301","targetHints":{"allow":["GET"]}}],"collection":[{"href":"https:\/\/quehacerpolitico.mx\/index.php?rest_route=\/wp\/v2\/posts"}],"about":[{"href":"https:\/\/quehacerpolitico.mx\/index.php?rest_route=\/wp\/v2\/types\/post"}],"author":[{"embeddable":true,"href":"https:\/\/quehacerpolitico.mx\/index.php?rest_route=\/wp\/v2\/users\/2"}],"replies":[{"embeddable":true,"href":"https:\/\/quehacerpolitico.mx\/index.php?rest_route=%2Fwp%2Fv2%2Fcomments&post=118301"}],"version-history":[{"count":1,"href":"https:\/\/quehacerpolitico.mx\/index.php?rest_route=\/wp\/v2\/posts\/118301\/revisions"}],"predecessor-version":[{"id":118304,"href":"https:\/\/quehacerpolitico.mx\/index.php?rest_route=\/wp\/v2\/posts\/118301\/revisions\/118304"}],"wp:featuredmedia":[{"embeddable":true,"href":"https:\/\/quehacerpolitico.mx\/index.php?rest_route=\/wp\/v2\/media\/118303"}],"wp:attachment":[{"href":"https:\/\/quehacerpolitico.mx\/index.php?rest_route=%2Fwp%2Fv2%2Fmedia&parent=118301"}],"wp:term":[{"taxonomy":"category","embeddable":true,"href":"https:\/\/quehacerpolitico.mx\/index.php?rest_route=%2Fwp%2Fv2%2Fcategories&post=118301"},{"taxonomy":"post_tag","embeddable":true,"href":"https:\/\/quehacerpolitico.mx\/index.php?rest_route=%2Fwp%2Fv2%2Ftags&post=118301"}],"curies":[{"name":"wp","href":"https:\/\/api.w.org\/{rel}","templated":true}]}}