{"id":118298,"date":"2025-08-05T13:22:25","date_gmt":"2025-08-05T19:22:25","guid":{"rendered":"https:\/\/quehacerpolitico.mx\/?p=118298"},"modified":"2025-08-05T13:22:27","modified_gmt":"2025-08-05T19:22:27","slug":"cancelan-festival-de-musica-electronica-en-rusia-por-peligro-de-ataques-con-drones","status":"publish","type":"post","link":"https:\/\/quehacerpolitico.mx\/?p=118298","title":{"rendered":"Cancelan festival de m\u00fasica electr\u00f3nica en Rusia por peligro de ataques con drones"},"content":{"rendered":"\n<p>Por Redacci\u00f3n QP<\/p>\n\n\n\n<p>&#8220;Signal&#8221; se celebra cada a\u00f1o desde 2017; en esta edici\u00f3n se iban a reunir 20 mil asistentes y 700 artistas en la regi\u00f3n de Kaluga, a 200 kil\u00f3metros al sur de Mosc\u00fa<\/p>\n\n\n\n<p>Las autoridades rusas cancelaron este martes la celebraci\u00f3n del&nbsp;<strong>festival de m\u00fasica electr\u00f3nica Signal<\/strong>, que iba a reunir a 20 mil asistentes y 700 artistas en la regi\u00f3n de&nbsp;<strong>Kaluga<\/strong>, 200 kil\u00f3metros al sur de Mosc\u00fa, por&nbsp;<strong>peligro de drones.<\/strong><\/p>\n\n\n\n<p>&#8220;Los organizadores del festival fueron informados con antelaci\u00f3n sobre la inoportunidad de celebrarlo dadas las amenazas y los riesgos de seguridad existentes para los participantes. Por lo tanto, el festival no se celebrar\u00e1&#8221;, comunic\u00f3 el gobernador de Kaluga, Ili\u00e1 Zenov, citado por&nbsp;<em>RIA N\u00f3vosti.<\/em><\/p>\n\n\n\n<p>Los organizadores informaron de que se desarrollaron varias medidas que &#8220;actualmente est\u00e1n coordinando con los servicios regionales&#8221; en relaci\u00f3n con estos&nbsp;<strong>problemas de seguridad.<\/strong><\/p>\n\n\n\n<p>La regi\u00f3n de Kaluga, ubicada al suroeste de Mosc\u00fa, se encuentra a menos de 300 kil\u00f3metros de la frontera ucraniana y habitualmente<strong>&nbsp;sufre ataques de drones.<\/strong><\/p>\n\n\n\n<p>Hoy mismo el Ministerio de Defensa ruso comunic\u00f3 haber derribado dos drones ucranianos que sobrevolaban la regi\u00f3n.<\/p>\n\n\n\n<p>El festival, celebrado anualmente desde 2017, combina m\u00fasica electr\u00f3nica con espacios art\u00edsticos, atrayendo a artistas internacionales.<\/p>\n\n\n\n<p>Con hasta ocho escenarios, deb\u00eda celebrarse entre los d\u00edas 14 y 17 de agosto y la empresa actualmente sigue vendiendo entradas.<\/p>\n\n\n\n<p>En su programa hay espacios de m\u00fasica, actividades y juegos, zonas de ocio, albergues, talleres, deporte y hasta zonas de guarder\u00edas infantiles<\/p>\n\n\n\n<p>Con informaci\u00f3n de EFE<\/p>\n","protected":false},"excerpt":{"rendered":"<p>Por Redacci\u00f3n QP &#8220;Signal&#8221; se celebra cada a\u00f1o desde 2017; en esta edici\u00f3n se iban&#8230;<\/p>\n","protected":false},"author":2,"featured_media":118299,"comment_status":"open","ping_status":"open","sticky":false,"template":"","format":"standard","meta":{"_monsterinsights_skip_tracking":false,"_monsterinsights_sitenote_active":false,"_monsterinsights_sitenote_note":"","_monsterinsights_sitenote_category":0,"footnotes":""},"categories":[58],"tags":[],"class_list":["post-118298","post","type-post","status-publish","format-standard","has-post-thumbnail","hentry","category-cultura"],"yoast_head":"<!-- This site is optimized with the Yoast SEO plugin v27.3 - https:\/\/yoast.com\/product\/yoast-seo-wordpress\/ -->\n<title>Cancelan festival de m\u00fasica electr\u00f3nica en Rusia por peligro de ataques con drones -<\/title>\n<meta name=\"robots\" content=\"index, follow, max-snippet:-1, max-image-preview:large, max-video-preview:-1\" \/>\n<link rel=\"canonical\" href=\"https:\/\/quehacerpolitico.mx\/?p=118298\" \/>\n<meta property=\"og:locale\" content=\"es_MX\" \/>\n<meta property=\"og:type\" content=\"article\" \/>\n<meta property=\"og:title\" content=\"Cancelan festival de m\u00fasica electr\u00f3nica en Rusia por peligro de ataques con drones -\" \/>\n<meta property=\"og:description\" content=\"Por Redacci\u00f3n QP &#8220;Signal&#8221; se celebra cada a\u00f1o desde 2017; en esta edici\u00f3n se iban...\" \/>\n<meta property=\"og:url\" content=\"https:\/\/quehacerpolitico.mx\/?p=118298\" \/>\n<meta property=\"article:published_time\" content=\"2025-08-05T19:22:25+00:00\" \/>\n<meta property=\"article:modified_time\" content=\"2025-08-05T19:22:27+00:00\" \/>\n<meta property=\"og:image\" content=\"https:\/\/quehacerpolitico.mx\/wp-content\/uploads\/2025\/08\/IMG_2444.jpeg\" \/>\n\t<meta property=\"og:image:width\" content=\"739\" \/>\n\t<meta property=\"og:image:height\" content=\"415\" \/>\n\t<meta property=\"og:image:type\" content=\"image\/jpeg\" \/>\n<meta name=\"author\" content=\"Redacci\u00f3n QP\" \/>\n<meta name=\"twitter:card\" content=\"summary_large_image\" \/>\n<meta name=\"twitter:label1\" content=\"Escrito por\" \/>\n\t<meta name=\"twitter:data1\" content=\"Redacci\u00f3n QP\" \/>\n\t<meta name=\"twitter:label2\" content=\"Tiempo de lectura\" \/>\n\t<meta name=\"twitter:data2\" content=\"1 minuto\" \/>\n<script type=\"application\/ld+json\" class=\"yoast-schema-graph\">{\"@context\":\"https:\\\/\\\/schema.org\",\"@graph\":[{\"@type\":\"Article\",\"@id\":\"https:\\\/\\\/quehacerpolitico.mx\\\/?p=118298#article\",\"isPartOf\":{\"@id\":\"https:\\\/\\\/quehacerpolitico.mx\\\/?p=118298\"},\"author\":{\"name\":\"Redacci\u00f3n QP\",\"@id\":\"https:\\\/\\\/quehacerpolitico.mx\\\/#\\\/schema\\\/person\\\/496d8ad2d1d3f8036101dca7ee39e585\"},\"headline\":\"Cancelan festival de m\u00fasica electr\u00f3nica en Rusia por peligro de ataques con drones\",\"datePublished\":\"2025-08-05T19:22:25+00:00\",\"dateModified\":\"2025-08-05T19:22:27+00:00\",\"mainEntityOfPage\":{\"@id\":\"https:\\\/\\\/quehacerpolitico.mx\\\/?p=118298\"},\"wordCount\":284,\"commentCount\":0,\"image\":{\"@id\":\"https:\\\/\\\/quehacerpolitico.mx\\\/?p=118298#primaryimage\"},\"thumbnailUrl\":\"https:\\\/\\\/quehacerpolitico.mx\\\/wp-content\\\/uploads\\\/2025\\\/08\\\/IMG_2444.jpeg\",\"articleSection\":[\"Cultura y Entretenimiento\"],\"inLanguage\":\"es\",\"potentialAction\":[{\"@type\":\"CommentAction\",\"name\":\"Comment\",\"target\":[\"https:\\\/\\\/quehacerpolitico.mx\\\/?p=118298#respond\"]}]},{\"@type\":\"WebPage\",\"@id\":\"https:\\\/\\\/quehacerpolitico.mx\\\/?p=118298\",\"url\":\"https:\\\/\\\/quehacerpolitico.mx\\\/?p=118298\",\"name\":\"Cancelan festival de m\u00fasica electr\u00f3nica en Rusia por peligro de ataques con drones -\",\"isPartOf\":{\"@id\":\"https:\\\/\\\/quehacerpolitico.mx\\\/#website\"},\"primaryImageOfPage\":{\"@id\":\"https:\\\/\\\/quehacerpolitico.mx\\\/?p=118298#primaryimage\"},\"image\":{\"@id\":\"https:\\\/\\\/quehacerpolitico.mx\\\/?p=118298#primaryimage\"},\"thumbnailUrl\":\"https:\\\/\\\/quehacerpolitico.mx\\\/wp-content\\\/uploads\\\/2025\\\/08\\\/IMG_2444.jpeg\",\"datePublished\":\"2025-08-05T19:22:25+00:00\",\"dateModified\":\"2025-08-05T19:22:27+00:00\",\"author\":{\"@id\":\"https:\\\/\\\/quehacerpolitico.mx\\\/#\\\/schema\\\/person\\\/496d8ad2d1d3f8036101dca7ee39e585\"},\"breadcrumb\":{\"@id\":\"https:\\\/\\\/quehacerpolitico.mx\\\/?p=118298#breadcrumb\"},\"inLanguage\":\"es\",\"potentialAction\":[{\"@type\":\"ReadAction\",\"target\":[\"https:\\\/\\\/quehacerpolitico.mx\\\/?p=118298\"]}]},{\"@type\":\"ImageObject\",\"inLanguage\":\"es\",\"@id\":\"https:\\\/\\\/quehacerpolitico.mx\\\/?p=118298#primaryimage\",\"url\":\"https:\\\/\\\/quehacerpolitico.mx\\\/wp-content\\\/uploads\\\/2025\\\/08\\\/IMG_2444.jpeg\",\"contentUrl\":\"https:\\\/\\\/quehacerpolitico.mx\\\/wp-content\\\/uploads\\\/2025\\\/08\\\/IMG_2444.jpeg\",\"width\":739,\"height\":415},{\"@type\":\"BreadcrumbList\",\"@id\":\"https:\\\/\\\/quehacerpolitico.mx\\\/?p=118298#breadcrumb\",\"itemListElement\":[{\"@type\":\"ListItem\",\"position\":1,\"name\":\"Inicio\",\"item\":\"https:\\\/\\\/quehacerpolitico.mx\\\/\"},{\"@type\":\"ListItem\",\"position\":2,\"name\":\"Cancelan festival de m\u00fasica electr\u00f3nica en Rusia por peligro de ataques con drones\"}]},{\"@type\":\"WebSite\",\"@id\":\"https:\\\/\\\/quehacerpolitico.mx\\\/#website\",\"url\":\"https:\\\/\\\/quehacerpolitico.mx\\\/\",\"name\":\"\",\"description\":\"\",\"potentialAction\":[{\"@type\":\"SearchAction\",\"target\":{\"@type\":\"EntryPoint\",\"urlTemplate\":\"https:\\\/\\\/quehacerpolitico.mx\\\/?s={search_term_string}\"},\"query-input\":{\"@type\":\"PropertyValueSpecification\",\"valueRequired\":true,\"valueName\":\"search_term_string\"}}],\"inLanguage\":\"es\"},{\"@type\":\"Person\",\"@id\":\"https:\\\/\\\/quehacerpolitico.mx\\\/#\\\/schema\\\/person\\\/496d8ad2d1d3f8036101dca7ee39e585\",\"name\":\"Redacci\u00f3n QP\",\"image\":{\"@type\":\"ImageObject\",\"inLanguage\":\"es\",\"@id\":\"https:\\\/\\\/secure.gravatar.com\\\/avatar\\\/c7164ed6fdec453195284ad24a5ae5b6e1eed2b848477fa2a4787ba9adf39a41?s=96&d=mm&r=g\",\"url\":\"https:\\\/\\\/secure.gravatar.com\\\/avatar\\\/c7164ed6fdec453195284ad24a5ae5b6e1eed2b848477fa2a4787ba9adf39a41?s=96&d=mm&r=g\",\"contentUrl\":\"https:\\\/\\\/secure.gravatar.com\\\/avatar\\\/c7164ed6fdec453195284ad24a5ae5b6e1eed2b848477fa2a4787ba9adf39a41?s=96&d=mm&r=g\",\"caption\":\"Redacci\u00f3n QP\"},\"url\":\"https:\\\/\\\/quehacerpolitico.mx\\\/?author=2\"}]}<\/script>\n<!-- \/ Yoast SEO plugin. -->","yoast_head_json":{"title":"Cancelan festival de m\u00fasica electr\u00f3nica en Rusia por peligro de ataques con drones -","robots":{"index":"index","follow":"follow","max-snippet":"max-snippet:-1","max-image-preview":"max-image-preview:large","max-video-preview":"max-video-preview:-1"},"canonical":"https:\/\/quehacerpolitico.mx\/?p=118298","og_locale":"es_MX","og_type":"article","og_title":"Cancelan festival de m\u00fasica electr\u00f3nica en Rusia por peligro de ataques con drones -","og_description":"Por Redacci\u00f3n QP &#8220;Signal&#8221; se celebra cada a\u00f1o desde 2017; en esta edici\u00f3n se iban...","og_url":"https:\/\/quehacerpolitico.mx\/?p=118298","article_published_time":"2025-08-05T19:22:25+00:00","article_modified_time":"2025-08-05T19:22:27+00:00","og_image":[{"width":739,"height":415,"url":"https:\/\/quehacerpolitico.mx\/wp-content\/uploads\/2025\/08\/IMG_2444.jpeg","type":"image\/jpeg"}],"author":"Redacci\u00f3n QP","twitter_card":"summary_large_image","twitter_misc":{"Escrito por":"Redacci\u00f3n QP","Tiempo de lectura":"1 minuto"},"schema":{"@context":"https:\/\/schema.org","@graph":[{"@type":"Article","@id":"https:\/\/quehacerpolitico.mx\/?p=118298#article","isPartOf":{"@id":"https:\/\/quehacerpolitico.mx\/?p=118298"},"author":{"name":"Redacci\u00f3n QP","@id":"https:\/\/quehacerpolitico.mx\/#\/schema\/person\/496d8ad2d1d3f8036101dca7ee39e585"},"headline":"Cancelan festival de m\u00fasica electr\u00f3nica en Rusia por peligro de ataques con drones","datePublished":"2025-08-05T19:22:25+00:00","dateModified":"2025-08-05T19:22:27+00:00","mainEntityOfPage":{"@id":"https:\/\/quehacerpolitico.mx\/?p=118298"},"wordCount":284,"commentCount":0,"image":{"@id":"https:\/\/quehacerpolitico.mx\/?p=118298#primaryimage"},"thumbnailUrl":"https:\/\/quehacerpolitico.mx\/wp-content\/uploads\/2025\/08\/IMG_2444.jpeg","articleSection":["Cultura y Entretenimiento"],"inLanguage":"es","potentialAction":[{"@type":"CommentAction","name":"Comment","target":["https:\/\/quehacerpolitico.mx\/?p=118298#respond"]}]},{"@type":"WebPage","@id":"https:\/\/quehacerpolitico.mx\/?p=118298","url":"https:\/\/quehacerpolitico.mx\/?p=118298","name":"Cancelan festival de m\u00fasica electr\u00f3nica en Rusia por peligro de ataques con drones -","isPartOf":{"@id":"https:\/\/quehacerpolitico.mx\/#website"},"primaryImageOfPage":{"@id":"https:\/\/quehacerpolitico.mx\/?p=118298#primaryimage"},"image":{"@id":"https:\/\/quehacerpolitico.mx\/?p=118298#primaryimage"},"thumbnailUrl":"https:\/\/quehacerpolitico.mx\/wp-content\/uploads\/2025\/08\/IMG_2444.jpeg","datePublished":"2025-08-05T19:22:25+00:00","dateModified":"2025-08-05T19:22:27+00:00","author":{"@id":"https:\/\/quehacerpolitico.mx\/#\/schema\/person\/496d8ad2d1d3f8036101dca7ee39e585"},"breadcrumb":{"@id":"https:\/\/quehacerpolitico.mx\/?p=118298#breadcrumb"},"inLanguage":"es","potentialAction":[{"@type":"ReadAction","target":["https:\/\/quehacerpolitico.mx\/?p=118298"]}]},{"@type":"ImageObject","inLanguage":"es","@id":"https:\/\/quehacerpolitico.mx\/?p=118298#primaryimage","url":"https:\/\/quehacerpolitico.mx\/wp-content\/uploads\/2025\/08\/IMG_2444.jpeg","contentUrl":"https:\/\/quehacerpolitico.mx\/wp-content\/uploads\/2025\/08\/IMG_2444.jpeg","width":739,"height":415},{"@type":"BreadcrumbList","@id":"https:\/\/quehacerpolitico.mx\/?p=118298#breadcrumb","itemListElement":[{"@type":"ListItem","position":1,"name":"Inicio","item":"https:\/\/quehacerpolitico.mx\/"},{"@type":"ListItem","position":2,"name":"Cancelan festival de m\u00fasica electr\u00f3nica en Rusia por peligro de ataques con drones"}]},{"@type":"WebSite","@id":"https:\/\/quehacerpolitico.mx\/#website","url":"https:\/\/quehacerpolitico.mx\/","name":"","description":"","potentialAction":[{"@type":"SearchAction","target":{"@type":"EntryPoint","urlTemplate":"https:\/\/quehacerpolitico.mx\/?s={search_term_string}"},"query-input":{"@type":"PropertyValueSpecification","valueRequired":true,"valueName":"search_term_string"}}],"inLanguage":"es"},{"@type":"Person","@id":"https:\/\/quehacerpolitico.mx\/#\/schema\/person\/496d8ad2d1d3f8036101dca7ee39e585","name":"Redacci\u00f3n QP","image":{"@type":"ImageObject","inLanguage":"es","@id":"https:\/\/secure.gravatar.com\/avatar\/c7164ed6fdec453195284ad24a5ae5b6e1eed2b848477fa2a4787ba9adf39a41?s=96&d=mm&r=g","url":"https:\/\/secure.gravatar.com\/avatar\/c7164ed6fdec453195284ad24a5ae5b6e1eed2b848477fa2a4787ba9adf39a41?s=96&d=mm&r=g","contentUrl":"https:\/\/secure.gravatar.com\/avatar\/c7164ed6fdec453195284ad24a5ae5b6e1eed2b848477fa2a4787ba9adf39a41?s=96&d=mm&r=g","caption":"Redacci\u00f3n QP"},"url":"https:\/\/quehacerpolitico.mx\/?author=2"}]}},"featured_image_urls":{"full":["https:\/\/quehacerpolitico.mx\/wp-content\/uploads\/2025\/08\/IMG_2444.jpeg",739,415,false],"thumbnail":["https:\/\/quehacerpolitico.mx\/wp-content\/uploads\/2025\/08\/IMG_2444-150x150.jpeg",150,150,true],"medium":["https:\/\/quehacerpolitico.mx\/wp-content\/uploads\/2025\/08\/IMG_2444-300x168.jpeg",300,168,true],"medium_large":["https:\/\/quehacerpolitico.mx\/wp-content\/uploads\/2025\/08\/IMG_2444.jpeg",640,359,false],"large":["https:\/\/quehacerpolitico.mx\/wp-content\/uploads\/2025\/08\/IMG_2444.jpeg",640,359,false],"1536x1536":["https:\/\/quehacerpolitico.mx\/wp-content\/uploads\/2025\/08\/IMG_2444.jpeg",739,415,false],"2048x2048":["https:\/\/quehacerpolitico.mx\/wp-content\/uploads\/2025\/08\/IMG_2444.jpeg",739,415,false],"covernews-featured":["https:\/\/quehacerpolitico.mx\/wp-content\/uploads\/2025\/08\/IMG_2444.jpeg",739,415,false],"covernews-medium":["https:\/\/quehacerpolitico.mx\/wp-content\/uploads\/2025\/08\/IMG_2444-540x340.jpeg",540,340,true]},"author_info":{"display_name":"Redacci\u00f3n QP","author_link":"https:\/\/quehacerpolitico.mx\/?author=2"},"category_info":"<a href=\"https:\/\/quehacerpolitico.mx\/?cat=58\" rel=\"category\">Cultura y Entretenimiento<\/a>","tag_info":"Cultura y Entretenimiento","comment_count":"0","_links":{"self":[{"href":"https:\/\/quehacerpolitico.mx\/index.php?rest_route=\/wp\/v2\/posts\/118298","targetHints":{"allow":["GET"]}}],"collection":[{"href":"https:\/\/quehacerpolitico.mx\/index.php?rest_route=\/wp\/v2\/posts"}],"about":[{"href":"https:\/\/quehacerpolitico.mx\/index.php?rest_route=\/wp\/v2\/types\/post"}],"author":[{"embeddable":true,"href":"https:\/\/quehacerpolitico.mx\/index.php?rest_route=\/wp\/v2\/users\/2"}],"replies":[{"embeddable":true,"href":"https:\/\/quehacerpolitico.mx\/index.php?rest_route=%2Fwp%2Fv2%2Fcomments&post=118298"}],"version-history":[{"count":1,"href":"https:\/\/quehacerpolitico.mx\/index.php?rest_route=\/wp\/v2\/posts\/118298\/revisions"}],"predecessor-version":[{"id":118300,"href":"https:\/\/quehacerpolitico.mx\/index.php?rest_route=\/wp\/v2\/posts\/118298\/revisions\/118300"}],"wp:featuredmedia":[{"embeddable":true,"href":"https:\/\/quehacerpolitico.mx\/index.php?rest_route=\/wp\/v2\/media\/118299"}],"wp:attachment":[{"href":"https:\/\/quehacerpolitico.mx\/index.php?rest_route=%2Fwp%2Fv2%2Fmedia&parent=118298"}],"wp:term":[{"taxonomy":"category","embeddable":true,"href":"https:\/\/quehacerpolitico.mx\/index.php?rest_route=%2Fwp%2Fv2%2Fcategories&post=118298"},{"taxonomy":"post_tag","embeddable":true,"href":"https:\/\/quehacerpolitico.mx\/index.php?rest_route=%2Fwp%2Fv2%2Ftags&post=118298"}],"curies":[{"name":"wp","href":"https:\/\/api.w.org\/{rel}","templated":true}]}}