{"id":118295,"date":"2025-08-05T13:04:03","date_gmt":"2025-08-05T19:04:03","guid":{"rendered":"https:\/\/quehacerpolitico.mx\/?p=118295"},"modified":"2025-08-05T13:04:05","modified_gmt":"2025-08-05T19:04:05","slug":"inversion-en-mexico-acumula-nueve-meses-a-la-baja-cae-7-1-interanual-en-mayo","status":"publish","type":"post","link":"https:\/\/quehacerpolitico.mx\/?p=118295","title":{"rendered":"Inversi\u00f3n en M\u00e9xico acumula nueve meses a la baja; cae 7.1% interanual en mayo"},"content":{"rendered":"\n<p>Por Redacci\u00f3n QP<\/p>\n\n\n\n<p>Este dato del quinto mes de 2025 fue resultado de la contracci\u00f3n anual en la maquinaria y equipo, y en la construcci\u00f3n, detall\u00f3 el instituto aut\u00f3nomo<\/p>\n\n\n\n<p>La&nbsp;<strong>inversi\u00f3n fija bruta<\/strong>&nbsp;en M\u00e9xico cay\u00f3&nbsp;<strong>7.1% interanual<\/strong>&nbsp;en mayo, con lo que hil\u00f3 nueve meses de descenso a tasa anual, inform\u00f3 este martes el Instituto Nacional de Estad\u00edstica y Geograf\u00eda (Inegi), mientras contin\u00faa la incertidumbre por las medidas comerciales adoptadas por Estados Unidos.<\/p>\n\n\n\n<p>Este dato del quinto mes de 2025 fue resultado de la&nbsp;<strong>contracci\u00f3n anual<\/strong>&nbsp;del 10.3% en la maquinaria y equipo y del 4.3% en la construcci\u00f3n, detall\u00f3 el instituto aut\u00f3nomo con base en cifras originales.<\/p>\n\n\n\n<p>La&nbsp;<strong>inversi\u00f3n privada<\/strong>&nbsp;se redujo el 4.9% interanual y la p\u00fablica se desplom\u00f3 el 25.8%.<\/p>\n\n\n\n<p>Por otro lado, la inversi\u00f3n se elev\u00f3 el 0.9% en mayo frente al mes precedente, seg\u00fan datos ajustados por estacionalidad.<\/p>\n\n\n\n<p>Esto ocurri\u00f3 por el aumento mensual del&nbsp;<strong>1.4% en la construcci\u00f3n<\/strong>, aunque la maquinaria y equipo se mantuvo sin cambios respecto al mes precedente.<\/p>\n\n\n\n<p>Las cifras reflejan el comportamiento econ\u00f3mico de M\u00e9xico, que creci\u00f3 el&nbsp;<strong>1.5% anual en 2024<\/strong>, aunque en el cuarto trimestre cay\u00f3 el 0.6% trimestral, su primera contracci\u00f3n en tres a\u00f1os.<\/p>\n\n\n\n<p>La&nbsp;<strong>inversi\u00f3n fija bruta<\/strong>&nbsp;de M\u00e9xico&nbsp;<strong>creci\u00f3 el 3.4%<\/strong>&nbsp;anual en 2024 y se dispar\u00f3 el 19.7% en 2023 ante el auge del fen\u00f3meno de relocalizaci\u00f3n de cadenas (<em>nearshoring<\/em>).<\/p>\n\n\n\n<p>Antes, subi\u00f3 el 6% anual en 2022 y en 2021 repunt\u00f3 el 10% tras la peor etapa de la&nbsp;<strong>pandemia<\/strong>&nbsp;del coronavirus, que provoc\u00f3 una&nbsp;<strong>contracci\u00f3n<\/strong>&nbsp;del 18.2% en la inversi\u00f3n en 2020.&nbsp;<\/p>\n\n\n\n<p>La inversi\u00f3n fija bruta permite conocer el comportamiento de la inversi\u00f3n en el corto plazo, seg\u00fan el Inegi, y est\u00e1 integrada por los bienes utilizados en el proceso productivo durante m\u00e1s de un a\u00f1o.<\/p>\n\n\n\n<p>Con informaci\u00f3n de EFE<\/p>\n","protected":false},"excerpt":{"rendered":"<p>Por Redacci\u00f3n QP Este dato del quinto mes de 2025 fue resultado de la contracci\u00f3n&#8230;<\/p>\n","protected":false},"author":2,"featured_media":118296,"comment_status":"open","ping_status":"open","sticky":false,"template":"","format":"standard","meta":{"_monsterinsights_skip_tracking":false,"_monsterinsights_sitenote_active":false,"_monsterinsights_sitenote_note":"","_monsterinsights_sitenote_category":0,"footnotes":""},"categories":[56],"tags":[],"class_list":["post-118295","post","type-post","status-publish","format-standard","has-post-thumbnail","hentry","category-economia"],"yoast_head":"<!-- This site is optimized with the Yoast SEO plugin v27.3 - https:\/\/yoast.com\/product\/yoast-seo-wordpress\/ -->\n<title>Inversi\u00f3n en M\u00e9xico acumula nueve meses a la baja; cae 7.1% interanual en mayo -<\/title>\n<meta name=\"robots\" content=\"index, follow, max-snippet:-1, max-image-preview:large, max-video-preview:-1\" \/>\n<link rel=\"canonical\" href=\"https:\/\/quehacerpolitico.mx\/?p=118295\" \/>\n<meta property=\"og:locale\" content=\"es_MX\" \/>\n<meta property=\"og:type\" content=\"article\" \/>\n<meta property=\"og:title\" content=\"Inversi\u00f3n en M\u00e9xico acumula nueve meses a la baja; cae 7.1% interanual en mayo -\" \/>\n<meta property=\"og:description\" content=\"Por Redacci\u00f3n QP Este dato del quinto mes de 2025 fue resultado de la contracci\u00f3n...\" \/>\n<meta property=\"og:url\" content=\"https:\/\/quehacerpolitico.mx\/?p=118295\" \/>\n<meta property=\"article:published_time\" content=\"2025-08-05T19:04:03+00:00\" \/>\n<meta property=\"article:modified_time\" content=\"2025-08-05T19:04:05+00:00\" \/>\n<meta property=\"og:image\" content=\"https:\/\/quehacerpolitico.mx\/wp-content\/uploads\/2025\/08\/IMG_2442.jpeg\" \/>\n\t<meta property=\"og:image:width\" content=\"846\" \/>\n\t<meta property=\"og:image:height\" content=\"362\" \/>\n\t<meta property=\"og:image:type\" content=\"image\/jpeg\" \/>\n<meta name=\"author\" content=\"Redacci\u00f3n QP\" \/>\n<meta name=\"twitter:card\" content=\"summary_large_image\" \/>\n<meta name=\"twitter:label1\" content=\"Escrito por\" \/>\n\t<meta name=\"twitter:data1\" content=\"Redacci\u00f3n QP\" \/>\n\t<meta name=\"twitter:label2\" content=\"Tiempo de lectura\" \/>\n\t<meta name=\"twitter:data2\" content=\"2 minutos\" \/>\n<script type=\"application\/ld+json\" class=\"yoast-schema-graph\">{\"@context\":\"https:\\\/\\\/schema.org\",\"@graph\":[{\"@type\":\"Article\",\"@id\":\"https:\\\/\\\/quehacerpolitico.mx\\\/?p=118295#article\",\"isPartOf\":{\"@id\":\"https:\\\/\\\/quehacerpolitico.mx\\\/?p=118295\"},\"author\":{\"name\":\"Redacci\u00f3n QP\",\"@id\":\"https:\\\/\\\/quehacerpolitico.mx\\\/#\\\/schema\\\/person\\\/496d8ad2d1d3f8036101dca7ee39e585\"},\"headline\":\"Inversi\u00f3n en M\u00e9xico acumula nueve meses a la baja; cae 7.1% interanual en mayo\",\"datePublished\":\"2025-08-05T19:04:03+00:00\",\"dateModified\":\"2025-08-05T19:04:05+00:00\",\"mainEntityOfPage\":{\"@id\":\"https:\\\/\\\/quehacerpolitico.mx\\\/?p=118295\"},\"wordCount\":343,\"commentCount\":0,\"image\":{\"@id\":\"https:\\\/\\\/quehacerpolitico.mx\\\/?p=118295#primaryimage\"},\"thumbnailUrl\":\"https:\\\/\\\/quehacerpolitico.mx\\\/wp-content\\\/uploads\\\/2025\\\/08\\\/IMG_2442.jpeg\",\"articleSection\":[\"Econom\u00eda\"],\"inLanguage\":\"es\",\"potentialAction\":[{\"@type\":\"CommentAction\",\"name\":\"Comment\",\"target\":[\"https:\\\/\\\/quehacerpolitico.mx\\\/?p=118295#respond\"]}]},{\"@type\":\"WebPage\",\"@id\":\"https:\\\/\\\/quehacerpolitico.mx\\\/?p=118295\",\"url\":\"https:\\\/\\\/quehacerpolitico.mx\\\/?p=118295\",\"name\":\"Inversi\u00f3n en M\u00e9xico acumula nueve meses a la baja; cae 7.1% interanual en mayo -\",\"isPartOf\":{\"@id\":\"https:\\\/\\\/quehacerpolitico.mx\\\/#website\"},\"primaryImageOfPage\":{\"@id\":\"https:\\\/\\\/quehacerpolitico.mx\\\/?p=118295#primaryimage\"},\"image\":{\"@id\":\"https:\\\/\\\/quehacerpolitico.mx\\\/?p=118295#primaryimage\"},\"thumbnailUrl\":\"https:\\\/\\\/quehacerpolitico.mx\\\/wp-content\\\/uploads\\\/2025\\\/08\\\/IMG_2442.jpeg\",\"datePublished\":\"2025-08-05T19:04:03+00:00\",\"dateModified\":\"2025-08-05T19:04:05+00:00\",\"author\":{\"@id\":\"https:\\\/\\\/quehacerpolitico.mx\\\/#\\\/schema\\\/person\\\/496d8ad2d1d3f8036101dca7ee39e585\"},\"breadcrumb\":{\"@id\":\"https:\\\/\\\/quehacerpolitico.mx\\\/?p=118295#breadcrumb\"},\"inLanguage\":\"es\",\"potentialAction\":[{\"@type\":\"ReadAction\",\"target\":[\"https:\\\/\\\/quehacerpolitico.mx\\\/?p=118295\"]}]},{\"@type\":\"ImageObject\",\"inLanguage\":\"es\",\"@id\":\"https:\\\/\\\/quehacerpolitico.mx\\\/?p=118295#primaryimage\",\"url\":\"https:\\\/\\\/quehacerpolitico.mx\\\/wp-content\\\/uploads\\\/2025\\\/08\\\/IMG_2442.jpeg\",\"contentUrl\":\"https:\\\/\\\/quehacerpolitico.mx\\\/wp-content\\\/uploads\\\/2025\\\/08\\\/IMG_2442.jpeg\",\"width\":846,\"height\":362},{\"@type\":\"BreadcrumbList\",\"@id\":\"https:\\\/\\\/quehacerpolitico.mx\\\/?p=118295#breadcrumb\",\"itemListElement\":[{\"@type\":\"ListItem\",\"position\":1,\"name\":\"Inicio\",\"item\":\"https:\\\/\\\/quehacerpolitico.mx\\\/\"},{\"@type\":\"ListItem\",\"position\":2,\"name\":\"Inversi\u00f3n en M\u00e9xico acumula nueve meses a la baja; cae 7.1% interanual en mayo\"}]},{\"@type\":\"WebSite\",\"@id\":\"https:\\\/\\\/quehacerpolitico.mx\\\/#website\",\"url\":\"https:\\\/\\\/quehacerpolitico.mx\\\/\",\"name\":\"\",\"description\":\"\",\"potentialAction\":[{\"@type\":\"SearchAction\",\"target\":{\"@type\":\"EntryPoint\",\"urlTemplate\":\"https:\\\/\\\/quehacerpolitico.mx\\\/?s={search_term_string}\"},\"query-input\":{\"@type\":\"PropertyValueSpecification\",\"valueRequired\":true,\"valueName\":\"search_term_string\"}}],\"inLanguage\":\"es\"},{\"@type\":\"Person\",\"@id\":\"https:\\\/\\\/quehacerpolitico.mx\\\/#\\\/schema\\\/person\\\/496d8ad2d1d3f8036101dca7ee39e585\",\"name\":\"Redacci\u00f3n QP\",\"image\":{\"@type\":\"ImageObject\",\"inLanguage\":\"es\",\"@id\":\"https:\\\/\\\/secure.gravatar.com\\\/avatar\\\/c7164ed6fdec453195284ad24a5ae5b6e1eed2b848477fa2a4787ba9adf39a41?s=96&d=mm&r=g\",\"url\":\"https:\\\/\\\/secure.gravatar.com\\\/avatar\\\/c7164ed6fdec453195284ad24a5ae5b6e1eed2b848477fa2a4787ba9adf39a41?s=96&d=mm&r=g\",\"contentUrl\":\"https:\\\/\\\/secure.gravatar.com\\\/avatar\\\/c7164ed6fdec453195284ad24a5ae5b6e1eed2b848477fa2a4787ba9adf39a41?s=96&d=mm&r=g\",\"caption\":\"Redacci\u00f3n QP\"},\"url\":\"https:\\\/\\\/quehacerpolitico.mx\\\/?author=2\"}]}<\/script>\n<!-- \/ Yoast SEO plugin. -->","yoast_head_json":{"title":"Inversi\u00f3n en M\u00e9xico acumula nueve meses a la baja; cae 7.1% interanual en mayo -","robots":{"index":"index","follow":"follow","max-snippet":"max-snippet:-1","max-image-preview":"max-image-preview:large","max-video-preview":"max-video-preview:-1"},"canonical":"https:\/\/quehacerpolitico.mx\/?p=118295","og_locale":"es_MX","og_type":"article","og_title":"Inversi\u00f3n en M\u00e9xico acumula nueve meses a la baja; cae 7.1% interanual en mayo -","og_description":"Por Redacci\u00f3n QP Este dato del quinto mes de 2025 fue resultado de la contracci\u00f3n...","og_url":"https:\/\/quehacerpolitico.mx\/?p=118295","article_published_time":"2025-08-05T19:04:03+00:00","article_modified_time":"2025-08-05T19:04:05+00:00","og_image":[{"width":846,"height":362,"url":"https:\/\/quehacerpolitico.mx\/wp-content\/uploads\/2025\/08\/IMG_2442.jpeg","type":"image\/jpeg"}],"author":"Redacci\u00f3n QP","twitter_card":"summary_large_image","twitter_misc":{"Escrito por":"Redacci\u00f3n QP","Tiempo de lectura":"2 minutos"},"schema":{"@context":"https:\/\/schema.org","@graph":[{"@type":"Article","@id":"https:\/\/quehacerpolitico.mx\/?p=118295#article","isPartOf":{"@id":"https:\/\/quehacerpolitico.mx\/?p=118295"},"author":{"name":"Redacci\u00f3n QP","@id":"https:\/\/quehacerpolitico.mx\/#\/schema\/person\/496d8ad2d1d3f8036101dca7ee39e585"},"headline":"Inversi\u00f3n en M\u00e9xico acumula nueve meses a la baja; cae 7.1% interanual en mayo","datePublished":"2025-08-05T19:04:03+00:00","dateModified":"2025-08-05T19:04:05+00:00","mainEntityOfPage":{"@id":"https:\/\/quehacerpolitico.mx\/?p=118295"},"wordCount":343,"commentCount":0,"image":{"@id":"https:\/\/quehacerpolitico.mx\/?p=118295#primaryimage"},"thumbnailUrl":"https:\/\/quehacerpolitico.mx\/wp-content\/uploads\/2025\/08\/IMG_2442.jpeg","articleSection":["Econom\u00eda"],"inLanguage":"es","potentialAction":[{"@type":"CommentAction","name":"Comment","target":["https:\/\/quehacerpolitico.mx\/?p=118295#respond"]}]},{"@type":"WebPage","@id":"https:\/\/quehacerpolitico.mx\/?p=118295","url":"https:\/\/quehacerpolitico.mx\/?p=118295","name":"Inversi\u00f3n en M\u00e9xico acumula nueve meses a la baja; cae 7.1% interanual en mayo -","isPartOf":{"@id":"https:\/\/quehacerpolitico.mx\/#website"},"primaryImageOfPage":{"@id":"https:\/\/quehacerpolitico.mx\/?p=118295#primaryimage"},"image":{"@id":"https:\/\/quehacerpolitico.mx\/?p=118295#primaryimage"},"thumbnailUrl":"https:\/\/quehacerpolitico.mx\/wp-content\/uploads\/2025\/08\/IMG_2442.jpeg","datePublished":"2025-08-05T19:04:03+00:00","dateModified":"2025-08-05T19:04:05+00:00","author":{"@id":"https:\/\/quehacerpolitico.mx\/#\/schema\/person\/496d8ad2d1d3f8036101dca7ee39e585"},"breadcrumb":{"@id":"https:\/\/quehacerpolitico.mx\/?p=118295#breadcrumb"},"inLanguage":"es","potentialAction":[{"@type":"ReadAction","target":["https:\/\/quehacerpolitico.mx\/?p=118295"]}]},{"@type":"ImageObject","inLanguage":"es","@id":"https:\/\/quehacerpolitico.mx\/?p=118295#primaryimage","url":"https:\/\/quehacerpolitico.mx\/wp-content\/uploads\/2025\/08\/IMG_2442.jpeg","contentUrl":"https:\/\/quehacerpolitico.mx\/wp-content\/uploads\/2025\/08\/IMG_2442.jpeg","width":846,"height":362},{"@type":"BreadcrumbList","@id":"https:\/\/quehacerpolitico.mx\/?p=118295#breadcrumb","itemListElement":[{"@type":"ListItem","position":1,"name":"Inicio","item":"https:\/\/quehacerpolitico.mx\/"},{"@type":"ListItem","position":2,"name":"Inversi\u00f3n en M\u00e9xico acumula nueve meses a la baja; cae 7.1% interanual en mayo"}]},{"@type":"WebSite","@id":"https:\/\/quehacerpolitico.mx\/#website","url":"https:\/\/quehacerpolitico.mx\/","name":"","description":"","potentialAction":[{"@type":"SearchAction","target":{"@type":"EntryPoint","urlTemplate":"https:\/\/quehacerpolitico.mx\/?s={search_term_string}"},"query-input":{"@type":"PropertyValueSpecification","valueRequired":true,"valueName":"search_term_string"}}],"inLanguage":"es"},{"@type":"Person","@id":"https:\/\/quehacerpolitico.mx\/#\/schema\/person\/496d8ad2d1d3f8036101dca7ee39e585","name":"Redacci\u00f3n QP","image":{"@type":"ImageObject","inLanguage":"es","@id":"https:\/\/secure.gravatar.com\/avatar\/c7164ed6fdec453195284ad24a5ae5b6e1eed2b848477fa2a4787ba9adf39a41?s=96&d=mm&r=g","url":"https:\/\/secure.gravatar.com\/avatar\/c7164ed6fdec453195284ad24a5ae5b6e1eed2b848477fa2a4787ba9adf39a41?s=96&d=mm&r=g","contentUrl":"https:\/\/secure.gravatar.com\/avatar\/c7164ed6fdec453195284ad24a5ae5b6e1eed2b848477fa2a4787ba9adf39a41?s=96&d=mm&r=g","caption":"Redacci\u00f3n QP"},"url":"https:\/\/quehacerpolitico.mx\/?author=2"}]}},"featured_image_urls":{"full":["https:\/\/quehacerpolitico.mx\/wp-content\/uploads\/2025\/08\/IMG_2442.jpeg",846,362,false],"thumbnail":["https:\/\/quehacerpolitico.mx\/wp-content\/uploads\/2025\/08\/IMG_2442-150x150.jpeg",150,150,true],"medium":["https:\/\/quehacerpolitico.mx\/wp-content\/uploads\/2025\/08\/IMG_2442-300x128.jpeg",300,128,true],"medium_large":["https:\/\/quehacerpolitico.mx\/wp-content\/uploads\/2025\/08\/IMG_2442-768x329.jpeg",640,274,true],"large":["https:\/\/quehacerpolitico.mx\/wp-content\/uploads\/2025\/08\/IMG_2442.jpeg",640,274,false],"1536x1536":["https:\/\/quehacerpolitico.mx\/wp-content\/uploads\/2025\/08\/IMG_2442.jpeg",846,362,false],"2048x2048":["https:\/\/quehacerpolitico.mx\/wp-content\/uploads\/2025\/08\/IMG_2442.jpeg",846,362,false],"covernews-featured":["https:\/\/quehacerpolitico.mx\/wp-content\/uploads\/2025\/08\/IMG_2442.jpeg",846,362,false],"covernews-medium":["https:\/\/quehacerpolitico.mx\/wp-content\/uploads\/2025\/08\/IMG_2442-540x340.jpeg",540,340,true]},"author_info":{"display_name":"Redacci\u00f3n QP","author_link":"https:\/\/quehacerpolitico.mx\/?author=2"},"category_info":"<a href=\"https:\/\/quehacerpolitico.mx\/?cat=56\" rel=\"category\">Econom\u00eda<\/a>","tag_info":"Econom\u00eda","comment_count":"0","_links":{"self":[{"href":"https:\/\/quehacerpolitico.mx\/index.php?rest_route=\/wp\/v2\/posts\/118295","targetHints":{"allow":["GET"]}}],"collection":[{"href":"https:\/\/quehacerpolitico.mx\/index.php?rest_route=\/wp\/v2\/posts"}],"about":[{"href":"https:\/\/quehacerpolitico.mx\/index.php?rest_route=\/wp\/v2\/types\/post"}],"author":[{"embeddable":true,"href":"https:\/\/quehacerpolitico.mx\/index.php?rest_route=\/wp\/v2\/users\/2"}],"replies":[{"embeddable":true,"href":"https:\/\/quehacerpolitico.mx\/index.php?rest_route=%2Fwp%2Fv2%2Fcomments&post=118295"}],"version-history":[{"count":1,"href":"https:\/\/quehacerpolitico.mx\/index.php?rest_route=\/wp\/v2\/posts\/118295\/revisions"}],"predecessor-version":[{"id":118297,"href":"https:\/\/quehacerpolitico.mx\/index.php?rest_route=\/wp\/v2\/posts\/118295\/revisions\/118297"}],"wp:featuredmedia":[{"embeddable":true,"href":"https:\/\/quehacerpolitico.mx\/index.php?rest_route=\/wp\/v2\/media\/118296"}],"wp:attachment":[{"href":"https:\/\/quehacerpolitico.mx\/index.php?rest_route=%2Fwp%2Fv2%2Fmedia&parent=118295"}],"wp:term":[{"taxonomy":"category","embeddable":true,"href":"https:\/\/quehacerpolitico.mx\/index.php?rest_route=%2Fwp%2Fv2%2Fcategories&post=118295"},{"taxonomy":"post_tag","embeddable":true,"href":"https:\/\/quehacerpolitico.mx\/index.php?rest_route=%2Fwp%2Fv2%2Ftags&post=118295"}],"curies":[{"name":"wp","href":"https:\/\/api.w.org\/{rel}","templated":true}]}}