{"id":11823,"date":"2018-12-15T17:47:54","date_gmt":"2018-12-15T17:47:54","guid":{"rendered":"http:\/\/quehacerpolitico.mx\/proyecta-amlo-completar-en-dos-anos-centralizacion-de-los-servicios-de-salud\/"},"modified":"2018-12-15T17:47:54","modified_gmt":"2018-12-15T17:47:54","slug":"proyecta-amlo-completar-en-dos-anos-centralizacion-de-los-servicios-de-salud","status":"publish","type":"post","link":"https:\/\/quehacerpolitico.mx\/?p=11823","title":{"rendered":"Proyecta AMLO completar en dos a\u00f1os centralizaci\u00f3n de los servicios de salud"},"content":{"rendered":"<h1 class=\"news-title\">Proyecta AMLO completar en dos a\u00f1os centralizaci\u00f3n de los servicios de salud<\/h1>\n<p>Por Redacci\u00f3n QP<\/p>\n<header class=\"news-header\">\n<div class=\"news-subtitle\">\n<p>En esta administraci\u00f3n se construir\u00e1 de manera gradual un Sistema Universal de Salud que elimine la fragmentaci\u00f3n y la segmentaci\u00f3n, el cual\u00a0dar\u00e1 prioridad a la poblaci\u00f3n marginada<\/p>\n<\/div>\n<\/header>\n<div class=\"news-content\">\n<div class=\"news-body row\">\n<p>El Presidente Andr\u00e9s Manuel L\u00f3pez Obrador (AMLO) firm\u00f3 el acuerdo para garantizar el derecho de acceso a los servicios de salud y medicamentos gratuitos de la poblaci\u00f3n sin seguridad social, con el cual <strong>su Gobierno se har\u00e1 cargo de todo el sistema sanitario de los estados.<\/strong><\/p>\n<p>En M\u00e9rida, Yucat\u00e1n, detall\u00f3 que con el anuncio inicia el proceso de federalizaci\u00f3n de los servicios del sector, en el Sur-Sureste del pa\u00eds, con una inversi\u00f3n inicial de 115 mil millones de pesos, y ser\u00e1 por partes.<\/p>\n<div id=\"div-pos-2\"><strong>Los servicios se van a centralizar, primero, en Guerrero, Oaxaca, Veracruz, Tabasco, Chiapas, Campeche, Yucat\u00e1n y Quintana Roo, cuyos gobernadores ya firmaron el acuerdo.<\/strong><\/div>\n<p>Posteriormente, cada seis meses se van a incorporar otras ocho entidades. El objetivo es que en dos a\u00f1os se tenga un nuevo sistema de salud p\u00fablica para toda la Rep\u00fablica.<\/p>\n<p>El plan de AMLO tambi\u00e9n incluye la regularizaci\u00f3n de los trabajadores del sector, unos 80 mil eventuales, \u201cque llevan 20 a\u00f1os laborando por contrato u honorarios\u201d. Consider\u00f3 necesario establecer el compromiso de basificarlos y homologar las prestaciones.<\/p>\n<p><strong>El nuevo sistema, dado a conocer ayer, echa abajo al Seguro Popular y acaba con la descentralizaci\u00f3n del sector que data de la d\u00e9cada de 1980, adem\u00e1s de que borra el t\u00e9rmino de cuadro b\u00e1sico de medicamentos<\/strong>.<\/p>\n<p>L\u00f3pez Obrador, acompa\u00f1ado por el secretario de Salud federal, Jorge Alcocer, convoc\u00f3 a los gobiernos de los estados a reunirse de manera peri\u00f3dica para conocer los avances de resultados.<\/p>\n<p><strong>El gobernador de Jalisco, Enrique Alfaro, afirm\u00f3 que no fue invitado a este programa.<\/strong><\/p>\n<p>Destac\u00f3 que desconoce los detalles y que \u00e9l se enter\u00f3 de la medida a trav\u00e9s de la rueda de prensa que el Presidente ofrece todas las ma\u00f1anas.<\/p>\n<div>\n<figure class=\"image\"><img decoding=\"async\" title=\"\" src=\"https:\/\/www.informador.mx\/export\/sites\/elinformador\/img\/2018\/12\/15\/rs2269782__tox3821_1.jpg_348344665.jpg\" alt=\"\" hspace=\"5\" vspace=\"5\" data-height=\"465\" data-size=\"w:2835,h:1886\" data-width=\"700\" \/><figcaption>El Seguro Popular ser\u00e1 sustituido por un sistema de salud p\u00fablica que garantice atenci\u00f3n m\u00e9dica de calidad y medicamentos gratuitos.<\/figcaption><\/figure>\n<\/div>\n<h4>Habr\u00e1 un fondo adicional en nuevo esquema de salud<\/h4>\n<p>El secretario de Salud, Jorge Alcocer Varela, dio a conocer que los ocho estados en donde arrancar\u00e1 la transformaci\u00f3n de los servicios de salud, contar\u00e1n con un fondo adicional de 22 mil 500 millones de pesos (MDP).<\/p>\n<p>En M\u00e9rida, Yucat\u00e1n, donde el Presidente Andr\u00e9s Manuel L\u00f3pez Obrador present\u00f3 el plan nacional para mejorar los servicios en este sector, afirm\u00f3 que la salud pasar\u00e1 de ser letra muerta a ser una realidad en cada una de las comunidades y pueblos.<\/p>\n<p>Al informar de los detalles del acuerdo suscrito entre la Secretar\u00eda de Salud y los gobernadores de Campeche, Chiapas, Guerrero, Oaxaca, Quintana Roo, Tabasco, Veracruz y Yucat\u00e1n, indic\u00f3 que la fragmentaci\u00f3n de los servicios ha generado inequidad, al poner de un lado a quienes gozan de seguridad social y del otro a quienes no la tienen.<\/p>\n<p>Destac\u00f3 que en los \u00faltimos 36 a\u00f1os el Sistema Nacional de Salud se ha deteriorado, las campa\u00f1as de prevenci\u00f3n de la salud y el denominado Seguro Popular no funcionaron, adem\u00e1s de que hay un grave abandono de la infraestructura de este sector, ya que algunas instalaciones carecen de mantenimiento y otras no se han terminado de construir.<\/p>\n<p>\u201cExisten aproximadamente en el pa\u00eds 250 unidades m\u00e9dicas de salud destinadas a la poblaci\u00f3n sin seguridad social, pero abandonadas, sin terminar la obra o con necesidades de equipo que son escandalosos monumentos de la incompetencia, la corrupci\u00f3n y el tr\u00e1fico de influencias\u201d, precis\u00f3.<\/p>\n<p>Alcocer Varela consider\u00f3 que el problema de los servicios es una emergencia nacional que est\u00e1 costando la vida a muchos mexicanos y provocando un sufrimiento innecesario.<\/p>\n<p>Esta situaci\u00f3n, dijo, se hace m\u00e1s evidente en la poblaci\u00f3n que habita en zonas marginadas y, en general, entre la que no goza de seguridad social, principalmente en el Sureste del pa\u00eds.<\/p>\n<p>La salud de M\u00e9xico enfrenta inequidades y desaf\u00edos urgentes por resolver y desde luego siguen vigentes infecciones en las regiones m\u00e1s pobres, particularmente entre los pueblos ind\u00edgenas, donde se incrementan las nuevas epidemias de diabetes, enfermedades cardiacas, c\u00e1ncer y muerte violenta, agreg\u00f3.<\/p>\n<p><strong>En esta administraci\u00f3n, se\u00f1al\u00f3, se construir\u00e1 de manera gradual un Sistema Universal de Salud que elimine la fragmentaci\u00f3n y la segmentaci\u00f3n, y se dar\u00e1 prioridad a la poblaci\u00f3n de las regiones de muy alta o alta marginaci\u00f3n.<\/strong><\/p>\n<h4>Plan para m\u00e1s petr\u00f3leo<\/h4>\n<p>El Gobierno federal presentar\u00e1 hoy su Plan Nacional para la Producci\u00f3n de Hidrocarburos, en la terminal mar\u00edtima de Pemex Laguna Azul, en Campeche.<\/p>\n<p>El 5 de diciembre, el Presidente Andr\u00e9s Manuel L\u00f3pez Obrador se\u00f1al\u00f3 que iniciar\u00e1 la perforaci\u00f3n de pozos en Campeche, para aumentar la producci\u00f3n de petr\u00f3leo crudo.<\/p>\n<p>De acuerdo con el titular del Ejecutivo, se iniciar\u00e1 la perforaci\u00f3n de una parte de los pozos, con lo cual se buscar\u00e1 frenar la ca\u00edda en la producci\u00f3n.<\/p>\n<p>Detall\u00f3 que Petr\u00f3leos Mexicanos (Pemex) manejar\u00e1 m\u00e1s producci\u00f3n y que aparte de la perforaci\u00f3n se intervendr\u00e1n otros pozos con baja producci\u00f3n.<\/p>\n<p>Con Informaci\u00f3n de Notimex\u00a0<\/p>\n<\/div>\n<\/div>\n","protected":false},"excerpt":{"rendered":"<p>Proyecta AMLO completar en dos a\u00f1os centralizaci\u00f3n de los servicios de salud<br \/>\nPor Redacci\u00f3n QP<\/p>\n","protected":false},"author":2,"featured_media":11822,"comment_status":"open","ping_status":"open","sticky":false,"template":"","format":"standard","meta":{"_monsterinsights_skip_tracking":false,"_monsterinsights_sitenote_active":false,"_monsterinsights_sitenote_note":"","_monsterinsights_sitenote_category":0,"footnotes":""},"categories":[2],"tags":[],"class_list":["post-11823","post","type-post","status-publish","format-standard","has-post-thumbnail","hentry","category-noticias"],"yoast_head":"<!-- This site is optimized with the Yoast SEO plugin v27.3 - https:\/\/yoast.com\/product\/yoast-seo-wordpress\/ -->\n<title>Proyecta AMLO completar en dos a\u00f1os centralizaci\u00f3n de los servicios de salud -<\/title>\n<meta name=\"robots\" content=\"index, follow, max-snippet:-1, max-image-preview:large, max-video-preview:-1\" \/>\n<link rel=\"canonical\" href=\"https:\/\/quehacerpolitico.mx\/?p=11823\" \/>\n<meta property=\"og:locale\" content=\"es_MX\" \/>\n<meta property=\"og:type\" content=\"article\" \/>\n<meta property=\"og:title\" content=\"Proyecta AMLO completar en dos a\u00f1os centralizaci\u00f3n de los servicios de salud -\" \/>\n<meta property=\"og:description\" content=\"Proyecta AMLO completar en dos a\u00f1os centralizaci\u00f3n de los servicios de salud Por Redacci\u00f3n QP\" \/>\n<meta property=\"og:url\" content=\"https:\/\/quehacerpolitico.mx\/?p=11823\" \/>\n<meta property=\"article:published_time\" content=\"2018-12-15T17:47:54+00:00\" \/>\n<meta name=\"author\" content=\"Redacci\u00f3n QP\" \/>\n<meta name=\"twitter:card\" content=\"summary_large_image\" \/>\n<meta name=\"twitter:label1\" content=\"Escrito por\" \/>\n\t<meta name=\"twitter:data1\" content=\"Redacci\u00f3n QP\" \/>\n\t<meta name=\"twitter:label2\" content=\"Tiempo de lectura\" \/>\n\t<meta name=\"twitter:data2\" content=\"5 minutos\" \/>\n<script type=\"application\/ld+json\" class=\"yoast-schema-graph\">{\"@context\":\"https:\\\/\\\/schema.org\",\"@graph\":[{\"@type\":\"Article\",\"@id\":\"https:\\\/\\\/quehacerpolitico.mx\\\/?p=11823#article\",\"isPartOf\":{\"@id\":\"https:\\\/\\\/quehacerpolitico.mx\\\/?p=11823\"},\"author\":{\"name\":\"Redacci\u00f3n QP\",\"@id\":\"https:\\\/\\\/quehacerpolitico.mx\\\/#\\\/schema\\\/person\\\/496d8ad2d1d3f8036101dca7ee39e585\"},\"headline\":\"Proyecta AMLO completar en dos a\u00f1os centralizaci\u00f3n de los servicios de salud\",\"datePublished\":\"2018-12-15T17:47:54+00:00\",\"mainEntityOfPage\":{\"@id\":\"https:\\\/\\\/quehacerpolitico.mx\\\/?p=11823\"},\"wordCount\":924,\"commentCount\":0,\"image\":{\"@id\":\"https:\\\/\\\/quehacerpolitico.mx\\\/?p=11823#primaryimage\"},\"thumbnailUrl\":\"\",\"articleSection\":[\"Noticias\"],\"inLanguage\":\"es\",\"potentialAction\":[{\"@type\":\"CommentAction\",\"name\":\"Comment\",\"target\":[\"https:\\\/\\\/quehacerpolitico.mx\\\/?p=11823#respond\"]}]},{\"@type\":\"WebPage\",\"@id\":\"https:\\\/\\\/quehacerpolitico.mx\\\/?p=11823\",\"url\":\"https:\\\/\\\/quehacerpolitico.mx\\\/?p=11823\",\"name\":\"Proyecta AMLO completar en dos a\u00f1os centralizaci\u00f3n de los servicios de salud -\",\"isPartOf\":{\"@id\":\"https:\\\/\\\/quehacerpolitico.mx\\\/#website\"},\"primaryImageOfPage\":{\"@id\":\"https:\\\/\\\/quehacerpolitico.mx\\\/?p=11823#primaryimage\"},\"image\":{\"@id\":\"https:\\\/\\\/quehacerpolitico.mx\\\/?p=11823#primaryimage\"},\"thumbnailUrl\":\"\",\"datePublished\":\"2018-12-15T17:47:54+00:00\",\"author\":{\"@id\":\"https:\\\/\\\/quehacerpolitico.mx\\\/#\\\/schema\\\/person\\\/496d8ad2d1d3f8036101dca7ee39e585\"},\"breadcrumb\":{\"@id\":\"https:\\\/\\\/quehacerpolitico.mx\\\/?p=11823#breadcrumb\"},\"inLanguage\":\"es\",\"potentialAction\":[{\"@type\":\"ReadAction\",\"target\":[\"https:\\\/\\\/quehacerpolitico.mx\\\/?p=11823\"]}]},{\"@type\":\"ImageObject\",\"inLanguage\":\"es\",\"@id\":\"https:\\\/\\\/quehacerpolitico.mx\\\/?p=11823#primaryimage\",\"url\":\"\",\"contentUrl\":\"\"},{\"@type\":\"BreadcrumbList\",\"@id\":\"https:\\\/\\\/quehacerpolitico.mx\\\/?p=11823#breadcrumb\",\"itemListElement\":[{\"@type\":\"ListItem\",\"position\":1,\"name\":\"Inicio\",\"item\":\"https:\\\/\\\/quehacerpolitico.mx\\\/\"},{\"@type\":\"ListItem\",\"position\":2,\"name\":\"Proyecta AMLO completar en dos a\u00f1os centralizaci\u00f3n de los servicios de salud\"}]},{\"@type\":\"WebSite\",\"@id\":\"https:\\\/\\\/quehacerpolitico.mx\\\/#website\",\"url\":\"https:\\\/\\\/quehacerpolitico.mx\\\/\",\"name\":\"\",\"description\":\"\",\"potentialAction\":[{\"@type\":\"SearchAction\",\"target\":{\"@type\":\"EntryPoint\",\"urlTemplate\":\"https:\\\/\\\/quehacerpolitico.mx\\\/?s={search_term_string}\"},\"query-input\":{\"@type\":\"PropertyValueSpecification\",\"valueRequired\":true,\"valueName\":\"search_term_string\"}}],\"inLanguage\":\"es\"},{\"@type\":\"Person\",\"@id\":\"https:\\\/\\\/quehacerpolitico.mx\\\/#\\\/schema\\\/person\\\/496d8ad2d1d3f8036101dca7ee39e585\",\"name\":\"Redacci\u00f3n QP\",\"image\":{\"@type\":\"ImageObject\",\"inLanguage\":\"es\",\"@id\":\"https:\\\/\\\/secure.gravatar.com\\\/avatar\\\/c7164ed6fdec453195284ad24a5ae5b6e1eed2b848477fa2a4787ba9adf39a41?s=96&d=mm&r=g\",\"url\":\"https:\\\/\\\/secure.gravatar.com\\\/avatar\\\/c7164ed6fdec453195284ad24a5ae5b6e1eed2b848477fa2a4787ba9adf39a41?s=96&d=mm&r=g\",\"contentUrl\":\"https:\\\/\\\/secure.gravatar.com\\\/avatar\\\/c7164ed6fdec453195284ad24a5ae5b6e1eed2b848477fa2a4787ba9adf39a41?s=96&d=mm&r=g\",\"caption\":\"Redacci\u00f3n QP\"},\"url\":\"https:\\\/\\\/quehacerpolitico.mx\\\/?author=2\"}]}<\/script>\n<!-- \/ Yoast SEO plugin. -->","yoast_head_json":{"title":"Proyecta AMLO completar en dos a\u00f1os centralizaci\u00f3n de los servicios de salud -","robots":{"index":"index","follow":"follow","max-snippet":"max-snippet:-1","max-image-preview":"max-image-preview:large","max-video-preview":"max-video-preview:-1"},"canonical":"https:\/\/quehacerpolitico.mx\/?p=11823","og_locale":"es_MX","og_type":"article","og_title":"Proyecta AMLO completar en dos a\u00f1os centralizaci\u00f3n de los servicios de salud -","og_description":"Proyecta AMLO completar en dos a\u00f1os centralizaci\u00f3n de los servicios de salud Por Redacci\u00f3n QP","og_url":"https:\/\/quehacerpolitico.mx\/?p=11823","article_published_time":"2018-12-15T17:47:54+00:00","author":"Redacci\u00f3n QP","twitter_card":"summary_large_image","twitter_misc":{"Escrito por":"Redacci\u00f3n QP","Tiempo de lectura":"5 minutos"},"schema":{"@context":"https:\/\/schema.org","@graph":[{"@type":"Article","@id":"https:\/\/quehacerpolitico.mx\/?p=11823#article","isPartOf":{"@id":"https:\/\/quehacerpolitico.mx\/?p=11823"},"author":{"name":"Redacci\u00f3n QP","@id":"https:\/\/quehacerpolitico.mx\/#\/schema\/person\/496d8ad2d1d3f8036101dca7ee39e585"},"headline":"Proyecta AMLO completar en dos a\u00f1os centralizaci\u00f3n de los servicios de salud","datePublished":"2018-12-15T17:47:54+00:00","mainEntityOfPage":{"@id":"https:\/\/quehacerpolitico.mx\/?p=11823"},"wordCount":924,"commentCount":0,"image":{"@id":"https:\/\/quehacerpolitico.mx\/?p=11823#primaryimage"},"thumbnailUrl":"","articleSection":["Noticias"],"inLanguage":"es","potentialAction":[{"@type":"CommentAction","name":"Comment","target":["https:\/\/quehacerpolitico.mx\/?p=11823#respond"]}]},{"@type":"WebPage","@id":"https:\/\/quehacerpolitico.mx\/?p=11823","url":"https:\/\/quehacerpolitico.mx\/?p=11823","name":"Proyecta AMLO completar en dos a\u00f1os centralizaci\u00f3n de los servicios de salud -","isPartOf":{"@id":"https:\/\/quehacerpolitico.mx\/#website"},"primaryImageOfPage":{"@id":"https:\/\/quehacerpolitico.mx\/?p=11823#primaryimage"},"image":{"@id":"https:\/\/quehacerpolitico.mx\/?p=11823#primaryimage"},"thumbnailUrl":"","datePublished":"2018-12-15T17:47:54+00:00","author":{"@id":"https:\/\/quehacerpolitico.mx\/#\/schema\/person\/496d8ad2d1d3f8036101dca7ee39e585"},"breadcrumb":{"@id":"https:\/\/quehacerpolitico.mx\/?p=11823#breadcrumb"},"inLanguage":"es","potentialAction":[{"@type":"ReadAction","target":["https:\/\/quehacerpolitico.mx\/?p=11823"]}]},{"@type":"ImageObject","inLanguage":"es","@id":"https:\/\/quehacerpolitico.mx\/?p=11823#primaryimage","url":"","contentUrl":""},{"@type":"BreadcrumbList","@id":"https:\/\/quehacerpolitico.mx\/?p=11823#breadcrumb","itemListElement":[{"@type":"ListItem","position":1,"name":"Inicio","item":"https:\/\/quehacerpolitico.mx\/"},{"@type":"ListItem","position":2,"name":"Proyecta AMLO completar en dos a\u00f1os centralizaci\u00f3n de los servicios de salud"}]},{"@type":"WebSite","@id":"https:\/\/quehacerpolitico.mx\/#website","url":"https:\/\/quehacerpolitico.mx\/","name":"","description":"","potentialAction":[{"@type":"SearchAction","target":{"@type":"EntryPoint","urlTemplate":"https:\/\/quehacerpolitico.mx\/?s={search_term_string}"},"query-input":{"@type":"PropertyValueSpecification","valueRequired":true,"valueName":"search_term_string"}}],"inLanguage":"es"},{"@type":"Person","@id":"https:\/\/quehacerpolitico.mx\/#\/schema\/person\/496d8ad2d1d3f8036101dca7ee39e585","name":"Redacci\u00f3n QP","image":{"@type":"ImageObject","inLanguage":"es","@id":"https:\/\/secure.gravatar.com\/avatar\/c7164ed6fdec453195284ad24a5ae5b6e1eed2b848477fa2a4787ba9adf39a41?s=96&d=mm&r=g","url":"https:\/\/secure.gravatar.com\/avatar\/c7164ed6fdec453195284ad24a5ae5b6e1eed2b848477fa2a4787ba9adf39a41?s=96&d=mm&r=g","contentUrl":"https:\/\/secure.gravatar.com\/avatar\/c7164ed6fdec453195284ad24a5ae5b6e1eed2b848477fa2a4787ba9adf39a41?s=96&d=mm&r=g","caption":"Redacci\u00f3n QP"},"url":"https:\/\/quehacerpolitico.mx\/?author=2"}]}},"featured_image_urls":{"full":"","thumbnail":"","medium":"","medium_large":"","large":"","1536x1536":"","2048x2048":"","covernews-featured":"","covernews-medium":""},"author_info":{"display_name":"Redacci\u00f3n QP","author_link":"https:\/\/quehacerpolitico.mx\/?author=2"},"category_info":"<a href=\"https:\/\/quehacerpolitico.mx\/?cat=2\" rel=\"category\">Noticias<\/a>","tag_info":"Noticias","comment_count":"0","_links":{"self":[{"href":"https:\/\/quehacerpolitico.mx\/index.php?rest_route=\/wp\/v2\/posts\/11823","targetHints":{"allow":["GET"]}}],"collection":[{"href":"https:\/\/quehacerpolitico.mx\/index.php?rest_route=\/wp\/v2\/posts"}],"about":[{"href":"https:\/\/quehacerpolitico.mx\/index.php?rest_route=\/wp\/v2\/types\/post"}],"author":[{"embeddable":true,"href":"https:\/\/quehacerpolitico.mx\/index.php?rest_route=\/wp\/v2\/users\/2"}],"replies":[{"embeddable":true,"href":"https:\/\/quehacerpolitico.mx\/index.php?rest_route=%2Fwp%2Fv2%2Fcomments&post=11823"}],"version-history":[{"count":0,"href":"https:\/\/quehacerpolitico.mx\/index.php?rest_route=\/wp\/v2\/posts\/11823\/revisions"}],"wp:featuredmedia":[{"embeddable":true,"href":"https:\/\/quehacerpolitico.mx\/index.php?rest_route=\/"}],"wp:attachment":[{"href":"https:\/\/quehacerpolitico.mx\/index.php?rest_route=%2Fwp%2Fv2%2Fmedia&parent=11823"}],"wp:term":[{"taxonomy":"category","embeddable":true,"href":"https:\/\/quehacerpolitico.mx\/index.php?rest_route=%2Fwp%2Fv2%2Fcategories&post=11823"},{"taxonomy":"post_tag","embeddable":true,"href":"https:\/\/quehacerpolitico.mx\/index.php?rest_route=%2Fwp%2Fv2%2Ftags&post=11823"}],"curies":[{"name":"wp","href":"https:\/\/api.w.org\/{rel}","templated":true}]}}