{"id":118162,"date":"2025-07-29T12:28:23","date_gmt":"2025-07-29T18:28:23","guid":{"rendered":"https:\/\/quehacerpolitico.mx\/?p=118162"},"modified":"2025-07-29T12:28:26","modified_gmt":"2025-07-29T18:28:26","slug":"sheinbaum-afirma-que-el-cablebus-en-la-cdmx-esta-inspirado-en-los-telefericos-de-gustavo-petro-y-evo-morales","status":"publish","type":"post","link":"https:\/\/quehacerpolitico.mx\/?p=118162","title":{"rendered":"Sheinbaum afirma que el Cableb\u00fas en la CDMX est\u00e1 inspirado en los telef\u00e9ricos de Gustavo Petro y Evo Morales"},"content":{"rendered":"\n<p>Por Redacci\u00f3n QP<\/p>\n\n\n\n<p>La presidenta estim\u00f3 que la construcci\u00f3n de la nueva l\u00ednea, que conectar\u00e1 Tlalpan y Coyoac\u00e1n, tomar\u00e1 al menos un a\u00f1o y medio<\/p>\n\n\n\n<p>La presidenta<strong>&nbsp;Claudia Sheinbaum&nbsp;<\/strong>comparti\u00f3 este martes que el proyecto del Cableb\u00fas en la Ciudad de M\u00e9xico est\u00e1 inspirado en otras obras realizadas en Latinoam\u00e9rica: los telef\u00e9ricos de&nbsp;<strong>Evo Morales<\/strong>, en Bolivia, y de&nbsp;<strong>Gustavo Petro<\/strong>, en Colombia&nbsp;<\/p>\n\n\n\n<p>La mandataria afirm\u00f3 que el telef\u00e9rico en La Paz, Bolivia, fue &#8220;muy exitoso en la \u00e9poca de Evo Morales&#8221; para atender el transporte en zonas de alta concentraci\u00f3n urbana.&nbsp;<\/p>\n\n\n\n<p>En el caso del telef\u00e9rico en Colombia, Sheinbaum indic\u00f3 que este fue construido por Gustavo Petro,\u00a0cuando era alcalde de Bogot\u00e1.<\/p>\n\n\n\n<p>&#8220;Es un proyecto muy bonito, los cablebuses, los telef\u00e9ricos urbanos (&#8230;) de ah\u00ed tomamos la idea y le llamamos el Cableb\u00fas&nbsp;en la Ciudad de M\u00e9xico&#8221;, dijo a la prensa luego de que le preguntar\u00e1n sobre el proyecto de la nueva l\u00ednea que conectar\u00e1 Tlalpan y Coyoac\u00e1n.&nbsp;<\/p>\n\n\n\n<p>La presidenta estim\u00f3 que la obra para construir&nbsp;la<strong>&nbsp;L\u00ednea 4 del Cableb\u00fa<\/strong>s \u2014que se proyecta como la m\u00e1s larga del mundo\u2014 podr\u00e1 tomar al menos a\u00f1o y medio.&nbsp;<\/p>\n\n\n\n<p>&#8220;Tienen que licitar, todav\u00eda<strong>&nbsp;apenas viene la licitaci\u00f3n,<\/strong>&nbsp;son 4 mil 500 millones de pesos de inversi\u00f3n, se le va a dar el recurso a la ciudad y la ciudad licita&#8221;, explic\u00f3.&nbsp;<\/p>\n\n\n\n<p>Este domingo, la presidenta Sheinbaum present\u00f3 el proyecto para la nueva l\u00ednea del Cableb\u00fas y afirm\u00f3 que un proyecto que ten\u00eda previsto desde que era jefa de Gobierno de la Ciudad de M\u00e9xico.<\/p>\n","protected":false},"excerpt":{"rendered":"<p>Por Redacci\u00f3n QP La presidenta estim\u00f3 que la construcci\u00f3n de la nueva l\u00ednea, que conectar\u00e1&#8230;<\/p>\n","protected":false},"author":2,"featured_media":118163,"comment_status":"open","ping_status":"open","sticky":false,"template":"","format":"standard","meta":{"_monsterinsights_skip_tracking":false,"_monsterinsights_sitenote_active":false,"_monsterinsights_sitenote_note":"","_monsterinsights_sitenote_category":0,"footnotes":""},"categories":[280,2],"tags":[],"class_list":["post-118162","post","type-post","status-publish","format-standard","has-post-thumbnail","hentry","category-nacionales","category-noticias"],"yoast_head":"<!-- This site is optimized with the Yoast SEO plugin v27.3 - https:\/\/yoast.com\/product\/yoast-seo-wordpress\/ -->\n<title>Sheinbaum afirma que el Cableb\u00fas en la CDMX est\u00e1 inspirado en los telef\u00e9ricos de Gustavo Petro y Evo Morales -<\/title>\n<meta name=\"robots\" content=\"index, follow, max-snippet:-1, max-image-preview:large, max-video-preview:-1\" \/>\n<link rel=\"canonical\" href=\"https:\/\/quehacerpolitico.mx\/?p=118162\" \/>\n<meta property=\"og:locale\" content=\"es_MX\" \/>\n<meta property=\"og:type\" content=\"article\" \/>\n<meta property=\"og:title\" content=\"Sheinbaum afirma que el Cableb\u00fas en la CDMX est\u00e1 inspirado en los telef\u00e9ricos de Gustavo Petro y Evo Morales -\" \/>\n<meta property=\"og:description\" content=\"Por Redacci\u00f3n QP La presidenta estim\u00f3 que la construcci\u00f3n de la nueva l\u00ednea, que conectar\u00e1...\" \/>\n<meta property=\"og:url\" content=\"https:\/\/quehacerpolitico.mx\/?p=118162\" \/>\n<meta property=\"article:published_time\" content=\"2025-07-29T18:28:23+00:00\" \/>\n<meta property=\"article:modified_time\" content=\"2025-07-29T18:28:26+00:00\" \/>\n<meta property=\"og:image\" content=\"https:\/\/quehacerpolitico.mx\/wp-content\/uploads\/2025\/07\/IMG_2228.jpeg\" \/>\n\t<meta property=\"og:image:width\" content=\"1170\" \/>\n\t<meta property=\"og:image:height\" content=\"590\" \/>\n\t<meta property=\"og:image:type\" content=\"image\/jpeg\" \/>\n<meta name=\"author\" content=\"Redacci\u00f3n QP\" \/>\n<meta name=\"twitter:card\" content=\"summary_large_image\" \/>\n<meta name=\"twitter:label1\" content=\"Escrito por\" \/>\n\t<meta name=\"twitter:data1\" content=\"Redacci\u00f3n QP\" \/>\n\t<meta name=\"twitter:label2\" content=\"Tiempo de lectura\" \/>\n\t<meta name=\"twitter:data2\" content=\"1 minuto\" \/>\n<script type=\"application\/ld+json\" class=\"yoast-schema-graph\">{\"@context\":\"https:\\\/\\\/schema.org\",\"@graph\":[{\"@type\":\"Article\",\"@id\":\"https:\\\/\\\/quehacerpolitico.mx\\\/?p=118162#article\",\"isPartOf\":{\"@id\":\"https:\\\/\\\/quehacerpolitico.mx\\\/?p=118162\"},\"author\":{\"name\":\"Redacci\u00f3n QP\",\"@id\":\"https:\\\/\\\/quehacerpolitico.mx\\\/#\\\/schema\\\/person\\\/496d8ad2d1d3f8036101dca7ee39e585\"},\"headline\":\"Sheinbaum afirma que el Cableb\u00fas en la CDMX est\u00e1 inspirado en los telef\u00e9ricos de Gustavo Petro y Evo Morales\",\"datePublished\":\"2025-07-29T18:28:23+00:00\",\"dateModified\":\"2025-07-29T18:28:26+00:00\",\"mainEntityOfPage\":{\"@id\":\"https:\\\/\\\/quehacerpolitico.mx\\\/?p=118162\"},\"wordCount\":314,\"commentCount\":0,\"image\":{\"@id\":\"https:\\\/\\\/quehacerpolitico.mx\\\/?p=118162#primaryimage\"},\"thumbnailUrl\":\"https:\\\/\\\/quehacerpolitico.mx\\\/wp-content\\\/uploads\\\/2025\\\/07\\\/IMG_2228.jpeg\",\"articleSection\":[\"Nacionales\",\"Noticias\"],\"inLanguage\":\"es\",\"potentialAction\":[{\"@type\":\"CommentAction\",\"name\":\"Comment\",\"target\":[\"https:\\\/\\\/quehacerpolitico.mx\\\/?p=118162#respond\"]}]},{\"@type\":\"WebPage\",\"@id\":\"https:\\\/\\\/quehacerpolitico.mx\\\/?p=118162\",\"url\":\"https:\\\/\\\/quehacerpolitico.mx\\\/?p=118162\",\"name\":\"Sheinbaum afirma que el Cableb\u00fas en la CDMX est\u00e1 inspirado en los telef\u00e9ricos de Gustavo Petro y Evo Morales -\",\"isPartOf\":{\"@id\":\"https:\\\/\\\/quehacerpolitico.mx\\\/#website\"},\"primaryImageOfPage\":{\"@id\":\"https:\\\/\\\/quehacerpolitico.mx\\\/?p=118162#primaryimage\"},\"image\":{\"@id\":\"https:\\\/\\\/quehacerpolitico.mx\\\/?p=118162#primaryimage\"},\"thumbnailUrl\":\"https:\\\/\\\/quehacerpolitico.mx\\\/wp-content\\\/uploads\\\/2025\\\/07\\\/IMG_2228.jpeg\",\"datePublished\":\"2025-07-29T18:28:23+00:00\",\"dateModified\":\"2025-07-29T18:28:26+00:00\",\"author\":{\"@id\":\"https:\\\/\\\/quehacerpolitico.mx\\\/#\\\/schema\\\/person\\\/496d8ad2d1d3f8036101dca7ee39e585\"},\"breadcrumb\":{\"@id\":\"https:\\\/\\\/quehacerpolitico.mx\\\/?p=118162#breadcrumb\"},\"inLanguage\":\"es\",\"potentialAction\":[{\"@type\":\"ReadAction\",\"target\":[\"https:\\\/\\\/quehacerpolitico.mx\\\/?p=118162\"]}]},{\"@type\":\"ImageObject\",\"inLanguage\":\"es\",\"@id\":\"https:\\\/\\\/quehacerpolitico.mx\\\/?p=118162#primaryimage\",\"url\":\"https:\\\/\\\/quehacerpolitico.mx\\\/wp-content\\\/uploads\\\/2025\\\/07\\\/IMG_2228.jpeg\",\"contentUrl\":\"https:\\\/\\\/quehacerpolitico.mx\\\/wp-content\\\/uploads\\\/2025\\\/07\\\/IMG_2228.jpeg\",\"width\":1170,\"height\":590,\"caption\":\"Screenshot\"},{\"@type\":\"BreadcrumbList\",\"@id\":\"https:\\\/\\\/quehacerpolitico.mx\\\/?p=118162#breadcrumb\",\"itemListElement\":[{\"@type\":\"ListItem\",\"position\":1,\"name\":\"Inicio\",\"item\":\"https:\\\/\\\/quehacerpolitico.mx\\\/\"},{\"@type\":\"ListItem\",\"position\":2,\"name\":\"Sheinbaum afirma que el Cableb\u00fas en la CDMX est\u00e1 inspirado en los telef\u00e9ricos de Gustavo Petro y Evo Morales\"}]},{\"@type\":\"WebSite\",\"@id\":\"https:\\\/\\\/quehacerpolitico.mx\\\/#website\",\"url\":\"https:\\\/\\\/quehacerpolitico.mx\\\/\",\"name\":\"\",\"description\":\"\",\"potentialAction\":[{\"@type\":\"SearchAction\",\"target\":{\"@type\":\"EntryPoint\",\"urlTemplate\":\"https:\\\/\\\/quehacerpolitico.mx\\\/?s={search_term_string}\"},\"query-input\":{\"@type\":\"PropertyValueSpecification\",\"valueRequired\":true,\"valueName\":\"search_term_string\"}}],\"inLanguage\":\"es\"},{\"@type\":\"Person\",\"@id\":\"https:\\\/\\\/quehacerpolitico.mx\\\/#\\\/schema\\\/person\\\/496d8ad2d1d3f8036101dca7ee39e585\",\"name\":\"Redacci\u00f3n QP\",\"image\":{\"@type\":\"ImageObject\",\"inLanguage\":\"es\",\"@id\":\"https:\\\/\\\/secure.gravatar.com\\\/avatar\\\/c7164ed6fdec453195284ad24a5ae5b6e1eed2b848477fa2a4787ba9adf39a41?s=96&d=mm&r=g\",\"url\":\"https:\\\/\\\/secure.gravatar.com\\\/avatar\\\/c7164ed6fdec453195284ad24a5ae5b6e1eed2b848477fa2a4787ba9adf39a41?s=96&d=mm&r=g\",\"contentUrl\":\"https:\\\/\\\/secure.gravatar.com\\\/avatar\\\/c7164ed6fdec453195284ad24a5ae5b6e1eed2b848477fa2a4787ba9adf39a41?s=96&d=mm&r=g\",\"caption\":\"Redacci\u00f3n QP\"},\"url\":\"https:\\\/\\\/quehacerpolitico.mx\\\/?author=2\"}]}<\/script>\n<!-- \/ Yoast SEO plugin. -->","yoast_head_json":{"title":"Sheinbaum afirma que el Cableb\u00fas en la CDMX est\u00e1 inspirado en los telef\u00e9ricos de Gustavo Petro y Evo Morales -","robots":{"index":"index","follow":"follow","max-snippet":"max-snippet:-1","max-image-preview":"max-image-preview:large","max-video-preview":"max-video-preview:-1"},"canonical":"https:\/\/quehacerpolitico.mx\/?p=118162","og_locale":"es_MX","og_type":"article","og_title":"Sheinbaum afirma que el Cableb\u00fas en la CDMX est\u00e1 inspirado en los telef\u00e9ricos de Gustavo Petro y Evo Morales -","og_description":"Por Redacci\u00f3n QP La presidenta estim\u00f3 que la construcci\u00f3n de la nueva l\u00ednea, que conectar\u00e1...","og_url":"https:\/\/quehacerpolitico.mx\/?p=118162","article_published_time":"2025-07-29T18:28:23+00:00","article_modified_time":"2025-07-29T18:28:26+00:00","og_image":[{"width":1170,"height":590,"url":"https:\/\/quehacerpolitico.mx\/wp-content\/uploads\/2025\/07\/IMG_2228.jpeg","type":"image\/jpeg"}],"author":"Redacci\u00f3n QP","twitter_card":"summary_large_image","twitter_misc":{"Escrito por":"Redacci\u00f3n QP","Tiempo de lectura":"1 minuto"},"schema":{"@context":"https:\/\/schema.org","@graph":[{"@type":"Article","@id":"https:\/\/quehacerpolitico.mx\/?p=118162#article","isPartOf":{"@id":"https:\/\/quehacerpolitico.mx\/?p=118162"},"author":{"name":"Redacci\u00f3n QP","@id":"https:\/\/quehacerpolitico.mx\/#\/schema\/person\/496d8ad2d1d3f8036101dca7ee39e585"},"headline":"Sheinbaum afirma que el Cableb\u00fas en la CDMX est\u00e1 inspirado en los telef\u00e9ricos de Gustavo Petro y Evo Morales","datePublished":"2025-07-29T18:28:23+00:00","dateModified":"2025-07-29T18:28:26+00:00","mainEntityOfPage":{"@id":"https:\/\/quehacerpolitico.mx\/?p=118162"},"wordCount":314,"commentCount":0,"image":{"@id":"https:\/\/quehacerpolitico.mx\/?p=118162#primaryimage"},"thumbnailUrl":"https:\/\/quehacerpolitico.mx\/wp-content\/uploads\/2025\/07\/IMG_2228.jpeg","articleSection":["Nacionales","Noticias"],"inLanguage":"es","potentialAction":[{"@type":"CommentAction","name":"Comment","target":["https:\/\/quehacerpolitico.mx\/?p=118162#respond"]}]},{"@type":"WebPage","@id":"https:\/\/quehacerpolitico.mx\/?p=118162","url":"https:\/\/quehacerpolitico.mx\/?p=118162","name":"Sheinbaum afirma que el Cableb\u00fas en la CDMX est\u00e1 inspirado en los telef\u00e9ricos de Gustavo Petro y Evo Morales -","isPartOf":{"@id":"https:\/\/quehacerpolitico.mx\/#website"},"primaryImageOfPage":{"@id":"https:\/\/quehacerpolitico.mx\/?p=118162#primaryimage"},"image":{"@id":"https:\/\/quehacerpolitico.mx\/?p=118162#primaryimage"},"thumbnailUrl":"https:\/\/quehacerpolitico.mx\/wp-content\/uploads\/2025\/07\/IMG_2228.jpeg","datePublished":"2025-07-29T18:28:23+00:00","dateModified":"2025-07-29T18:28:26+00:00","author":{"@id":"https:\/\/quehacerpolitico.mx\/#\/schema\/person\/496d8ad2d1d3f8036101dca7ee39e585"},"breadcrumb":{"@id":"https:\/\/quehacerpolitico.mx\/?p=118162#breadcrumb"},"inLanguage":"es","potentialAction":[{"@type":"ReadAction","target":["https:\/\/quehacerpolitico.mx\/?p=118162"]}]},{"@type":"ImageObject","inLanguage":"es","@id":"https:\/\/quehacerpolitico.mx\/?p=118162#primaryimage","url":"https:\/\/quehacerpolitico.mx\/wp-content\/uploads\/2025\/07\/IMG_2228.jpeg","contentUrl":"https:\/\/quehacerpolitico.mx\/wp-content\/uploads\/2025\/07\/IMG_2228.jpeg","width":1170,"height":590,"caption":"Screenshot"},{"@type":"BreadcrumbList","@id":"https:\/\/quehacerpolitico.mx\/?p=118162#breadcrumb","itemListElement":[{"@type":"ListItem","position":1,"name":"Inicio","item":"https:\/\/quehacerpolitico.mx\/"},{"@type":"ListItem","position":2,"name":"Sheinbaum afirma que el Cableb\u00fas en la CDMX est\u00e1 inspirado en los telef\u00e9ricos de Gustavo Petro y Evo Morales"}]},{"@type":"WebSite","@id":"https:\/\/quehacerpolitico.mx\/#website","url":"https:\/\/quehacerpolitico.mx\/","name":"","description":"","potentialAction":[{"@type":"SearchAction","target":{"@type":"EntryPoint","urlTemplate":"https:\/\/quehacerpolitico.mx\/?s={search_term_string}"},"query-input":{"@type":"PropertyValueSpecification","valueRequired":true,"valueName":"search_term_string"}}],"inLanguage":"es"},{"@type":"Person","@id":"https:\/\/quehacerpolitico.mx\/#\/schema\/person\/496d8ad2d1d3f8036101dca7ee39e585","name":"Redacci\u00f3n QP","image":{"@type":"ImageObject","inLanguage":"es","@id":"https:\/\/secure.gravatar.com\/avatar\/c7164ed6fdec453195284ad24a5ae5b6e1eed2b848477fa2a4787ba9adf39a41?s=96&d=mm&r=g","url":"https:\/\/secure.gravatar.com\/avatar\/c7164ed6fdec453195284ad24a5ae5b6e1eed2b848477fa2a4787ba9adf39a41?s=96&d=mm&r=g","contentUrl":"https:\/\/secure.gravatar.com\/avatar\/c7164ed6fdec453195284ad24a5ae5b6e1eed2b848477fa2a4787ba9adf39a41?s=96&d=mm&r=g","caption":"Redacci\u00f3n QP"},"url":"https:\/\/quehacerpolitico.mx\/?author=2"}]}},"featured_image_urls":{"full":["https:\/\/quehacerpolitico.mx\/wp-content\/uploads\/2025\/07\/IMG_2228.jpeg",1170,590,false],"thumbnail":["https:\/\/quehacerpolitico.mx\/wp-content\/uploads\/2025\/07\/IMG_2228-150x150.jpeg",150,150,true],"medium":["https:\/\/quehacerpolitico.mx\/wp-content\/uploads\/2025\/07\/IMG_2228-300x151.jpeg",300,151,true],"medium_large":["https:\/\/quehacerpolitico.mx\/wp-content\/uploads\/2025\/07\/IMG_2228-768x387.jpeg",640,323,true],"large":["https:\/\/quehacerpolitico.mx\/wp-content\/uploads\/2025\/07\/IMG_2228-1024x516.jpeg",640,323,true],"1536x1536":["https:\/\/quehacerpolitico.mx\/wp-content\/uploads\/2025\/07\/IMG_2228.jpeg",1170,590,false],"2048x2048":["https:\/\/quehacerpolitico.mx\/wp-content\/uploads\/2025\/07\/IMG_2228.jpeg",1170,590,false],"covernews-featured":["https:\/\/quehacerpolitico.mx\/wp-content\/uploads\/2025\/07\/IMG_2228-1024x516.jpeg",1024,516,true],"covernews-medium":["https:\/\/quehacerpolitico.mx\/wp-content\/uploads\/2025\/07\/IMG_2228-540x340.jpeg",540,340,true]},"author_info":{"display_name":"Redacci\u00f3n QP","author_link":"https:\/\/quehacerpolitico.mx\/?author=2"},"category_info":"<a href=\"https:\/\/quehacerpolitico.mx\/?cat=280\" rel=\"category\">Nacionales<\/a> <a href=\"https:\/\/quehacerpolitico.mx\/?cat=2\" rel=\"category\">Noticias<\/a>","tag_info":"Noticias","comment_count":"0","_links":{"self":[{"href":"https:\/\/quehacerpolitico.mx\/index.php?rest_route=\/wp\/v2\/posts\/118162","targetHints":{"allow":["GET"]}}],"collection":[{"href":"https:\/\/quehacerpolitico.mx\/index.php?rest_route=\/wp\/v2\/posts"}],"about":[{"href":"https:\/\/quehacerpolitico.mx\/index.php?rest_route=\/wp\/v2\/types\/post"}],"author":[{"embeddable":true,"href":"https:\/\/quehacerpolitico.mx\/index.php?rest_route=\/wp\/v2\/users\/2"}],"replies":[{"embeddable":true,"href":"https:\/\/quehacerpolitico.mx\/index.php?rest_route=%2Fwp%2Fv2%2Fcomments&post=118162"}],"version-history":[{"count":1,"href":"https:\/\/quehacerpolitico.mx\/index.php?rest_route=\/wp\/v2\/posts\/118162\/revisions"}],"predecessor-version":[{"id":118164,"href":"https:\/\/quehacerpolitico.mx\/index.php?rest_route=\/wp\/v2\/posts\/118162\/revisions\/118164"}],"wp:featuredmedia":[{"embeddable":true,"href":"https:\/\/quehacerpolitico.mx\/index.php?rest_route=\/wp\/v2\/media\/118163"}],"wp:attachment":[{"href":"https:\/\/quehacerpolitico.mx\/index.php?rest_route=%2Fwp%2Fv2%2Fmedia&parent=118162"}],"wp:term":[{"taxonomy":"category","embeddable":true,"href":"https:\/\/quehacerpolitico.mx\/index.php?rest_route=%2Fwp%2Fv2%2Fcategories&post=118162"},{"taxonomy":"post_tag","embeddable":true,"href":"https:\/\/quehacerpolitico.mx\/index.php?rest_route=%2Fwp%2Fv2%2Ftags&post=118162"}],"curies":[{"name":"wp","href":"https:\/\/api.w.org\/{rel}","templated":true}]}}