{"id":118159,"date":"2025-07-29T12:11:03","date_gmt":"2025-07-29T18:11:03","guid":{"rendered":"https:\/\/quehacerpolitico.mx\/?p=118159"},"modified":"2025-07-29T12:11:05","modified_gmt":"2025-07-29T18:11:05","slug":"las-marchas-para-el-dia-de-hoy-martes-29-de-julio-en-la-cdmx","status":"publish","type":"post","link":"https:\/\/quehacerpolitico.mx\/?p=118159","title":{"rendered":"Las marchas para el d\u00eda de hoy martes 29 de julio en la CDMX"},"content":{"rendered":"\n<p>Por Redacci\u00f3n QP<\/p>\n\n\n\n<p>La SSC podr\u00eda desplegar elementos uniformados para dirigir el tr\u00e1nsito, al tiempo de tambi\u00e9n procurar el bienestar de manifestantes y peatones<\/p>\n\n\n\n<p>Este 29 de julio,&nbsp;<mark><strong>la Secretar\u00eda de Seguridad Ciudadana (SSC) del gobierno de la Ciudad de M\u00e9xico, ha publicado desde las redes sociales del Centro de Comando, Control, C\u00f3mputo, Comunicaciones y Contacto Ciudadano (C5) las movilizaciones que se esperan durante esta jornada en la entidad<\/strong><\/mark>.<\/p>\n\n\n\n<figure class=\"wp-block-embed is-type-rich is-provider-twitter wp-block-embed-twitter\"><div class=\"wp-block-embed__wrapper\">\n<blockquote class=\"twitter-tweet\" data-width=\"550\" data-dnt=\"true\"><p lang=\"es\" dir=\"ltr\">\u26a0\ud83d\uddd3 <a href=\"https:\/\/twitter.com\/hashtag\/ENT%C3%89RATE?src=hash&amp;ref_src=twsrc%5Etfw\">#ENT\u00c9RATE<\/a> | Para hoy, 29 de julio 2025, estas son las movilizaciones sociales previstas en la Ciudad de M\u00e9xico. <a href=\"https:\/\/twitter.com\/hashtag\/C5ConConfianza?src=hash&amp;ref_src=twsrc%5Etfw\">#C5ConConfianza<\/a> <a href=\"https:\/\/twitter.com\/hashtag\/MovilidadCDMX?src=hash&amp;ref_src=twsrc%5Etfw\">#MovilidadCDMX<\/a> <a href=\"https:\/\/twitter.com\/hashtag\/C5OjosDeLaCDMX?src=hash&amp;ref_src=twsrc%5Etfw\">#C5OjosDeLaCDMX<\/a> \ud83d\udc40 <a href=\"https:\/\/twitter.com\/hashtag\/C5Coraz%C3%B3nDeLaCDMX?src=hash&amp;ref_src=twsrc%5Etfw\">#C5Coraz\u00f3nDeLaCDMX<\/a> <a href=\"https:\/\/t.co\/KG05tbwZ4a\">pic.twitter.com\/KG05tbwZ4a<\/a><\/p>&mdash; C5 CDMX (@C5_CDMX) <a href=\"https:\/\/twitter.com\/C5_CDMX\/status\/1950165775328694535?ref_src=twsrc%5Etfw\">July 29, 2025<\/a><\/blockquote><script async src=\"https:\/\/platform.twitter.com\/widgets.js\" charset=\"utf-8\"><\/script>\n<\/div><\/figure>\n\n\n\n<p>Es importante tener en cuenta las marchas y concentraciones que se esperan este d\u00eda para que las y los ciudadanos puedan planificar sus caminos y as\u00ed evitar retrasos en sus horarios.<\/p>\n\n\n\n<p>Para este martes se esperan dos marchas:\u00a0<mark>la primera ser\u00e1 de la Asociaci\u00f3n Comerciantes Unidos la Esperanza, A.C.<\/mark>, quienes marchar\u00e1n en contra de los supuestos abusos perpetrados por un funcionario;\u00a0<mark>la segunda estar\u00e1 a cargo de la Fuerza Amplia de Transportistas<\/mark>, quienes marchar\u00e1n buscando que se forme una mesa de trabajo con la Jefa de Gobierno de la Ciudad de M\u00e9xico. Por otro lado, tambi\u00e9n se esperan 7 concentraciones.<\/p>\n\n\n\n<h3 class=\"wp-block-heading\">\u00bfQu\u00e9 concentraciones est\u00e1n activas ahora?<\/h3>\n\n\n\n<h4 class=\"wp-block-heading\">Alcald\u00eda Cuauht\u00e9moc<\/h4>\n\n\n\n<figure class=\"wp-block-table\"><table class=\"has-fixed-layout\"><tbody><tr><td><mark><strong>HORARIO<\/strong><\/mark><\/td><td><mark><strong>AFECTACIONES<\/strong><\/mark><\/td><\/tr><tr><td><strong>07:00 horas<\/strong><\/td><td>Dr. Lavista, Colonia Doctores<\/td><\/tr><\/tbody><\/table><\/figure>\n\n\n\n<h3 class=\"wp-block-heading\">\u00bfA qu\u00e9 hora iniciar\u00e1n las marchas y concentraciones?<\/h3>\n\n\n\n<h4 class=\"wp-block-heading\">Alcald\u00eda Cuauht\u00e9moc<\/h4>\n\n\n\n<figure class=\"wp-block-table\"><table class=\"has-fixed-layout\"><tbody><tr><td><mark><strong>HORARIO<\/strong><\/mark><\/td><td><mark><strong>AFECTACIONES<\/strong><\/mark><\/td><\/tr><tr><td><strong>10:00 horas<\/strong><\/td><td>Concentraci\u00f3n. Donceles y Allende, Colonia Centro Hist\u00f3rico<\/td><\/tr><tr><td><strong>13:00 horas<\/strong><\/td><td>Concentraci\u00f3n. Plaza de la Constituci\u00f3n, Colonia Centro Hist\u00f3rico<\/td><\/tr><tr><td><strong>14:00 horas<\/strong><\/td><td>Marcha de la Fuerza Amplia de Transportistas. Calzada San Antonio Abad y Guti\u00e9rrez N\u00e1jera, Colonia Tr\u00e1nsito, con rumbo a Plaza de la Constituci\u00f3n, Centro Hist\u00f3rico<\/td><\/tr><\/tbody><\/table><\/figure>\n\n\n\n<h4 class=\"wp-block-heading\">Alcald\u00eda Tlalpan<\/h4>\n\n\n\n<figure class=\"wp-block-table\"><table class=\"has-fixed-layout\"><tbody><tr><td><mark><strong>HORARIO<\/strong><\/mark><\/td><td><mark><strong>AFECTACIONES<\/strong><\/mark><\/td><\/tr><tr><td><strong>10:00 horas<\/strong><\/td><td>Concentraciones (3). 1. Avenida Insurgentes Sur 4350, Colonia La Joya. 2. Viaducto Tlalpan, Colonia Arenal. 3. Carretera Federal a Cuernavaca e Insurgentes Sur, Colonia San Pedro M\u00e1rtir<\/td><\/tr><tr><td><strong>11:00 horas<\/strong><\/td><td>Marcha de la Asociaci\u00f3n Comerciantes Unidos la Esperanza, A.C. Plaza de la Constituci\u00f3n 1, Colonia Tlalpan Centro I.<\/td><\/tr><\/tbody><\/table><\/figure>\n\n\n\n<h3 class=\"wp-block-heading\"><\/h3>\n\n\n\n<h4 class=\"wp-block-heading\">Alcand\u00eda Gustavo A. Madero<\/h4>\n\n\n\n<figure class=\"wp-block-table\"><table class=\"has-fixed-layout\"><tbody><tr><td><mark><strong>HORARIO<\/strong><\/mark><\/td><td><mark><strong>AFECTACIONES<\/strong><\/mark><\/td><\/tr><tr><td><strong>11:00 horas&nbsp;<\/strong><\/td><td>Concentraci\u00f3n. Avenida Insurgentes Norte, Colonia Residencial Zacatenco<\/td><\/tr><\/tbody><\/table><\/figure>\n\n\n\n<h4 class=\"wp-block-heading\">Alcald\u00eda Iztapalapa<\/h4>\n\n\n\n<figure class=\"wp-block-table\"><table class=\"has-fixed-layout\"><tbody><tr><td><mark><strong>HORARIO<\/strong><\/mark><\/td><td><mark><strong>AFECTACIONES<\/strong><\/mark><\/td><\/tr><tr><td><strong>12:00 horas<\/strong><\/td><td>Concentraci\u00f3n. Avenida Reforma 50, Colonia Lomas de San Lorenzo<\/td><\/tr><\/tbody><\/table><\/figure>\n\n\n\n<h4 class=\"wp-block-heading\">Alcald\u00eda Coyoac\u00e1n<\/h4>\n\n\n\n<figure class=\"wp-block-table\"><table class=\"has-fixed-layout\"><tbody><tr><td><mark><strong>HORARIO<\/strong><\/mark><\/td><td><mark><strong>AFECTACIONES<\/strong><\/mark><\/td><\/tr><tr><td><strong>12:00 horas<\/strong><\/td><td>Concentraci\u00f3n. Calzada del Hueso 1100, Colonia Coapa<\/td><\/tr><\/tbody><\/table><\/figure>\n\n\n\n<p>Las actualizaciones de la informaci\u00f3n m\u00e1s actualizada y las \u00faltimas noticias del tr\u00e1nsito en la CDMX, incidentes viales, bloqueos, marchas y reportes del Metro y Metrob\u00fas se podr\u00e1n consultar en las redes oficiales del C5 y de la SSC.<\/p>\n","protected":false},"excerpt":{"rendered":"<p>Por Redacci\u00f3n QP La SSC podr\u00eda desplegar elementos uniformados para dirigir el tr\u00e1nsito, al tiempo&#8230;<\/p>\n","protected":false},"author":2,"featured_media":118160,"comment_status":"open","ping_status":"open","sticky":false,"template":"","format":"standard","meta":{"_monsterinsights_skip_tracking":false,"_monsterinsights_sitenote_active":false,"_monsterinsights_sitenote_note":"","_monsterinsights_sitenote_category":0,"footnotes":""},"categories":[55],"tags":[],"class_list":["post-118159","post","type-post","status-publish","format-standard","has-post-thumbnail","hentry","category-cdmx"],"yoast_head":"<!-- This site is optimized with the Yoast SEO plugin v27.3 - https:\/\/yoast.com\/product\/yoast-seo-wordpress\/ -->\n<title>Las marchas para el d\u00eda de hoy martes 29 de julio en la CDMX -<\/title>\n<meta name=\"robots\" content=\"index, follow, max-snippet:-1, max-image-preview:large, max-video-preview:-1\" \/>\n<link rel=\"canonical\" href=\"https:\/\/quehacerpolitico.mx\/?p=118159\" \/>\n<meta property=\"og:locale\" content=\"es_MX\" \/>\n<meta property=\"og:type\" content=\"article\" \/>\n<meta property=\"og:title\" content=\"Las marchas para el d\u00eda de hoy martes 29 de julio en la CDMX -\" \/>\n<meta property=\"og:description\" content=\"Por Redacci\u00f3n QP La SSC podr\u00eda desplegar elementos uniformados para dirigir el tr\u00e1nsito, al tiempo...\" \/>\n<meta property=\"og:url\" content=\"https:\/\/quehacerpolitico.mx\/?p=118159\" \/>\n<meta property=\"article:published_time\" content=\"2025-07-29T18:11:03+00:00\" \/>\n<meta property=\"article:modified_time\" content=\"2025-07-29T18:11:05+00:00\" \/>\n<meta property=\"og:image\" content=\"https:\/\/quehacerpolitico.mx\/wp-content\/uploads\/2025\/07\/IMG_2226.jpeg\" \/>\n\t<meta property=\"og:image:width\" content=\"739\" \/>\n\t<meta property=\"og:image:height\" content=\"415\" \/>\n\t<meta property=\"og:image:type\" content=\"image\/jpeg\" \/>\n<meta name=\"author\" content=\"Redacci\u00f3n QP\" \/>\n<meta name=\"twitter:card\" content=\"summary_large_image\" \/>\n<meta name=\"twitter:label1\" content=\"Escrito por\" \/>\n\t<meta name=\"twitter:data1\" content=\"Redacci\u00f3n QP\" \/>\n\t<meta name=\"twitter:label2\" content=\"Tiempo de lectura\" \/>\n\t<meta name=\"twitter:data2\" content=\"2 minutos\" \/>\n<script type=\"application\/ld+json\" class=\"yoast-schema-graph\">{\"@context\":\"https:\\\/\\\/schema.org\",\"@graph\":[{\"@type\":\"Article\",\"@id\":\"https:\\\/\\\/quehacerpolitico.mx\\\/?p=118159#article\",\"isPartOf\":{\"@id\":\"https:\\\/\\\/quehacerpolitico.mx\\\/?p=118159\"},\"author\":{\"name\":\"Redacci\u00f3n QP\",\"@id\":\"https:\\\/\\\/quehacerpolitico.mx\\\/#\\\/schema\\\/person\\\/496d8ad2d1d3f8036101dca7ee39e585\"},\"headline\":\"Las marchas para el d\u00eda de hoy martes 29 de julio en la CDMX\",\"datePublished\":\"2025-07-29T18:11:03+00:00\",\"dateModified\":\"2025-07-29T18:11:05+00:00\",\"mainEntityOfPage\":{\"@id\":\"https:\\\/\\\/quehacerpolitico.mx\\\/?p=118159\"},\"wordCount\":428,\"commentCount\":0,\"image\":{\"@id\":\"https:\\\/\\\/quehacerpolitico.mx\\\/?p=118159#primaryimage\"},\"thumbnailUrl\":\"https:\\\/\\\/quehacerpolitico.mx\\\/wp-content\\\/uploads\\\/2025\\\/07\\\/IMG_2226.jpeg\",\"articleSection\":[\"CDMX\"],\"inLanguage\":\"es\",\"potentialAction\":[{\"@type\":\"CommentAction\",\"name\":\"Comment\",\"target\":[\"https:\\\/\\\/quehacerpolitico.mx\\\/?p=118159#respond\"]}]},{\"@type\":\"WebPage\",\"@id\":\"https:\\\/\\\/quehacerpolitico.mx\\\/?p=118159\",\"url\":\"https:\\\/\\\/quehacerpolitico.mx\\\/?p=118159\",\"name\":\"Las marchas para el d\u00eda de hoy martes 29 de julio en la CDMX -\",\"isPartOf\":{\"@id\":\"https:\\\/\\\/quehacerpolitico.mx\\\/#website\"},\"primaryImageOfPage\":{\"@id\":\"https:\\\/\\\/quehacerpolitico.mx\\\/?p=118159#primaryimage\"},\"image\":{\"@id\":\"https:\\\/\\\/quehacerpolitico.mx\\\/?p=118159#primaryimage\"},\"thumbnailUrl\":\"https:\\\/\\\/quehacerpolitico.mx\\\/wp-content\\\/uploads\\\/2025\\\/07\\\/IMG_2226.jpeg\",\"datePublished\":\"2025-07-29T18:11:03+00:00\",\"dateModified\":\"2025-07-29T18:11:05+00:00\",\"author\":{\"@id\":\"https:\\\/\\\/quehacerpolitico.mx\\\/#\\\/schema\\\/person\\\/496d8ad2d1d3f8036101dca7ee39e585\"},\"breadcrumb\":{\"@id\":\"https:\\\/\\\/quehacerpolitico.mx\\\/?p=118159#breadcrumb\"},\"inLanguage\":\"es\",\"potentialAction\":[{\"@type\":\"ReadAction\",\"target\":[\"https:\\\/\\\/quehacerpolitico.mx\\\/?p=118159\"]}]},{\"@type\":\"ImageObject\",\"inLanguage\":\"es\",\"@id\":\"https:\\\/\\\/quehacerpolitico.mx\\\/?p=118159#primaryimage\",\"url\":\"https:\\\/\\\/quehacerpolitico.mx\\\/wp-content\\\/uploads\\\/2025\\\/07\\\/IMG_2226.jpeg\",\"contentUrl\":\"https:\\\/\\\/quehacerpolitico.mx\\\/wp-content\\\/uploads\\\/2025\\\/07\\\/IMG_2226.jpeg\",\"width\":739,\"height\":415},{\"@type\":\"BreadcrumbList\",\"@id\":\"https:\\\/\\\/quehacerpolitico.mx\\\/?p=118159#breadcrumb\",\"itemListElement\":[{\"@type\":\"ListItem\",\"position\":1,\"name\":\"Inicio\",\"item\":\"https:\\\/\\\/quehacerpolitico.mx\\\/\"},{\"@type\":\"ListItem\",\"position\":2,\"name\":\"Las marchas para el d\u00eda de hoy martes 29 de julio en la CDMX\"}]},{\"@type\":\"WebSite\",\"@id\":\"https:\\\/\\\/quehacerpolitico.mx\\\/#website\",\"url\":\"https:\\\/\\\/quehacerpolitico.mx\\\/\",\"name\":\"\",\"description\":\"\",\"potentialAction\":[{\"@type\":\"SearchAction\",\"target\":{\"@type\":\"EntryPoint\",\"urlTemplate\":\"https:\\\/\\\/quehacerpolitico.mx\\\/?s={search_term_string}\"},\"query-input\":{\"@type\":\"PropertyValueSpecification\",\"valueRequired\":true,\"valueName\":\"search_term_string\"}}],\"inLanguage\":\"es\"},{\"@type\":\"Person\",\"@id\":\"https:\\\/\\\/quehacerpolitico.mx\\\/#\\\/schema\\\/person\\\/496d8ad2d1d3f8036101dca7ee39e585\",\"name\":\"Redacci\u00f3n QP\",\"image\":{\"@type\":\"ImageObject\",\"inLanguage\":\"es\",\"@id\":\"https:\\\/\\\/secure.gravatar.com\\\/avatar\\\/c7164ed6fdec453195284ad24a5ae5b6e1eed2b848477fa2a4787ba9adf39a41?s=96&d=mm&r=g\",\"url\":\"https:\\\/\\\/secure.gravatar.com\\\/avatar\\\/c7164ed6fdec453195284ad24a5ae5b6e1eed2b848477fa2a4787ba9adf39a41?s=96&d=mm&r=g\",\"contentUrl\":\"https:\\\/\\\/secure.gravatar.com\\\/avatar\\\/c7164ed6fdec453195284ad24a5ae5b6e1eed2b848477fa2a4787ba9adf39a41?s=96&d=mm&r=g\",\"caption\":\"Redacci\u00f3n QP\"},\"url\":\"https:\\\/\\\/quehacerpolitico.mx\\\/?author=2\"}]}<\/script>\n<!-- \/ Yoast SEO plugin. -->","yoast_head_json":{"title":"Las marchas para el d\u00eda de hoy martes 29 de julio en la CDMX -","robots":{"index":"index","follow":"follow","max-snippet":"max-snippet:-1","max-image-preview":"max-image-preview:large","max-video-preview":"max-video-preview:-1"},"canonical":"https:\/\/quehacerpolitico.mx\/?p=118159","og_locale":"es_MX","og_type":"article","og_title":"Las marchas para el d\u00eda de hoy martes 29 de julio en la CDMX -","og_description":"Por Redacci\u00f3n QP La SSC podr\u00eda desplegar elementos uniformados para dirigir el tr\u00e1nsito, al tiempo...","og_url":"https:\/\/quehacerpolitico.mx\/?p=118159","article_published_time":"2025-07-29T18:11:03+00:00","article_modified_time":"2025-07-29T18:11:05+00:00","og_image":[{"width":739,"height":415,"url":"https:\/\/quehacerpolitico.mx\/wp-content\/uploads\/2025\/07\/IMG_2226.jpeg","type":"image\/jpeg"}],"author":"Redacci\u00f3n QP","twitter_card":"summary_large_image","twitter_misc":{"Escrito por":"Redacci\u00f3n QP","Tiempo de lectura":"2 minutos"},"schema":{"@context":"https:\/\/schema.org","@graph":[{"@type":"Article","@id":"https:\/\/quehacerpolitico.mx\/?p=118159#article","isPartOf":{"@id":"https:\/\/quehacerpolitico.mx\/?p=118159"},"author":{"name":"Redacci\u00f3n QP","@id":"https:\/\/quehacerpolitico.mx\/#\/schema\/person\/496d8ad2d1d3f8036101dca7ee39e585"},"headline":"Las marchas para el d\u00eda de hoy martes 29 de julio en la CDMX","datePublished":"2025-07-29T18:11:03+00:00","dateModified":"2025-07-29T18:11:05+00:00","mainEntityOfPage":{"@id":"https:\/\/quehacerpolitico.mx\/?p=118159"},"wordCount":428,"commentCount":0,"image":{"@id":"https:\/\/quehacerpolitico.mx\/?p=118159#primaryimage"},"thumbnailUrl":"https:\/\/quehacerpolitico.mx\/wp-content\/uploads\/2025\/07\/IMG_2226.jpeg","articleSection":["CDMX"],"inLanguage":"es","potentialAction":[{"@type":"CommentAction","name":"Comment","target":["https:\/\/quehacerpolitico.mx\/?p=118159#respond"]}]},{"@type":"WebPage","@id":"https:\/\/quehacerpolitico.mx\/?p=118159","url":"https:\/\/quehacerpolitico.mx\/?p=118159","name":"Las marchas para el d\u00eda de hoy martes 29 de julio en la CDMX -","isPartOf":{"@id":"https:\/\/quehacerpolitico.mx\/#website"},"primaryImageOfPage":{"@id":"https:\/\/quehacerpolitico.mx\/?p=118159#primaryimage"},"image":{"@id":"https:\/\/quehacerpolitico.mx\/?p=118159#primaryimage"},"thumbnailUrl":"https:\/\/quehacerpolitico.mx\/wp-content\/uploads\/2025\/07\/IMG_2226.jpeg","datePublished":"2025-07-29T18:11:03+00:00","dateModified":"2025-07-29T18:11:05+00:00","author":{"@id":"https:\/\/quehacerpolitico.mx\/#\/schema\/person\/496d8ad2d1d3f8036101dca7ee39e585"},"breadcrumb":{"@id":"https:\/\/quehacerpolitico.mx\/?p=118159#breadcrumb"},"inLanguage":"es","potentialAction":[{"@type":"ReadAction","target":["https:\/\/quehacerpolitico.mx\/?p=118159"]}]},{"@type":"ImageObject","inLanguage":"es","@id":"https:\/\/quehacerpolitico.mx\/?p=118159#primaryimage","url":"https:\/\/quehacerpolitico.mx\/wp-content\/uploads\/2025\/07\/IMG_2226.jpeg","contentUrl":"https:\/\/quehacerpolitico.mx\/wp-content\/uploads\/2025\/07\/IMG_2226.jpeg","width":739,"height":415},{"@type":"BreadcrumbList","@id":"https:\/\/quehacerpolitico.mx\/?p=118159#breadcrumb","itemListElement":[{"@type":"ListItem","position":1,"name":"Inicio","item":"https:\/\/quehacerpolitico.mx\/"},{"@type":"ListItem","position":2,"name":"Las marchas para el d\u00eda de hoy martes 29 de julio en la CDMX"}]},{"@type":"WebSite","@id":"https:\/\/quehacerpolitico.mx\/#website","url":"https:\/\/quehacerpolitico.mx\/","name":"","description":"","potentialAction":[{"@type":"SearchAction","target":{"@type":"EntryPoint","urlTemplate":"https:\/\/quehacerpolitico.mx\/?s={search_term_string}"},"query-input":{"@type":"PropertyValueSpecification","valueRequired":true,"valueName":"search_term_string"}}],"inLanguage":"es"},{"@type":"Person","@id":"https:\/\/quehacerpolitico.mx\/#\/schema\/person\/496d8ad2d1d3f8036101dca7ee39e585","name":"Redacci\u00f3n QP","image":{"@type":"ImageObject","inLanguage":"es","@id":"https:\/\/secure.gravatar.com\/avatar\/c7164ed6fdec453195284ad24a5ae5b6e1eed2b848477fa2a4787ba9adf39a41?s=96&d=mm&r=g","url":"https:\/\/secure.gravatar.com\/avatar\/c7164ed6fdec453195284ad24a5ae5b6e1eed2b848477fa2a4787ba9adf39a41?s=96&d=mm&r=g","contentUrl":"https:\/\/secure.gravatar.com\/avatar\/c7164ed6fdec453195284ad24a5ae5b6e1eed2b848477fa2a4787ba9adf39a41?s=96&d=mm&r=g","caption":"Redacci\u00f3n QP"},"url":"https:\/\/quehacerpolitico.mx\/?author=2"}]}},"featured_image_urls":{"full":["https:\/\/quehacerpolitico.mx\/wp-content\/uploads\/2025\/07\/IMG_2226.jpeg",739,415,false],"thumbnail":["https:\/\/quehacerpolitico.mx\/wp-content\/uploads\/2025\/07\/IMG_2226-150x150.jpeg",150,150,true],"medium":["https:\/\/quehacerpolitico.mx\/wp-content\/uploads\/2025\/07\/IMG_2226-300x168.jpeg",300,168,true],"medium_large":["https:\/\/quehacerpolitico.mx\/wp-content\/uploads\/2025\/07\/IMG_2226.jpeg",640,359,false],"large":["https:\/\/quehacerpolitico.mx\/wp-content\/uploads\/2025\/07\/IMG_2226.jpeg",640,359,false],"1536x1536":["https:\/\/quehacerpolitico.mx\/wp-content\/uploads\/2025\/07\/IMG_2226.jpeg",739,415,false],"2048x2048":["https:\/\/quehacerpolitico.mx\/wp-content\/uploads\/2025\/07\/IMG_2226.jpeg",739,415,false],"covernews-featured":["https:\/\/quehacerpolitico.mx\/wp-content\/uploads\/2025\/07\/IMG_2226.jpeg",739,415,false],"covernews-medium":["https:\/\/quehacerpolitico.mx\/wp-content\/uploads\/2025\/07\/IMG_2226-540x340.jpeg",540,340,true]},"author_info":{"display_name":"Redacci\u00f3n QP","author_link":"https:\/\/quehacerpolitico.mx\/?author=2"},"category_info":"<a href=\"https:\/\/quehacerpolitico.mx\/?cat=55\" rel=\"category\">CDMX<\/a>","tag_info":"CDMX","comment_count":"0","_links":{"self":[{"href":"https:\/\/quehacerpolitico.mx\/index.php?rest_route=\/wp\/v2\/posts\/118159","targetHints":{"allow":["GET"]}}],"collection":[{"href":"https:\/\/quehacerpolitico.mx\/index.php?rest_route=\/wp\/v2\/posts"}],"about":[{"href":"https:\/\/quehacerpolitico.mx\/index.php?rest_route=\/wp\/v2\/types\/post"}],"author":[{"embeddable":true,"href":"https:\/\/quehacerpolitico.mx\/index.php?rest_route=\/wp\/v2\/users\/2"}],"replies":[{"embeddable":true,"href":"https:\/\/quehacerpolitico.mx\/index.php?rest_route=%2Fwp%2Fv2%2Fcomments&post=118159"}],"version-history":[{"count":1,"href":"https:\/\/quehacerpolitico.mx\/index.php?rest_route=\/wp\/v2\/posts\/118159\/revisions"}],"predecessor-version":[{"id":118161,"href":"https:\/\/quehacerpolitico.mx\/index.php?rest_route=\/wp\/v2\/posts\/118159\/revisions\/118161"}],"wp:featuredmedia":[{"embeddable":true,"href":"https:\/\/quehacerpolitico.mx\/index.php?rest_route=\/wp\/v2\/media\/118160"}],"wp:attachment":[{"href":"https:\/\/quehacerpolitico.mx\/index.php?rest_route=%2Fwp%2Fv2%2Fmedia&parent=118159"}],"wp:term":[{"taxonomy":"category","embeddable":true,"href":"https:\/\/quehacerpolitico.mx\/index.php?rest_route=%2Fwp%2Fv2%2Fcategories&post=118159"},{"taxonomy":"post_tag","embeddable":true,"href":"https:\/\/quehacerpolitico.mx\/index.php?rest_route=%2Fwp%2Fv2%2Ftags&post=118159"}],"curies":[{"name":"wp","href":"https:\/\/api.w.org\/{rel}","templated":true}]}}