{"id":11813,"date":"2018-12-15T04:37:54","date_gmt":"2018-12-15T04:37:54","guid":{"rendered":"http:\/\/quehacerpolitico.mx\/en-punto-nancy-herrera-guerrero-lopez-obrador-abre-la-puerta-a-la-muerte-asistida-en-sector-salud\/"},"modified":"2018-12-15T04:37:54","modified_gmt":"2018-12-15T04:37:54","slug":"en-punto-nancy-herrera-guerrero-lopez-obrador-abre-la-puerta-a-la-muerte-asistida-en-sector-salud","status":"publish","type":"post","link":"https:\/\/quehacerpolitico.mx\/?p=11813","title":{"rendered":"En Punto\/\/\/Nancy Herrera Guerrero\/\/\/L\u00f3pez Obrador abre la puerta a la muerte asistida en sector salud"},"content":{"rendered":"<h1 class=\"news-title\">L\u00f3pez Obrador abre la puerta a la muerte asistida en sector salud<\/h1>\n<p>Por Nancy Herrera Guerrero<\/p>\n<header class=\"news-header\">\n<div class=\"news-subtitle\">\n<p>El Presidente se\u00f1al\u00f3 que el bien morir no est\u00e1 considerado en la atenci\u00f3n a la salud, y es un tema muy importante que debe resolverse<\/p>\n<\/div>\n<\/header>\n<div class=\"news-content\">\n<div class=\"news-body row\">\n<p>Al firmar un acuerdo con ocho estados del sureste para comenzar con la federalizaci\u00f3n del sector salud, el presidente Andres Manuel L\u00f3pez Obrador abri\u00f3 la puerta para que se lleve a la pr\u00e1ctica el bien morir o la muerte asistida en dicho sector.\u00a0<\/p>\n<p><strong>&#8220;C\u00f3mo el tema de desahuciar cuando se llega a una realidad triste de que no hay opciones, no hay alternativas, no es decir &#8216;a ver ya llev\u00e9nse al paciente a su casa&#8217;, por qu\u00e9 no implementamos algo para el bien morir, por qu\u00e9 no la asistencia. Todo eso no est\u00e1 considerado en la atenci\u00f3n a la salud<\/strong>, entonces son cuestiones muy importantes que tenemos que resolver entre todos&#8221;, declar\u00f3.\u00a0<\/p>\n<p>El convenio para iniciar la unificaci\u00f3n del sector salud en poder del Gobierno Federal, y con el cual habr\u00e1 25 mil millones de pesos adicionales para los estados, fue signado por los gobernadores de Guerrero, H\u00e9ctor Astudillo; de Oaxaca, Alejandro Murat; Veracruz, Cuitl\u00e1huac Garc\u00eda; Tabasco, Arturo N\u00fa\u00f1ez; Chiapas, Rutilio Escand\u00f3n; Campeche, Alejandro Moreno; Yucatan, Mauricio Vila y de Quintana Roo, Carlos Joaqu\u00edn Gonz\u00e1lez.\u00a0<\/p>\n<p>El plan de salud federal echa abajo al seguro popular y acaba con la decentralizaci\u00f3n del sector que data de la d\u00e9cada de 1980, adem\u00e1s de que borra el t\u00e9rmino de cuadro b\u00e1sico de medicamentos.\u00a0<\/p>\n<p><strong>&#8220;Proponemos federalizar todo el sistema de salud, es decir que sea una sola instancia, el gobierno de la Rep\u00fablica el que se encargue de la atenci\u00f3n m\u00e9dica del sistema de salud, que no est\u00e9 fraccionado como ahora, porque existe el IMSS, ISSSTE&#8221;<\/strong>, indic\u00f3.\u00a0<\/p>\n<p>Asimismo, L\u00f3pez Obrador se comprometi\u00f3 a que este nuevo plan incluye la basificaci\u00f3n paulatina de unos 80 mil trabajadores de dicho sector que solo laboran por contrato o por honorarios.<\/p>\n<p><strong>&#8220;Hay trabajadores de la salud que llevan 20 a\u00f1os trabajando por contrato, por honorarios, entonces necesitamos ya enfrentar est\u00e1 irregularidad.<\/strong> Estamos hablando de alrededor de 80 mil trabajadores, claro no lo podemos hacer de la noche a la ma\u00f1ana pero en el acuerdo definitivo hay que establecer el compromiso que de manera paulatina tenemos que ir basificando a los trabajadores de la salud y homologando los servicios y prestaciones de los trabajadores&#8221;, detall\u00f3.\u00a0<\/p>\n<p><strong>Cada seis meses, se ir\u00e1n integrando ocho estados m\u00e1s al acuerdo para la federalizaci\u00f3nde la salud<\/strong>, para que en dos a\u00f1os quede instaurado el nuevo plan de L\u00f3pez Obrador.\u00a0<\/p>\n<p>&#8220;Hemos retrocedido en salud en el pa\u00eds. Queremos un sistema de salud de calidad, queremos que se convierta en realidad el sistema de salud de calidad como en Dinamarca, los pa\u00edses n\u00f3rdicos y Canad\u00e1&#8221;, expres\u00f3.<\/p>\n<p>https:\/\/www.facebook.com\/122070839781\/posts\/10158192679624782\/<\/p>\n<\/div>\n<\/div>\n","protected":false},"excerpt":{"rendered":"<p>L\u00f3pez Obrador abre la puerta a la muerte asistida en sector salud<br \/>\nPor Nancy Herrera Guerrero<\/p>\n","protected":false},"author":2,"featured_media":11812,"comment_status":"open","ping_status":"open","sticky":false,"template":"","format":"standard","meta":{"_monsterinsights_skip_tracking":false,"_monsterinsights_sitenote_active":false,"_monsterinsights_sitenote_note":"","_monsterinsights_sitenote_category":0,"footnotes":""},"categories":[2],"tags":[],"class_list":["post-11813","post","type-post","status-publish","format-standard","has-post-thumbnail","hentry","category-noticias"],"yoast_head":"<!-- This site is optimized with the Yoast SEO plugin v27.3 - https:\/\/yoast.com\/product\/yoast-seo-wordpress\/ -->\n<title>En Punto\/\/\/Nancy Herrera Guerrero\/\/\/L\u00f3pez Obrador abre la puerta a la muerte asistida en sector salud -<\/title>\n<meta name=\"robots\" content=\"index, follow, max-snippet:-1, max-image-preview:large, max-video-preview:-1\" \/>\n<link rel=\"canonical\" href=\"https:\/\/quehacerpolitico.mx\/?p=11813\" \/>\n<meta property=\"og:locale\" content=\"es_MX\" \/>\n<meta property=\"og:type\" content=\"article\" \/>\n<meta property=\"og:title\" content=\"En Punto\/\/\/Nancy Herrera Guerrero\/\/\/L\u00f3pez Obrador abre la puerta a la muerte asistida en sector salud -\" \/>\n<meta property=\"og:description\" content=\"L\u00f3pez Obrador abre la puerta a la muerte asistida en sector salud Por Nancy Herrera Guerrero\" \/>\n<meta property=\"og:url\" content=\"https:\/\/quehacerpolitico.mx\/?p=11813\" \/>\n<meta property=\"article:published_time\" content=\"2018-12-15T04:37:54+00:00\" \/>\n<meta name=\"author\" content=\"Redacci\u00f3n QP\" \/>\n<meta name=\"twitter:card\" content=\"summary_large_image\" \/>\n<meta name=\"twitter:label1\" content=\"Escrito por\" \/>\n\t<meta name=\"twitter:data1\" content=\"Redacci\u00f3n QP\" \/>\n\t<meta name=\"twitter:label2\" content=\"Tiempo de lectura\" \/>\n\t<meta name=\"twitter:data2\" content=\"2 minutos\" \/>\n<script type=\"application\/ld+json\" class=\"yoast-schema-graph\">{\"@context\":\"https:\\\/\\\/schema.org\",\"@graph\":[{\"@type\":\"Article\",\"@id\":\"https:\\\/\\\/quehacerpolitico.mx\\\/?p=11813#article\",\"isPartOf\":{\"@id\":\"https:\\\/\\\/quehacerpolitico.mx\\\/?p=11813\"},\"author\":{\"name\":\"Redacci\u00f3n QP\",\"@id\":\"https:\\\/\\\/quehacerpolitico.mx\\\/#\\\/schema\\\/person\\\/496d8ad2d1d3f8036101dca7ee39e585\"},\"headline\":\"En Punto\\\/\\\/\\\/Nancy Herrera Guerrero\\\/\\\/\\\/L\u00f3pez Obrador abre la puerta a la muerte asistida en sector salud\",\"datePublished\":\"2018-12-15T04:37:54+00:00\",\"mainEntityOfPage\":{\"@id\":\"https:\\\/\\\/quehacerpolitico.mx\\\/?p=11813\"},\"wordCount\":516,\"commentCount\":0,\"image\":{\"@id\":\"https:\\\/\\\/quehacerpolitico.mx\\\/?p=11813#primaryimage\"},\"thumbnailUrl\":\"\",\"articleSection\":[\"Noticias\"],\"inLanguage\":\"es\",\"potentialAction\":[{\"@type\":\"CommentAction\",\"name\":\"Comment\",\"target\":[\"https:\\\/\\\/quehacerpolitico.mx\\\/?p=11813#respond\"]}]},{\"@type\":\"WebPage\",\"@id\":\"https:\\\/\\\/quehacerpolitico.mx\\\/?p=11813\",\"url\":\"https:\\\/\\\/quehacerpolitico.mx\\\/?p=11813\",\"name\":\"En Punto\\\/\\\/\\\/Nancy Herrera Guerrero\\\/\\\/\\\/L\u00f3pez Obrador abre la puerta a la muerte asistida en sector salud -\",\"isPartOf\":{\"@id\":\"https:\\\/\\\/quehacerpolitico.mx\\\/#website\"},\"primaryImageOfPage\":{\"@id\":\"https:\\\/\\\/quehacerpolitico.mx\\\/?p=11813#primaryimage\"},\"image\":{\"@id\":\"https:\\\/\\\/quehacerpolitico.mx\\\/?p=11813#primaryimage\"},\"thumbnailUrl\":\"\",\"datePublished\":\"2018-12-15T04:37:54+00:00\",\"author\":{\"@id\":\"https:\\\/\\\/quehacerpolitico.mx\\\/#\\\/schema\\\/person\\\/496d8ad2d1d3f8036101dca7ee39e585\"},\"breadcrumb\":{\"@id\":\"https:\\\/\\\/quehacerpolitico.mx\\\/?p=11813#breadcrumb\"},\"inLanguage\":\"es\",\"potentialAction\":[{\"@type\":\"ReadAction\",\"target\":[\"https:\\\/\\\/quehacerpolitico.mx\\\/?p=11813\"]}]},{\"@type\":\"ImageObject\",\"inLanguage\":\"es\",\"@id\":\"https:\\\/\\\/quehacerpolitico.mx\\\/?p=11813#primaryimage\",\"url\":\"\",\"contentUrl\":\"\"},{\"@type\":\"BreadcrumbList\",\"@id\":\"https:\\\/\\\/quehacerpolitico.mx\\\/?p=11813#breadcrumb\",\"itemListElement\":[{\"@type\":\"ListItem\",\"position\":1,\"name\":\"Inicio\",\"item\":\"https:\\\/\\\/quehacerpolitico.mx\\\/\"},{\"@type\":\"ListItem\",\"position\":2,\"name\":\"En Punto\\\/\\\/\\\/Nancy Herrera Guerrero\\\/\\\/\\\/L\u00f3pez Obrador abre la puerta a la muerte asistida en sector salud\"}]},{\"@type\":\"WebSite\",\"@id\":\"https:\\\/\\\/quehacerpolitico.mx\\\/#website\",\"url\":\"https:\\\/\\\/quehacerpolitico.mx\\\/\",\"name\":\"\",\"description\":\"\",\"potentialAction\":[{\"@type\":\"SearchAction\",\"target\":{\"@type\":\"EntryPoint\",\"urlTemplate\":\"https:\\\/\\\/quehacerpolitico.mx\\\/?s={search_term_string}\"},\"query-input\":{\"@type\":\"PropertyValueSpecification\",\"valueRequired\":true,\"valueName\":\"search_term_string\"}}],\"inLanguage\":\"es\"},{\"@type\":\"Person\",\"@id\":\"https:\\\/\\\/quehacerpolitico.mx\\\/#\\\/schema\\\/person\\\/496d8ad2d1d3f8036101dca7ee39e585\",\"name\":\"Redacci\u00f3n QP\",\"image\":{\"@type\":\"ImageObject\",\"inLanguage\":\"es\",\"@id\":\"https:\\\/\\\/secure.gravatar.com\\\/avatar\\\/c7164ed6fdec453195284ad24a5ae5b6e1eed2b848477fa2a4787ba9adf39a41?s=96&d=mm&r=g\",\"url\":\"https:\\\/\\\/secure.gravatar.com\\\/avatar\\\/c7164ed6fdec453195284ad24a5ae5b6e1eed2b848477fa2a4787ba9adf39a41?s=96&d=mm&r=g\",\"contentUrl\":\"https:\\\/\\\/secure.gravatar.com\\\/avatar\\\/c7164ed6fdec453195284ad24a5ae5b6e1eed2b848477fa2a4787ba9adf39a41?s=96&d=mm&r=g\",\"caption\":\"Redacci\u00f3n QP\"},\"url\":\"https:\\\/\\\/quehacerpolitico.mx\\\/?author=2\"}]}<\/script>\n<!-- \/ Yoast SEO plugin. -->","yoast_head_json":{"title":"En Punto\/\/\/Nancy Herrera Guerrero\/\/\/L\u00f3pez Obrador abre la puerta a la muerte asistida en sector salud -","robots":{"index":"index","follow":"follow","max-snippet":"max-snippet:-1","max-image-preview":"max-image-preview:large","max-video-preview":"max-video-preview:-1"},"canonical":"https:\/\/quehacerpolitico.mx\/?p=11813","og_locale":"es_MX","og_type":"article","og_title":"En Punto\/\/\/Nancy Herrera Guerrero\/\/\/L\u00f3pez Obrador abre la puerta a la muerte asistida en sector salud -","og_description":"L\u00f3pez Obrador abre la puerta a la muerte asistida en sector salud Por Nancy Herrera Guerrero","og_url":"https:\/\/quehacerpolitico.mx\/?p=11813","article_published_time":"2018-12-15T04:37:54+00:00","author":"Redacci\u00f3n QP","twitter_card":"summary_large_image","twitter_misc":{"Escrito por":"Redacci\u00f3n QP","Tiempo de lectura":"2 minutos"},"schema":{"@context":"https:\/\/schema.org","@graph":[{"@type":"Article","@id":"https:\/\/quehacerpolitico.mx\/?p=11813#article","isPartOf":{"@id":"https:\/\/quehacerpolitico.mx\/?p=11813"},"author":{"name":"Redacci\u00f3n QP","@id":"https:\/\/quehacerpolitico.mx\/#\/schema\/person\/496d8ad2d1d3f8036101dca7ee39e585"},"headline":"En Punto\/\/\/Nancy Herrera Guerrero\/\/\/L\u00f3pez Obrador abre la puerta a la muerte asistida en sector salud","datePublished":"2018-12-15T04:37:54+00:00","mainEntityOfPage":{"@id":"https:\/\/quehacerpolitico.mx\/?p=11813"},"wordCount":516,"commentCount":0,"image":{"@id":"https:\/\/quehacerpolitico.mx\/?p=11813#primaryimage"},"thumbnailUrl":"","articleSection":["Noticias"],"inLanguage":"es","potentialAction":[{"@type":"CommentAction","name":"Comment","target":["https:\/\/quehacerpolitico.mx\/?p=11813#respond"]}]},{"@type":"WebPage","@id":"https:\/\/quehacerpolitico.mx\/?p=11813","url":"https:\/\/quehacerpolitico.mx\/?p=11813","name":"En Punto\/\/\/Nancy Herrera Guerrero\/\/\/L\u00f3pez Obrador abre la puerta a la muerte asistida en sector salud -","isPartOf":{"@id":"https:\/\/quehacerpolitico.mx\/#website"},"primaryImageOfPage":{"@id":"https:\/\/quehacerpolitico.mx\/?p=11813#primaryimage"},"image":{"@id":"https:\/\/quehacerpolitico.mx\/?p=11813#primaryimage"},"thumbnailUrl":"","datePublished":"2018-12-15T04:37:54+00:00","author":{"@id":"https:\/\/quehacerpolitico.mx\/#\/schema\/person\/496d8ad2d1d3f8036101dca7ee39e585"},"breadcrumb":{"@id":"https:\/\/quehacerpolitico.mx\/?p=11813#breadcrumb"},"inLanguage":"es","potentialAction":[{"@type":"ReadAction","target":["https:\/\/quehacerpolitico.mx\/?p=11813"]}]},{"@type":"ImageObject","inLanguage":"es","@id":"https:\/\/quehacerpolitico.mx\/?p=11813#primaryimage","url":"","contentUrl":""},{"@type":"BreadcrumbList","@id":"https:\/\/quehacerpolitico.mx\/?p=11813#breadcrumb","itemListElement":[{"@type":"ListItem","position":1,"name":"Inicio","item":"https:\/\/quehacerpolitico.mx\/"},{"@type":"ListItem","position":2,"name":"En Punto\/\/\/Nancy Herrera Guerrero\/\/\/L\u00f3pez Obrador abre la puerta a la muerte asistida en sector salud"}]},{"@type":"WebSite","@id":"https:\/\/quehacerpolitico.mx\/#website","url":"https:\/\/quehacerpolitico.mx\/","name":"","description":"","potentialAction":[{"@type":"SearchAction","target":{"@type":"EntryPoint","urlTemplate":"https:\/\/quehacerpolitico.mx\/?s={search_term_string}"},"query-input":{"@type":"PropertyValueSpecification","valueRequired":true,"valueName":"search_term_string"}}],"inLanguage":"es"},{"@type":"Person","@id":"https:\/\/quehacerpolitico.mx\/#\/schema\/person\/496d8ad2d1d3f8036101dca7ee39e585","name":"Redacci\u00f3n QP","image":{"@type":"ImageObject","inLanguage":"es","@id":"https:\/\/secure.gravatar.com\/avatar\/c7164ed6fdec453195284ad24a5ae5b6e1eed2b848477fa2a4787ba9adf39a41?s=96&d=mm&r=g","url":"https:\/\/secure.gravatar.com\/avatar\/c7164ed6fdec453195284ad24a5ae5b6e1eed2b848477fa2a4787ba9adf39a41?s=96&d=mm&r=g","contentUrl":"https:\/\/secure.gravatar.com\/avatar\/c7164ed6fdec453195284ad24a5ae5b6e1eed2b848477fa2a4787ba9adf39a41?s=96&d=mm&r=g","caption":"Redacci\u00f3n QP"},"url":"https:\/\/quehacerpolitico.mx\/?author=2"}]}},"featured_image_urls":{"full":"","thumbnail":"","medium":"","medium_large":"","large":"","1536x1536":"","2048x2048":"","covernews-featured":"","covernews-medium":""},"author_info":{"display_name":"Redacci\u00f3n QP","author_link":"https:\/\/quehacerpolitico.mx\/?author=2"},"category_info":"<a href=\"https:\/\/quehacerpolitico.mx\/?cat=2\" rel=\"category\">Noticias<\/a>","tag_info":"Noticias","comment_count":"0","_links":{"self":[{"href":"https:\/\/quehacerpolitico.mx\/index.php?rest_route=\/wp\/v2\/posts\/11813","targetHints":{"allow":["GET"]}}],"collection":[{"href":"https:\/\/quehacerpolitico.mx\/index.php?rest_route=\/wp\/v2\/posts"}],"about":[{"href":"https:\/\/quehacerpolitico.mx\/index.php?rest_route=\/wp\/v2\/types\/post"}],"author":[{"embeddable":true,"href":"https:\/\/quehacerpolitico.mx\/index.php?rest_route=\/wp\/v2\/users\/2"}],"replies":[{"embeddable":true,"href":"https:\/\/quehacerpolitico.mx\/index.php?rest_route=%2Fwp%2Fv2%2Fcomments&post=11813"}],"version-history":[{"count":0,"href":"https:\/\/quehacerpolitico.mx\/index.php?rest_route=\/wp\/v2\/posts\/11813\/revisions"}],"wp:featuredmedia":[{"embeddable":true,"href":"https:\/\/quehacerpolitico.mx\/index.php?rest_route=\/"}],"wp:attachment":[{"href":"https:\/\/quehacerpolitico.mx\/index.php?rest_route=%2Fwp%2Fv2%2Fmedia&parent=11813"}],"wp:term":[{"taxonomy":"category","embeddable":true,"href":"https:\/\/quehacerpolitico.mx\/index.php?rest_route=%2Fwp%2Fv2%2Fcategories&post=11813"},{"taxonomy":"post_tag","embeddable":true,"href":"https:\/\/quehacerpolitico.mx\/index.php?rest_route=%2Fwp%2Fv2%2Ftags&post=11813"}],"curies":[{"name":"wp","href":"https:\/\/api.w.org\/{rel}","templated":true}]}}