{"id":11811,"date":"2018-12-15T03:17:23","date_gmt":"2018-12-15T03:17:23","guid":{"rendered":"http:\/\/quehacerpolitico.mx\/en-punto-nancy-herrera-guerrero-pena-reaparece-en-el-pueblo-magico-de-metepec-se-come-un-short-rib-horneado-24-horas\/"},"modified":"2018-12-15T03:17:23","modified_gmt":"2018-12-15T03:17:23","slug":"en-punto-nancy-herrera-guerrero-pena-reaparece-en-el-pueblo-magico-de-metepec-se-come-un-short-rib-horneado-24-horas","status":"publish","type":"post","link":"https:\/\/quehacerpolitico.mx\/?p=11811","title":{"rendered":"En Punto\/\/\/Nancy Herrera Guerrero\/\/\/Pe\u00f1a reaparece en el pueblo m\u00e1gico de Metepec; se come un short rib horneado 24 horas"},"content":{"rendered":"<h1>Pe\u00f1a reaparece en el pueblo m\u00e1gico de Metepec; se come un short rib horneado 24 horas<\/h1>\n<p>Por Nancy Herrera Guerrero<\/p>\n<p><strong>Catorce jornadas despu\u00e9s<\/strong> de haber entregado la banda presidencial a<strong>Andr\u00e9s Manuel L\u00f3pez Obrador<\/strong>, Enrique Pe\u00f1a Nieto reapareci\u00f3 en el <strong>Estado de M\u00e9xico<\/strong>.<\/p>\n<p>Empleados que lo atendieron en un lujoso restaurante de <strong>Metepec compartieron una imagen<\/strong> en la que posa Enrique.<\/p>\n<p>De acuerdo con la publicaci\u00f3n, <strong>Pe\u00f1a Nieto se comi\u00f3 un short rib<\/strong> horneado durante 24 horas.<\/p>\n<p>El priista hab\u00eda sido visto por \u00faltima vez el domingo 1 de diciembre, despu\u00e9s de que entregara la estafeta y escuchara el discurso de Andr\u00e9s Manuel L\u00f3pez Obrador.<\/p>\n<p>\u201cNada ha da\u00f1ado m\u00e1s a M\u00e9xico que la corrupci\u00f3n de los gobernantes y de una c\u00fapula del poder privado\u201d, dijo <strong>Andr\u00e9s Manuel L\u00f3pez Obrador. Pe\u00f1a escuch\u00f3.\u00a0<\/strong><\/p>\n<p>Ese d\u00eda. el nuevo Jefe del Ejecutivo federal exhibi\u00f3 ante el pa\u00eds el fracaso de tres d\u00e9cadas de pol\u00edtica neoliberal. Culp\u00f3 a esa corriente de pensamiento econ\u00f3mico e ideol\u00f3gico por los grandes males que sufre M\u00e9xico: la marginaci\u00f3n, la corrupci\u00f3n, la violencia. \u201cUn desastre\u201d, dijo. \u201cSe acab\u00f3\u201d. Pe\u00f1a escuch\u00f3.<\/p>\n<blockquote>\n<p>\u201cHoy no inicia un nuevo Gobierno, hoy comienza un cambio de r\u00e9gimen pol\u00edtico de M\u00e9xico\u201d, advirti\u00f3. Pe\u00f1a se volvi\u00f3 viral por los rostros que hizo.<\/p>\n<\/blockquote>\n<p>En entrevista, Juan Villoro dijo que Enrique Pe\u00f1a Nieto se desenvolvi\u00f3, durante a\u00f1os, ajeno a la vida del pa\u00eds que gobernaba.<\/p>\n","protected":false},"excerpt":{"rendered":"<p>Pe\u00f1a reaparece en el pueblo m\u00e1gico de Metepec; se come un short rib horneado 24 horas<br \/>\nPor Nancy Herrera Guerrero<\/p>\n","protected":false},"author":2,"featured_media":11810,"comment_status":"open","ping_status":"open","sticky":false,"template":"","format":"standard","meta":{"_monsterinsights_skip_tracking":false,"_monsterinsights_sitenote_active":false,"_monsterinsights_sitenote_note":"","_monsterinsights_sitenote_category":0,"footnotes":""},"categories":[2],"tags":[],"class_list":["post-11811","post","type-post","status-publish","format-standard","has-post-thumbnail","hentry","category-noticias"],"yoast_head":"<!-- This site is optimized with the Yoast SEO plugin v27.3 - https:\/\/yoast.com\/product\/yoast-seo-wordpress\/ -->\n<title>En Punto\/\/\/Nancy Herrera Guerrero\/\/\/Pe\u00f1a reaparece en el pueblo m\u00e1gico de Metepec; se come un short rib horneado 24 horas -<\/title>\n<meta name=\"robots\" content=\"index, follow, max-snippet:-1, max-image-preview:large, max-video-preview:-1\" \/>\n<link rel=\"canonical\" href=\"https:\/\/quehacerpolitico.mx\/?p=11811\" \/>\n<meta property=\"og:locale\" content=\"es_MX\" \/>\n<meta property=\"og:type\" content=\"article\" \/>\n<meta property=\"og:title\" content=\"En Punto\/\/\/Nancy Herrera Guerrero\/\/\/Pe\u00f1a reaparece en el pueblo m\u00e1gico de Metepec; se come un short rib horneado 24 horas -\" \/>\n<meta property=\"og:description\" content=\"Pe\u00f1a reaparece en el pueblo m\u00e1gico de Metepec; se come un short rib horneado 24 horas Por Nancy Herrera Guerrero\" \/>\n<meta property=\"og:url\" content=\"https:\/\/quehacerpolitico.mx\/?p=11811\" \/>\n<meta property=\"article:published_time\" content=\"2018-12-15T03:17:23+00:00\" \/>\n<meta name=\"author\" content=\"Redacci\u00f3n QP\" \/>\n<meta name=\"twitter:card\" content=\"summary_large_image\" \/>\n<meta name=\"twitter:label1\" content=\"Escrito por\" \/>\n\t<meta name=\"twitter:data1\" content=\"Redacci\u00f3n QP\" \/>\n\t<meta name=\"twitter:label2\" content=\"Tiempo de lectura\" \/>\n\t<meta name=\"twitter:data2\" content=\"1 minuto\" \/>\n<script type=\"application\/ld+json\" class=\"yoast-schema-graph\">{\"@context\":\"https:\\\/\\\/schema.org\",\"@graph\":[{\"@type\":\"Article\",\"@id\":\"https:\\\/\\\/quehacerpolitico.mx\\\/?p=11811#article\",\"isPartOf\":{\"@id\":\"https:\\\/\\\/quehacerpolitico.mx\\\/?p=11811\"},\"author\":{\"name\":\"Redacci\u00f3n QP\",\"@id\":\"https:\\\/\\\/quehacerpolitico.mx\\\/#\\\/schema\\\/person\\\/496d8ad2d1d3f8036101dca7ee39e585\"},\"headline\":\"En Punto\\\/\\\/\\\/Nancy Herrera Guerrero\\\/\\\/\\\/Pe\u00f1a reaparece en el pueblo m\u00e1gico de Metepec; se come un short rib horneado 24 horas\",\"datePublished\":\"2018-12-15T03:17:23+00:00\",\"mainEntityOfPage\":{\"@id\":\"https:\\\/\\\/quehacerpolitico.mx\\\/?p=11811\"},\"wordCount\":282,\"commentCount\":0,\"image\":{\"@id\":\"https:\\\/\\\/quehacerpolitico.mx\\\/?p=11811#primaryimage\"},\"thumbnailUrl\":\"\",\"articleSection\":[\"Noticias\"],\"inLanguage\":\"es\",\"potentialAction\":[{\"@type\":\"CommentAction\",\"name\":\"Comment\",\"target\":[\"https:\\\/\\\/quehacerpolitico.mx\\\/?p=11811#respond\"]}]},{\"@type\":\"WebPage\",\"@id\":\"https:\\\/\\\/quehacerpolitico.mx\\\/?p=11811\",\"url\":\"https:\\\/\\\/quehacerpolitico.mx\\\/?p=11811\",\"name\":\"En Punto\\\/\\\/\\\/Nancy Herrera Guerrero\\\/\\\/\\\/Pe\u00f1a reaparece en el pueblo m\u00e1gico de Metepec; se come un short rib horneado 24 horas -\",\"isPartOf\":{\"@id\":\"https:\\\/\\\/quehacerpolitico.mx\\\/#website\"},\"primaryImageOfPage\":{\"@id\":\"https:\\\/\\\/quehacerpolitico.mx\\\/?p=11811#primaryimage\"},\"image\":{\"@id\":\"https:\\\/\\\/quehacerpolitico.mx\\\/?p=11811#primaryimage\"},\"thumbnailUrl\":\"\",\"datePublished\":\"2018-12-15T03:17:23+00:00\",\"author\":{\"@id\":\"https:\\\/\\\/quehacerpolitico.mx\\\/#\\\/schema\\\/person\\\/496d8ad2d1d3f8036101dca7ee39e585\"},\"breadcrumb\":{\"@id\":\"https:\\\/\\\/quehacerpolitico.mx\\\/?p=11811#breadcrumb\"},\"inLanguage\":\"es\",\"potentialAction\":[{\"@type\":\"ReadAction\",\"target\":[\"https:\\\/\\\/quehacerpolitico.mx\\\/?p=11811\"]}]},{\"@type\":\"ImageObject\",\"inLanguage\":\"es\",\"@id\":\"https:\\\/\\\/quehacerpolitico.mx\\\/?p=11811#primaryimage\",\"url\":\"\",\"contentUrl\":\"\"},{\"@type\":\"BreadcrumbList\",\"@id\":\"https:\\\/\\\/quehacerpolitico.mx\\\/?p=11811#breadcrumb\",\"itemListElement\":[{\"@type\":\"ListItem\",\"position\":1,\"name\":\"Inicio\",\"item\":\"https:\\\/\\\/quehacerpolitico.mx\\\/\"},{\"@type\":\"ListItem\",\"position\":2,\"name\":\"En Punto\\\/\\\/\\\/Nancy Herrera Guerrero\\\/\\\/\\\/Pe\u00f1a reaparece en el pueblo m\u00e1gico de Metepec; se come un short rib horneado 24 horas\"}]},{\"@type\":\"WebSite\",\"@id\":\"https:\\\/\\\/quehacerpolitico.mx\\\/#website\",\"url\":\"https:\\\/\\\/quehacerpolitico.mx\\\/\",\"name\":\"\",\"description\":\"\",\"potentialAction\":[{\"@type\":\"SearchAction\",\"target\":{\"@type\":\"EntryPoint\",\"urlTemplate\":\"https:\\\/\\\/quehacerpolitico.mx\\\/?s={search_term_string}\"},\"query-input\":{\"@type\":\"PropertyValueSpecification\",\"valueRequired\":true,\"valueName\":\"search_term_string\"}}],\"inLanguage\":\"es\"},{\"@type\":\"Person\",\"@id\":\"https:\\\/\\\/quehacerpolitico.mx\\\/#\\\/schema\\\/person\\\/496d8ad2d1d3f8036101dca7ee39e585\",\"name\":\"Redacci\u00f3n QP\",\"image\":{\"@type\":\"ImageObject\",\"inLanguage\":\"es\",\"@id\":\"https:\\\/\\\/secure.gravatar.com\\\/avatar\\\/c7164ed6fdec453195284ad24a5ae5b6e1eed2b848477fa2a4787ba9adf39a41?s=96&d=mm&r=g\",\"url\":\"https:\\\/\\\/secure.gravatar.com\\\/avatar\\\/c7164ed6fdec453195284ad24a5ae5b6e1eed2b848477fa2a4787ba9adf39a41?s=96&d=mm&r=g\",\"contentUrl\":\"https:\\\/\\\/secure.gravatar.com\\\/avatar\\\/c7164ed6fdec453195284ad24a5ae5b6e1eed2b848477fa2a4787ba9adf39a41?s=96&d=mm&r=g\",\"caption\":\"Redacci\u00f3n QP\"},\"url\":\"https:\\\/\\\/quehacerpolitico.mx\\\/?author=2\"}]}<\/script>\n<!-- \/ Yoast SEO plugin. -->","yoast_head_json":{"title":"En Punto\/\/\/Nancy Herrera Guerrero\/\/\/Pe\u00f1a reaparece en el pueblo m\u00e1gico de Metepec; se come un short rib horneado 24 horas -","robots":{"index":"index","follow":"follow","max-snippet":"max-snippet:-1","max-image-preview":"max-image-preview:large","max-video-preview":"max-video-preview:-1"},"canonical":"https:\/\/quehacerpolitico.mx\/?p=11811","og_locale":"es_MX","og_type":"article","og_title":"En Punto\/\/\/Nancy Herrera Guerrero\/\/\/Pe\u00f1a reaparece en el pueblo m\u00e1gico de Metepec; se come un short rib horneado 24 horas -","og_description":"Pe\u00f1a reaparece en el pueblo m\u00e1gico de Metepec; se come un short rib horneado 24 horas Por Nancy Herrera Guerrero","og_url":"https:\/\/quehacerpolitico.mx\/?p=11811","article_published_time":"2018-12-15T03:17:23+00:00","author":"Redacci\u00f3n QP","twitter_card":"summary_large_image","twitter_misc":{"Escrito por":"Redacci\u00f3n QP","Tiempo de lectura":"1 minuto"},"schema":{"@context":"https:\/\/schema.org","@graph":[{"@type":"Article","@id":"https:\/\/quehacerpolitico.mx\/?p=11811#article","isPartOf":{"@id":"https:\/\/quehacerpolitico.mx\/?p=11811"},"author":{"name":"Redacci\u00f3n QP","@id":"https:\/\/quehacerpolitico.mx\/#\/schema\/person\/496d8ad2d1d3f8036101dca7ee39e585"},"headline":"En Punto\/\/\/Nancy Herrera Guerrero\/\/\/Pe\u00f1a reaparece en el pueblo m\u00e1gico de Metepec; se come un short rib horneado 24 horas","datePublished":"2018-12-15T03:17:23+00:00","mainEntityOfPage":{"@id":"https:\/\/quehacerpolitico.mx\/?p=11811"},"wordCount":282,"commentCount":0,"image":{"@id":"https:\/\/quehacerpolitico.mx\/?p=11811#primaryimage"},"thumbnailUrl":"","articleSection":["Noticias"],"inLanguage":"es","potentialAction":[{"@type":"CommentAction","name":"Comment","target":["https:\/\/quehacerpolitico.mx\/?p=11811#respond"]}]},{"@type":"WebPage","@id":"https:\/\/quehacerpolitico.mx\/?p=11811","url":"https:\/\/quehacerpolitico.mx\/?p=11811","name":"En Punto\/\/\/Nancy Herrera Guerrero\/\/\/Pe\u00f1a reaparece en el pueblo m\u00e1gico de Metepec; se come un short rib horneado 24 horas -","isPartOf":{"@id":"https:\/\/quehacerpolitico.mx\/#website"},"primaryImageOfPage":{"@id":"https:\/\/quehacerpolitico.mx\/?p=11811#primaryimage"},"image":{"@id":"https:\/\/quehacerpolitico.mx\/?p=11811#primaryimage"},"thumbnailUrl":"","datePublished":"2018-12-15T03:17:23+00:00","author":{"@id":"https:\/\/quehacerpolitico.mx\/#\/schema\/person\/496d8ad2d1d3f8036101dca7ee39e585"},"breadcrumb":{"@id":"https:\/\/quehacerpolitico.mx\/?p=11811#breadcrumb"},"inLanguage":"es","potentialAction":[{"@type":"ReadAction","target":["https:\/\/quehacerpolitico.mx\/?p=11811"]}]},{"@type":"ImageObject","inLanguage":"es","@id":"https:\/\/quehacerpolitico.mx\/?p=11811#primaryimage","url":"","contentUrl":""},{"@type":"BreadcrumbList","@id":"https:\/\/quehacerpolitico.mx\/?p=11811#breadcrumb","itemListElement":[{"@type":"ListItem","position":1,"name":"Inicio","item":"https:\/\/quehacerpolitico.mx\/"},{"@type":"ListItem","position":2,"name":"En Punto\/\/\/Nancy Herrera Guerrero\/\/\/Pe\u00f1a reaparece en el pueblo m\u00e1gico de Metepec; se come un short rib horneado 24 horas"}]},{"@type":"WebSite","@id":"https:\/\/quehacerpolitico.mx\/#website","url":"https:\/\/quehacerpolitico.mx\/","name":"","description":"","potentialAction":[{"@type":"SearchAction","target":{"@type":"EntryPoint","urlTemplate":"https:\/\/quehacerpolitico.mx\/?s={search_term_string}"},"query-input":{"@type":"PropertyValueSpecification","valueRequired":true,"valueName":"search_term_string"}}],"inLanguage":"es"},{"@type":"Person","@id":"https:\/\/quehacerpolitico.mx\/#\/schema\/person\/496d8ad2d1d3f8036101dca7ee39e585","name":"Redacci\u00f3n QP","image":{"@type":"ImageObject","inLanguage":"es","@id":"https:\/\/secure.gravatar.com\/avatar\/c7164ed6fdec453195284ad24a5ae5b6e1eed2b848477fa2a4787ba9adf39a41?s=96&d=mm&r=g","url":"https:\/\/secure.gravatar.com\/avatar\/c7164ed6fdec453195284ad24a5ae5b6e1eed2b848477fa2a4787ba9adf39a41?s=96&d=mm&r=g","contentUrl":"https:\/\/secure.gravatar.com\/avatar\/c7164ed6fdec453195284ad24a5ae5b6e1eed2b848477fa2a4787ba9adf39a41?s=96&d=mm&r=g","caption":"Redacci\u00f3n QP"},"url":"https:\/\/quehacerpolitico.mx\/?author=2"}]}},"featured_image_urls":{"full":"","thumbnail":"","medium":"","medium_large":"","large":"","1536x1536":"","2048x2048":"","covernews-featured":"","covernews-medium":""},"author_info":{"display_name":"Redacci\u00f3n QP","author_link":"https:\/\/quehacerpolitico.mx\/?author=2"},"category_info":"<a href=\"https:\/\/quehacerpolitico.mx\/?cat=2\" rel=\"category\">Noticias<\/a>","tag_info":"Noticias","comment_count":"0","_links":{"self":[{"href":"https:\/\/quehacerpolitico.mx\/index.php?rest_route=\/wp\/v2\/posts\/11811","targetHints":{"allow":["GET"]}}],"collection":[{"href":"https:\/\/quehacerpolitico.mx\/index.php?rest_route=\/wp\/v2\/posts"}],"about":[{"href":"https:\/\/quehacerpolitico.mx\/index.php?rest_route=\/wp\/v2\/types\/post"}],"author":[{"embeddable":true,"href":"https:\/\/quehacerpolitico.mx\/index.php?rest_route=\/wp\/v2\/users\/2"}],"replies":[{"embeddable":true,"href":"https:\/\/quehacerpolitico.mx\/index.php?rest_route=%2Fwp%2Fv2%2Fcomments&post=11811"}],"version-history":[{"count":0,"href":"https:\/\/quehacerpolitico.mx\/index.php?rest_route=\/wp\/v2\/posts\/11811\/revisions"}],"wp:featuredmedia":[{"embeddable":true,"href":"https:\/\/quehacerpolitico.mx\/index.php?rest_route=\/"}],"wp:attachment":[{"href":"https:\/\/quehacerpolitico.mx\/index.php?rest_route=%2Fwp%2Fv2%2Fmedia&parent=11811"}],"wp:term":[{"taxonomy":"category","embeddable":true,"href":"https:\/\/quehacerpolitico.mx\/index.php?rest_route=%2Fwp%2Fv2%2Fcategories&post=11811"},{"taxonomy":"post_tag","embeddable":true,"href":"https:\/\/quehacerpolitico.mx\/index.php?rest_route=%2Fwp%2Fv2%2Ftags&post=11811"}],"curies":[{"name":"wp","href":"https:\/\/api.w.org\/{rel}","templated":true}]}}