{"id":118040,"date":"2025-07-24T10:56:03","date_gmt":"2025-07-24T16:56:03","guid":{"rendered":"https:\/\/quehacerpolitico.mx\/?p=118040"},"modified":"2025-07-24T10:56:05","modified_gmt":"2025-07-24T16:56:05","slug":"automotrices-de-estados-unidos-reprochan-que-acuerdo-arancelario-del-15-con-japon-las-pone-en-desventaja","status":"publish","type":"post","link":"https:\/\/quehacerpolitico.mx\/?p=118040","title":{"rendered":"Automotrices de Estados Unidos reprochan que acuerdo arancelario del 15% con Jap\u00f3n las pone en desventaja"},"content":{"rendered":"\n<p>Por Redacci\u00f3n QP<\/p>\n\n\n\n<p>Las empresas estadounidenses aseguran que enfrentan aranceles superiores sobre el acero, el aluminio y autopartes que sus competidores<\/p>\n\n\n\n<p>Las automotrices estadounidenses expresaron su preocupaci\u00f3n de que el acuerdo del presidente&nbsp;<strong>Donald Trump<\/strong>de implementar un impuesto de importaci\u00f3n del 15% sobre los veh\u00edculos japoneses los coloque en una desventaja competitiva, asegurando que enfrentan aranceles superiores sobre el acero, el aluminio y autopartes que sus competidores.<\/p>\n\n\n\n<p>\u201cNecesitamos revisar todos los detalles del acuerdo, pero se trata de un convenio que cobrar\u00e1 aranceles m\u00e1s bajos a los autos japoneses sin contenido estadounidense\u201d, afirm\u00f3 Matt Blunt, presidente del American Automotive Policy Council, que representa a las tres principales automotrices estadounidenses: General Motors, Ford y Stellantis, fabricante de Jeep.<\/p>\n\n\n\n<p>Blunt dijo en una entrevista que las empresas y los trabajadores estadounidenses \u201cdefinitivamente est\u00e1n en desventaja\u201d porque enfrentan un arancel del 50% sobre el acero y el aluminio y un impuesto de importaci\u00f3n del 25% a las autopartes y veh\u00edculos terminados, con algunas excepciones para los productos cubiertos por el Acuerdo Estados Unidos-M\u00e9xico-Canad\u00e1 (<strong>T-MEC<\/strong>) que entr\u00f3 en vigor en 2020.<\/p>\n\n\n\n<p>La reacci\u00f3n de los fabricantes de autom\u00f3viles nacionales revela el desaf\u00edo de aplicar pol\u00edticas en la econom\u00eda mundial, demostrando que, a pesar de las promesas de Trump, pueden producirse verdaderos sacrificios derivados de decisiones pol\u00edticas que podr\u00edan tener serias repercusiones en estados de gran importancia pol\u00edtica, como Michigan y Wisconsin, donde la fabricaci\u00f3n de autom\u00f3viles es una fuente de ingresos e identidad.<\/p>\n\n\n\n<p>El sindicato United Auto Workers se\u00f1al\u00f3 en un comunicado que estaba \u201cprofundamente indignado\u201d por el acuerdo. \u201cUn mejor acuerdo habr\u00eda obligado a las&nbsp;<strong>automotrices<\/strong>&nbsp;<strong>japonesas<\/strong>a cumplir con los mismos est\u00e1ndares que los trabajadores estadounidenses han luchado por alcanzar en GM, Ford y Stellantis\u201d, dijo el UAW.<\/p>\n\n\n\n<p>\u201cSi esto se convierte en el modelo para el comercio con&nbsp;<strong>Europa<\/strong>&nbsp;o Corea del Sur, ser\u00e1 una gran oportunidad perdida\u201d, a\u00f1adi\u00f3 el sindicato. \u201cNecesitamos acuerdos comerciales que eleven los est\u00e1ndares, no que recompensen la carrera hacia el fondo. Este acuerdo hace lo contrario\u201d.<\/p>\n\n\n\n<h2 class=\"wp-block-heading\">Trump celebra acuerdo arancelario como una gran victoria<\/h2>\n\n\n\n<p>Tras anunciar el marco comercial el martes,&nbsp;<strong>Trump<\/strong>&nbsp;lo present\u00f3 como una gran victoria y afirm\u00f3 que a\u00f1adir\u00eda cientos de miles de empleos a la econom\u00eda de&nbsp;<strong>Estados Unidos<\/strong>&nbsp;y abrir\u00eda la econom\u00eda japonesa de maneras que podr\u00edan acabar con un persistente desequilibrio comercial. El pacto incluye un arancel del 15% que reemplaza al impuesto de importaci\u00f3n del 25% que el republicano hab\u00eda amenazado con imponer a partir del 1 de agosto. Jap\u00f3n tambi\u00e9n aportar\u00eda 550 mil&nbsp;millones de d\u00f3lares para invertir en proyectos en Estados Unidos, dijo la Casa Blanca.<\/p>\n\n\n\n<p>El marco con&nbsp;<strong>Jap\u00f3n<\/strong>&nbsp;eliminar\u00e1 regulaciones que impiden que los veh\u00edculos estadounidenses se vendan en ese pa\u00eds, se\u00f1al\u00f3 la Casa Blanca, y a\u00f1adi\u00f3 que ser\u00eda posible que los veh\u00edculos fabricados en Detroit se env\u00eden directamente a Jap\u00f3n y est\u00e9n listos para su venta.&nbsp;<\/p>\n\n\n\n<p>Pero Blunt coment\u00f3 que las automotrices extranjeras, incluidas los de&nbsp;<strong>Estados Unidos<\/strong>, Europa y Corea del Sur, tienen solo un 6% de participaci\u00f3n en el mercado de Jap\u00f3n, lo que genera escepticismo de que el simple hecho de tener acceso al mercado que existir\u00e1 en ese pa\u00eds, seg\u00fan el gobierno de Trump, ser\u00e1 suficiente.&nbsp;<\/p>\n\n\n\n<p>\u201cEs un hueso duro de roer, y me sorprender\u00eda mucho si vemos alguna penetraci\u00f3n importante en el mercado japon\u00e9s\u201d, dijo Blunt.&nbsp;<\/p>\n\n\n\n<p>Al preguntarle el mi\u00e9rcoles si los&nbsp;<strong>aranceles<\/strong>&nbsp;sectoriales de&nbsp;<strong>Trump<\/strong>, como los automotrices, estaban sujetos a posibles cambios, la secretaria de prensa de la Casa Blanca, Karoline Leavitt, dijo que el tema hab\u00eda pasado por el Departamento de Comercio.&nbsp;<\/p>\n\n\n\n<h2 class=\"wp-block-heading\">Jap\u00f3n y Reino Unido&nbsp;podr\u00edan disfrutar de una ventaja competitiva en EU<\/h2>\n\n\n\n<p>El marco con Jap\u00f3n tambi\u00e9n fue una indicaci\u00f3n de que, para algunas naciones, simplemente es preferible tener una tasa de arancel establecida en lugar de ser sacudidas por los cambios que&nbsp;<strong>Trump<\/strong>&nbsp;ha hecho desde abril a los impuestos de importaci\u00f3n. Pero por el momento, Jap\u00f3n y Reino Unido, con sus cuotas sobre exportaciones de autom\u00f3viles, podr\u00edan disfrutar de una ventaja competitiva en Estados Unidos.&nbsp;<\/p>\n\n\n\n<p>\u201cCon este acuerdo en vigor, se proporciona a Jap\u00f3n una ventaja de costo operativo a corto plazo en comparaci\u00f3n con otros fabricantes de autom\u00f3viles extranjeros, e incluso con algunos productos nacionales de&nbsp;<strong>Estados Unidos<\/strong>&nbsp;que utilizan un alto grado de producci\u00f3n y contenido de piezas extranjeras\u201d, dijo Karl Brauer, analista ejecutivo de iSeeCars. \u201cSer\u00e1 interesante ver si esta es la primera ficha de domin\u00f3 en caer en una serie de pa\u00edses extranjeros que deciden que la estabilidad a largo plazo es m\u00e1s importante que las disputas a corto plazo sobre tasas de aranceles espec\u00edficas\u201d.&nbsp;<\/p>\n\n\n\n<p>Autos Drive America, una organizaci\u00f3n que representa a las principales empresas japonesas Toyota, Honda y Nissan, as\u00ed como a otros&nbsp;<strong>fabricantes de autom\u00f3viles<\/strong>&nbsp;internacionales, dijo en un comunicado que se siente \u201calentada\u201d por el marco comercial anunciado y se\u00f1al\u00f3 que sus miembros han superado la producci\u00f3n de los fabricantes de autom\u00f3viles nacionales en los \u00faltimos dos a\u00f1os.&nbsp;<\/p>\n\n\n\n<p>El comunicado inst\u00f3 &#8221; al gobierno de&nbsp;<strong>Trump<\/strong>&nbsp;a alcanzar r\u00e1pidamente acuerdos similares con otros aliados y socios, especialmente la Uni\u00f3n Europea, Corea del Sur, Canad\u00e1 y M\u00e9xico\u201d.&nbsp;<\/p>\n\n\n\n<p>Existe la posibilidad de que el marco japon\u00e9s d\u00e9 a los fabricantes de autom\u00f3viles y a otros pa\u00edses motivos para presionar con el fin de lograr cambios en el r\u00e9gimen arancelario del gobierno de&nbsp;<strong>Trump<\/strong>. El presidente ha dicho anteriormente que valora la flexibilidad en las negociaciones de impuestos de importaci\u00f3n. El T-MEC est\u00e1 programado para su revisi\u00f3n el pr\u00f3ximo a\u00f1o.&nbsp;<\/p>\n\n\n\n<p>Ford, GM y Stellantis \u201ctienen todo el derecho de estar molestos\u201d, dijo Sam Fiorani, vicepresidente de la consultora AutoForecast Solutions. Pero \u201cHonda, Toyota y Nissan todav\u00eda importan veh\u00edculos desde M\u00e9xico y Canad\u00e1, donde los niveles actuales de aranceles pueden ser m\u00e1s altos que los aplicados a las importaciones japonesas. La mayor\u00eda de los modelos de alto volumen de las marcas japonesas ya se producen en Am\u00e9rica del Norte\u201d.&nbsp;<\/p>\n\n\n\n<p>Fiorani se\u00f1al\u00f3 que, entre las pocas excepciones, est\u00e1n el Toyota 4Runner, el Mazda CX-5 y el Subaru Forester, pero la mayor\u00eda de las dem\u00e1s importaciones llenan nichos que son demasiado peque\u00f1os para justificar la producci\u00f3n en&nbsp;<strong>Estados Unidos<\/strong>.&nbsp;<\/p>\n\n\n\n<p>\u201cHabr\u00e1 negociaciones entre&nbsp;<strong>Estados Unidos, Canad\u00e1 y M\u00e9xic<\/strong>o, y probablemente dar\u00e1n como resultado aranceles de no m\u00e1s del 15%\u201d, a\u00f1adi\u00f3 Fiorani, \u201cpero nadie parece tener prisa por negociar en torno al \u00faltimo acuerdo de libre comercio del gobierno de Trump\u201d.<\/p>\n","protected":false},"excerpt":{"rendered":"<p>Por Redacci\u00f3n QP Las empresas estadounidenses aseguran que enfrentan aranceles superiores sobre el acero, el&#8230;<\/p>\n","protected":false},"author":2,"featured_media":118041,"comment_status":"open","ping_status":"open","sticky":false,"template":"","format":"standard","meta":{"_monsterinsights_skip_tracking":false,"_monsterinsights_sitenote_active":false,"_monsterinsights_sitenote_note":"","_monsterinsights_sitenote_category":0,"footnotes":""},"categories":[56],"tags":[],"class_list":["post-118040","post","type-post","status-publish","format-standard","has-post-thumbnail","hentry","category-economia"],"yoast_head":"<!-- This site is optimized with the Yoast SEO plugin v27.3 - https:\/\/yoast.com\/product\/yoast-seo-wordpress\/ -->\n<title>Automotrices de Estados Unidos reprochan que acuerdo arancelario del 15% con Jap\u00f3n las pone en desventaja -<\/title>\n<meta name=\"robots\" content=\"index, follow, max-snippet:-1, max-image-preview:large, max-video-preview:-1\" \/>\n<link rel=\"canonical\" href=\"https:\/\/quehacerpolitico.mx\/?p=118040\" \/>\n<meta property=\"og:locale\" content=\"es_MX\" \/>\n<meta property=\"og:type\" content=\"article\" \/>\n<meta property=\"og:title\" content=\"Automotrices de Estados Unidos reprochan que acuerdo arancelario del 15% con Jap\u00f3n las pone en desventaja -\" \/>\n<meta property=\"og:description\" content=\"Por Redacci\u00f3n QP Las empresas estadounidenses aseguran que enfrentan aranceles superiores sobre el acero, el...\" \/>\n<meta property=\"og:url\" content=\"https:\/\/quehacerpolitico.mx\/?p=118040\" \/>\n<meta property=\"article:published_time\" content=\"2025-07-24T16:56:03+00:00\" \/>\n<meta property=\"article:modified_time\" content=\"2025-07-24T16:56:05+00:00\" \/>\n<meta property=\"og:image\" content=\"https:\/\/quehacerpolitico.mx\/wp-content\/uploads\/2025\/07\/IMG_2089.jpeg\" \/>\n\t<meta property=\"og:image:width\" content=\"764\" \/>\n\t<meta property=\"og:image:height\" content=\"401\" \/>\n\t<meta property=\"og:image:type\" content=\"image\/jpeg\" \/>\n<meta name=\"author\" content=\"Redacci\u00f3n QP\" \/>\n<meta name=\"twitter:card\" content=\"summary_large_image\" \/>\n<meta name=\"twitter:label1\" content=\"Escrito por\" \/>\n\t<meta name=\"twitter:data1\" content=\"Redacci\u00f3n QP\" \/>\n\t<meta name=\"twitter:label2\" content=\"Tiempo de lectura\" \/>\n\t<meta name=\"twitter:data2\" content=\"6 minutos\" \/>\n<script type=\"application\/ld+json\" class=\"yoast-schema-graph\">{\"@context\":\"https:\\\/\\\/schema.org\",\"@graph\":[{\"@type\":\"Article\",\"@id\":\"https:\\\/\\\/quehacerpolitico.mx\\\/?p=118040#article\",\"isPartOf\":{\"@id\":\"https:\\\/\\\/quehacerpolitico.mx\\\/?p=118040\"},\"author\":{\"name\":\"Redacci\u00f3n QP\",\"@id\":\"https:\\\/\\\/quehacerpolitico.mx\\\/#\\\/schema\\\/person\\\/496d8ad2d1d3f8036101dca7ee39e585\"},\"headline\":\"Automotrices de Estados Unidos reprochan que acuerdo arancelario del 15% con Jap\u00f3n las pone en desventaja\",\"datePublished\":\"2025-07-24T16:56:03+00:00\",\"dateModified\":\"2025-07-24T16:56:05+00:00\",\"mainEntityOfPage\":{\"@id\":\"https:\\\/\\\/quehacerpolitico.mx\\\/?p=118040\"},\"wordCount\":1196,\"commentCount\":0,\"image\":{\"@id\":\"https:\\\/\\\/quehacerpolitico.mx\\\/?p=118040#primaryimage\"},\"thumbnailUrl\":\"https:\\\/\\\/quehacerpolitico.mx\\\/wp-content\\\/uploads\\\/2025\\\/07\\\/IMG_2089.jpeg\",\"articleSection\":[\"Econom\u00eda\"],\"inLanguage\":\"es\",\"potentialAction\":[{\"@type\":\"CommentAction\",\"name\":\"Comment\",\"target\":[\"https:\\\/\\\/quehacerpolitico.mx\\\/?p=118040#respond\"]}]},{\"@type\":\"WebPage\",\"@id\":\"https:\\\/\\\/quehacerpolitico.mx\\\/?p=118040\",\"url\":\"https:\\\/\\\/quehacerpolitico.mx\\\/?p=118040\",\"name\":\"Automotrices de Estados Unidos reprochan que acuerdo arancelario del 15% con Jap\u00f3n las pone en desventaja -\",\"isPartOf\":{\"@id\":\"https:\\\/\\\/quehacerpolitico.mx\\\/#website\"},\"primaryImageOfPage\":{\"@id\":\"https:\\\/\\\/quehacerpolitico.mx\\\/?p=118040#primaryimage\"},\"image\":{\"@id\":\"https:\\\/\\\/quehacerpolitico.mx\\\/?p=118040#primaryimage\"},\"thumbnailUrl\":\"https:\\\/\\\/quehacerpolitico.mx\\\/wp-content\\\/uploads\\\/2025\\\/07\\\/IMG_2089.jpeg\",\"datePublished\":\"2025-07-24T16:56:03+00:00\",\"dateModified\":\"2025-07-24T16:56:05+00:00\",\"author\":{\"@id\":\"https:\\\/\\\/quehacerpolitico.mx\\\/#\\\/schema\\\/person\\\/496d8ad2d1d3f8036101dca7ee39e585\"},\"breadcrumb\":{\"@id\":\"https:\\\/\\\/quehacerpolitico.mx\\\/?p=118040#breadcrumb\"},\"inLanguage\":\"es\",\"potentialAction\":[{\"@type\":\"ReadAction\",\"target\":[\"https:\\\/\\\/quehacerpolitico.mx\\\/?p=118040\"]}]},{\"@type\":\"ImageObject\",\"inLanguage\":\"es\",\"@id\":\"https:\\\/\\\/quehacerpolitico.mx\\\/?p=118040#primaryimage\",\"url\":\"https:\\\/\\\/quehacerpolitico.mx\\\/wp-content\\\/uploads\\\/2025\\\/07\\\/IMG_2089.jpeg\",\"contentUrl\":\"https:\\\/\\\/quehacerpolitico.mx\\\/wp-content\\\/uploads\\\/2025\\\/07\\\/IMG_2089.jpeg\",\"width\":764,\"height\":401},{\"@type\":\"BreadcrumbList\",\"@id\":\"https:\\\/\\\/quehacerpolitico.mx\\\/?p=118040#breadcrumb\",\"itemListElement\":[{\"@type\":\"ListItem\",\"position\":1,\"name\":\"Inicio\",\"item\":\"https:\\\/\\\/quehacerpolitico.mx\\\/\"},{\"@type\":\"ListItem\",\"position\":2,\"name\":\"Automotrices de Estados Unidos reprochan que acuerdo arancelario del 15% con Jap\u00f3n las pone en desventaja\"}]},{\"@type\":\"WebSite\",\"@id\":\"https:\\\/\\\/quehacerpolitico.mx\\\/#website\",\"url\":\"https:\\\/\\\/quehacerpolitico.mx\\\/\",\"name\":\"\",\"description\":\"\",\"potentialAction\":[{\"@type\":\"SearchAction\",\"target\":{\"@type\":\"EntryPoint\",\"urlTemplate\":\"https:\\\/\\\/quehacerpolitico.mx\\\/?s={search_term_string}\"},\"query-input\":{\"@type\":\"PropertyValueSpecification\",\"valueRequired\":true,\"valueName\":\"search_term_string\"}}],\"inLanguage\":\"es\"},{\"@type\":\"Person\",\"@id\":\"https:\\\/\\\/quehacerpolitico.mx\\\/#\\\/schema\\\/person\\\/496d8ad2d1d3f8036101dca7ee39e585\",\"name\":\"Redacci\u00f3n QP\",\"image\":{\"@type\":\"ImageObject\",\"inLanguage\":\"es\",\"@id\":\"https:\\\/\\\/secure.gravatar.com\\\/avatar\\\/c7164ed6fdec453195284ad24a5ae5b6e1eed2b848477fa2a4787ba9adf39a41?s=96&d=mm&r=g\",\"url\":\"https:\\\/\\\/secure.gravatar.com\\\/avatar\\\/c7164ed6fdec453195284ad24a5ae5b6e1eed2b848477fa2a4787ba9adf39a41?s=96&d=mm&r=g\",\"contentUrl\":\"https:\\\/\\\/secure.gravatar.com\\\/avatar\\\/c7164ed6fdec453195284ad24a5ae5b6e1eed2b848477fa2a4787ba9adf39a41?s=96&d=mm&r=g\",\"caption\":\"Redacci\u00f3n QP\"},\"url\":\"https:\\\/\\\/quehacerpolitico.mx\\\/?author=2\"}]}<\/script>\n<!-- \/ Yoast SEO plugin. -->","yoast_head_json":{"title":"Automotrices de Estados Unidos reprochan que acuerdo arancelario del 15% con Jap\u00f3n las pone en desventaja -","robots":{"index":"index","follow":"follow","max-snippet":"max-snippet:-1","max-image-preview":"max-image-preview:large","max-video-preview":"max-video-preview:-1"},"canonical":"https:\/\/quehacerpolitico.mx\/?p=118040","og_locale":"es_MX","og_type":"article","og_title":"Automotrices de Estados Unidos reprochan que acuerdo arancelario del 15% con Jap\u00f3n las pone en desventaja -","og_description":"Por Redacci\u00f3n QP Las empresas estadounidenses aseguran que enfrentan aranceles superiores sobre el acero, el...","og_url":"https:\/\/quehacerpolitico.mx\/?p=118040","article_published_time":"2025-07-24T16:56:03+00:00","article_modified_time":"2025-07-24T16:56:05+00:00","og_image":[{"width":764,"height":401,"url":"https:\/\/quehacerpolitico.mx\/wp-content\/uploads\/2025\/07\/IMG_2089.jpeg","type":"image\/jpeg"}],"author":"Redacci\u00f3n QP","twitter_card":"summary_large_image","twitter_misc":{"Escrito por":"Redacci\u00f3n QP","Tiempo de lectura":"6 minutos"},"schema":{"@context":"https:\/\/schema.org","@graph":[{"@type":"Article","@id":"https:\/\/quehacerpolitico.mx\/?p=118040#article","isPartOf":{"@id":"https:\/\/quehacerpolitico.mx\/?p=118040"},"author":{"name":"Redacci\u00f3n QP","@id":"https:\/\/quehacerpolitico.mx\/#\/schema\/person\/496d8ad2d1d3f8036101dca7ee39e585"},"headline":"Automotrices de Estados Unidos reprochan que acuerdo arancelario del 15% con Jap\u00f3n las pone en desventaja","datePublished":"2025-07-24T16:56:03+00:00","dateModified":"2025-07-24T16:56:05+00:00","mainEntityOfPage":{"@id":"https:\/\/quehacerpolitico.mx\/?p=118040"},"wordCount":1196,"commentCount":0,"image":{"@id":"https:\/\/quehacerpolitico.mx\/?p=118040#primaryimage"},"thumbnailUrl":"https:\/\/quehacerpolitico.mx\/wp-content\/uploads\/2025\/07\/IMG_2089.jpeg","articleSection":["Econom\u00eda"],"inLanguage":"es","potentialAction":[{"@type":"CommentAction","name":"Comment","target":["https:\/\/quehacerpolitico.mx\/?p=118040#respond"]}]},{"@type":"WebPage","@id":"https:\/\/quehacerpolitico.mx\/?p=118040","url":"https:\/\/quehacerpolitico.mx\/?p=118040","name":"Automotrices de Estados Unidos reprochan que acuerdo arancelario del 15% con Jap\u00f3n las pone en desventaja -","isPartOf":{"@id":"https:\/\/quehacerpolitico.mx\/#website"},"primaryImageOfPage":{"@id":"https:\/\/quehacerpolitico.mx\/?p=118040#primaryimage"},"image":{"@id":"https:\/\/quehacerpolitico.mx\/?p=118040#primaryimage"},"thumbnailUrl":"https:\/\/quehacerpolitico.mx\/wp-content\/uploads\/2025\/07\/IMG_2089.jpeg","datePublished":"2025-07-24T16:56:03+00:00","dateModified":"2025-07-24T16:56:05+00:00","author":{"@id":"https:\/\/quehacerpolitico.mx\/#\/schema\/person\/496d8ad2d1d3f8036101dca7ee39e585"},"breadcrumb":{"@id":"https:\/\/quehacerpolitico.mx\/?p=118040#breadcrumb"},"inLanguage":"es","potentialAction":[{"@type":"ReadAction","target":["https:\/\/quehacerpolitico.mx\/?p=118040"]}]},{"@type":"ImageObject","inLanguage":"es","@id":"https:\/\/quehacerpolitico.mx\/?p=118040#primaryimage","url":"https:\/\/quehacerpolitico.mx\/wp-content\/uploads\/2025\/07\/IMG_2089.jpeg","contentUrl":"https:\/\/quehacerpolitico.mx\/wp-content\/uploads\/2025\/07\/IMG_2089.jpeg","width":764,"height":401},{"@type":"BreadcrumbList","@id":"https:\/\/quehacerpolitico.mx\/?p=118040#breadcrumb","itemListElement":[{"@type":"ListItem","position":1,"name":"Inicio","item":"https:\/\/quehacerpolitico.mx\/"},{"@type":"ListItem","position":2,"name":"Automotrices de Estados Unidos reprochan que acuerdo arancelario del 15% con Jap\u00f3n las pone en desventaja"}]},{"@type":"WebSite","@id":"https:\/\/quehacerpolitico.mx\/#website","url":"https:\/\/quehacerpolitico.mx\/","name":"","description":"","potentialAction":[{"@type":"SearchAction","target":{"@type":"EntryPoint","urlTemplate":"https:\/\/quehacerpolitico.mx\/?s={search_term_string}"},"query-input":{"@type":"PropertyValueSpecification","valueRequired":true,"valueName":"search_term_string"}}],"inLanguage":"es"},{"@type":"Person","@id":"https:\/\/quehacerpolitico.mx\/#\/schema\/person\/496d8ad2d1d3f8036101dca7ee39e585","name":"Redacci\u00f3n QP","image":{"@type":"ImageObject","inLanguage":"es","@id":"https:\/\/secure.gravatar.com\/avatar\/c7164ed6fdec453195284ad24a5ae5b6e1eed2b848477fa2a4787ba9adf39a41?s=96&d=mm&r=g","url":"https:\/\/secure.gravatar.com\/avatar\/c7164ed6fdec453195284ad24a5ae5b6e1eed2b848477fa2a4787ba9adf39a41?s=96&d=mm&r=g","contentUrl":"https:\/\/secure.gravatar.com\/avatar\/c7164ed6fdec453195284ad24a5ae5b6e1eed2b848477fa2a4787ba9adf39a41?s=96&d=mm&r=g","caption":"Redacci\u00f3n QP"},"url":"https:\/\/quehacerpolitico.mx\/?author=2"}]}},"featured_image_urls":{"full":["https:\/\/quehacerpolitico.mx\/wp-content\/uploads\/2025\/07\/IMG_2089.jpeg",764,401,false],"thumbnail":["https:\/\/quehacerpolitico.mx\/wp-content\/uploads\/2025\/07\/IMG_2089-150x150.jpeg",150,150,true],"medium":["https:\/\/quehacerpolitico.mx\/wp-content\/uploads\/2025\/07\/IMG_2089-300x157.jpeg",300,157,true],"medium_large":["https:\/\/quehacerpolitico.mx\/wp-content\/uploads\/2025\/07\/IMG_2089.jpeg",640,336,false],"large":["https:\/\/quehacerpolitico.mx\/wp-content\/uploads\/2025\/07\/IMG_2089.jpeg",640,336,false],"1536x1536":["https:\/\/quehacerpolitico.mx\/wp-content\/uploads\/2025\/07\/IMG_2089.jpeg",764,401,false],"2048x2048":["https:\/\/quehacerpolitico.mx\/wp-content\/uploads\/2025\/07\/IMG_2089.jpeg",764,401,false],"covernews-featured":["https:\/\/quehacerpolitico.mx\/wp-content\/uploads\/2025\/07\/IMG_2089.jpeg",764,401,false],"covernews-medium":["https:\/\/quehacerpolitico.mx\/wp-content\/uploads\/2025\/07\/IMG_2089-540x340.jpeg",540,340,true]},"author_info":{"display_name":"Redacci\u00f3n QP","author_link":"https:\/\/quehacerpolitico.mx\/?author=2"},"category_info":"<a href=\"https:\/\/quehacerpolitico.mx\/?cat=56\" rel=\"category\">Econom\u00eda<\/a>","tag_info":"Econom\u00eda","comment_count":"0","_links":{"self":[{"href":"https:\/\/quehacerpolitico.mx\/index.php?rest_route=\/wp\/v2\/posts\/118040","targetHints":{"allow":["GET"]}}],"collection":[{"href":"https:\/\/quehacerpolitico.mx\/index.php?rest_route=\/wp\/v2\/posts"}],"about":[{"href":"https:\/\/quehacerpolitico.mx\/index.php?rest_route=\/wp\/v2\/types\/post"}],"author":[{"embeddable":true,"href":"https:\/\/quehacerpolitico.mx\/index.php?rest_route=\/wp\/v2\/users\/2"}],"replies":[{"embeddable":true,"href":"https:\/\/quehacerpolitico.mx\/index.php?rest_route=%2Fwp%2Fv2%2Fcomments&post=118040"}],"version-history":[{"count":1,"href":"https:\/\/quehacerpolitico.mx\/index.php?rest_route=\/wp\/v2\/posts\/118040\/revisions"}],"predecessor-version":[{"id":118042,"href":"https:\/\/quehacerpolitico.mx\/index.php?rest_route=\/wp\/v2\/posts\/118040\/revisions\/118042"}],"wp:featuredmedia":[{"embeddable":true,"href":"https:\/\/quehacerpolitico.mx\/index.php?rest_route=\/wp\/v2\/media\/118041"}],"wp:attachment":[{"href":"https:\/\/quehacerpolitico.mx\/index.php?rest_route=%2Fwp%2Fv2%2Fmedia&parent=118040"}],"wp:term":[{"taxonomy":"category","embeddable":true,"href":"https:\/\/quehacerpolitico.mx\/index.php?rest_route=%2Fwp%2Fv2%2Fcategories&post=118040"},{"taxonomy":"post_tag","embeddable":true,"href":"https:\/\/quehacerpolitico.mx\/index.php?rest_route=%2Fwp%2Fv2%2Ftags&post=118040"}],"curies":[{"name":"wp","href":"https:\/\/api.w.org\/{rel}","templated":true}]}}