{"id":118037,"date":"2025-07-24T10:40:20","date_gmt":"2025-07-24T16:40:20","guid":{"rendered":"https:\/\/quehacerpolitico.mx\/?p=118037"},"modified":"2025-07-24T10:40:22","modified_gmt":"2025-07-24T16:40:22","slug":"ciudad-de-mexico-un-punto-critico-de-inmovilidad-migrante-a-seis-meses-del-regreso-de-trump","status":"publish","type":"post","link":"https:\/\/quehacerpolitico.mx\/?p=118037","title":{"rendered":"Ciudad de M\u00e9xico, un punto cr\u00edtico de inmovilidad migrante a seis meses del regreso de Trump"},"content":{"rendered":"\n<p>Por Redacci\u00f3n QP<\/p>\n\n\n\n<p>Por cientos se les ve permanecer en los parques y calles ante la falta de documentos; entre el miedo y la desconfianza hacia las instituciones, lo que agrava la crisis migratoria en la capital mexicana<\/p>\n\n\n\n<p>La&nbsp;<strong>Ciudad de M\u00e9xico<\/strong>&nbsp;se ha convertido en un punto cr\u00edtico para cientos de migrantes, que permanecen varados ante la falta de documentos y entre el miedo y la desconfianza hacia las instituciones, agravando la crisis migratoria en la capital mexicana.<\/p>\n\n\n\n<p>El llamado &#8220;efecto frontera&#8221;, que antes se concentraba en ciudades fronterizas como Tijuana (norte) o Tapachula (sur), se ha instalado en la capital del pa\u00eds, ante las nuevas restricciones migratorias en<strong>&nbsp;Estados Unidos&nbsp;<\/strong>y desde el regreso del presidente&nbsp;<strong>Donald Trump<\/strong>a la Casa Blanca el 20 de enero.<\/p>\n\n\n\n<p>Tania Rodr\u00edguez Zafra, directora de la organizaci\u00f3n civil Ayuda en Acci\u00f3n M\u00e9xico, explic\u00f3 a EFE que en los \u00faltimos seis meses ha cambiado la direcci\u00f3n y concentraci\u00f3n del flujo migratorio hacia<strong>Estados Unidos<\/strong>, especialmente debido al fin de las citas CBP-One para solicitar asilo en ese pa\u00eds y el aumento de deportaciones.<\/p>\n\n\n\n<p>Antes, muchas personas llegaban directamente a las fronteras norte o sur, buscando cruzar o iniciar tr\u00e1mites, pero ahora, las nuevas reglas han empujado a las personas migrantes a detenerse en el centro del pa\u00eds, expuso Rodr\u00edguez Zafra.<\/p>\n\n\n\n<h2 class=\"wp-block-heading\">Se reciben entre&nbsp;500 y 800 solicitudes de asilo cada d\u00eda<\/h2>\n\n\n\n<p>En M\u00e9xico, se reciben entre 500 y 800 solicitudes de asilo cada d\u00eda, seg\u00fan datos de la Comisi\u00f3n Mexicana de Refugiados (<strong>Comar<\/strong>), obtenidos por Ayuda en Acci\u00f3n.<\/p>\n\n\n\n<p>&#8220;Entonces decimos: \u00bfD\u00f3nde quedan todos? Si las fronteras est\u00e1n casi desiertas, pues todos se est\u00e1n asentando en&nbsp;<strong>Ciudad de M\u00e9xico<\/strong>, esperando una oportunidad de que se puedan abrir otra vez las fronteras de&nbsp;<strong>Estados Unidos<\/strong>&#8220;, apunt\u00f3 Rodr\u00edguez.<\/p>\n\n\n\n<p>Un informe de Ayuda en Acci\u00f3n revela que el 44?% de 351 personas&nbsp;<strong>migrantes<\/strong>&nbsp;encuestadas en la capital, principalmente provenientes de Venezuela, Cuba y Centroam\u00e9rica, no pueden avanzar ni establecerse, debido a barreras legales, amenazas de deportaci\u00f3n y desconfianza institucional.<\/p>\n\n\n\n<p>Entre los testimonios de &#8220;aspirantes estructuralmente bloqueados&#8221; recogidos en el informe, est\u00e1 el del venezolano Luis Miguel, quien sobrevive con un empleo en una f\u00e1brica, pero est\u00e1 &#8220;desilusionado&#8221; con la calidad de vida.&nbsp;<\/p>\n\n\n\n<p>&#8220;Si la p\u00e1gina vuelve a abrirse, me voy&#8221;, afirma Luis Miguel.&nbsp;<\/p>\n\n\n\n<h2 class=\"wp-block-heading\">Refugio o rechazo<\/h2>\n\n\n\n<p>Ante la creciente inmovilidad migrante en la capital, el gobierno de&nbsp;<strong>Ciudad de M\u00e9xico<\/strong>&nbsp;ha puesto en marcha un plan para habilitar albergues para personas en movilidad, lo que ha desatado protestas vecinales en zonas como Peralvillo y Azcapotzalco, donde el principal reclamo ha sido la falta de planeaci\u00f3n y consulta previa.&nbsp;<\/p>\n\n\n\n<p>En el barrio de Peralvillo, el descontento creci\u00f3 tras el cierre de un inmueble que albergaba un hospital y la Escuela Libre de Homeopat\u00eda de&nbsp;<strong>M\u00e9xico<\/strong>, donde se atend\u00eda a vecinos de colonias cercanas como Tepito, Morelos, Tlatelolco y Guerrero, muchos de ellos comerciantes sin seguridad social e incluso personas&nbsp;<strong>migrantes<\/strong>.&nbsp;<\/p>\n\n\n\n<p>Isis Mar\u00eda Infante, m\u00e9dica y docente de la escuela, dijo a EFE que su molestia no es en contra de la&nbsp;<strong>poblaci\u00f3n<\/strong>&nbsp;<strong>migrante<\/strong>, quienes han sido &#8220;parte de los beneficiarios de esta instituci\u00f3n&#8221;, sino el hecho de que el gobierno &#8220;utilice&#8221; a las personas en movilidad como un &#8220;escudo&#8221; para justificar lo que consideran una &#8220;expropiaci\u00f3n&#8221; del predio, acusando de &#8220;xenofobia&#8221; a quienes se oponen.&nbsp;<\/p>\n\n\n\n<p>&#8220;Nosotros como mexicanos estamos sufriendo una situaci\u00f3n terrible en&nbsp;<strong>Estados Unidos<\/strong>. No tiene absolutamente nada que ver (con xenofobia). Nosotros aqu\u00ed estamos luchando por nuestra escuela que le da atenci\u00f3n a comunidades que est\u00e1n en una situaci\u00f3n de necesidad extrema&#8221;, afirm\u00f3 Infante, quien labora desde hace tres a\u00f1os en la instituci\u00f3n fundada en 1912.&nbsp;<\/p>\n\n\n\n<p>Como alternativa a los&nbsp;<strong>albergues<\/strong>, Ayuda en Acci\u00f3n apuesta por atender la &#8220;problem\u00e1tica estructural&#8221; de la movilidad, por lo que a finales de 2024 abri\u00f3 la primera casa de transici\u00f3n en la capital, enfocada en mujeres y poblaci\u00f3n LGTBI, que reciben un alojamiento temporal y apoyo para regularizaci\u00f3n de documentos, empleo y vivienda, pues &#8220;hay gente que quiere solamente una oportunidad&#8221;, apunt\u00f3 Rodr\u00edguez Zafra.&nbsp;<\/p>\n\n\n\n<p>&#8220;Las personas que realmente opten por tener una vida digna y una estabilidad entran al programa y las que no, pues seguir\u00e1n esperando a que abra\u00a0<strong>Estados Unidos<\/strong>. Pero nosotros (\u2026) creemos que por lo menos este a\u00f1o no se van a abrir las fronteras&#8221;, advirti\u00f3 la experta.<\/p>\n\n\n\n<p>Con informaci\u00f3n de EFE<\/p>\n","protected":false},"excerpt":{"rendered":"<p>Por Redacci\u00f3n QP Por cientos se les ve permanecer en los parques y calles ante&#8230;<\/p>\n","protected":false},"author":2,"featured_media":118038,"comment_status":"open","ping_status":"open","sticky":false,"template":"","format":"standard","meta":{"_monsterinsights_skip_tracking":false,"_monsterinsights_sitenote_active":false,"_monsterinsights_sitenote_note":"","_monsterinsights_sitenote_category":0,"footnotes":""},"categories":[55],"tags":[],"class_list":["post-118037","post","type-post","status-publish","format-standard","has-post-thumbnail","hentry","category-cdmx"],"yoast_head":"<!-- This site is optimized with the Yoast SEO plugin v27.3 - https:\/\/yoast.com\/product\/yoast-seo-wordpress\/ -->\n<title>Ciudad de M\u00e9xico, un punto cr\u00edtico de inmovilidad migrante a seis meses del regreso de Trump -<\/title>\n<meta name=\"robots\" content=\"index, follow, max-snippet:-1, max-image-preview:large, max-video-preview:-1\" \/>\n<link rel=\"canonical\" href=\"https:\/\/quehacerpolitico.mx\/?p=118037\" \/>\n<meta property=\"og:locale\" content=\"es_MX\" \/>\n<meta property=\"og:type\" content=\"article\" \/>\n<meta property=\"og:title\" content=\"Ciudad de M\u00e9xico, un punto cr\u00edtico de inmovilidad migrante a seis meses del regreso de Trump -\" \/>\n<meta property=\"og:description\" content=\"Por Redacci\u00f3n QP Por cientos se les ve permanecer en los parques y calles ante...\" \/>\n<meta property=\"og:url\" content=\"https:\/\/quehacerpolitico.mx\/?p=118037\" \/>\n<meta property=\"article:published_time\" content=\"2025-07-24T16:40:20+00:00\" \/>\n<meta property=\"article:modified_time\" content=\"2025-07-24T16:40:22+00:00\" \/>\n<meta property=\"og:image\" content=\"https:\/\/quehacerpolitico.mx\/wp-content\/uploads\/2025\/07\/IMG_2087.jpeg\" \/>\n\t<meta property=\"og:image:width\" content=\"679\" \/>\n\t<meta property=\"og:image:height\" content=\"451\" \/>\n\t<meta property=\"og:image:type\" content=\"image\/jpeg\" \/>\n<meta name=\"author\" content=\"Redacci\u00f3n QP\" \/>\n<meta name=\"twitter:card\" content=\"summary_large_image\" \/>\n<meta name=\"twitter:label1\" content=\"Escrito por\" \/>\n\t<meta name=\"twitter:data1\" content=\"Redacci\u00f3n QP\" \/>\n\t<meta name=\"twitter:label2\" content=\"Tiempo de lectura\" \/>\n\t<meta name=\"twitter:data2\" content=\"4 minutos\" \/>\n<script type=\"application\/ld+json\" class=\"yoast-schema-graph\">{\"@context\":\"https:\\\/\\\/schema.org\",\"@graph\":[{\"@type\":\"Article\",\"@id\":\"https:\\\/\\\/quehacerpolitico.mx\\\/?p=118037#article\",\"isPartOf\":{\"@id\":\"https:\\\/\\\/quehacerpolitico.mx\\\/?p=118037\"},\"author\":{\"name\":\"Redacci\u00f3n QP\",\"@id\":\"https:\\\/\\\/quehacerpolitico.mx\\\/#\\\/schema\\\/person\\\/496d8ad2d1d3f8036101dca7ee39e585\"},\"headline\":\"Ciudad de M\u00e9xico, un punto cr\u00edtico de inmovilidad migrante a seis meses del regreso de Trump\",\"datePublished\":\"2025-07-24T16:40:20+00:00\",\"dateModified\":\"2025-07-24T16:40:22+00:00\",\"mainEntityOfPage\":{\"@id\":\"https:\\\/\\\/quehacerpolitico.mx\\\/?p=118037\"},\"wordCount\":803,\"commentCount\":0,\"image\":{\"@id\":\"https:\\\/\\\/quehacerpolitico.mx\\\/?p=118037#primaryimage\"},\"thumbnailUrl\":\"https:\\\/\\\/quehacerpolitico.mx\\\/wp-content\\\/uploads\\\/2025\\\/07\\\/IMG_2087.jpeg\",\"articleSection\":[\"CDMX\"],\"inLanguage\":\"es\",\"potentialAction\":[{\"@type\":\"CommentAction\",\"name\":\"Comment\",\"target\":[\"https:\\\/\\\/quehacerpolitico.mx\\\/?p=118037#respond\"]}]},{\"@type\":\"WebPage\",\"@id\":\"https:\\\/\\\/quehacerpolitico.mx\\\/?p=118037\",\"url\":\"https:\\\/\\\/quehacerpolitico.mx\\\/?p=118037\",\"name\":\"Ciudad de M\u00e9xico, un punto cr\u00edtico de inmovilidad migrante a seis meses del regreso de Trump -\",\"isPartOf\":{\"@id\":\"https:\\\/\\\/quehacerpolitico.mx\\\/#website\"},\"primaryImageOfPage\":{\"@id\":\"https:\\\/\\\/quehacerpolitico.mx\\\/?p=118037#primaryimage\"},\"image\":{\"@id\":\"https:\\\/\\\/quehacerpolitico.mx\\\/?p=118037#primaryimage\"},\"thumbnailUrl\":\"https:\\\/\\\/quehacerpolitico.mx\\\/wp-content\\\/uploads\\\/2025\\\/07\\\/IMG_2087.jpeg\",\"datePublished\":\"2025-07-24T16:40:20+00:00\",\"dateModified\":\"2025-07-24T16:40:22+00:00\",\"author\":{\"@id\":\"https:\\\/\\\/quehacerpolitico.mx\\\/#\\\/schema\\\/person\\\/496d8ad2d1d3f8036101dca7ee39e585\"},\"breadcrumb\":{\"@id\":\"https:\\\/\\\/quehacerpolitico.mx\\\/?p=118037#breadcrumb\"},\"inLanguage\":\"es\",\"potentialAction\":[{\"@type\":\"ReadAction\",\"target\":[\"https:\\\/\\\/quehacerpolitico.mx\\\/?p=118037\"]}]},{\"@type\":\"ImageObject\",\"inLanguage\":\"es\",\"@id\":\"https:\\\/\\\/quehacerpolitico.mx\\\/?p=118037#primaryimage\",\"url\":\"https:\\\/\\\/quehacerpolitico.mx\\\/wp-content\\\/uploads\\\/2025\\\/07\\\/IMG_2087.jpeg\",\"contentUrl\":\"https:\\\/\\\/quehacerpolitico.mx\\\/wp-content\\\/uploads\\\/2025\\\/07\\\/IMG_2087.jpeg\",\"width\":679,\"height\":451},{\"@type\":\"BreadcrumbList\",\"@id\":\"https:\\\/\\\/quehacerpolitico.mx\\\/?p=118037#breadcrumb\",\"itemListElement\":[{\"@type\":\"ListItem\",\"position\":1,\"name\":\"Inicio\",\"item\":\"https:\\\/\\\/quehacerpolitico.mx\\\/\"},{\"@type\":\"ListItem\",\"position\":2,\"name\":\"Ciudad de M\u00e9xico, un punto cr\u00edtico de inmovilidad migrante a seis meses del regreso de Trump\"}]},{\"@type\":\"WebSite\",\"@id\":\"https:\\\/\\\/quehacerpolitico.mx\\\/#website\",\"url\":\"https:\\\/\\\/quehacerpolitico.mx\\\/\",\"name\":\"\",\"description\":\"\",\"potentialAction\":[{\"@type\":\"SearchAction\",\"target\":{\"@type\":\"EntryPoint\",\"urlTemplate\":\"https:\\\/\\\/quehacerpolitico.mx\\\/?s={search_term_string}\"},\"query-input\":{\"@type\":\"PropertyValueSpecification\",\"valueRequired\":true,\"valueName\":\"search_term_string\"}}],\"inLanguage\":\"es\"},{\"@type\":\"Person\",\"@id\":\"https:\\\/\\\/quehacerpolitico.mx\\\/#\\\/schema\\\/person\\\/496d8ad2d1d3f8036101dca7ee39e585\",\"name\":\"Redacci\u00f3n QP\",\"image\":{\"@type\":\"ImageObject\",\"inLanguage\":\"es\",\"@id\":\"https:\\\/\\\/secure.gravatar.com\\\/avatar\\\/c7164ed6fdec453195284ad24a5ae5b6e1eed2b848477fa2a4787ba9adf39a41?s=96&d=mm&r=g\",\"url\":\"https:\\\/\\\/secure.gravatar.com\\\/avatar\\\/c7164ed6fdec453195284ad24a5ae5b6e1eed2b848477fa2a4787ba9adf39a41?s=96&d=mm&r=g\",\"contentUrl\":\"https:\\\/\\\/secure.gravatar.com\\\/avatar\\\/c7164ed6fdec453195284ad24a5ae5b6e1eed2b848477fa2a4787ba9adf39a41?s=96&d=mm&r=g\",\"caption\":\"Redacci\u00f3n QP\"},\"url\":\"https:\\\/\\\/quehacerpolitico.mx\\\/?author=2\"}]}<\/script>\n<!-- \/ Yoast SEO plugin. -->","yoast_head_json":{"title":"Ciudad de M\u00e9xico, un punto cr\u00edtico de inmovilidad migrante a seis meses del regreso de Trump -","robots":{"index":"index","follow":"follow","max-snippet":"max-snippet:-1","max-image-preview":"max-image-preview:large","max-video-preview":"max-video-preview:-1"},"canonical":"https:\/\/quehacerpolitico.mx\/?p=118037","og_locale":"es_MX","og_type":"article","og_title":"Ciudad de M\u00e9xico, un punto cr\u00edtico de inmovilidad migrante a seis meses del regreso de Trump -","og_description":"Por Redacci\u00f3n QP Por cientos se les ve permanecer en los parques y calles ante...","og_url":"https:\/\/quehacerpolitico.mx\/?p=118037","article_published_time":"2025-07-24T16:40:20+00:00","article_modified_time":"2025-07-24T16:40:22+00:00","og_image":[{"width":679,"height":451,"url":"https:\/\/quehacerpolitico.mx\/wp-content\/uploads\/2025\/07\/IMG_2087.jpeg","type":"image\/jpeg"}],"author":"Redacci\u00f3n QP","twitter_card":"summary_large_image","twitter_misc":{"Escrito por":"Redacci\u00f3n QP","Tiempo de lectura":"4 minutos"},"schema":{"@context":"https:\/\/schema.org","@graph":[{"@type":"Article","@id":"https:\/\/quehacerpolitico.mx\/?p=118037#article","isPartOf":{"@id":"https:\/\/quehacerpolitico.mx\/?p=118037"},"author":{"name":"Redacci\u00f3n QP","@id":"https:\/\/quehacerpolitico.mx\/#\/schema\/person\/496d8ad2d1d3f8036101dca7ee39e585"},"headline":"Ciudad de M\u00e9xico, un punto cr\u00edtico de inmovilidad migrante a seis meses del regreso de Trump","datePublished":"2025-07-24T16:40:20+00:00","dateModified":"2025-07-24T16:40:22+00:00","mainEntityOfPage":{"@id":"https:\/\/quehacerpolitico.mx\/?p=118037"},"wordCount":803,"commentCount":0,"image":{"@id":"https:\/\/quehacerpolitico.mx\/?p=118037#primaryimage"},"thumbnailUrl":"https:\/\/quehacerpolitico.mx\/wp-content\/uploads\/2025\/07\/IMG_2087.jpeg","articleSection":["CDMX"],"inLanguage":"es","potentialAction":[{"@type":"CommentAction","name":"Comment","target":["https:\/\/quehacerpolitico.mx\/?p=118037#respond"]}]},{"@type":"WebPage","@id":"https:\/\/quehacerpolitico.mx\/?p=118037","url":"https:\/\/quehacerpolitico.mx\/?p=118037","name":"Ciudad de M\u00e9xico, un punto cr\u00edtico de inmovilidad migrante a seis meses del regreso de Trump -","isPartOf":{"@id":"https:\/\/quehacerpolitico.mx\/#website"},"primaryImageOfPage":{"@id":"https:\/\/quehacerpolitico.mx\/?p=118037#primaryimage"},"image":{"@id":"https:\/\/quehacerpolitico.mx\/?p=118037#primaryimage"},"thumbnailUrl":"https:\/\/quehacerpolitico.mx\/wp-content\/uploads\/2025\/07\/IMG_2087.jpeg","datePublished":"2025-07-24T16:40:20+00:00","dateModified":"2025-07-24T16:40:22+00:00","author":{"@id":"https:\/\/quehacerpolitico.mx\/#\/schema\/person\/496d8ad2d1d3f8036101dca7ee39e585"},"breadcrumb":{"@id":"https:\/\/quehacerpolitico.mx\/?p=118037#breadcrumb"},"inLanguage":"es","potentialAction":[{"@type":"ReadAction","target":["https:\/\/quehacerpolitico.mx\/?p=118037"]}]},{"@type":"ImageObject","inLanguage":"es","@id":"https:\/\/quehacerpolitico.mx\/?p=118037#primaryimage","url":"https:\/\/quehacerpolitico.mx\/wp-content\/uploads\/2025\/07\/IMG_2087.jpeg","contentUrl":"https:\/\/quehacerpolitico.mx\/wp-content\/uploads\/2025\/07\/IMG_2087.jpeg","width":679,"height":451},{"@type":"BreadcrumbList","@id":"https:\/\/quehacerpolitico.mx\/?p=118037#breadcrumb","itemListElement":[{"@type":"ListItem","position":1,"name":"Inicio","item":"https:\/\/quehacerpolitico.mx\/"},{"@type":"ListItem","position":2,"name":"Ciudad de M\u00e9xico, un punto cr\u00edtico de inmovilidad migrante a seis meses del regreso de Trump"}]},{"@type":"WebSite","@id":"https:\/\/quehacerpolitico.mx\/#website","url":"https:\/\/quehacerpolitico.mx\/","name":"","description":"","potentialAction":[{"@type":"SearchAction","target":{"@type":"EntryPoint","urlTemplate":"https:\/\/quehacerpolitico.mx\/?s={search_term_string}"},"query-input":{"@type":"PropertyValueSpecification","valueRequired":true,"valueName":"search_term_string"}}],"inLanguage":"es"},{"@type":"Person","@id":"https:\/\/quehacerpolitico.mx\/#\/schema\/person\/496d8ad2d1d3f8036101dca7ee39e585","name":"Redacci\u00f3n QP","image":{"@type":"ImageObject","inLanguage":"es","@id":"https:\/\/secure.gravatar.com\/avatar\/c7164ed6fdec453195284ad24a5ae5b6e1eed2b848477fa2a4787ba9adf39a41?s=96&d=mm&r=g","url":"https:\/\/secure.gravatar.com\/avatar\/c7164ed6fdec453195284ad24a5ae5b6e1eed2b848477fa2a4787ba9adf39a41?s=96&d=mm&r=g","contentUrl":"https:\/\/secure.gravatar.com\/avatar\/c7164ed6fdec453195284ad24a5ae5b6e1eed2b848477fa2a4787ba9adf39a41?s=96&d=mm&r=g","caption":"Redacci\u00f3n QP"},"url":"https:\/\/quehacerpolitico.mx\/?author=2"}]}},"featured_image_urls":{"full":["https:\/\/quehacerpolitico.mx\/wp-content\/uploads\/2025\/07\/IMG_2087.jpeg",679,451,false],"thumbnail":["https:\/\/quehacerpolitico.mx\/wp-content\/uploads\/2025\/07\/IMG_2087-150x150.jpeg",150,150,true],"medium":["https:\/\/quehacerpolitico.mx\/wp-content\/uploads\/2025\/07\/IMG_2087-300x199.jpeg",300,199,true],"medium_large":["https:\/\/quehacerpolitico.mx\/wp-content\/uploads\/2025\/07\/IMG_2087.jpeg",640,425,false],"large":["https:\/\/quehacerpolitico.mx\/wp-content\/uploads\/2025\/07\/IMG_2087.jpeg",640,425,false],"1536x1536":["https:\/\/quehacerpolitico.mx\/wp-content\/uploads\/2025\/07\/IMG_2087.jpeg",679,451,false],"2048x2048":["https:\/\/quehacerpolitico.mx\/wp-content\/uploads\/2025\/07\/IMG_2087.jpeg",679,451,false],"covernews-featured":["https:\/\/quehacerpolitico.mx\/wp-content\/uploads\/2025\/07\/IMG_2087.jpeg",679,451,false],"covernews-medium":["https:\/\/quehacerpolitico.mx\/wp-content\/uploads\/2025\/07\/IMG_2087-540x340.jpeg",540,340,true]},"author_info":{"display_name":"Redacci\u00f3n QP","author_link":"https:\/\/quehacerpolitico.mx\/?author=2"},"category_info":"<a href=\"https:\/\/quehacerpolitico.mx\/?cat=55\" rel=\"category\">CDMX<\/a>","tag_info":"CDMX","comment_count":"0","_links":{"self":[{"href":"https:\/\/quehacerpolitico.mx\/index.php?rest_route=\/wp\/v2\/posts\/118037","targetHints":{"allow":["GET"]}}],"collection":[{"href":"https:\/\/quehacerpolitico.mx\/index.php?rest_route=\/wp\/v2\/posts"}],"about":[{"href":"https:\/\/quehacerpolitico.mx\/index.php?rest_route=\/wp\/v2\/types\/post"}],"author":[{"embeddable":true,"href":"https:\/\/quehacerpolitico.mx\/index.php?rest_route=\/wp\/v2\/users\/2"}],"replies":[{"embeddable":true,"href":"https:\/\/quehacerpolitico.mx\/index.php?rest_route=%2Fwp%2Fv2%2Fcomments&post=118037"}],"version-history":[{"count":1,"href":"https:\/\/quehacerpolitico.mx\/index.php?rest_route=\/wp\/v2\/posts\/118037\/revisions"}],"predecessor-version":[{"id":118039,"href":"https:\/\/quehacerpolitico.mx\/index.php?rest_route=\/wp\/v2\/posts\/118037\/revisions\/118039"}],"wp:featuredmedia":[{"embeddable":true,"href":"https:\/\/quehacerpolitico.mx\/index.php?rest_route=\/wp\/v2\/media\/118038"}],"wp:attachment":[{"href":"https:\/\/quehacerpolitico.mx\/index.php?rest_route=%2Fwp%2Fv2%2Fmedia&parent=118037"}],"wp:term":[{"taxonomy":"category","embeddable":true,"href":"https:\/\/quehacerpolitico.mx\/index.php?rest_route=%2Fwp%2Fv2%2Fcategories&post=118037"},{"taxonomy":"post_tag","embeddable":true,"href":"https:\/\/quehacerpolitico.mx\/index.php?rest_route=%2Fwp%2Fv2%2Ftags&post=118037"}],"curies":[{"name":"wp","href":"https:\/\/api.w.org\/{rel}","templated":true}]}}