{"id":11797,"date":"2018-12-14T23:02:15","date_gmt":"2018-12-14T23:02:15","guid":{"rendered":"http:\/\/quehacerpolitico.mx\/amlo-anuncia-que-se-elimina-el-cuadro-basico-de-medicinas-es-derecho-pleno-a-la-salud-dice\/"},"modified":"2018-12-14T23:02:15","modified_gmt":"2018-12-14T23:02:15","slug":"amlo-anuncia-que-se-elimina-el-cuadro-basico-de-medicinas-es-derecho-pleno-a-la-salud-dice","status":"publish","type":"post","link":"https:\/\/quehacerpolitico.mx\/?p=11797","title":{"rendered":"AMLO anuncia que se elimina el cuadro b\u00e1sico de medicinas: es \u201cderecho pleno a la salud\u201d, dice"},"content":{"rendered":"<h1>AMLO anuncia que se elimina el cuadro b\u00e1sico de medicinas: es \u201cderecho pleno a la salud\u201d, dice<\/h1>\n<p>Por Redacci\u00f3n QP<\/p>\n<p><strong>Durante la firma del acuerdo para garantizar el derecho de acceso<\/strong> a los servicios de salud, <strong>Andr\u00e9s Manuel L\u00f3pez Obrador<\/strong>, Presidente de M\u00e9xico, anunci\u00f3 que <strong>se eliminar\u00e1 el cuadro b\u00e1sico de medicinas<\/strong>.<\/p>\n<blockquote>\n<p>\u201cEmpezaremos en el sur-sureste con la repartici\u00f3n de medicamos gratuitos.\u00a0Alguien dijo: debemos acotar que s\u00f3lo sea el cuadro b\u00e1sico. Se argument\u00f3 que hab\u00eda medicinas que costaban much\u00edsimo y que el cuadro b\u00e1sico no era tan b\u00e1sico. Eso antier\u2026 y ayer me llega un reporte de un actor important\u00edsimo que ha trabajado siempre en la industria del cine que tiene c\u00e1ncer, y su esposa manda el recado de que est\u00e1 siendo atendido en el instituto de nutrici\u00f3n y que ah\u00ed le recetan una medicina que no est\u00e1 en el cuadro b\u00e1sico y que cuesta much\u00edsimo. \u00bfC\u00f3mo le van a hacer?\u201d, explic\u00f3.<\/p>\n<\/blockquote>\n<p>\u201cEs tan grave el problema, tan complejo, que decidimos hacerlo paulatinamente. Vamos a iniciar con ocho estados. A los seis meses se incorporan otros ocho estados. En dos a\u00f1os tendremos funcionando el nuevo sistema de salud para el bienestar\u201d, se\u00f1al\u00f3.<\/p>\n<p>A\u00f1adi\u00f3: \u201cEl plan consiste en que mejore la calidad del servicio de salud. Es una necesidad sentida el que se mejore el sistema de salud p\u00fablica.\u00a0Se desatendi\u00f3 el terreno de la salud. Todo se orient\u00f3 al debate de lo educativo, y podr\u00eda decirles que est\u00e1 peor el sistema de salud que el sistema educativo. En lo educativo, aceptando sin conceder que haya ausencia de maestros y que no sea buena la calidad de ense\u00f1anza, los ni\u00f1os tiene buena orientaci\u00f3n en la familia\u2026\u00a0Pero imaginen lo que significa que los ni\u00f1os se enfermen y que no haya medicamentos. Que se enfermen y que pierdan la vida por enfermedades curables\u201d.<\/p>\n<p>Inform\u00f3 que m\u00e1s de la mitad de los mexicanos no tienen seguridad social. \u201cEstamos iniciando este programa dando atenci\u00f3n a los que no tienen seguridad social, los que no son derechohabientes. Tambi\u00e9n se requiere la atenci\u00f3n para ellos.\u00a0Termina el contrato, la obra y ya dejan de tener el derecho a la salud. Y son muchos los que s\u00f3lo tienen la seguridad social de manera temporal o transitoria, pero bueno, ellos tiene ese derecho, esa oportunidad. Lo comentaba hace algunos d\u00edas: en una gira me dec\u00eda un empresario que era muy importante dar posibilidades de trabajo, de ocupaci\u00f3n a los j\u00f3venes para enfrentar los problemas de la violencia y el narcotr\u00e1fico\u201d.<\/p>\n<p class=\"p1\">\u201cLa importancia que tiene la salud: lo productores de ca\u00f1a dicen que no les rinde, pero siguen en eso por el seguro porque tienen a la familia asegurada. Existe esa posibilidad con los asegurados, pero m\u00e1s de la mitad de la poblaci\u00f3n no tiene ning\u00fan seguro, no tiene seguridad social. Para ellos es este programa. El \u00e9nfasis es atender a los m\u00e1s pobres\u201d, dijo.<\/p>\n<p>\u201cBuscamos rescatar el sistema de salud p\u00fablica. Hace falta que haya un buen nivel de atenci\u00f3n m\u00e9dica. Buscamos integrar a la red de atenci\u00f3n a los institutos de salud para atenci\u00f3n especializada y que empecemos a mejorar.\u00a0Estamos proponiendo volver federal el sistema de salud. Es decir, que sea el Gobierno de la Rep\u00fablica el que se encargue del sistema de salud\u201d, a\u00f1adi\u00f3.<\/p>\n<p>En su conferencia ma\u00f1anera, el Presidente Andr\u00e9s Manuel L\u00f3pez Obrador anunci\u00f3 un nuevo sistema de salud p\u00fablica que iniciar\u00e1 con 8 estados. Los servicios de las entidades ser\u00e1n trasladados a la federaci\u00f3n, dijo. Este mismo viernes viajar\u00e1 a Yucat\u00e1n para reunirse con ocho gobernadores con el objetivo de firmar el plan de salud integral. Agreg\u00f3 que los recursos que reciben esas entidades \u201cse van a federalizar\u201d. Implicar\u00e1 cambios a leyes y leyes secundarias.<\/p>\n<p><strong>SOBRE LA SALUD:<\/strong> Dijo que \u201ces evidente que el Seguro Popular no ha funcionado. Ni es seguro, ni es popular. Ser\u00e1 sustituido por un sistema de salud p\u00fablica que garantice un servicio de calidad y medicamentos gratuitos\u201d.\u00a0El nuevo sistema de salud buscar\u00e1 integrar a la gente que no tiene seguridad social. \u201cLa palabra bienestar va a ser el distintivo del nuevo Gobierno, que como su nombre lo indica es estar bien\u201d, dijo.\u00a0\u201cA mitad de a\u00f1o van a entrar ocho estados m\u00e1s y se les va a destinar una cantidad similar. [\u2026] Estamos conscientes de que no se est\u00e1 dando un buen servicio de salud, por eso est\u00e1 esa intervenci\u00f3n\u201d.<\/p>\n<blockquote>\n<p>\u201cSe va a hacer cargo la federaci\u00f3n del tema de salud. Uno de los problemas fundamentales es la desintegraci\u00f3n del sector salud. Ahora lo que queremos es integrar los sistemas de salud y comenzar dando atenci\u00f3n especial a la poblaci\u00f3n que no tiene seguridad social\u201d, precis\u00f3.\u00a0El tabasque\u00f1o reconoci\u00f3 que el sistema de salud actual no ha funcionado.<\/p>\n<\/blockquote>\n<p>Desde Palacio Nacional, el mandatario asegur\u00f3 que se garantizar\u00e1 una atenci\u00f3n de primer nivel en las unidades m\u00e9dicas y que en las cl\u00ednicas del Instituto de Seguridad y Servicios Sociales de los Trabajadores del Estado (ISSSTE) y del Instituto Mexicano del Seguro Social (IMSS) se van a atender emergencias, incluso si no son derechohabientes.<\/p>\n<p>Record\u00f3 que hay un fondo de salud de 90 mil millones de pesos, el cual se emplear\u00e1 para los primeros ocho estados, adem\u00e1s de una inversi\u00f3n adicional de 25 mil millones de pesos. \u201cA mitad de a\u00f1o van a entrar ocho estados m\u00e1s y se les va a destinar una cantidad similar. [\u2026] Estamos conscientes de que no se est\u00e1 dando un buen servicio de salud, por eso est\u00e1 esa inversi\u00f3n\u201d. L\u00f3pez Obrador dijo que no se puede hablar de derechos humanos si no se garantiza la vida y la salud de la gente.<\/p>\n<p>El tabasque\u00f1o aclar\u00f3 que todo el sector salud va a tener m\u00e1s presupuesto, al igual que la ciencia, la innovaci\u00f3n cient\u00edfica y tecnol\u00f3gica. \u201cLos centros de investigaci\u00f3n van a tener todo nuestro apoyo\u201d, agreg\u00f3. A\u00f1adi\u00f3 que necesitan empezar con una serie de censos para homologar sueldos en salud, as\u00ed como en la educaci\u00f3n, en Petr\u00f3leos Mexicanos (Pemex). \u201cTenemos que hacer un plan y de acuerdo a las posibilidades econ\u00f3micas. Va a haber crecimiento econ\u00f3mico y entre m\u00e1s tengamos, significa m\u00e1s ingresos, m\u00e1s recaudaci\u00f3n. Eso nos va a permitir disponer de m\u00e1s recursos\u201d, asegur\u00f3.<\/p>\n<p>https:\/\/www.facebook.com\/lopezobrador.org.mx\/videos\/569199323552895\/<\/p>\n","protected":false},"excerpt":{"rendered":"<p>AMLO anuncia que se elimina el cuadro b\u00e1sico de medicinas: es \u201cderecho pleno a la salud\u201d, dice<br \/>\nPor Redacci\u00f3n QP<\/p>\n","protected":false},"author":2,"featured_media":11796,"comment_status":"open","ping_status":"open","sticky":false,"template":"","format":"standard","meta":{"_monsterinsights_skip_tracking":false,"_monsterinsights_sitenote_active":false,"_monsterinsights_sitenote_note":"","_monsterinsights_sitenote_category":0,"footnotes":""},"categories":[2],"tags":[],"class_list":["post-11797","post","type-post","status-publish","format-standard","has-post-thumbnail","hentry","category-noticias"],"yoast_head":"<!-- This site is optimized with the Yoast SEO plugin v27.3 - https:\/\/yoast.com\/product\/yoast-seo-wordpress\/ -->\n<title>AMLO anuncia que se elimina el cuadro b\u00e1sico de medicinas: es \u201cderecho pleno a la salud\u201d, dice -<\/title>\n<meta name=\"robots\" content=\"index, follow, max-snippet:-1, max-image-preview:large, max-video-preview:-1\" \/>\n<link rel=\"canonical\" href=\"https:\/\/quehacerpolitico.mx\/?p=11797\" \/>\n<meta property=\"og:locale\" content=\"es_MX\" \/>\n<meta property=\"og:type\" content=\"article\" \/>\n<meta property=\"og:title\" content=\"AMLO anuncia que se elimina el cuadro b\u00e1sico de medicinas: es \u201cderecho pleno a la salud\u201d, dice -\" \/>\n<meta property=\"og:description\" content=\"AMLO anuncia que se elimina el cuadro b\u00e1sico de medicinas: es \u201cderecho pleno a la salud\u201d, dice Por Redacci\u00f3n QP\" \/>\n<meta property=\"og:url\" content=\"https:\/\/quehacerpolitico.mx\/?p=11797\" \/>\n<meta property=\"article:published_time\" content=\"2018-12-14T23:02:15+00:00\" \/>\n<meta name=\"author\" content=\"Redacci\u00f3n QP\" \/>\n<meta name=\"twitter:card\" content=\"summary_large_image\" \/>\n<meta name=\"twitter:label1\" content=\"Escrito por\" \/>\n\t<meta name=\"twitter:data1\" content=\"Redacci\u00f3n QP\" \/>\n\t<meta name=\"twitter:label2\" content=\"Tiempo de lectura\" \/>\n\t<meta name=\"twitter:data2\" content=\"6 minutos\" \/>\n<script type=\"application\/ld+json\" class=\"yoast-schema-graph\">{\"@context\":\"https:\\\/\\\/schema.org\",\"@graph\":[{\"@type\":\"Article\",\"@id\":\"https:\\\/\\\/quehacerpolitico.mx\\\/?p=11797#article\",\"isPartOf\":{\"@id\":\"https:\\\/\\\/quehacerpolitico.mx\\\/?p=11797\"},\"author\":{\"name\":\"Redacci\u00f3n QP\",\"@id\":\"https:\\\/\\\/quehacerpolitico.mx\\\/#\\\/schema\\\/person\\\/496d8ad2d1d3f8036101dca7ee39e585\"},\"headline\":\"AMLO anuncia que se elimina el cuadro b\u00e1sico de medicinas: es \u201cderecho pleno a la salud\u201d, dice\",\"datePublished\":\"2018-12-14T23:02:15+00:00\",\"mainEntityOfPage\":{\"@id\":\"https:\\\/\\\/quehacerpolitico.mx\\\/?p=11797\"},\"wordCount\":1135,\"commentCount\":0,\"image\":{\"@id\":\"https:\\\/\\\/quehacerpolitico.mx\\\/?p=11797#primaryimage\"},\"thumbnailUrl\":\"\",\"articleSection\":[\"Noticias\"],\"inLanguage\":\"es\",\"potentialAction\":[{\"@type\":\"CommentAction\",\"name\":\"Comment\",\"target\":[\"https:\\\/\\\/quehacerpolitico.mx\\\/?p=11797#respond\"]}]},{\"@type\":\"WebPage\",\"@id\":\"https:\\\/\\\/quehacerpolitico.mx\\\/?p=11797\",\"url\":\"https:\\\/\\\/quehacerpolitico.mx\\\/?p=11797\",\"name\":\"AMLO anuncia que se elimina el cuadro b\u00e1sico de medicinas: es \u201cderecho pleno a la salud\u201d, dice -\",\"isPartOf\":{\"@id\":\"https:\\\/\\\/quehacerpolitico.mx\\\/#website\"},\"primaryImageOfPage\":{\"@id\":\"https:\\\/\\\/quehacerpolitico.mx\\\/?p=11797#primaryimage\"},\"image\":{\"@id\":\"https:\\\/\\\/quehacerpolitico.mx\\\/?p=11797#primaryimage\"},\"thumbnailUrl\":\"\",\"datePublished\":\"2018-12-14T23:02:15+00:00\",\"author\":{\"@id\":\"https:\\\/\\\/quehacerpolitico.mx\\\/#\\\/schema\\\/person\\\/496d8ad2d1d3f8036101dca7ee39e585\"},\"breadcrumb\":{\"@id\":\"https:\\\/\\\/quehacerpolitico.mx\\\/?p=11797#breadcrumb\"},\"inLanguage\":\"es\",\"potentialAction\":[{\"@type\":\"ReadAction\",\"target\":[\"https:\\\/\\\/quehacerpolitico.mx\\\/?p=11797\"]}]},{\"@type\":\"ImageObject\",\"inLanguage\":\"es\",\"@id\":\"https:\\\/\\\/quehacerpolitico.mx\\\/?p=11797#primaryimage\",\"url\":\"\",\"contentUrl\":\"\"},{\"@type\":\"BreadcrumbList\",\"@id\":\"https:\\\/\\\/quehacerpolitico.mx\\\/?p=11797#breadcrumb\",\"itemListElement\":[{\"@type\":\"ListItem\",\"position\":1,\"name\":\"Inicio\",\"item\":\"https:\\\/\\\/quehacerpolitico.mx\\\/\"},{\"@type\":\"ListItem\",\"position\":2,\"name\":\"AMLO anuncia que se elimina el cuadro b\u00e1sico de medicinas: es \u201cderecho pleno a la salud\u201d, dice\"}]},{\"@type\":\"WebSite\",\"@id\":\"https:\\\/\\\/quehacerpolitico.mx\\\/#website\",\"url\":\"https:\\\/\\\/quehacerpolitico.mx\\\/\",\"name\":\"\",\"description\":\"\",\"potentialAction\":[{\"@type\":\"SearchAction\",\"target\":{\"@type\":\"EntryPoint\",\"urlTemplate\":\"https:\\\/\\\/quehacerpolitico.mx\\\/?s={search_term_string}\"},\"query-input\":{\"@type\":\"PropertyValueSpecification\",\"valueRequired\":true,\"valueName\":\"search_term_string\"}}],\"inLanguage\":\"es\"},{\"@type\":\"Person\",\"@id\":\"https:\\\/\\\/quehacerpolitico.mx\\\/#\\\/schema\\\/person\\\/496d8ad2d1d3f8036101dca7ee39e585\",\"name\":\"Redacci\u00f3n QP\",\"image\":{\"@type\":\"ImageObject\",\"inLanguage\":\"es\",\"@id\":\"https:\\\/\\\/secure.gravatar.com\\\/avatar\\\/c7164ed6fdec453195284ad24a5ae5b6e1eed2b848477fa2a4787ba9adf39a41?s=96&d=mm&r=g\",\"url\":\"https:\\\/\\\/secure.gravatar.com\\\/avatar\\\/c7164ed6fdec453195284ad24a5ae5b6e1eed2b848477fa2a4787ba9adf39a41?s=96&d=mm&r=g\",\"contentUrl\":\"https:\\\/\\\/secure.gravatar.com\\\/avatar\\\/c7164ed6fdec453195284ad24a5ae5b6e1eed2b848477fa2a4787ba9adf39a41?s=96&d=mm&r=g\",\"caption\":\"Redacci\u00f3n QP\"},\"url\":\"https:\\\/\\\/quehacerpolitico.mx\\\/?author=2\"}]}<\/script>\n<!-- \/ Yoast SEO plugin. -->","yoast_head_json":{"title":"AMLO anuncia que se elimina el cuadro b\u00e1sico de medicinas: es \u201cderecho pleno a la salud\u201d, dice -","robots":{"index":"index","follow":"follow","max-snippet":"max-snippet:-1","max-image-preview":"max-image-preview:large","max-video-preview":"max-video-preview:-1"},"canonical":"https:\/\/quehacerpolitico.mx\/?p=11797","og_locale":"es_MX","og_type":"article","og_title":"AMLO anuncia que se elimina el cuadro b\u00e1sico de medicinas: es \u201cderecho pleno a la salud\u201d, dice -","og_description":"AMLO anuncia que se elimina el cuadro b\u00e1sico de medicinas: es \u201cderecho pleno a la salud\u201d, dice Por Redacci\u00f3n QP","og_url":"https:\/\/quehacerpolitico.mx\/?p=11797","article_published_time":"2018-12-14T23:02:15+00:00","author":"Redacci\u00f3n QP","twitter_card":"summary_large_image","twitter_misc":{"Escrito por":"Redacci\u00f3n QP","Tiempo de lectura":"6 minutos"},"schema":{"@context":"https:\/\/schema.org","@graph":[{"@type":"Article","@id":"https:\/\/quehacerpolitico.mx\/?p=11797#article","isPartOf":{"@id":"https:\/\/quehacerpolitico.mx\/?p=11797"},"author":{"name":"Redacci\u00f3n QP","@id":"https:\/\/quehacerpolitico.mx\/#\/schema\/person\/496d8ad2d1d3f8036101dca7ee39e585"},"headline":"AMLO anuncia que se elimina el cuadro b\u00e1sico de medicinas: es \u201cderecho pleno a la salud\u201d, dice","datePublished":"2018-12-14T23:02:15+00:00","mainEntityOfPage":{"@id":"https:\/\/quehacerpolitico.mx\/?p=11797"},"wordCount":1135,"commentCount":0,"image":{"@id":"https:\/\/quehacerpolitico.mx\/?p=11797#primaryimage"},"thumbnailUrl":"","articleSection":["Noticias"],"inLanguage":"es","potentialAction":[{"@type":"CommentAction","name":"Comment","target":["https:\/\/quehacerpolitico.mx\/?p=11797#respond"]}]},{"@type":"WebPage","@id":"https:\/\/quehacerpolitico.mx\/?p=11797","url":"https:\/\/quehacerpolitico.mx\/?p=11797","name":"AMLO anuncia que se elimina el cuadro b\u00e1sico de medicinas: es \u201cderecho pleno a la salud\u201d, dice -","isPartOf":{"@id":"https:\/\/quehacerpolitico.mx\/#website"},"primaryImageOfPage":{"@id":"https:\/\/quehacerpolitico.mx\/?p=11797#primaryimage"},"image":{"@id":"https:\/\/quehacerpolitico.mx\/?p=11797#primaryimage"},"thumbnailUrl":"","datePublished":"2018-12-14T23:02:15+00:00","author":{"@id":"https:\/\/quehacerpolitico.mx\/#\/schema\/person\/496d8ad2d1d3f8036101dca7ee39e585"},"breadcrumb":{"@id":"https:\/\/quehacerpolitico.mx\/?p=11797#breadcrumb"},"inLanguage":"es","potentialAction":[{"@type":"ReadAction","target":["https:\/\/quehacerpolitico.mx\/?p=11797"]}]},{"@type":"ImageObject","inLanguage":"es","@id":"https:\/\/quehacerpolitico.mx\/?p=11797#primaryimage","url":"","contentUrl":""},{"@type":"BreadcrumbList","@id":"https:\/\/quehacerpolitico.mx\/?p=11797#breadcrumb","itemListElement":[{"@type":"ListItem","position":1,"name":"Inicio","item":"https:\/\/quehacerpolitico.mx\/"},{"@type":"ListItem","position":2,"name":"AMLO anuncia que se elimina el cuadro b\u00e1sico de medicinas: es \u201cderecho pleno a la salud\u201d, dice"}]},{"@type":"WebSite","@id":"https:\/\/quehacerpolitico.mx\/#website","url":"https:\/\/quehacerpolitico.mx\/","name":"","description":"","potentialAction":[{"@type":"SearchAction","target":{"@type":"EntryPoint","urlTemplate":"https:\/\/quehacerpolitico.mx\/?s={search_term_string}"},"query-input":{"@type":"PropertyValueSpecification","valueRequired":true,"valueName":"search_term_string"}}],"inLanguage":"es"},{"@type":"Person","@id":"https:\/\/quehacerpolitico.mx\/#\/schema\/person\/496d8ad2d1d3f8036101dca7ee39e585","name":"Redacci\u00f3n QP","image":{"@type":"ImageObject","inLanguage":"es","@id":"https:\/\/secure.gravatar.com\/avatar\/c7164ed6fdec453195284ad24a5ae5b6e1eed2b848477fa2a4787ba9adf39a41?s=96&d=mm&r=g","url":"https:\/\/secure.gravatar.com\/avatar\/c7164ed6fdec453195284ad24a5ae5b6e1eed2b848477fa2a4787ba9adf39a41?s=96&d=mm&r=g","contentUrl":"https:\/\/secure.gravatar.com\/avatar\/c7164ed6fdec453195284ad24a5ae5b6e1eed2b848477fa2a4787ba9adf39a41?s=96&d=mm&r=g","caption":"Redacci\u00f3n QP"},"url":"https:\/\/quehacerpolitico.mx\/?author=2"}]}},"featured_image_urls":{"full":"","thumbnail":"","medium":"","medium_large":"","large":"","1536x1536":"","2048x2048":"","covernews-featured":"","covernews-medium":""},"author_info":{"display_name":"Redacci\u00f3n QP","author_link":"https:\/\/quehacerpolitico.mx\/?author=2"},"category_info":"<a href=\"https:\/\/quehacerpolitico.mx\/?cat=2\" rel=\"category\">Noticias<\/a>","tag_info":"Noticias","comment_count":"0","_links":{"self":[{"href":"https:\/\/quehacerpolitico.mx\/index.php?rest_route=\/wp\/v2\/posts\/11797","targetHints":{"allow":["GET"]}}],"collection":[{"href":"https:\/\/quehacerpolitico.mx\/index.php?rest_route=\/wp\/v2\/posts"}],"about":[{"href":"https:\/\/quehacerpolitico.mx\/index.php?rest_route=\/wp\/v2\/types\/post"}],"author":[{"embeddable":true,"href":"https:\/\/quehacerpolitico.mx\/index.php?rest_route=\/wp\/v2\/users\/2"}],"replies":[{"embeddable":true,"href":"https:\/\/quehacerpolitico.mx\/index.php?rest_route=%2Fwp%2Fv2%2Fcomments&post=11797"}],"version-history":[{"count":0,"href":"https:\/\/quehacerpolitico.mx\/index.php?rest_route=\/wp\/v2\/posts\/11797\/revisions"}],"wp:featuredmedia":[{"embeddable":true,"href":"https:\/\/quehacerpolitico.mx\/index.php?rest_route=\/"}],"wp:attachment":[{"href":"https:\/\/quehacerpolitico.mx\/index.php?rest_route=%2Fwp%2Fv2%2Fmedia&parent=11797"}],"wp:term":[{"taxonomy":"category","embeddable":true,"href":"https:\/\/quehacerpolitico.mx\/index.php?rest_route=%2Fwp%2Fv2%2Fcategories&post=11797"},{"taxonomy":"post_tag","embeddable":true,"href":"https:\/\/quehacerpolitico.mx\/index.php?rest_route=%2Fwp%2Fv2%2Ftags&post=11797"}],"curies":[{"name":"wp","href":"https:\/\/api.w.org\/{rel}","templated":true}]}}