{"id":11795,"date":"2018-12-14T22:54:25","date_gmt":"2018-12-14T22:54:25","guid":{"rendered":"http:\/\/quehacerpolitico.mx\/el-congreso-de-puebla-indagara-supuesta-ilegalidad-en-la-toma-de-protesta-de-martha-erika\/"},"modified":"2018-12-14T22:54:25","modified_gmt":"2018-12-14T22:54:25","slug":"el-congreso-de-puebla-indagara-supuesta-ilegalidad-en-la-toma-de-protesta-de-martha-erika","status":"publish","type":"post","link":"https:\/\/quehacerpolitico.mx\/?p=11795","title":{"rendered":"El Congreso de Puebla indagar\u00e1 supuesta ilegalidad en la toma de protesta de Martha \u00c9rika"},"content":{"rendered":"<h1>El Congreso de Puebla indagar\u00e1 supuesta ilegalidad en la toma de protesta de Martha \u00c9rika<\/h1>\n<p>Por Redacci\u00f3n QP<\/p>\n<p><strong>Jos\u00e9 Juan Espinosa<\/strong>, presidente de la<strong> Mesa Directiva del Congreso de Puebla<\/strong>, se\u00f1al\u00f3 que debe investigarse la supuesta ilegalidad en la toma de protesta de\u00a0<strong>Martha \u00c9rika Alonso<\/strong>.<\/p>\n<blockquote>\n<p><strong>Martha Erika Alonso Hidalgo rindi\u00f3 protesta<\/strong>\u00a0el d\u00eda de ayer\u00a0 como\u00a0<strong>Gobernadora del Estado de Puebla<\/strong>\u00a0en una sesi\u00f3n extraordinaria celebrada minutos antes de la media noche en las instalaciones del\u00a0<strong>Tribunal Superior de Justicia de Puebla<\/strong>. En la ceremonia s\u00f3lo estuvieron la esposa de Rafael Moreno Valle y Antonio Gali Fayad, mandatario saliente, as\u00ed como los jueces del tribunal.<\/p>\n<\/blockquote>\n<p>El Partido Acci\u00f3n Nacional (PAN) retiene as\u00ed el poder en la entidad, a pesar de las protestas de la oposici\u00f3n sobre la legalidad en la elecci\u00f3n. Alonso fue Primera Dama antes de convertirse en Gobernadora.<\/p>\n<p>Luego de que Alonso Hidalgo rindiera protesta, el\u00a0Magistrado presidente del TSJ del estado,\u00a0H\u00e9ctor S\u00e1nchez S\u00e1nchez, hizo uso de la palabra felicitar a la panista por\u00a0 su triunfo en las urnas y desearle \u00e9xito durante su administraci\u00f3n.<\/p>\n<blockquote>\n<p>El\u00a0<strong>Tribunal Electoral del Poder Judicial de la Federaci\u00f3n<\/strong>\u00a0declar\u00f3 la\u00a0<strong>validez<\/strong>\u00a0de la elecci\u00f3n a\u00a0<strong>Gobernador<\/strong>\u00a0en el estado de\u00a0<strong>Puebla<\/strong>\u00a0por cuatro votos a favor y tres en contra, por lo que se ratifica a\u00a0<strong>Marta Erika Alonso<\/strong>\u00a0como la pr\u00f3xima Gobernadora de la entidad.<\/p>\n<\/blockquote>\n<p>La Magistrada Presidenta del Tribunal,<strong>Janine Ot\u00e1lora<\/strong>, emiti\u00f3 el voto decisivo en contra de declarar la nulidad de la elecci\u00f3n en Puebla, argumentando que las irregularidades impugnadas por Morena no constituyen motivos suficientes para invalidar el proceso electoral.<\/p>\n<p>En su conclusi\u00f3n, la Magistrada Ot\u00e1lora destac\u00f3 que, a su parecer, las acusaciones de Morena respecto a la posible manipulaci\u00f3n de material electoral son infundadas, argumentando que no existe dolo o culpa por parte de actores pol\u00edticos, Gobierno estatal u alguna otra autoridad para viciar el proceso electoral.<\/p>\n<blockquote>\n<p>El 8 de julio, Martha \u00c9rika, esposa del ex Gobernador poblano Rafael Moreno Valle, recibi\u00f3 la constancia que la acredit\u00f3 como pr\u00f3xima mandataria, pero lo hizo en medio de protestas por parte de Miguel Barbosa Huerta, ex candidato del Movimiento Regeneraci\u00f3n Nacional (Morena), y sus seguidores.<\/p>\n<p>Martha \u00c9rika Alonso derrot\u00f3 a Miguel Barbosa por cuatro puntos porcentuales. La candidata de Por Puebla Al Frente obtuvo 38.09 por ciento de los votos; el de Juntos Haremos Historia se llev\u00f3 34.22 por ciento.<\/p>\n<p>La elecci\u00f3n en Puebla se ensombreci\u00f3 desde el 1 julio. Durante la jornada electoral se report\u00f3 el robo de 70 paquetes electorales, de los cuales m\u00e1s de la mitad fueron hurtados por sujetos armados. En el d\u00eda de \u201cfiesta c\u00edvica\u201d tambi\u00e9n se reportaron balaceras y conatos de violencia en varios municipios.<\/p>\n<\/blockquote>\n","protected":false},"excerpt":{"rendered":"<p>El Congreso de Puebla indagar\u00e1 supuesta ilegalidad en la toma de protesta de Martha \u00c9rika<br \/>\nPor Redacci\u00f3n QP<\/p>\n","protected":false},"author":2,"featured_media":11794,"comment_status":"open","ping_status":"open","sticky":false,"template":"","format":"standard","meta":{"_monsterinsights_skip_tracking":false,"_monsterinsights_sitenote_active":false,"_monsterinsights_sitenote_note":"","_monsterinsights_sitenote_category":0,"footnotes":""},"categories":[2],"tags":[],"class_list":["post-11795","post","type-post","status-publish","format-standard","has-post-thumbnail","hentry","category-noticias"],"yoast_head":"<!-- This site is optimized with the Yoast SEO plugin v27.3 - https:\/\/yoast.com\/product\/yoast-seo-wordpress\/ -->\n<title>El Congreso de Puebla indagar\u00e1 supuesta ilegalidad en la toma de protesta de Martha \u00c9rika -<\/title>\n<meta name=\"robots\" content=\"index, follow, max-snippet:-1, max-image-preview:large, max-video-preview:-1\" \/>\n<link rel=\"canonical\" href=\"https:\/\/quehacerpolitico.mx\/?p=11795\" \/>\n<meta property=\"og:locale\" content=\"es_MX\" \/>\n<meta property=\"og:type\" content=\"article\" \/>\n<meta property=\"og:title\" content=\"El Congreso de Puebla indagar\u00e1 supuesta ilegalidad en la toma de protesta de Martha \u00c9rika -\" \/>\n<meta property=\"og:description\" content=\"El Congreso de Puebla indagar\u00e1 supuesta ilegalidad en la toma de protesta de Martha \u00c9rika Por Redacci\u00f3n QP\" \/>\n<meta property=\"og:url\" content=\"https:\/\/quehacerpolitico.mx\/?p=11795\" \/>\n<meta property=\"article:published_time\" content=\"2018-12-14T22:54:25+00:00\" \/>\n<meta name=\"author\" content=\"Redacci\u00f3n QP\" \/>\n<meta name=\"twitter:card\" content=\"summary_large_image\" \/>\n<meta name=\"twitter:label1\" content=\"Escrito por\" \/>\n\t<meta name=\"twitter:data1\" content=\"Redacci\u00f3n QP\" \/>\n\t<meta name=\"twitter:label2\" content=\"Tiempo de lectura\" \/>\n\t<meta name=\"twitter:data2\" content=\"2 minutos\" \/>\n<script type=\"application\/ld+json\" class=\"yoast-schema-graph\">{\"@context\":\"https:\\\/\\\/schema.org\",\"@graph\":[{\"@type\":\"Article\",\"@id\":\"https:\\\/\\\/quehacerpolitico.mx\\\/?p=11795#article\",\"isPartOf\":{\"@id\":\"https:\\\/\\\/quehacerpolitico.mx\\\/?p=11795\"},\"author\":{\"name\":\"Redacci\u00f3n QP\",\"@id\":\"https:\\\/\\\/quehacerpolitico.mx\\\/#\\\/schema\\\/person\\\/496d8ad2d1d3f8036101dca7ee39e585\"},\"headline\":\"El Congreso de Puebla indagar\u00e1 supuesta ilegalidad en la toma de protesta de Martha \u00c9rika\",\"datePublished\":\"2018-12-14T22:54:25+00:00\",\"mainEntityOfPage\":{\"@id\":\"https:\\\/\\\/quehacerpolitico.mx\\\/?p=11795\"},\"wordCount\":482,\"commentCount\":0,\"image\":{\"@id\":\"https:\\\/\\\/quehacerpolitico.mx\\\/?p=11795#primaryimage\"},\"thumbnailUrl\":\"\",\"articleSection\":[\"Noticias\"],\"inLanguage\":\"es\",\"potentialAction\":[{\"@type\":\"CommentAction\",\"name\":\"Comment\",\"target\":[\"https:\\\/\\\/quehacerpolitico.mx\\\/?p=11795#respond\"]}]},{\"@type\":\"WebPage\",\"@id\":\"https:\\\/\\\/quehacerpolitico.mx\\\/?p=11795\",\"url\":\"https:\\\/\\\/quehacerpolitico.mx\\\/?p=11795\",\"name\":\"El Congreso de Puebla indagar\u00e1 supuesta ilegalidad en la toma de protesta de Martha \u00c9rika -\",\"isPartOf\":{\"@id\":\"https:\\\/\\\/quehacerpolitico.mx\\\/#website\"},\"primaryImageOfPage\":{\"@id\":\"https:\\\/\\\/quehacerpolitico.mx\\\/?p=11795#primaryimage\"},\"image\":{\"@id\":\"https:\\\/\\\/quehacerpolitico.mx\\\/?p=11795#primaryimage\"},\"thumbnailUrl\":\"\",\"datePublished\":\"2018-12-14T22:54:25+00:00\",\"author\":{\"@id\":\"https:\\\/\\\/quehacerpolitico.mx\\\/#\\\/schema\\\/person\\\/496d8ad2d1d3f8036101dca7ee39e585\"},\"breadcrumb\":{\"@id\":\"https:\\\/\\\/quehacerpolitico.mx\\\/?p=11795#breadcrumb\"},\"inLanguage\":\"es\",\"potentialAction\":[{\"@type\":\"ReadAction\",\"target\":[\"https:\\\/\\\/quehacerpolitico.mx\\\/?p=11795\"]}]},{\"@type\":\"ImageObject\",\"inLanguage\":\"es\",\"@id\":\"https:\\\/\\\/quehacerpolitico.mx\\\/?p=11795#primaryimage\",\"url\":\"\",\"contentUrl\":\"\"},{\"@type\":\"BreadcrumbList\",\"@id\":\"https:\\\/\\\/quehacerpolitico.mx\\\/?p=11795#breadcrumb\",\"itemListElement\":[{\"@type\":\"ListItem\",\"position\":1,\"name\":\"Inicio\",\"item\":\"https:\\\/\\\/quehacerpolitico.mx\\\/\"},{\"@type\":\"ListItem\",\"position\":2,\"name\":\"El Congreso de Puebla indagar\u00e1 supuesta ilegalidad en la toma de protesta de Martha \u00c9rika\"}]},{\"@type\":\"WebSite\",\"@id\":\"https:\\\/\\\/quehacerpolitico.mx\\\/#website\",\"url\":\"https:\\\/\\\/quehacerpolitico.mx\\\/\",\"name\":\"\",\"description\":\"\",\"potentialAction\":[{\"@type\":\"SearchAction\",\"target\":{\"@type\":\"EntryPoint\",\"urlTemplate\":\"https:\\\/\\\/quehacerpolitico.mx\\\/?s={search_term_string}\"},\"query-input\":{\"@type\":\"PropertyValueSpecification\",\"valueRequired\":true,\"valueName\":\"search_term_string\"}}],\"inLanguage\":\"es\"},{\"@type\":\"Person\",\"@id\":\"https:\\\/\\\/quehacerpolitico.mx\\\/#\\\/schema\\\/person\\\/496d8ad2d1d3f8036101dca7ee39e585\",\"name\":\"Redacci\u00f3n QP\",\"image\":{\"@type\":\"ImageObject\",\"inLanguage\":\"es\",\"@id\":\"https:\\\/\\\/secure.gravatar.com\\\/avatar\\\/c7164ed6fdec453195284ad24a5ae5b6e1eed2b848477fa2a4787ba9adf39a41?s=96&d=mm&r=g\",\"url\":\"https:\\\/\\\/secure.gravatar.com\\\/avatar\\\/c7164ed6fdec453195284ad24a5ae5b6e1eed2b848477fa2a4787ba9adf39a41?s=96&d=mm&r=g\",\"contentUrl\":\"https:\\\/\\\/secure.gravatar.com\\\/avatar\\\/c7164ed6fdec453195284ad24a5ae5b6e1eed2b848477fa2a4787ba9adf39a41?s=96&d=mm&r=g\",\"caption\":\"Redacci\u00f3n QP\"},\"url\":\"https:\\\/\\\/quehacerpolitico.mx\\\/?author=2\"}]}<\/script>\n<!-- \/ Yoast SEO plugin. -->","yoast_head_json":{"title":"El Congreso de Puebla indagar\u00e1 supuesta ilegalidad en la toma de protesta de Martha \u00c9rika -","robots":{"index":"index","follow":"follow","max-snippet":"max-snippet:-1","max-image-preview":"max-image-preview:large","max-video-preview":"max-video-preview:-1"},"canonical":"https:\/\/quehacerpolitico.mx\/?p=11795","og_locale":"es_MX","og_type":"article","og_title":"El Congreso de Puebla indagar\u00e1 supuesta ilegalidad en la toma de protesta de Martha \u00c9rika -","og_description":"El Congreso de Puebla indagar\u00e1 supuesta ilegalidad en la toma de protesta de Martha \u00c9rika Por Redacci\u00f3n QP","og_url":"https:\/\/quehacerpolitico.mx\/?p=11795","article_published_time":"2018-12-14T22:54:25+00:00","author":"Redacci\u00f3n QP","twitter_card":"summary_large_image","twitter_misc":{"Escrito por":"Redacci\u00f3n QP","Tiempo de lectura":"2 minutos"},"schema":{"@context":"https:\/\/schema.org","@graph":[{"@type":"Article","@id":"https:\/\/quehacerpolitico.mx\/?p=11795#article","isPartOf":{"@id":"https:\/\/quehacerpolitico.mx\/?p=11795"},"author":{"name":"Redacci\u00f3n QP","@id":"https:\/\/quehacerpolitico.mx\/#\/schema\/person\/496d8ad2d1d3f8036101dca7ee39e585"},"headline":"El Congreso de Puebla indagar\u00e1 supuesta ilegalidad en la toma de protesta de Martha \u00c9rika","datePublished":"2018-12-14T22:54:25+00:00","mainEntityOfPage":{"@id":"https:\/\/quehacerpolitico.mx\/?p=11795"},"wordCount":482,"commentCount":0,"image":{"@id":"https:\/\/quehacerpolitico.mx\/?p=11795#primaryimage"},"thumbnailUrl":"","articleSection":["Noticias"],"inLanguage":"es","potentialAction":[{"@type":"CommentAction","name":"Comment","target":["https:\/\/quehacerpolitico.mx\/?p=11795#respond"]}]},{"@type":"WebPage","@id":"https:\/\/quehacerpolitico.mx\/?p=11795","url":"https:\/\/quehacerpolitico.mx\/?p=11795","name":"El Congreso de Puebla indagar\u00e1 supuesta ilegalidad en la toma de protesta de Martha \u00c9rika -","isPartOf":{"@id":"https:\/\/quehacerpolitico.mx\/#website"},"primaryImageOfPage":{"@id":"https:\/\/quehacerpolitico.mx\/?p=11795#primaryimage"},"image":{"@id":"https:\/\/quehacerpolitico.mx\/?p=11795#primaryimage"},"thumbnailUrl":"","datePublished":"2018-12-14T22:54:25+00:00","author":{"@id":"https:\/\/quehacerpolitico.mx\/#\/schema\/person\/496d8ad2d1d3f8036101dca7ee39e585"},"breadcrumb":{"@id":"https:\/\/quehacerpolitico.mx\/?p=11795#breadcrumb"},"inLanguage":"es","potentialAction":[{"@type":"ReadAction","target":["https:\/\/quehacerpolitico.mx\/?p=11795"]}]},{"@type":"ImageObject","inLanguage":"es","@id":"https:\/\/quehacerpolitico.mx\/?p=11795#primaryimage","url":"","contentUrl":""},{"@type":"BreadcrumbList","@id":"https:\/\/quehacerpolitico.mx\/?p=11795#breadcrumb","itemListElement":[{"@type":"ListItem","position":1,"name":"Inicio","item":"https:\/\/quehacerpolitico.mx\/"},{"@type":"ListItem","position":2,"name":"El Congreso de Puebla indagar\u00e1 supuesta ilegalidad en la toma de protesta de Martha \u00c9rika"}]},{"@type":"WebSite","@id":"https:\/\/quehacerpolitico.mx\/#website","url":"https:\/\/quehacerpolitico.mx\/","name":"","description":"","potentialAction":[{"@type":"SearchAction","target":{"@type":"EntryPoint","urlTemplate":"https:\/\/quehacerpolitico.mx\/?s={search_term_string}"},"query-input":{"@type":"PropertyValueSpecification","valueRequired":true,"valueName":"search_term_string"}}],"inLanguage":"es"},{"@type":"Person","@id":"https:\/\/quehacerpolitico.mx\/#\/schema\/person\/496d8ad2d1d3f8036101dca7ee39e585","name":"Redacci\u00f3n QP","image":{"@type":"ImageObject","inLanguage":"es","@id":"https:\/\/secure.gravatar.com\/avatar\/c7164ed6fdec453195284ad24a5ae5b6e1eed2b848477fa2a4787ba9adf39a41?s=96&d=mm&r=g","url":"https:\/\/secure.gravatar.com\/avatar\/c7164ed6fdec453195284ad24a5ae5b6e1eed2b848477fa2a4787ba9adf39a41?s=96&d=mm&r=g","contentUrl":"https:\/\/secure.gravatar.com\/avatar\/c7164ed6fdec453195284ad24a5ae5b6e1eed2b848477fa2a4787ba9adf39a41?s=96&d=mm&r=g","caption":"Redacci\u00f3n QP"},"url":"https:\/\/quehacerpolitico.mx\/?author=2"}]}},"featured_image_urls":{"full":"","thumbnail":"","medium":"","medium_large":"","large":"","1536x1536":"","2048x2048":"","covernews-featured":"","covernews-medium":""},"author_info":{"display_name":"Redacci\u00f3n QP","author_link":"https:\/\/quehacerpolitico.mx\/?author=2"},"category_info":"<a href=\"https:\/\/quehacerpolitico.mx\/?cat=2\" rel=\"category\">Noticias<\/a>","tag_info":"Noticias","comment_count":"0","_links":{"self":[{"href":"https:\/\/quehacerpolitico.mx\/index.php?rest_route=\/wp\/v2\/posts\/11795","targetHints":{"allow":["GET"]}}],"collection":[{"href":"https:\/\/quehacerpolitico.mx\/index.php?rest_route=\/wp\/v2\/posts"}],"about":[{"href":"https:\/\/quehacerpolitico.mx\/index.php?rest_route=\/wp\/v2\/types\/post"}],"author":[{"embeddable":true,"href":"https:\/\/quehacerpolitico.mx\/index.php?rest_route=\/wp\/v2\/users\/2"}],"replies":[{"embeddable":true,"href":"https:\/\/quehacerpolitico.mx\/index.php?rest_route=%2Fwp%2Fv2%2Fcomments&post=11795"}],"version-history":[{"count":0,"href":"https:\/\/quehacerpolitico.mx\/index.php?rest_route=\/wp\/v2\/posts\/11795\/revisions"}],"wp:featuredmedia":[{"embeddable":true,"href":"https:\/\/quehacerpolitico.mx\/index.php?rest_route=\/"}],"wp:attachment":[{"href":"https:\/\/quehacerpolitico.mx\/index.php?rest_route=%2Fwp%2Fv2%2Fmedia&parent=11795"}],"wp:term":[{"taxonomy":"category","embeddable":true,"href":"https:\/\/quehacerpolitico.mx\/index.php?rest_route=%2Fwp%2Fv2%2Fcategories&post=11795"},{"taxonomy":"post_tag","embeddable":true,"href":"https:\/\/quehacerpolitico.mx\/index.php?rest_route=%2Fwp%2Fv2%2Ftags&post=11795"}],"curies":[{"name":"wp","href":"https:\/\/api.w.org\/{rel}","templated":true}]}}