{"id":11793,"date":"2018-12-14T20:13:58","date_gmt":"2018-12-14T20:13:58","guid":{"rendered":"http:\/\/quehacerpolitico.mx\/internacionales-carolina-alonso-romei-washington-ve-con-interes-plan-de-mexico-para-desarrollar-el-sur-wp-amlo-y-trump-se-gustan\/"},"modified":"2018-12-14T20:13:58","modified_gmt":"2018-12-14T20:13:58","slug":"internacionales-carolina-alonso-romei-washington-ve-con-interes-plan-de-mexico-para-desarrollar-el-sur-wp-amlo-y-trump-se-gustan","status":"publish","type":"post","link":"https:\/\/quehacerpolitico.mx\/?p=11793","title":{"rendered":"Internacionales\/\/\/Carolina Alonso Romei\/\/\/Washington ve con inter\u00e9s plan de M\u00e9xico para desarrollar el sur: WP; \u201cAMLO y Trump se gustan\u201d"},"content":{"rendered":"<h1>Washington ve con inter\u00e9s plan de M\u00e9xico para desarrollar el sur: WP; \u201cAMLO y Trump se gustan\u201d<\/h1>\n<p>Por Carolina Alonso Romei<\/p>\n<p>Internacionalista<\/p>\n<p>Aunque es dif\u00edcil saber por cu\u00e1nto tiempo mantendr\u00e1n esta relaci\u00f3n, es un hecho que <strong>Donald Trump<\/strong> y <strong>Andr\u00e9s Manuel L\u00f3pez Obrador<\/strong> se gustan, dice un amplio reportaje publicado hoy por <em>The Washington Post<\/em>. Revela, por conversaciones que la periodista autora del texto sostuvo con fuentes en Estados Unidos, que <strong>Washington<\/strong> analiza ya el <strong>plan<\/strong> propuesto por los mexicanos para <strong>desarrollar<\/strong> el <strong>sureste<\/strong> y Centroam\u00e9rica con una especie de \u201cPlan Marshall\u201d que contenga la migraci\u00f3n.<\/p>\n<blockquote>\n<p><strong>Trump y AMLO<\/strong> han hablado varias veces. En octubre, el Presidente de M\u00e9xico dijo que en una de esas conversaciones volvieron a tratar la posibilidad de dar \u201cun siguiente paso: el que nos pongamos de acuerdo para inversiones conjuntas entre M\u00e9xico, Canad\u00e1 y Estados Unidos y se pueda invertir para el desarrollo de los pueblos de Centroam\u00e9rica, de M\u00e9xico, para enfrentar de esa manera, con desarrollo y empleo, el fen\u00f3meno migratorio\u201d.<\/p>\n<\/blockquote>\n<div id=\"attachment_3511006\" class=\"wp-caption alignnone\"><img loading=\"lazy\" decoding=\"async\" class=\"size-full wp-image-3511006\" src=\"https:\/\/www.sinembargo.mx\/wp-content\/uploads\/2018\/12\/pence-ivanka-amlo.jpg\" sizes=\"auto, (max-width: 700px) 100vw, 700px\" srcset=\"https:\/\/www.sinembargo.mx\/wp-content\/uploads\/2018\/12\/pence-ivanka-amlo.jpg 700w, https:\/\/www.sinembargo.mx\/wp-content\/uploads\/2018\/12\/pence-ivanka-amlo-300x200.jpg 300w\" alt=\"\" width=\"700\" height=\"467\" \/><\/p>\n<p class=\"wp-caption-text\">Mike Pence, Vicepresidente de Estados Unidos; Ivanka, hija de Donald Trump, junto con el Presidente Andr\u00e9s Manuel L\u00f3pez Obrador y su esposa, el pasado 1 de diciembre. Foto: Twitter \/ @IvankaTrump<\/p>\n<\/div>\n<p>El texto es de Mary Beth Sheridan, corresponsal del diario para M\u00e9xico y Centroam\u00e9rica, dice que \u201cde todos los pa\u00edses extranjeros a los que apunta el ataque de tuits de <strong>Trump<\/strong>, M\u00e9xico ocupa un lugar especial. Lo ha llamado un pa\u00eds \u2018totalmente corrupto\u2019 con \u2018un problema de crimen masivo\u2019 que ha hecho \u2018poco, si no NADA\u2019 para detener a los migrantes que se dirigen a los Estados Unidos. Y la elecci\u00f3n \u201cde un izquierdista combativo como nuevo Presidente de M\u00e9xico parec\u00eda destinado a llevar la relaci\u00f3n a un nuevo m\u00ednimo\u201d.<\/p>\n<div id=\"attachment_3511014\" class=\"wp-caption alignnone\"><img loading=\"lazy\" decoding=\"async\" class=\"size-full wp-image-3511014\" src=\"https:\/\/www.sinembargo.mx\/wp-content\/uploads\/2018\/12\/amlo-ivanka.jpg\" sizes=\"auto, (max-width: 700px) 100vw, 700px\" srcset=\"https:\/\/www.sinembargo.mx\/wp-content\/uploads\/2018\/12\/amlo-ivanka.jpg 700w, https:\/\/www.sinembargo.mx\/wp-content\/uploads\/2018\/12\/amlo-ivanka-300x197.jpg 300w\" alt=\"\" width=\"700\" height=\"460\" \/><\/p>\n<p class=\"wp-caption-text\">El Presidente Andr\u00e9s Manuel L\u00f3pez Obrador e Ivanka Trump en la C\u00e1mara de Diputados durante la ceremonia de investidura. Foto: Twitter \/ @IvankaTrump<\/p>\n<\/div>\n<p>Sin embargo, agrega, \u201ccinco meses despu\u00e9s de que <strong>Andr\u00e9s Manuel L\u00f3pez Obrador<\/strong> obtuvo una victoria contundente, ha desafiado las expectativas en ambos lados de la frontera. \u00c9l y <strong>Trump<\/strong> se elogian p\u00fablicamente. Sus administraciones han trabajado bastante bien en temas candentes como la migraci\u00f3n ilegal y la renegociaci\u00f3n del acuerdo comercial de Am\u00e9rica del Norte. El Gobierno de Estados Unidos est\u00e1 incluso mirando con inter\u00e9s la propuesta de <strong>L\u00f3pez Obrador<\/strong> de un paquete de ayuda internacional de miles de millones de d\u00f3lares para disuadir a la migraci\u00f3n centroamericana, aunque la idea est\u00e1 en sus primeras etapas, dicen los funcionarios estadounidenses\u201d.<\/p>\n<p>Sheridan dice que \u201cla interminable b\u00fasqueda de los l\u00edderes extranjeros para entender y administrar a Trump, L\u00f3pez Obrador marca el \u00faltimo ejemplo de un pol\u00edtico inteligente que se vincula con el Presidente de Estados Unidos, al menos temporalmente\u201d.<\/p>\n<blockquote>\n<p>Un alto funcionario de la administraci\u00f3n de Trump le dijo por tel\u00e9fono a la periodista que, los dos presidentes \u201chan reflexionado acerca de las expectativas de la gente que enfrentar\u00e1n mutuamente\u201d. Pero no es el caso, le dijo, hablando bajo la condici\u00f3n de anonimato. \u201cEs una relaci\u00f3n para un buen comienzo. Se gustan el uno al otro\u201d.<\/p>\n<\/blockquote>\n<p>Pero Mary Beth Sheridan alerta: \u201cMuchos analistas creen que es solo cuesti\u00f3n de tiempo antes de que los dos l\u00edderes se enfrenten. Son muy diferentes en estilo: L\u00f3pez Obrador es un austero izquierdista que no posee una tarjeta de cr\u00e9dito, mientras que Trump prefiere los grifos de oro de 24 quilates y los jets privados. Luego est\u00e1 la pol\u00edtica. AMLO es un defensor de los derechos de los migrantes desde hace mucho tiempo, mientras que la lucha contra la inmigraci\u00f3n ilegal es un tema central de Trump\u201d.<\/p>\n<blockquote class=\"twitter-tweet\" data-width=\"550\" data-dnt=\"true\">\n<p lang=\"es\" dir=\"ltr\">Hoy conversamos por tel\u00e9fono con el presidente Donald Trump. En t\u00e9rminos respetuosos y de amistad, tratamos el tema migratorio y la posibilidad de aplicar un programa conjunto para el desarrollo y la creaci\u00f3n de empleos en Centroam\u00e9rica y en nuestro pa\u00eds. <a href=\"https:\/\/t.co\/6BHVGBIZH2\">pic.twitter.com\/6BHVGBIZH2<\/a><\/p>\n<p>&mdash; Andr\u00e9s Manuel (@lopezobrador_) <a href=\"https:\/\/twitter.com\/lopezobrador_\/status\/1073026515418402816?ref_src=twsrc%5Etfw\">December 13, 2018<\/a><\/p><\/blockquote>\n<p><script async src=\"https:\/\/platform.twitter.com\/widgets.js\" charset=\"utf-8\"><\/script><\/p>\n<p>Pero hasta ahora, \u201chay mucha menos turbulencia en la relaci\u00f3n que la que tuvo lugar durante la presidencia de Enrique Pe\u00f1a Nieto, un pol\u00edtico m\u00e1s conservador y orientado hacia el libre mercado. Los funcionarios de ambos lados dicen que Trump y su contraparte mexicana se respetan mutuamente como nacionalistas de habla clara que construyeron movimientos anti-establishment\u201d.<\/p>\n<p>El texto de <em>Washington Post<\/em> dice que hasta hace poco, era dif\u00edcil imaginar un par de pol\u00edticos m\u00e1s combustibles que Trump y L\u00f3pez Obrador. \u201cMientras se preparaba para postularse a la presidencia, el izquierdista mexicano critic\u00f3 a Trump como \u2018un mat\u00f3n irresponsable\u2019 y un \u2018neofascista\u2019. En junio de 2017, L\u00f3pez Obrador public\u00f3 un libro de sus discursos en defensa de los derechos de los migrantes mexicanos llamado: <em>Listen Up<\/em>, Trump. En \u00e9l, compar\u00f3 la actitud de Trump hacia los mexicanos con la forma en que Hitler se refer\u00eda a los jud\u00edos\u201d.<\/p>\n<p>Pero cuando qued\u00f3 claro que L\u00f3pez Obrador ganar\u00eda las elecciones, \u201csu lenguaje se volvi\u00f3 cada vez m\u00e1s diplom\u00e1tico. Despu\u00e9s de su victoria, escribi\u00f3 a Trump una carta de siete p\u00e1ginas que detallaba su agenda interna y propon\u00eda \u2018una nueva etapa en la relaci\u00f3n\u2019 basada en el respeto y los intereses comunes\u201d.<\/p>\n<p>El texto concluye advirtiendo que no se sabe cu\u00e1nto durar\u00e1 el acercamiento mexicano-estadounidense. \u201cEn el pasado, el Presidente Trump ha establecido amistades con todos, desde Emmanuel Macron de Francia hasta Shinzo Abe de Jap\u00f3n, solo para ver que las relaciones con el comercio, el acuerdo nuclear de Ir\u00e1n, Corea del Norte y otros temas se enfr\u00eden\u201d.<\/p>\n<p>\u201cY si Trump tiene una base que atender, tambi\u00e9n lo tiene L\u00f3pez Obrador. La izquierda de M\u00e9xico ha sido tradicionalmente sospechosa de la participaci\u00f3n de los Estados Unidos en los esfuerzos antidrogas del pa\u00eds y ha estado cerca de los gobiernos antiamericanos en pa\u00edses como Cuba y Venezuela\u201d.<\/p>\n","protected":false},"excerpt":{"rendered":"<p>Washington ve con inter\u00e9s plan de M\u00e9xico para desarrollar el sur: WP; \u201cAMLO y Trump se gustan\u201d<br \/>\nPor Carolina Alonso Romei<br \/>\ninternacionalista<\/p>\n","protected":false},"author":2,"featured_media":11792,"comment_status":"open","ping_status":"open","sticky":false,"template":"","format":"standard","meta":{"_monsterinsights_skip_tracking":false,"_monsterinsights_sitenote_active":false,"_monsterinsights_sitenote_note":"","_monsterinsights_sitenote_category":0,"footnotes":""},"categories":[1],"tags":[],"class_list":["post-11793","post","type-post","status-publish","format-standard","has-post-thumbnail","hentry","category-sin-categoria"],"yoast_head":"<!-- This site is optimized with the Yoast SEO plugin v27.3 - https:\/\/yoast.com\/product\/yoast-seo-wordpress\/ -->\n<title>Internacionales\/\/\/Carolina Alonso Romei\/\/\/Washington ve con inter\u00e9s plan de M\u00e9xico para desarrollar el sur: WP; \u201cAMLO y Trump se gustan\u201d -<\/title>\n<meta name=\"robots\" content=\"index, follow, max-snippet:-1, max-image-preview:large, max-video-preview:-1\" \/>\n<link rel=\"canonical\" href=\"https:\/\/quehacerpolitico.mx\/?p=11793\" \/>\n<meta property=\"og:locale\" content=\"es_MX\" \/>\n<meta property=\"og:type\" content=\"article\" \/>\n<meta property=\"og:title\" content=\"Internacionales\/\/\/Carolina Alonso Romei\/\/\/Washington ve con inter\u00e9s plan de M\u00e9xico para desarrollar el sur: WP; \u201cAMLO y Trump se gustan\u201d -\" \/>\n<meta property=\"og:description\" content=\"Washington ve con inter\u00e9s plan de M\u00e9xico para desarrollar el sur: WP; \u201cAMLO y Trump se gustan\u201d Por Carolina Alonso Romei internacionalista\" \/>\n<meta property=\"og:url\" content=\"https:\/\/quehacerpolitico.mx\/?p=11793\" \/>\n<meta property=\"article:published_time\" content=\"2018-12-14T20:13:58+00:00\" \/>\n<meta name=\"author\" content=\"Redacci\u00f3n QP\" \/>\n<meta name=\"twitter:card\" content=\"summary_large_image\" \/>\n<meta name=\"twitter:label1\" content=\"Escrito por\" \/>\n\t<meta name=\"twitter:data1\" content=\"Redacci\u00f3n QP\" \/>\n\t<meta name=\"twitter:label2\" content=\"Tiempo de lectura\" \/>\n\t<meta name=\"twitter:data2\" content=\"5 minutos\" \/>\n<script type=\"application\/ld+json\" class=\"yoast-schema-graph\">{\"@context\":\"https:\\\/\\\/schema.org\",\"@graph\":[{\"@type\":\"Article\",\"@id\":\"https:\\\/\\\/quehacerpolitico.mx\\\/?p=11793#article\",\"isPartOf\":{\"@id\":\"https:\\\/\\\/quehacerpolitico.mx\\\/?p=11793\"},\"author\":{\"name\":\"Redacci\u00f3n QP\",\"@id\":\"https:\\\/\\\/quehacerpolitico.mx\\\/#\\\/schema\\\/person\\\/496d8ad2d1d3f8036101dca7ee39e585\"},\"headline\":\"Internacionales\\\/\\\/\\\/Carolina Alonso Romei\\\/\\\/\\\/Washington ve con inter\u00e9s plan de M\u00e9xico para desarrollar el sur: WP; \u201cAMLO y Trump se gustan\u201d\",\"datePublished\":\"2018-12-14T20:13:58+00:00\",\"mainEntityOfPage\":{\"@id\":\"https:\\\/\\\/quehacerpolitico.mx\\\/?p=11793\"},\"wordCount\":1005,\"commentCount\":0,\"image\":{\"@id\":\"https:\\\/\\\/quehacerpolitico.mx\\\/?p=11793#primaryimage\"},\"thumbnailUrl\":\"\",\"articleSection\":[\"Internacionales\"],\"inLanguage\":\"es\",\"potentialAction\":[{\"@type\":\"CommentAction\",\"name\":\"Comment\",\"target\":[\"https:\\\/\\\/quehacerpolitico.mx\\\/?p=11793#respond\"]}]},{\"@type\":\"WebPage\",\"@id\":\"https:\\\/\\\/quehacerpolitico.mx\\\/?p=11793\",\"url\":\"https:\\\/\\\/quehacerpolitico.mx\\\/?p=11793\",\"name\":\"Internacionales\\\/\\\/\\\/Carolina Alonso Romei\\\/\\\/\\\/Washington ve con inter\u00e9s plan de M\u00e9xico para desarrollar el sur: WP; \u201cAMLO y Trump se gustan\u201d -\",\"isPartOf\":{\"@id\":\"https:\\\/\\\/quehacerpolitico.mx\\\/#website\"},\"primaryImageOfPage\":{\"@id\":\"https:\\\/\\\/quehacerpolitico.mx\\\/?p=11793#primaryimage\"},\"image\":{\"@id\":\"https:\\\/\\\/quehacerpolitico.mx\\\/?p=11793#primaryimage\"},\"thumbnailUrl\":\"\",\"datePublished\":\"2018-12-14T20:13:58+00:00\",\"author\":{\"@id\":\"https:\\\/\\\/quehacerpolitico.mx\\\/#\\\/schema\\\/person\\\/496d8ad2d1d3f8036101dca7ee39e585\"},\"breadcrumb\":{\"@id\":\"https:\\\/\\\/quehacerpolitico.mx\\\/?p=11793#breadcrumb\"},\"inLanguage\":\"es\",\"potentialAction\":[{\"@type\":\"ReadAction\",\"target\":[\"https:\\\/\\\/quehacerpolitico.mx\\\/?p=11793\"]}]},{\"@type\":\"ImageObject\",\"inLanguage\":\"es\",\"@id\":\"https:\\\/\\\/quehacerpolitico.mx\\\/?p=11793#primaryimage\",\"url\":\"\",\"contentUrl\":\"\"},{\"@type\":\"BreadcrumbList\",\"@id\":\"https:\\\/\\\/quehacerpolitico.mx\\\/?p=11793#breadcrumb\",\"itemListElement\":[{\"@type\":\"ListItem\",\"position\":1,\"name\":\"Inicio\",\"item\":\"https:\\\/\\\/quehacerpolitico.mx\\\/\"},{\"@type\":\"ListItem\",\"position\":2,\"name\":\"Internacionales\\\/\\\/\\\/Carolina Alonso Romei\\\/\\\/\\\/Washington ve con inter\u00e9s plan de M\u00e9xico para desarrollar el sur: WP; \u201cAMLO y Trump se gustan\u201d\"}]},{\"@type\":\"WebSite\",\"@id\":\"https:\\\/\\\/quehacerpolitico.mx\\\/#website\",\"url\":\"https:\\\/\\\/quehacerpolitico.mx\\\/\",\"name\":\"\",\"description\":\"\",\"potentialAction\":[{\"@type\":\"SearchAction\",\"target\":{\"@type\":\"EntryPoint\",\"urlTemplate\":\"https:\\\/\\\/quehacerpolitico.mx\\\/?s={search_term_string}\"},\"query-input\":{\"@type\":\"PropertyValueSpecification\",\"valueRequired\":true,\"valueName\":\"search_term_string\"}}],\"inLanguage\":\"es\"},{\"@type\":\"Person\",\"@id\":\"https:\\\/\\\/quehacerpolitico.mx\\\/#\\\/schema\\\/person\\\/496d8ad2d1d3f8036101dca7ee39e585\",\"name\":\"Redacci\u00f3n QP\",\"image\":{\"@type\":\"ImageObject\",\"inLanguage\":\"es\",\"@id\":\"https:\\\/\\\/secure.gravatar.com\\\/avatar\\\/c7164ed6fdec453195284ad24a5ae5b6e1eed2b848477fa2a4787ba9adf39a41?s=96&d=mm&r=g\",\"url\":\"https:\\\/\\\/secure.gravatar.com\\\/avatar\\\/c7164ed6fdec453195284ad24a5ae5b6e1eed2b848477fa2a4787ba9adf39a41?s=96&d=mm&r=g\",\"contentUrl\":\"https:\\\/\\\/secure.gravatar.com\\\/avatar\\\/c7164ed6fdec453195284ad24a5ae5b6e1eed2b848477fa2a4787ba9adf39a41?s=96&d=mm&r=g\",\"caption\":\"Redacci\u00f3n QP\"},\"url\":\"https:\\\/\\\/quehacerpolitico.mx\\\/?author=2\"}]}<\/script>\n<!-- \/ Yoast SEO plugin. -->","yoast_head_json":{"title":"Internacionales\/\/\/Carolina Alonso Romei\/\/\/Washington ve con inter\u00e9s plan de M\u00e9xico para desarrollar el sur: WP; \u201cAMLO y Trump se gustan\u201d -","robots":{"index":"index","follow":"follow","max-snippet":"max-snippet:-1","max-image-preview":"max-image-preview:large","max-video-preview":"max-video-preview:-1"},"canonical":"https:\/\/quehacerpolitico.mx\/?p=11793","og_locale":"es_MX","og_type":"article","og_title":"Internacionales\/\/\/Carolina Alonso Romei\/\/\/Washington ve con inter\u00e9s plan de M\u00e9xico para desarrollar el sur: WP; \u201cAMLO y Trump se gustan\u201d -","og_description":"Washington ve con inter\u00e9s plan de M\u00e9xico para desarrollar el sur: WP; \u201cAMLO y Trump se gustan\u201d Por Carolina Alonso Romei internacionalista","og_url":"https:\/\/quehacerpolitico.mx\/?p=11793","article_published_time":"2018-12-14T20:13:58+00:00","author":"Redacci\u00f3n QP","twitter_card":"summary_large_image","twitter_misc":{"Escrito por":"Redacci\u00f3n QP","Tiempo de lectura":"5 minutos"},"schema":{"@context":"https:\/\/schema.org","@graph":[{"@type":"Article","@id":"https:\/\/quehacerpolitico.mx\/?p=11793#article","isPartOf":{"@id":"https:\/\/quehacerpolitico.mx\/?p=11793"},"author":{"name":"Redacci\u00f3n QP","@id":"https:\/\/quehacerpolitico.mx\/#\/schema\/person\/496d8ad2d1d3f8036101dca7ee39e585"},"headline":"Internacionales\/\/\/Carolina Alonso Romei\/\/\/Washington ve con inter\u00e9s plan de M\u00e9xico para desarrollar el sur: WP; \u201cAMLO y Trump se gustan\u201d","datePublished":"2018-12-14T20:13:58+00:00","mainEntityOfPage":{"@id":"https:\/\/quehacerpolitico.mx\/?p=11793"},"wordCount":1005,"commentCount":0,"image":{"@id":"https:\/\/quehacerpolitico.mx\/?p=11793#primaryimage"},"thumbnailUrl":"","articleSection":["Internacionales"],"inLanguage":"es","potentialAction":[{"@type":"CommentAction","name":"Comment","target":["https:\/\/quehacerpolitico.mx\/?p=11793#respond"]}]},{"@type":"WebPage","@id":"https:\/\/quehacerpolitico.mx\/?p=11793","url":"https:\/\/quehacerpolitico.mx\/?p=11793","name":"Internacionales\/\/\/Carolina Alonso Romei\/\/\/Washington ve con inter\u00e9s plan de M\u00e9xico para desarrollar el sur: WP; \u201cAMLO y Trump se gustan\u201d -","isPartOf":{"@id":"https:\/\/quehacerpolitico.mx\/#website"},"primaryImageOfPage":{"@id":"https:\/\/quehacerpolitico.mx\/?p=11793#primaryimage"},"image":{"@id":"https:\/\/quehacerpolitico.mx\/?p=11793#primaryimage"},"thumbnailUrl":"","datePublished":"2018-12-14T20:13:58+00:00","author":{"@id":"https:\/\/quehacerpolitico.mx\/#\/schema\/person\/496d8ad2d1d3f8036101dca7ee39e585"},"breadcrumb":{"@id":"https:\/\/quehacerpolitico.mx\/?p=11793#breadcrumb"},"inLanguage":"es","potentialAction":[{"@type":"ReadAction","target":["https:\/\/quehacerpolitico.mx\/?p=11793"]}]},{"@type":"ImageObject","inLanguage":"es","@id":"https:\/\/quehacerpolitico.mx\/?p=11793#primaryimage","url":"","contentUrl":""},{"@type":"BreadcrumbList","@id":"https:\/\/quehacerpolitico.mx\/?p=11793#breadcrumb","itemListElement":[{"@type":"ListItem","position":1,"name":"Inicio","item":"https:\/\/quehacerpolitico.mx\/"},{"@type":"ListItem","position":2,"name":"Internacionales\/\/\/Carolina Alonso Romei\/\/\/Washington ve con inter\u00e9s plan de M\u00e9xico para desarrollar el sur: WP; \u201cAMLO y Trump se gustan\u201d"}]},{"@type":"WebSite","@id":"https:\/\/quehacerpolitico.mx\/#website","url":"https:\/\/quehacerpolitico.mx\/","name":"","description":"","potentialAction":[{"@type":"SearchAction","target":{"@type":"EntryPoint","urlTemplate":"https:\/\/quehacerpolitico.mx\/?s={search_term_string}"},"query-input":{"@type":"PropertyValueSpecification","valueRequired":true,"valueName":"search_term_string"}}],"inLanguage":"es"},{"@type":"Person","@id":"https:\/\/quehacerpolitico.mx\/#\/schema\/person\/496d8ad2d1d3f8036101dca7ee39e585","name":"Redacci\u00f3n QP","image":{"@type":"ImageObject","inLanguage":"es","@id":"https:\/\/secure.gravatar.com\/avatar\/c7164ed6fdec453195284ad24a5ae5b6e1eed2b848477fa2a4787ba9adf39a41?s=96&d=mm&r=g","url":"https:\/\/secure.gravatar.com\/avatar\/c7164ed6fdec453195284ad24a5ae5b6e1eed2b848477fa2a4787ba9adf39a41?s=96&d=mm&r=g","contentUrl":"https:\/\/secure.gravatar.com\/avatar\/c7164ed6fdec453195284ad24a5ae5b6e1eed2b848477fa2a4787ba9adf39a41?s=96&d=mm&r=g","caption":"Redacci\u00f3n QP"},"url":"https:\/\/quehacerpolitico.mx\/?author=2"}]}},"featured_image_urls":{"full":"","thumbnail":"","medium":"","medium_large":"","large":"","1536x1536":"","2048x2048":"","covernews-featured":"","covernews-medium":""},"author_info":{"display_name":"Redacci\u00f3n QP","author_link":"https:\/\/quehacerpolitico.mx\/?author=2"},"category_info":"<a href=\"https:\/\/quehacerpolitico.mx\/?cat=1\" rel=\"category\">Internacionales<\/a>","tag_info":"Internacionales","comment_count":"0","_links":{"self":[{"href":"https:\/\/quehacerpolitico.mx\/index.php?rest_route=\/wp\/v2\/posts\/11793","targetHints":{"allow":["GET"]}}],"collection":[{"href":"https:\/\/quehacerpolitico.mx\/index.php?rest_route=\/wp\/v2\/posts"}],"about":[{"href":"https:\/\/quehacerpolitico.mx\/index.php?rest_route=\/wp\/v2\/types\/post"}],"author":[{"embeddable":true,"href":"https:\/\/quehacerpolitico.mx\/index.php?rest_route=\/wp\/v2\/users\/2"}],"replies":[{"embeddable":true,"href":"https:\/\/quehacerpolitico.mx\/index.php?rest_route=%2Fwp%2Fv2%2Fcomments&post=11793"}],"version-history":[{"count":0,"href":"https:\/\/quehacerpolitico.mx\/index.php?rest_route=\/wp\/v2\/posts\/11793\/revisions"}],"wp:featuredmedia":[{"embeddable":true,"href":"https:\/\/quehacerpolitico.mx\/index.php?rest_route=\/"}],"wp:attachment":[{"href":"https:\/\/quehacerpolitico.mx\/index.php?rest_route=%2Fwp%2Fv2%2Fmedia&parent=11793"}],"wp:term":[{"taxonomy":"category","embeddable":true,"href":"https:\/\/quehacerpolitico.mx\/index.php?rest_route=%2Fwp%2Fv2%2Fcategories&post=11793"},{"taxonomy":"post_tag","embeddable":true,"href":"https:\/\/quehacerpolitico.mx\/index.php?rest_route=%2Fwp%2Fv2%2Ftags&post=11793"}],"curies":[{"name":"wp","href":"https:\/\/api.w.org\/{rel}","templated":true}]}}